{"id":13834,"date":"2022-04-08T11:36:00","date_gmt":"2022-04-08T09:36:00","guid":{"rendered":"https:\/\/dignitynews.eu\/?p=13834"},"modified":"2022-04-08T11:36:00","modified_gmt":"2022-04-08T09:36:00","slug":"liczba-aktywnych-ogloszen-o-mieszkaniach-do-wynajecia-spadla-o-polowe-w-ciagu-kwartalu","status":"publish","type":"post","link":"https:\/\/dignitynews.eu\/pl\/liczba-aktywnych-ogloszen-o-mieszkaniach-do-wynajecia-spadla-o-polowe-w-ciagu-kwartalu\/","title":{"rendered":"Liczba aktywnych og\u0142osze\u0144 o mieszkaniach do wynaj\u0119cia spad\u0142a o po\u0142ow\u0119 w ci\u0105gu kwarta\u0142u"},"content":{"rendered":"<h5>Nap\u0142yw ludno\u015bci z Ukrainy ma du\u017cy wp\u0142yw na rynek nieruchomo\u015bci. W niewiele ponad miesi\u0105c od rozpocz\u0119cia rosyjskiej agresji na Ukrain\u0119, do Polski przyby\u0142o oko\u0142o 2,3 mln uchod\u017ac\u00f3w. Polski Instytut Ekonomiczny przeanalizowa\u0142 dane z jednego z dw\u00f3ch najwi\u0119kszych w Polsce serwis\u00f3w og\u0142oszeniowych Otodom.pl.<\/h5>\n<p>Od pocz\u0105tku wojny na Ukrainie zauwa\u017cono wyra\u017any spadek aktywnych og\u0142osze\u0144 mieszka\u0144 na wynajem. Od stycznia do pocz\u0105tku trzeciej dekady lutego liczba og\u0142osze\u0144 pozostawa\u0142a mniej wi\u0119cej niezmienna, natomiast p\u00f3\u017aniejsze tygodnie przynios\u0142y szybki spadek.<\/p>\n<p>Bior\u0105c pod uwag\u0119 grup\u0119 18 najwi\u0119kszych polskich miast, najwi\u0119kszy procentowy spadek liczby aktywnych og\u0142osze\u0144 w okresie pomi\u0119dzy 21 lutego-29 marca zanotowano w kilku miastach. W Gorzowie Wlkp. spad\u0142a ona o 82 proc.: odpowiednio z 62 do 11, we Wroc\u0142awiu \u2013 o 78 proc. (z 1392 do 304). W Krakowie o 74 proc. (z 1969 do 515) oraz w Gda\u0144sku i Lublinie o 71 proc. (odpowiednio z 647 do 186 i z 292 do 85).<\/p>\n<p>W Warszawie spadek ten wyni\u00f3s\u0142 61 proc. (z 5468 do 2137). Natomiast w pozosta\u0142ych stolicach wojew\u00f3dztw by\u0142o to od 46 proc. w Bia\u0142ymstoku do 66 proc. w Zielonej G\u00f3rze. Wyj\u0105tek stanowi Olsztyn, w kt\u00f3rym liczba ofert by\u0142a taka sama.<\/p>\n<p>Nieco zmniejszony odsetek aktywnych og\u0142osze\u0144 z miast wojew\u00f3dzkich wobec reszty kraju w marcu \u015bwiadczy o nier\u00f3wnym zainteresowaniu mieszkaniami na wynajem. Bardziej po\u017c\u0105dane s\u0105 te zlokalizowane w du\u017cych o\u015brodkach miejskich.<\/p>\n<p>Na pocz\u0105tku marca, w por\u00f3wnaniu z ko\u0144cem lutego, wy\u015bwietlenia og\u0142osze\u0144 na wynajem na Otodom.pl. zwi\u0119kszy\u0142y si\u0119 o 166 proc., a w serwisie olx.pl wzros\u0142y o 114 proc. Rosn\u0105cy popyt oraz ograniczenie poda\u017cy mieszka\u0144 na wynajem skutkuje wzrostem cen.<\/p>\n<p>W drugiej po\u0142owie marca coraz mniej os\u00f3b z Ukrainy przekracza\u0142o granic\u0119 z Polsk\u0105. To pozwala zak\u0142ada\u0107, \u017ce sytuacja na rynku wynajmu mieszka\u0144 powinna si\u0119 na razie nieco ustabilizowa\u0107. O tym \u015bwiadczy cho\u0107by zmniejszaj\u0105ca si\u0119 dynamika spadku liczby aktywnych og\u0142osze\u0144. Jednak niepewno\u015b\u0107 co do rozwoju wydarze\u0144 na Ukrainie jest du\u017ca i nie mo\u017cna wykluczy\u0107 ponownego wzrostu liczby os\u00f3b uciekaj\u0105cych przed wojn\u0105.<\/p>\n<p>Skutecznym sposobem na z\u0142agodzenie ewentualnych kryzys\u00f3w uchod\u017aczych jest realizacja planu budowania tymczasowych mieszka\u0144. Dobrym rozwi\u0105zaniem mo\u017ce by\u0107 tak\u017ce dofinansowanie rz\u0105dowe dla gmin, kt\u00f3re zainwestuj\u0105 w budow\u0119 mieszka\u0144 dla uchod\u017ac\u00f3w \u2013 prognozuje 300gospodarka.pl.<\/p>\n<p>Arkadiusz S\u0142omczy\u0144ski zlec.<\/p>\n","protected":false},"excerpt":{"rendered":"<p>Nap\u0142yw ludno\u015bci z Ukrainy ma du\u017cy wp\u0142yw na rynek nieruchomo\u015bci. W niewiele ponad miesi\u0105c od rozpocz\u0119cia rosyjskiej agresji na Ukrain\u0119, do Polski przyby\u0142o oko\u0142o 2,3 mln uchod\u017ac\u00f3w. Polski Instytut Ekonomiczny&hellip;<\/p>\n","protected":false},"author":7,"featured_media":13835,"comment_status":"closed","ping_status":"open","sticky":false,"template":"","format":"standard","meta":{"_mi_skip_tracking":false,"footnotes":""},"categories":[48],"tags":[],"class_list":["post-13834","post","type-post","status-publish","format-standard","has-post-thumbnail","hentry","category-gospodarka"],"yoast_head":"<!-- This site is optimized with the Yoast SEO plugin v19.4 - https:\/\/yoast.com\/wordpress\/plugins\/seo\/ -->\n<title>Liczba aktywnych og\u0142osze\u0144 o mieszkaniach do wynaj\u0119cia spad\u0142a o po\u0142ow\u0119 w ci\u0105gu kwarta\u0142u - Godno\u015b\u0107 - DignityNews.eu<\/title>\n<meta name=\"robots\" content=\"index, follow, max-snippet:-1, max-image-preview:large, max-video-preview:-1\" \/>\n<link rel=\"canonical\" href=\"https:\/\/dignitynews.eu\/pl\/liczba-aktywnych-ogloszen-o-mieszkaniach-do-wynajecia-spadla-o-polowe-w-ciagu-kwartalu\/\" \/>\n<meta property=\"og:locale\" content=\"pl_PL\" \/>\n<meta property=\"og:type\" content=\"article\" \/>\n<meta property=\"og:title\" content=\"Liczba aktywnych og\u0142osze\u0144 o mieszkaniach do wynaj\u0119cia spad\u0142a o po\u0142ow\u0119 w ci\u0105gu kwarta\u0142u - Godno\u015b\u0107 - DignityNews.eu\" \/>\n<meta property=\"og:description\" content=\"Nap\u0142yw ludno\u015bci z Ukrainy ma du\u017cy wp\u0142yw na rynek nieruchomo\u015bci. W niewiele ponad miesi\u0105c od rozpocz\u0119cia rosyjskiej agresji na Ukrain\u0119, do Polski przyby\u0142o oko\u0142o 2,3 mln uchod\u017ac\u00f3w. Polski Instytut Ekonomiczny&hellip;\" \/>\n<meta property=\"og:url\" content=\"https:\/\/dignitynews.eu\/pl\/liczba-aktywnych-ogloszen-o-mieszkaniach-do-wynajecia-spadla-o-polowe-w-ciagu-kwartalu\/\" \/>\n<meta property=\"og:site_name\" content=\"Godno\u015b\u0107 - DignityNews.eu\" \/>\n<meta property=\"article:published_time\" content=\"2022-04-08T09:36:00+00:00\" \/>\n<meta property=\"og:image\" content=\"https:\/\/dignitynews.eu\/wp-content\/uploads\/2022\/04\/mieszkania-do-wynajecia-fot.-Marek-BAZAK-East-News.jpg\" \/>\n\t<meta property=\"og:image:width\" content=\"1500\" \/>\n\t<meta property=\"og:image:height\" content=\"1015\" \/>\n\t<meta property=\"og:image:type\" content=\"image\/jpeg\" \/>\n<meta name=\"author\" content=\"Dignity News\" \/>\n<meta name=\"twitter:card\" content=\"summary_large_image\" \/>\n<meta name=\"twitter:label1\" content=\"Napisane przez\" \/>\n\t<meta name=\"twitter:data1\" content=\"Dignity News\" \/>\n\t<meta name=\"twitter:label2\" content=\"Szacowany czas czytania\" \/>\n\t<meta name=\"twitter:data2\" content=\"2 minuty\" \/>\n<script type=\"application\/ld+json\" class=\"yoast-schema-graph\">{\"@context\":\"https:\/\/schema.org\",\"@graph\":[{\"@type\":\"WebSite\",\"@id\":\"https:\/\/dignitynews.eu\/pl\/#website\",\"url\":\"https:\/\/dignitynews.eu\/pl\/\",\"name\":\"Godno\u015b\u0107 - DignityNews.eu\",\"description\":\"\",\"potentialAction\":[{\"@type\":\"SearchAction\",\"target\":{\"@type\":\"EntryPoint\",\"urlTemplate\":\"https:\/\/dignitynews.eu\/pl\/?s={search_term_string}\"},\"query-input\":\"required name=search_term_string\"}],\"inLanguage\":\"pl-PL\"},{\"@type\":\"WebPage\",\"@id\":\"https:\/\/dignitynews.eu\/pl\/liczba-aktywnych-ogloszen-o-mieszkaniach-do-wynajecia-spadla-o-polowe-w-ciagu-kwartalu\/\",\"url\":\"https:\/\/dignitynews.eu\/pl\/liczba-aktywnych-ogloszen-o-mieszkaniach-do-wynajecia-spadla-o-polowe-w-ciagu-kwartalu\/\",\"name\":\"Liczba aktywnych og\u0142osze\u0144 o mieszkaniach do wynaj\u0119cia spad\u0142a o po\u0142ow\u0119 w ci\u0105gu kwarta\u0142u - Godno\u015b\u0107 - DignityNews.eu\",\"isPartOf\":{\"@id\":\"https:\/\/dignitynews.eu\/pl\/#website\"},\"datePublished\":\"2022-04-08T09:36:00+00:00\",\"dateModified\":\"2022-04-08T09:36:00+00:00\",\"author\":{\"@id\":\"https:\/\/dignitynews.eu\/pl\/#\/schema\/person\/0b62b762b8174802fabc81a3ecb1bfcb\"},\"breadcrumb\":{\"@id\":\"https:\/\/dignitynews.eu\/pl\/liczba-aktywnych-ogloszen-o-mieszkaniach-do-wynajecia-spadla-o-polowe-w-ciagu-kwartalu\/#breadcrumb\"},\"inLanguage\":\"pl-PL\",\"potentialAction\":[{\"@type\":\"ReadAction\",\"target\":[\"https:\/\/dignitynews.eu\/pl\/liczba-aktywnych-ogloszen-o-mieszkaniach-do-wynajecia-spadla-o-polowe-w-ciagu-kwartalu\/\"]}]},{\"@type\":\"BreadcrumbList\",\"@id\":\"https:\/\/dignitynews.eu\/pl\/liczba-aktywnych-ogloszen-o-mieszkaniach-do-wynajecia-spadla-o-polowe-w-ciagu-kwartalu\/#breadcrumb\",\"itemListElement\":[{\"@type\":\"ListItem\",\"position\":1,\"name\":\"Strona g\u0142\u00f3wna\",\"item\":\"https:\/\/dignitynews.eu\/pl\/\"},{\"@type\":\"ListItem\",\"position\":2,\"name\":\"Liczba aktywnych og\u0142osze\u0144 o mieszkaniach do wynaj\u0119cia spad\u0142a o po\u0142ow\u0119 w ci\u0105gu kwarta\u0142u\"}]},{\"@type\":\"Person\",\"@id\":\"https:\/\/dignitynews.eu\/pl\/#\/schema\/person\/0b62b762b8174802fabc81a3ecb1bfcb\",\"name\":\"Dignity News\",\"image\":{\"@type\":\"ImageObject\",\"inLanguage\":\"pl-PL\",\"@id\":\"https:\/\/dignitynews.eu\/pl\/#\/schema\/person\/image\/\",\"url\":\"https:\/\/secure.gravatar.com\/avatar\/97963171a6d9108f8381bbefb1c6b150c445b6ddd9e3077b96c86cf5892c85dc?s=96&d=mm&r=g\",\"contentUrl\":\"https:\/\/secure.gravatar.com\/avatar\/97963171a6d9108f8381bbefb1c6b150c445b6ddd9e3077b96c86cf5892c85dc?s=96&d=mm&r=g\",\"caption\":\"Dignity News\"},\"url\":\"https:\/\/dignitynews.eu\/pl\/author\/mikolaj-palade\/\"}]}<\/script>\n<!-- \/ Yoast SEO plugin. -->","yoast_head_json":{"title":"Liczba aktywnych og\u0142osze\u0144 o mieszkaniach do wynaj\u0119cia spad\u0142a o po\u0142ow\u0119 w ci\u0105gu kwarta\u0142u - Godno\u015b\u0107 - DignityNews.eu","robots":{"index":"index","follow":"follow","max-snippet":"max-snippet:-1","max-image-preview":"max-image-preview:large","max-video-preview":"max-video-preview:-1"},"canonical":"https:\/\/dignitynews.eu\/pl\/liczba-aktywnych-ogloszen-o-mieszkaniach-do-wynajecia-spadla-o-polowe-w-ciagu-kwartalu\/","og_locale":"pl_PL","og_type":"article","og_title":"Liczba aktywnych og\u0142osze\u0144 o mieszkaniach do wynaj\u0119cia spad\u0142a o po\u0142ow\u0119 w ci\u0105gu kwarta\u0142u - Godno\u015b\u0107 - DignityNews.eu","og_description":"Nap\u0142yw ludno\u015bci z Ukrainy ma du\u017cy wp\u0142yw na rynek nieruchomo\u015bci. W niewiele ponad miesi\u0105c od rozpocz\u0119cia rosyjskiej agresji na Ukrain\u0119, do Polski przyby\u0142o oko\u0142o 2,3 mln uchod\u017ac\u00f3w. Polski Instytut Ekonomiczny&hellip;","og_url":"https:\/\/dignitynews.eu\/pl\/liczba-aktywnych-ogloszen-o-mieszkaniach-do-wynajecia-spadla-o-polowe-w-ciagu-kwartalu\/","og_site_name":"Godno\u015b\u0107 - DignityNews.eu","article_published_time":"2022-04-08T09:36:00+00:00","og_image":[{"width":1500,"height":1015,"url":"https:\/\/dignitynews.eu\/wp-content\/uploads\/2022\/04\/mieszkania-do-wynajecia-fot.-Marek-BAZAK-East-News.jpg","type":"image\/jpeg"}],"author":"Dignity News","twitter_card":"summary_large_image","twitter_misc":{"Napisane przez":"Dignity News","Szacowany czas czytania":"2 minuty"},"schema":{"@context":"https:\/\/schema.org","@graph":[{"@type":"WebSite","@id":"https:\/\/dignitynews.eu\/pl\/#website","url":"https:\/\/dignitynews.eu\/pl\/","name":"Godno\u015b\u0107 - DignityNews.eu","description":"","potentialAction":[{"@type":"SearchAction","target":{"@type":"EntryPoint","urlTemplate":"https:\/\/dignitynews.eu\/pl\/?s={search_term_string}"},"query-input":"required name=search_term_string"}],"inLanguage":"pl-PL"},{"@type":"WebPage","@id":"https:\/\/dignitynews.eu\/pl\/liczba-aktywnych-ogloszen-o-mieszkaniach-do-wynajecia-spadla-o-polowe-w-ciagu-kwartalu\/","url":"https:\/\/dignitynews.eu\/pl\/liczba-aktywnych-ogloszen-o-mieszkaniach-do-wynajecia-spadla-o-polowe-w-ciagu-kwartalu\/","name":"Liczba aktywnych og\u0142osze\u0144 o mieszkaniach do wynaj\u0119cia spad\u0142a o po\u0142ow\u0119 w ci\u0105gu kwarta\u0142u - Godno\u015b\u0107 - DignityNews.eu","isPartOf":{"@id":"https:\/\/dignitynews.eu\/pl\/#website"},"datePublished":"2022-04-08T09:36:00+00:00","dateModified":"2022-04-08T09:36:00+00:00","author":{"@id":"https:\/\/dignitynews.eu\/pl\/#\/schema\/person\/0b62b762b8174802fabc81a3ecb1bfcb"},"breadcrumb":{"@id":"https:\/\/dignitynews.eu\/pl\/liczba-aktywnych-ogloszen-o-mieszkaniach-do-wynajecia-spadla-o-polowe-w-ciagu-kwartalu\/#breadcrumb"},"inLanguage":"pl-PL","potentialAction":[{"@type":"ReadAction","target":["https:\/\/dignitynews.eu\/pl\/liczba-aktywnych-ogloszen-o-mieszkaniach-do-wynajecia-spadla-o-polowe-w-ciagu-kwartalu\/"]}]},{"@type":"BreadcrumbList","@id":"https:\/\/dignitynews.eu\/pl\/liczba-aktywnych-ogloszen-o-mieszkaniach-do-wynajecia-spadla-o-polowe-w-ciagu-kwartalu\/#breadcrumb","itemListElement":[{"@type":"ListItem","position":1,"name":"Strona g\u0142\u00f3wna","item":"https:\/\/dignitynews.eu\/pl\/"},{"@type":"ListItem","position":2,"name":"Liczba aktywnych og\u0142osze\u0144 o mieszkaniach do wynaj\u0119cia spad\u0142a o po\u0142ow\u0119 w ci\u0105gu kwarta\u0142u"}]},{"@type":"Person","@id":"https:\/\/dignitynews.eu\/pl\/#\/schema\/person\/0b62b762b8174802fabc81a3ecb1bfcb","name":"Dignity News","image":{"@type":"ImageObject","inLanguage":"pl-PL","@id":"https:\/\/dignitynews.eu\/pl\/#\/schema\/person\/image\/","url":"https:\/\/secure.gravatar.com\/avatar\/97963171a6d9108f8381bbefb1c6b150c445b6ddd9e3077b96c86cf5892c85dc?s=96&d=mm&r=g","contentUrl":"https:\/\/secure.gravatar.com\/avatar\/97963171a6d9108f8381bbefb1c6b150c445b6ddd9e3077b96c86cf5892c85dc?s=96&d=mm&r=g","caption":"Dignity News"},"url":"https:\/\/dignitynews.eu\/pl\/author\/mikolaj-palade\/"}]}},"_links":{"self":[{"href":"https:\/\/dignitynews.eu\/pl\/wp-json\/wp\/v2\/posts\/13834","targetHints":{"allow":["GET"]}}],"collection":[{"href":"https:\/\/dignitynews.eu\/pl\/wp-json\/wp\/v2\/posts"}],"about":[{"href":"https:\/\/dignitynews.eu\/pl\/wp-json\/wp\/v2\/types\/post"}],"author":[{"embeddable":true,"href":"https:\/\/dignitynews.eu\/pl\/wp-json\/wp\/v2\/users\/7"}],"replies":[{"embeddable":true,"href":"https:\/\/dignitynews.eu\/pl\/wp-json\/wp\/v2\/comments?post=13834"}],"version-history":[{"count":1,"href":"https:\/\/dignitynews.eu\/pl\/wp-json\/wp\/v2\/posts\/13834\/revisions"}],"predecessor-version":[{"id":13840,"href":"https:\/\/dignitynews.eu\/pl\/wp-json\/wp\/v2\/posts\/13834\/revisions\/13840"}],"wp:featuredmedia":[{"embeddable":true,"href":"https:\/\/dignitynews.eu\/pl\/wp-json\/wp\/v2\/media\/13835"}],"wp:attachment":[{"href":"https:\/\/dignitynews.eu\/pl\/wp-json\/wp\/v2\/media?parent=13834"}],"wp:term":[{"taxonomy":"category","embeddable":true,"href":"https:\/\/dignitynews.eu\/pl\/wp-json\/wp\/v2\/categories?post=13834"},{"taxonomy":"post_tag","embeddable":true,"href":"https:\/\/dignitynews.eu\/pl\/wp-json\/wp\/v2\/tags?post=13834"}],"curies":[{"name":"wp","href":"https:\/\/api.w.org\/{rel}","templated":true}]}}