{"id":13820,"date":"2022-04-08T10:59:45","date_gmt":"2022-04-08T08:59:45","guid":{"rendered":"https:\/\/dignitynews.eu\/?p=13820"},"modified":"2022-04-08T10:59:45","modified_gmt":"2022-04-08T08:59:45","slug":"prokurator-krajowy-mamy-dowody-ze-na-ukrainie-dochodzi-do-zbrodni-wojennych","status":"publish","type":"post","link":"https:\/\/dignitynews.eu\/pl\/prokurator-krajowy-mamy-dowody-ze-na-ukrainie-dochodzi-do-zbrodni-wojennych\/","title":{"rendered":"Prokurator krajowy: mamy dowody, \u017ce na Ukrainie dochodzi do zbrodni wojennych"},"content":{"rendered":"<h5>Prokurator krajowy Dariusz Barski zapowiedzia\u0142 wys\u0142anie do Buczy polskich bieg\u0142ych, m.in. patomorfolog\u00f3w i specjalist\u00f3w z zakresu balistyki. &#8211; Mamy bardzo istotne zeznania oraz potwierdzaj\u0105ce je inne dowody, \u017ce na terenie Ukrainy dochodzi do zbrodni wojennych i zbrodni przeciw ludzko\u015bci &#8211; o\u015bwiadczy\u0142 Barski.<\/h5>\n<p>W wywiadzie dla portalu polskatimes.pl Barski poinformowa\u0142, \u017ce obecnie funkcjonuje mi\u0119dzynarodowy &#8211; polsko-ukrai\u0144sko-litewski &#8211; zesp\u00f3\u0142 \u015bledczy, kt\u00f3ry wsp\u00f3lnie prowadzi post\u0119powanie ws. zbrodni wojennych na Ukrainie.<\/p>\n<p>&#8211; O pomoc w tej sprawie zwr\u00f3ci\u0142a si\u0119 do prokuratora generalnego Zbigniewa Ziobry prokurator generalna Ukrainy, prosz\u0105c, by\u015bmy takie post\u0119powanie zainicjowali. Do wszcz\u0119cia \u015bledztwa legitymowa\u0142y nas przepisy polskiej ustawy karnej &#8211; zastrzeg\u0142 Barski.<\/p>\n<p>Prokurator zaznaczy\u0142, \u017ce ze strony polskiej powo\u0142ano specjalny zesp\u00f3\u0142 na szczeblu Prokuratury Krajowej, a \u015bledztwo prowadzone jest przez Mazowiecki Wydzia\u0142 Departamentu Prokuratury Krajowej ds. Walki z Przest\u0119pczo\u015bci\u0105 Zorganizowan\u0105 i Korupcji. Do Buczy pojad\u0105 polscy eksperci.<\/p>\n<p>&#8211; Strona ukrai\u0144ska zwr\u00f3ci\u0142a si\u0119 do nas o pomoc w dokumentowaniu procesowym zbrodni w Buczy. Na miejsce zbrodni pojad\u0105 polscy biegli, m.in. patomorfolodzy i specjali\u015bci z zakresu balistyki. Zgromadzone tam dowody b\u0119d\u0105 mog\u0142y by\u0107 wykorzystane nie tylko w \u015bledztwie prowadzonym przez wsp\u00f3lny zesp\u00f3\u0142, o kt\u00f3rym m\u00f3wi\u0142em, ale tak\u017ce w innych post\u0119powaniach, kt\u00f3re w tej sprawie zosta\u0142y czy zostan\u0105 w przysz\u0142o\u015bci zainicjowane przez organy mi\u0119dzynarodowe &#8211; wyja\u015bni\u0142.<\/p>\n<p>Gromadzone przez polsk\u0105 prokuratur\u0119 dowody mog\u0105 zosta\u0107 w przysz\u0142o\u015bci wykorzystane m.in. przez Trybuna\u0142 Karny w Hadze, kt\u00f3ry r\u00f3wnie\u017c zainicjowa\u0142 \u015bledztwo w tej sprawie.<\/p>\n<p>&#8211; W ramach \u015bledztwa wsp\u00f3\u0142pracujemy z trybuna\u0142em haskim. Wsp\u00f3\u0142prac\u0119 zainicjowa\u0142y spotkania z prokuratorem karnym z Hagi &#8211; Karimem Khanem &#8211; na granicy polsko-ukrai\u0144skiej oraz w Warszawie &#8211; \u00a0powiedzia\u0142 prokurator krajowy.<\/p>\n<p>Arkadiusz S\u0142omczy\u0144ski<\/p>\n","protected":false},"excerpt":{"rendered":"<p>Prokurator krajowy Dariusz Barski zapowiedzia\u0142 wys\u0142anie do Buczy polskich bieg\u0142ych, m.in. patomorfolog\u00f3w i specjalist\u00f3w z zakresu balistyki. &#8211; Mamy bardzo istotne zeznania oraz potwierdzaj\u0105ce je inne dowody, \u017ce na terenie&hellip;<\/p>\n","protected":false},"author":7,"featured_media":13821,"comment_status":"closed","ping_status":"open","sticky":false,"template":"","format":"standard","meta":{"_mi_skip_tracking":false,"footnotes":""},"categories":[47],"tags":[],"class_list":["post-13820","post","type-post","status-publish","format-standard","has-post-thumbnail","hentry","category-wydarzenia"],"yoast_head":"<!-- This site is optimized with the Yoast SEO plugin v19.4 - https:\/\/yoast.com\/wordpress\/plugins\/seo\/ -->\n<title>Prokurator krajowy: mamy dowody, \u017ce na Ukrainie dochodzi do zbrodni wojennych - Godno\u015b\u0107 - DignityNews.eu<\/title>\n<meta name=\"robots\" content=\"index, follow, max-snippet:-1, max-image-preview:large, max-video-preview:-1\" \/>\n<link rel=\"canonical\" href=\"https:\/\/dignitynews.eu\/pl\/prokurator-krajowy-mamy-dowody-ze-na-ukrainie-dochodzi-do-zbrodni-wojennych\/\" \/>\n<meta property=\"og:locale\" content=\"pl_PL\" \/>\n<meta property=\"og:type\" content=\"article\" \/>\n<meta property=\"og:title\" content=\"Prokurator krajowy: mamy dowody, \u017ce na Ukrainie dochodzi do zbrodni wojennych - Godno\u015b\u0107 - DignityNews.eu\" \/>\n<meta property=\"og:description\" content=\"Prokurator krajowy Dariusz Barski zapowiedzia\u0142 wys\u0142anie do Buczy polskich bieg\u0142ych, m.in. patomorfolog\u00f3w i specjalist\u00f3w z zakresu balistyki. &#8211; Mamy bardzo istotne zeznania oraz potwierdzaj\u0105ce je inne dowody, \u017ce na terenie&hellip;\" \/>\n<meta property=\"og:url\" content=\"https:\/\/dignitynews.eu\/pl\/prokurator-krajowy-mamy-dowody-ze-na-ukrainie-dochodzi-do-zbrodni-wojennych\/\" \/>\n<meta property=\"og:site_name\" content=\"Godno\u015b\u0107 - DignityNews.eu\" \/>\n<meta property=\"article:published_time\" content=\"2022-04-08T08:59:45+00:00\" \/>\n<meta property=\"og:image\" content=\"https:\/\/dignitynews.eu\/wp-content\/uploads\/2022\/04\/Polscy-eksperci-pojada-do-Buczy-\u2013-fot.-AP-Associated-Press-East-News-1.jpg\" \/>\n\t<meta property=\"og:image:width\" content=\"1500\" \/>\n\t<meta property=\"og:image:height\" content=\"1000\" \/>\n\t<meta property=\"og:image:type\" content=\"image\/jpeg\" \/>\n<meta name=\"author\" content=\"Dignity News\" \/>\n<meta name=\"twitter:card\" content=\"summary_large_image\" \/>\n<meta name=\"twitter:label1\" content=\"Napisane przez\" \/>\n\t<meta name=\"twitter:data1\" content=\"Dignity News\" \/>\n\t<meta name=\"twitter:label2\" content=\"Szacowany czas czytania\" \/>\n\t<meta name=\"twitter:data2\" content=\"2 minuty\" \/>\n<script type=\"application\/ld+json\" class=\"yoast-schema-graph\">{\"@context\":\"https:\/\/schema.org\",\"@graph\":[{\"@type\":\"WebSite\",\"@id\":\"https:\/\/dignitynews.eu\/pl\/#website\",\"url\":\"https:\/\/dignitynews.eu\/pl\/\",\"name\":\"Godno\u015b\u0107 - DignityNews.eu\",\"description\":\"\",\"potentialAction\":[{\"@type\":\"SearchAction\",\"target\":{\"@type\":\"EntryPoint\",\"urlTemplate\":\"https:\/\/dignitynews.eu\/pl\/?s={search_term_string}\"},\"query-input\":\"required name=search_term_string\"}],\"inLanguage\":\"pl-PL\"},{\"@type\":\"WebPage\",\"@id\":\"https:\/\/dignitynews.eu\/pl\/prokurator-krajowy-mamy-dowody-ze-na-ukrainie-dochodzi-do-zbrodni-wojennych\/\",\"url\":\"https:\/\/dignitynews.eu\/pl\/prokurator-krajowy-mamy-dowody-ze-na-ukrainie-dochodzi-do-zbrodni-wojennych\/\",\"name\":\"Prokurator krajowy: mamy dowody, \u017ce na Ukrainie dochodzi do zbrodni wojennych - Godno\u015b\u0107 - DignityNews.eu\",\"isPartOf\":{\"@id\":\"https:\/\/dignitynews.eu\/pl\/#website\"},\"datePublished\":\"2022-04-08T08:59:45+00:00\",\"dateModified\":\"2022-04-08T08:59:45+00:00\",\"author\":{\"@id\":\"https:\/\/dignitynews.eu\/pl\/#\/schema\/person\/0b62b762b8174802fabc81a3ecb1bfcb\"},\"breadcrumb\":{\"@id\":\"https:\/\/dignitynews.eu\/pl\/prokurator-krajowy-mamy-dowody-ze-na-ukrainie-dochodzi-do-zbrodni-wojennych\/#breadcrumb\"},\"inLanguage\":\"pl-PL\",\"potentialAction\":[{\"@type\":\"ReadAction\",\"target\":[\"https:\/\/dignitynews.eu\/pl\/prokurator-krajowy-mamy-dowody-ze-na-ukrainie-dochodzi-do-zbrodni-wojennych\/\"]}]},{\"@type\":\"BreadcrumbList\",\"@id\":\"https:\/\/dignitynews.eu\/pl\/prokurator-krajowy-mamy-dowody-ze-na-ukrainie-dochodzi-do-zbrodni-wojennych\/#breadcrumb\",\"itemListElement\":[{\"@type\":\"ListItem\",\"position\":1,\"name\":\"Strona g\u0142\u00f3wna\",\"item\":\"https:\/\/dignitynews.eu\/pl\/\"},{\"@type\":\"ListItem\",\"position\":2,\"name\":\"Prokurator krajowy: mamy dowody, \u017ce na Ukrainie dochodzi do zbrodni wojennych\"}]},{\"@type\":\"Person\",\"@id\":\"https:\/\/dignitynews.eu\/pl\/#\/schema\/person\/0b62b762b8174802fabc81a3ecb1bfcb\",\"name\":\"Dignity News\",\"image\":{\"@type\":\"ImageObject\",\"inLanguage\":\"pl-PL\",\"@id\":\"https:\/\/dignitynews.eu\/pl\/#\/schema\/person\/image\/\",\"url\":\"https:\/\/secure.gravatar.com\/avatar\/97963171a6d9108f8381bbefb1c6b150c445b6ddd9e3077b96c86cf5892c85dc?s=96&d=mm&r=g\",\"contentUrl\":\"https:\/\/secure.gravatar.com\/avatar\/97963171a6d9108f8381bbefb1c6b150c445b6ddd9e3077b96c86cf5892c85dc?s=96&d=mm&r=g\",\"caption\":\"Dignity News\"},\"url\":\"https:\/\/dignitynews.eu\/pl\/author\/mikolaj-palade\/\"}]}<\/script>\n<!-- \/ Yoast SEO plugin. -->","yoast_head_json":{"title":"Prokurator krajowy: mamy dowody, \u017ce na Ukrainie dochodzi do zbrodni wojennych - Godno\u015b\u0107 - DignityNews.eu","robots":{"index":"index","follow":"follow","max-snippet":"max-snippet:-1","max-image-preview":"max-image-preview:large","max-video-preview":"max-video-preview:-1"},"canonical":"https:\/\/dignitynews.eu\/pl\/prokurator-krajowy-mamy-dowody-ze-na-ukrainie-dochodzi-do-zbrodni-wojennych\/","og_locale":"pl_PL","og_type":"article","og_title":"Prokurator krajowy: mamy dowody, \u017ce na Ukrainie dochodzi do zbrodni wojennych - Godno\u015b\u0107 - DignityNews.eu","og_description":"Prokurator krajowy Dariusz Barski zapowiedzia\u0142 wys\u0142anie do Buczy polskich bieg\u0142ych, m.in. patomorfolog\u00f3w i specjalist\u00f3w z zakresu balistyki. &#8211; Mamy bardzo istotne zeznania oraz potwierdzaj\u0105ce je inne dowody, \u017ce na terenie&hellip;","og_url":"https:\/\/dignitynews.eu\/pl\/prokurator-krajowy-mamy-dowody-ze-na-ukrainie-dochodzi-do-zbrodni-wojennych\/","og_site_name":"Godno\u015b\u0107 - DignityNews.eu","article_published_time":"2022-04-08T08:59:45+00:00","og_image":[{"width":1500,"height":1000,"url":"https:\/\/dignitynews.eu\/wp-content\/uploads\/2022\/04\/Polscy-eksperci-pojada-do-Buczy-\u2013-fot.-AP-Associated-Press-East-News-1.jpg","type":"image\/jpeg"}],"author":"Dignity News","twitter_card":"summary_large_image","twitter_misc":{"Napisane przez":"Dignity News","Szacowany czas czytania":"2 minuty"},"schema":{"@context":"https:\/\/schema.org","@graph":[{"@type":"WebSite","@id":"https:\/\/dignitynews.eu\/pl\/#website","url":"https:\/\/dignitynews.eu\/pl\/","name":"Godno\u015b\u0107 - DignityNews.eu","description":"","potentialAction":[{"@type":"SearchAction","target":{"@type":"EntryPoint","urlTemplate":"https:\/\/dignitynews.eu\/pl\/?s={search_term_string}"},"query-input":"required name=search_term_string"}],"inLanguage":"pl-PL"},{"@type":"WebPage","@id":"https:\/\/dignitynews.eu\/pl\/prokurator-krajowy-mamy-dowody-ze-na-ukrainie-dochodzi-do-zbrodni-wojennych\/","url":"https:\/\/dignitynews.eu\/pl\/prokurator-krajowy-mamy-dowody-ze-na-ukrainie-dochodzi-do-zbrodni-wojennych\/","name":"Prokurator krajowy: mamy dowody, \u017ce na Ukrainie dochodzi do zbrodni wojennych - Godno\u015b\u0107 - DignityNews.eu","isPartOf":{"@id":"https:\/\/dignitynews.eu\/pl\/#website"},"datePublished":"2022-04-08T08:59:45+00:00","dateModified":"2022-04-08T08:59:45+00:00","author":{"@id":"https:\/\/dignitynews.eu\/pl\/#\/schema\/person\/0b62b762b8174802fabc81a3ecb1bfcb"},"breadcrumb":{"@id":"https:\/\/dignitynews.eu\/pl\/prokurator-krajowy-mamy-dowody-ze-na-ukrainie-dochodzi-do-zbrodni-wojennych\/#breadcrumb"},"inLanguage":"pl-PL","potentialAction":[{"@type":"ReadAction","target":["https:\/\/dignitynews.eu\/pl\/prokurator-krajowy-mamy-dowody-ze-na-ukrainie-dochodzi-do-zbrodni-wojennych\/"]}]},{"@type":"BreadcrumbList","@id":"https:\/\/dignitynews.eu\/pl\/prokurator-krajowy-mamy-dowody-ze-na-ukrainie-dochodzi-do-zbrodni-wojennych\/#breadcrumb","itemListElement":[{"@type":"ListItem","position":1,"name":"Strona g\u0142\u00f3wna","item":"https:\/\/dignitynews.eu\/pl\/"},{"@type":"ListItem","position":2,"name":"Prokurator krajowy: mamy dowody, \u017ce na Ukrainie dochodzi do zbrodni wojennych"}]},{"@type":"Person","@id":"https:\/\/dignitynews.eu\/pl\/#\/schema\/person\/0b62b762b8174802fabc81a3ecb1bfcb","name":"Dignity News","image":{"@type":"ImageObject","inLanguage":"pl-PL","@id":"https:\/\/dignitynews.eu\/pl\/#\/schema\/person\/image\/","url":"https:\/\/secure.gravatar.com\/avatar\/97963171a6d9108f8381bbefb1c6b150c445b6ddd9e3077b96c86cf5892c85dc?s=96&d=mm&r=g","contentUrl":"https:\/\/secure.gravatar.com\/avatar\/97963171a6d9108f8381bbefb1c6b150c445b6ddd9e3077b96c86cf5892c85dc?s=96&d=mm&r=g","caption":"Dignity News"},"url":"https:\/\/dignitynews.eu\/pl\/author\/mikolaj-palade\/"}]}},"_links":{"self":[{"href":"https:\/\/dignitynews.eu\/pl\/wp-json\/wp\/v2\/posts\/13820","targetHints":{"allow":["GET"]}}],"collection":[{"href":"https:\/\/dignitynews.eu\/pl\/wp-json\/wp\/v2\/posts"}],"about":[{"href":"https:\/\/dignitynews.eu\/pl\/wp-json\/wp\/v2\/types\/post"}],"author":[{"embeddable":true,"href":"https:\/\/dignitynews.eu\/pl\/wp-json\/wp\/v2\/users\/7"}],"replies":[{"embeddable":true,"href":"https:\/\/dignitynews.eu\/pl\/wp-json\/wp\/v2\/comments?post=13820"}],"version-history":[{"count":1,"href":"https:\/\/dignitynews.eu\/pl\/wp-json\/wp\/v2\/posts\/13820\/revisions"}],"predecessor-version":[{"id":13826,"href":"https:\/\/dignitynews.eu\/pl\/wp-json\/wp\/v2\/posts\/13820\/revisions\/13826"}],"wp:featuredmedia":[{"embeddable":true,"href":"https:\/\/dignitynews.eu\/pl\/wp-json\/wp\/v2\/media\/13821"}],"wp:attachment":[{"href":"https:\/\/dignitynews.eu\/pl\/wp-json\/wp\/v2\/media?parent=13820"}],"wp:term":[{"taxonomy":"category","embeddable":true,"href":"https:\/\/dignitynews.eu\/pl\/wp-json\/wp\/v2\/categories?post=13820"},{"taxonomy":"post_tag","embeddable":true,"href":"https:\/\/dignitynews.eu\/pl\/wp-json\/wp\/v2\/tags?post=13820"}],"curies":[{"name":"wp","href":"https:\/\/api.w.org\/{rel}","templated":true}]}}