{"id":13633,"date":"2022-04-07T10:23:52","date_gmt":"2022-04-07T08:23:52","guid":{"rendered":"https:\/\/dignitynews.eu\/?p=13633"},"modified":"2022-04-07T10:24:05","modified_gmt":"2022-04-07T08:24:05","slug":"toyota-central-europe-konsoliduje-sie-i-przenosi-siedzibe-do-warszawy","status":"publish","type":"post","link":"https:\/\/dignitynews.eu\/pl\/toyota-central-europe-konsoliduje-sie-i-przenosi-siedzibe-do-warszawy\/","title":{"rendered":"Toyota Central Europe konsoliduje si\u0119 i przenosi siedzib\u0119 do Warszawy"},"content":{"rendered":"<h5><strong>Toyota Motor Europe konsoliduje sprzeda\u017c, marketing i us\u0142ugi posprzeda\u017cowe na terenie Europy Centralnej, \u0142\u0105cz\u0105c by\u0142\u0105 w\u0119giersk\u0105 sp\u00f3\u0142k\u0119\u00a0Toyota Central Europe (TCE) z polskim dystrybutorem\u00a0Toyota Motor Poland &#8211; poinformowa\u0142 koncern w komunikacie. <\/strong><\/h5>\n<p>Nowa sp\u00f3\u0142ka\u00a0Toyota Central Europe z siedzib\u0105 w Warszawie b\u0119dzie odpowiada\u0107 za dzia\u0142ania biznesowe marek Toyota i Lexus w Polsce, na W\u0119grzech, w Czechach i na S\u0142owacji.<\/p>\n<p>Reorganizacja ma zwi\u0119kszy\u0107 efektywno\u015b\u0107 i poprawi\u0107 obs\u0142ug\u0119 klienta. Prezesem nowej sp\u00f3\u0142ki TCE b\u0119dzie Jacek Pawlak. W nowej firmie procesy\u00a0wsparcia, takie jak IT, HR itp. znajd\u0105 si\u0119 pod jednym dachem, natomiast na ka\u017cdym z czterech rynk\u00f3w utrzymane zostan\u0105 operacje zwi\u0105zane z bezpo\u015brednim kontaktem z klientami.<\/p>\n<p>Krokiem naprz\u00f3d ma by\u0107 szczeg\u00f3lnie wsp\u00f3lny magazyn pojazd\u00f3w, kt\u00f3ry ma usprawni\u0107 \u0142a\u0144cuch dostaw i skr\u00f3ci\u0107 czas oczekiwania na dostawy. Jak wynika z komunikatu, klienci w krajach Grupy Wyszehradzkiej otrzymaj\u0105 r\u00f3wnie\u017c wsp\u00f3lny katalog pojazd\u00f3w marek Toyota i Lexus.<\/p>\n<p>Mi\u0119dzy 2015 a 2021 rokiem \u0142\u0105czna sprzeda\u017c na W\u0119grzech, w Czechach i na S\u0142owacji koncernu Toyota prawie si\u0119 potroi\u0142a a udzia\u0142 w rynku wzr\u00f3s\u0142 ponad dwukrotnie.<\/p>\n<p>W 2021 roku sprzeda\u017c Toyoty wynios\u0142a 81 128 pojazd\u00f3w w Polsce oraz 35 014 pojazd\u00f3w \u0142\u0105cznie na W\u0119grzech, w Czechach i na S\u0142owacji.<\/p>\n<p>Adrian Andrzejewski<\/p>\n","protected":false},"excerpt":{"rendered":"<p>Toyota Motor Europe konsoliduje sprzeda\u017c, marketing i us\u0142ugi posprzeda\u017cowe na terenie Europy Centralnej, \u0142\u0105cz\u0105c by\u0142\u0105 w\u0119giersk\u0105 sp\u00f3\u0142k\u0119\u00a0Toyota Central Europe (TCE) z polskim dystrybutorem\u00a0Toyota Motor Poland &#8211; poinformowa\u0142 koncern w komunikacie.&hellip;<\/p>\n","protected":false},"author":7,"featured_media":13634,"comment_status":"closed","ping_status":"open","sticky":false,"template":"","format":"standard","meta":{"_mi_skip_tracking":false,"footnotes":""},"categories":[48],"tags":[],"class_list":["post-13633","post","type-post","status-publish","format-standard","has-post-thumbnail","hentry","category-gospodarka"],"yoast_head":"<!-- This site is optimized with the Yoast SEO plugin v19.4 - https:\/\/yoast.com\/wordpress\/plugins\/seo\/ -->\n<title>Toyota Central Europe konsoliduje si\u0119 i przenosi siedzib\u0119 do Warszawy - Godno\u015b\u0107 - DignityNews.eu<\/title>\n<meta name=\"robots\" content=\"index, follow, max-snippet:-1, max-image-preview:large, max-video-preview:-1\" \/>\n<link rel=\"canonical\" href=\"https:\/\/dignitynews.eu\/pl\/toyota-central-europe-konsoliduje-sie-i-przenosi-siedzibe-do-warszawy\/\" \/>\n<meta property=\"og:locale\" content=\"pl_PL\" \/>\n<meta property=\"og:type\" content=\"article\" \/>\n<meta property=\"og:title\" content=\"Toyota Central Europe konsoliduje si\u0119 i przenosi siedzib\u0119 do Warszawy - Godno\u015b\u0107 - DignityNews.eu\" \/>\n<meta property=\"og:description\" content=\"Toyota Motor Europe konsoliduje sprzeda\u017c, marketing i us\u0142ugi posprzeda\u017cowe na terenie Europy Centralnej, \u0142\u0105cz\u0105c by\u0142\u0105 w\u0119giersk\u0105 sp\u00f3\u0142k\u0119\u00a0Toyota Central Europe (TCE) z polskim dystrybutorem\u00a0Toyota Motor Poland &#8211; poinformowa\u0142 koncern w komunikacie.&hellip;\" \/>\n<meta property=\"og:url\" content=\"https:\/\/dignitynews.eu\/pl\/toyota-central-europe-konsoliduje-sie-i-przenosi-siedzibe-do-warszawy\/\" \/>\n<meta property=\"og:site_name\" content=\"Godno\u015b\u0107 - DignityNews.eu\" \/>\n<meta property=\"article:published_time\" content=\"2022-04-07T08:23:52+00:00\" \/>\n<meta property=\"article:modified_time\" content=\"2022-04-07T08:24:05+00:00\" \/>\n<meta property=\"og:image\" content=\"https:\/\/dignitynews.eu\/wp-content\/uploads\/2022\/04\/Toyota-fot.-Toyota-Central-Europe.jpg\" \/>\n\t<meta property=\"og:image:width\" content=\"555\" \/>\n\t<meta property=\"og:image:height\" content=\"300\" \/>\n\t<meta property=\"og:image:type\" content=\"image\/jpeg\" \/>\n<meta name=\"author\" content=\"Dignity News\" \/>\n<meta name=\"twitter:card\" content=\"summary_large_image\" \/>\n<meta name=\"twitter:label1\" content=\"Napisane przez\" \/>\n\t<meta name=\"twitter:data1\" content=\"Dignity News\" \/>\n\t<meta name=\"twitter:label2\" content=\"Szacowany czas czytania\" \/>\n\t<meta name=\"twitter:data2\" content=\"1 minuta\" \/>\n<script type=\"application\/ld+json\" class=\"yoast-schema-graph\">{\"@context\":\"https:\/\/schema.org\",\"@graph\":[{\"@type\":\"WebSite\",\"@id\":\"https:\/\/dignitynews.eu\/pl\/#website\",\"url\":\"https:\/\/dignitynews.eu\/pl\/\",\"name\":\"Godno\u015b\u0107 - DignityNews.eu\",\"description\":\"\",\"potentialAction\":[{\"@type\":\"SearchAction\",\"target\":{\"@type\":\"EntryPoint\",\"urlTemplate\":\"https:\/\/dignitynews.eu\/pl\/?s={search_term_string}\"},\"query-input\":\"required name=search_term_string\"}],\"inLanguage\":\"pl-PL\"},{\"@type\":\"WebPage\",\"@id\":\"https:\/\/dignitynews.eu\/pl\/toyota-central-europe-konsoliduje-sie-i-przenosi-siedzibe-do-warszawy\/\",\"url\":\"https:\/\/dignitynews.eu\/pl\/toyota-central-europe-konsoliduje-sie-i-przenosi-siedzibe-do-warszawy\/\",\"name\":\"Toyota Central Europe konsoliduje si\u0119 i przenosi siedzib\u0119 do Warszawy - Godno\u015b\u0107 - DignityNews.eu\",\"isPartOf\":{\"@id\":\"https:\/\/dignitynews.eu\/pl\/#website\"},\"datePublished\":\"2022-04-07T08:23:52+00:00\",\"dateModified\":\"2022-04-07T08:24:05+00:00\",\"author\":{\"@id\":\"https:\/\/dignitynews.eu\/pl\/#\/schema\/person\/0b62b762b8174802fabc81a3ecb1bfcb\"},\"breadcrumb\":{\"@id\":\"https:\/\/dignitynews.eu\/pl\/toyota-central-europe-konsoliduje-sie-i-przenosi-siedzibe-do-warszawy\/#breadcrumb\"},\"inLanguage\":\"pl-PL\",\"potentialAction\":[{\"@type\":\"ReadAction\",\"target\":[\"https:\/\/dignitynews.eu\/pl\/toyota-central-europe-konsoliduje-sie-i-przenosi-siedzibe-do-warszawy\/\"]}]},{\"@type\":\"BreadcrumbList\",\"@id\":\"https:\/\/dignitynews.eu\/pl\/toyota-central-europe-konsoliduje-sie-i-przenosi-siedzibe-do-warszawy\/#breadcrumb\",\"itemListElement\":[{\"@type\":\"ListItem\",\"position\":1,\"name\":\"Strona g\u0142\u00f3wna\",\"item\":\"https:\/\/dignitynews.eu\/pl\/\"},{\"@type\":\"ListItem\",\"position\":2,\"name\":\"Toyota Central Europe konsoliduje si\u0119 i przenosi siedzib\u0119 do Warszawy\"}]},{\"@type\":\"Person\",\"@id\":\"https:\/\/dignitynews.eu\/pl\/#\/schema\/person\/0b62b762b8174802fabc81a3ecb1bfcb\",\"name\":\"Dignity News\",\"image\":{\"@type\":\"ImageObject\",\"inLanguage\":\"pl-PL\",\"@id\":\"https:\/\/dignitynews.eu\/pl\/#\/schema\/person\/image\/\",\"url\":\"https:\/\/secure.gravatar.com\/avatar\/97963171a6d9108f8381bbefb1c6b150c445b6ddd9e3077b96c86cf5892c85dc?s=96&d=mm&r=g\",\"contentUrl\":\"https:\/\/secure.gravatar.com\/avatar\/97963171a6d9108f8381bbefb1c6b150c445b6ddd9e3077b96c86cf5892c85dc?s=96&d=mm&r=g\",\"caption\":\"Dignity News\"},\"url\":\"https:\/\/dignitynews.eu\/pl\/author\/mikolaj-palade\/\"}]}<\/script>\n<!-- \/ Yoast SEO plugin. -->","yoast_head_json":{"title":"Toyota Central Europe konsoliduje si\u0119 i przenosi siedzib\u0119 do Warszawy - Godno\u015b\u0107 - DignityNews.eu","robots":{"index":"index","follow":"follow","max-snippet":"max-snippet:-1","max-image-preview":"max-image-preview:large","max-video-preview":"max-video-preview:-1"},"canonical":"https:\/\/dignitynews.eu\/pl\/toyota-central-europe-konsoliduje-sie-i-przenosi-siedzibe-do-warszawy\/","og_locale":"pl_PL","og_type":"article","og_title":"Toyota Central Europe konsoliduje si\u0119 i przenosi siedzib\u0119 do Warszawy - Godno\u015b\u0107 - DignityNews.eu","og_description":"Toyota Motor Europe konsoliduje sprzeda\u017c, marketing i us\u0142ugi posprzeda\u017cowe na terenie Europy Centralnej, \u0142\u0105cz\u0105c by\u0142\u0105 w\u0119giersk\u0105 sp\u00f3\u0142k\u0119\u00a0Toyota Central Europe (TCE) z polskim dystrybutorem\u00a0Toyota Motor Poland &#8211; poinformowa\u0142 koncern w komunikacie.&hellip;","og_url":"https:\/\/dignitynews.eu\/pl\/toyota-central-europe-konsoliduje-sie-i-przenosi-siedzibe-do-warszawy\/","og_site_name":"Godno\u015b\u0107 - DignityNews.eu","article_published_time":"2022-04-07T08:23:52+00:00","article_modified_time":"2022-04-07T08:24:05+00:00","og_image":[{"width":555,"height":300,"url":"https:\/\/dignitynews.eu\/wp-content\/uploads\/2022\/04\/Toyota-fot.-Toyota-Central-Europe.jpg","type":"image\/jpeg"}],"author":"Dignity News","twitter_card":"summary_large_image","twitter_misc":{"Napisane przez":"Dignity News","Szacowany czas czytania":"1 minuta"},"schema":{"@context":"https:\/\/schema.org","@graph":[{"@type":"WebSite","@id":"https:\/\/dignitynews.eu\/pl\/#website","url":"https:\/\/dignitynews.eu\/pl\/","name":"Godno\u015b\u0107 - DignityNews.eu","description":"","potentialAction":[{"@type":"SearchAction","target":{"@type":"EntryPoint","urlTemplate":"https:\/\/dignitynews.eu\/pl\/?s={search_term_string}"},"query-input":"required name=search_term_string"}],"inLanguage":"pl-PL"},{"@type":"WebPage","@id":"https:\/\/dignitynews.eu\/pl\/toyota-central-europe-konsoliduje-sie-i-przenosi-siedzibe-do-warszawy\/","url":"https:\/\/dignitynews.eu\/pl\/toyota-central-europe-konsoliduje-sie-i-przenosi-siedzibe-do-warszawy\/","name":"Toyota Central Europe konsoliduje si\u0119 i przenosi siedzib\u0119 do Warszawy - Godno\u015b\u0107 - DignityNews.eu","isPartOf":{"@id":"https:\/\/dignitynews.eu\/pl\/#website"},"datePublished":"2022-04-07T08:23:52+00:00","dateModified":"2022-04-07T08:24:05+00:00","author":{"@id":"https:\/\/dignitynews.eu\/pl\/#\/schema\/person\/0b62b762b8174802fabc81a3ecb1bfcb"},"breadcrumb":{"@id":"https:\/\/dignitynews.eu\/pl\/toyota-central-europe-konsoliduje-sie-i-przenosi-siedzibe-do-warszawy\/#breadcrumb"},"inLanguage":"pl-PL","potentialAction":[{"@type":"ReadAction","target":["https:\/\/dignitynews.eu\/pl\/toyota-central-europe-konsoliduje-sie-i-przenosi-siedzibe-do-warszawy\/"]}]},{"@type":"BreadcrumbList","@id":"https:\/\/dignitynews.eu\/pl\/toyota-central-europe-konsoliduje-sie-i-przenosi-siedzibe-do-warszawy\/#breadcrumb","itemListElement":[{"@type":"ListItem","position":1,"name":"Strona g\u0142\u00f3wna","item":"https:\/\/dignitynews.eu\/pl\/"},{"@type":"ListItem","position":2,"name":"Toyota Central Europe konsoliduje si\u0119 i przenosi siedzib\u0119 do Warszawy"}]},{"@type":"Person","@id":"https:\/\/dignitynews.eu\/pl\/#\/schema\/person\/0b62b762b8174802fabc81a3ecb1bfcb","name":"Dignity News","image":{"@type":"ImageObject","inLanguage":"pl-PL","@id":"https:\/\/dignitynews.eu\/pl\/#\/schema\/person\/image\/","url":"https:\/\/secure.gravatar.com\/avatar\/97963171a6d9108f8381bbefb1c6b150c445b6ddd9e3077b96c86cf5892c85dc?s=96&d=mm&r=g","contentUrl":"https:\/\/secure.gravatar.com\/avatar\/97963171a6d9108f8381bbefb1c6b150c445b6ddd9e3077b96c86cf5892c85dc?s=96&d=mm&r=g","caption":"Dignity News"},"url":"https:\/\/dignitynews.eu\/pl\/author\/mikolaj-palade\/"}]}},"_links":{"self":[{"href":"https:\/\/dignitynews.eu\/pl\/wp-json\/wp\/v2\/posts\/13633","targetHints":{"allow":["GET"]}}],"collection":[{"href":"https:\/\/dignitynews.eu\/pl\/wp-json\/wp\/v2\/posts"}],"about":[{"href":"https:\/\/dignitynews.eu\/pl\/wp-json\/wp\/v2\/types\/post"}],"author":[{"embeddable":true,"href":"https:\/\/dignitynews.eu\/pl\/wp-json\/wp\/v2\/users\/7"}],"replies":[{"embeddable":true,"href":"https:\/\/dignitynews.eu\/pl\/wp-json\/wp\/v2\/comments?post=13633"}],"version-history":[{"count":1,"href":"https:\/\/dignitynews.eu\/pl\/wp-json\/wp\/v2\/posts\/13633\/revisions"}],"predecessor-version":[{"id":13639,"href":"https:\/\/dignitynews.eu\/pl\/wp-json\/wp\/v2\/posts\/13633\/revisions\/13639"}],"wp:featuredmedia":[{"embeddable":true,"href":"https:\/\/dignitynews.eu\/pl\/wp-json\/wp\/v2\/media\/13634"}],"wp:attachment":[{"href":"https:\/\/dignitynews.eu\/pl\/wp-json\/wp\/v2\/media?parent=13633"}],"wp:term":[{"taxonomy":"category","embeddable":true,"href":"https:\/\/dignitynews.eu\/pl\/wp-json\/wp\/v2\/categories?post=13633"},{"taxonomy":"post_tag","embeddable":true,"href":"https:\/\/dignitynews.eu\/pl\/wp-json\/wp\/v2\/tags?post=13633"}],"curies":[{"name":"wp","href":"https:\/\/api.w.org\/{rel}","templated":true}]}}