{"id":13485,"date":"2022-04-06T10:58:41","date_gmt":"2022-04-06T08:58:41","guid":{"rendered":"https:\/\/dignitynews.eu\/?p=13485"},"modified":"2022-04-06T10:58:41","modified_gmt":"2022-04-06T08:58:41","slug":"wojna-na-ukrainie-wplywa-na-produkcje-zywnosci-prezydent-uspokaja-polska-jest-samowystarczalna","status":"publish","type":"post","link":"https:\/\/dignitynews.eu\/pl\/wojna-na-ukrainie-wplywa-na-produkcje-zywnosci-prezydent-uspokaja-polska-jest-samowystarczalna\/","title":{"rendered":"Wojna na Ukrainie wp\u0142ywa na produkcj\u0119 \u017cywno\u015bci. Prezydent uspokaja: Polska jest samowystarczalna\u00a0"},"content":{"rendered":"<h5><span data-contrast=\"auto\">Prezydent Andrzej Duda powiedzia\u0142, \u017ce Polska jest absolutnie samowystarczalna je\u017celi chodzi o produkcj\u0119 \u017cywno\u015bciow\u0105. Podkre\u015bli\u0142, \u017ce polskie rolnictwo by\u0142o w stanie do tej pory zaspokoi\u0107 wszystkie potrzeby, jakie generowa\u0142 nasz rynek.<\/span><span data-ccp-props=\"{&quot;201341983&quot;:0,&quot;335559739&quot;:160,&quot;335559740&quot;:259}\">\u00a0<\/span><\/h5>\n<p><span data-contrast=\"auto\">&#8211; Na szcz\u0119\u015bcie my mamy w Polsce sytuacj\u0119 bezpieczn\u0105. U nas nie toczy si\u0119 wojna, my w wojnie nie uczestniczymy, ale w oczywisty spos\u00f3b wojna na nas wp\u0142ywa &#8211; zaznaczy\u0142 prezydent przed posiedzeniem Rady ds. Rolnictwa i Obszar\u00f3w Wiejskich Narodowej Rady Rozwoju. Doda\u0142, \u017ce polski\u00a0 import z Ukrainy i z Rosji nie by\u0142 wielki.<\/span><span data-ccp-props=\"{&quot;201341983&quot;:0,&quot;335559739&quot;:160,&quot;335559740&quot;:259}\">\u00a0<\/span><\/p>\n<p><span data-contrast=\"auto\">&#8211; Jeste\u015bmy krajem, kt\u00f3ry jest w tej szcz\u0119\u015bliwej sytuacji, \u017ce jeste\u015bmy absolutnie samowystarczalni, je\u017celi chodzi o produkcj\u0119 \u017cywno\u015bciow\u0105. Nasze rolnictwo by\u0142o w stanie do tej pory zaspokoi\u0107 wszystkie potrzeby, jakie generowa\u0142 nasz rynek. Nie byli\u015bmy \u017cadnym powa\u017cnym importerem \u017cywno\u015bci, wr\u0119cz przeciwnie byli\u015bmy powa\u017cnym eksporterem \u017cywno\u015bci. Wi\u0119c mo\u017cna powiedzie\u0107 tak\u017ce, \u017ce od tej strony rynki zagraniczne b\u0119d\u0105 jeszcze bardziej ch\u0142onne na nasze produkty, ni\u017c by\u0142o to do tej pory &#8211; podkre\u015bli\u0142 prezydent.<\/span><span data-ccp-props=\"{&quot;201341983&quot;:0,&quot;335559739&quot;:160,&quot;335559740&quot;:259}\">\u00a0<\/span><\/p>\n<p><span data-contrast=\"auto\">Andrzej Duda zaznaczy\u0142, \u017ce skutki wojny na Ukrainie w ogromnym stopniu dotykaj\u0105 polskich rolnik\u00f3w. Chodzi przede wszystkim o wzrost cen nawoz\u00f3w sztucznych, wzrost cen \u015brodk\u00f3w ochrony ro\u015blin, wzrost cen paliw, wzrost cen wszystkich \u017ar\u00f3de\u0142 energii<\/span><span data-ccp-props=\"{&quot;201341983&quot;:0,&quot;335559739&quot;:160,&quot;335559740&quot;:259}\">\u00a0<\/span><\/p>\n<p><span data-contrast=\"auto\">&#8211; W zwi\u0105zku z powy\u017cszym jest to bardzo powa\u017cna sytuacja i nie ma w\u0105tpliwo\u015bci, \u017ce absolutnie wp\u0142ynie ona nie tylko na sytuacj\u0119 polskiego rolnictwa, ale bez w\u0105tpienia wp\u0142ynie ona szerzej na sytuacj\u0119 polskiej wsi &#8211; zauwa\u017cy\u0142.<\/span><span data-ccp-props=\"{&quot;201341983&quot;:0,&quot;335559739&quot;:160,&quot;335559740&quot;:259}\">\u00a0<\/span><\/p>\n<p><span data-contrast=\"auto\">Wed\u0142ug prezydenta w obecnej sytuacji trzeba dzia\u0142a\u0107 odpowiedzialnie &#8211; sprawowanie rz\u0105d\u00f3w wi\u0105\u017ce si\u0119 nie tylko z reagowaniem na to, co ju\u017c si\u0119 sta\u0142o, ale to przede wszystkim wychodzenie na prz\u00f3d i przewidywanie tego, co jeszcze mo\u017ce si\u0119 zdarzy\u0107, podejmowanie r\u00f3\u017cnego rodzaju dzia\u0142a\u0144 i krok\u00f3w zaradczych \u2013 oceni\u0142 Andrzej Duda.\u00a0<\/span><span data-ccp-props=\"{&quot;201341983&quot;:0,&quot;335559739&quot;:160,&quot;335559740&quot;:259}\">\u00a0<\/span><\/p>\n<p><span data-contrast=\"auto\">Arkadiusz S\u0142omczy\u0144ski<\/span><span data-ccp-props=\"{&quot;201341983&quot;:0,&quot;335559739&quot;:160,&quot;335559740&quot;:259}\">\u00a0<\/span><\/p>\n","protected":false},"excerpt":{"rendered":"<p>Prezydent Andrzej Duda powiedzia\u0142, \u017ce Polska jest absolutnie samowystarczalna je\u017celi chodzi o produkcj\u0119 \u017cywno\u015bciow\u0105. Podkre\u015bli\u0142, \u017ce polskie rolnictwo by\u0142o w stanie do tej pory zaspokoi\u0107 wszystkie potrzeby, jakie generowa\u0142 nasz&hellip;<\/p>\n","protected":false},"author":7,"featured_media":13486,"comment_status":"closed","ping_status":"open","sticky":false,"template":"","format":"standard","meta":{"_mi_skip_tracking":false,"footnotes":""},"categories":[47],"tags":[],"class_list":["post-13485","post","type-post","status-publish","format-standard","has-post-thumbnail","hentry","category-wydarzenia"],"yoast_head":"<!-- This site is optimized with the Yoast SEO plugin v19.4 - https:\/\/yoast.com\/wordpress\/plugins\/seo\/ -->\n<title>Wojna na Ukrainie wp\u0142ywa na produkcj\u0119 \u017cywno\u015bci. Prezydent uspokaja: Polska jest samowystarczalna\u00a0 - Godno\u015b\u0107 - DignityNews.eu<\/title>\n<meta name=\"robots\" content=\"index, follow, max-snippet:-1, max-image-preview:large, max-video-preview:-1\" \/>\n<link rel=\"canonical\" href=\"https:\/\/dignitynews.eu\/pl\/wojna-na-ukrainie-wplywa-na-produkcje-zywnosci-prezydent-uspokaja-polska-jest-samowystarczalna\/\" \/>\n<meta property=\"og:locale\" content=\"pl_PL\" \/>\n<meta property=\"og:type\" content=\"article\" \/>\n<meta property=\"og:title\" content=\"Wojna na Ukrainie wp\u0142ywa na produkcj\u0119 \u017cywno\u015bci. Prezydent uspokaja: Polska jest samowystarczalna\u00a0 - Godno\u015b\u0107 - DignityNews.eu\" \/>\n<meta property=\"og:description\" content=\"Prezydent Andrzej Duda powiedzia\u0142, \u017ce Polska jest absolutnie samowystarczalna je\u017celi chodzi o produkcj\u0119 \u017cywno\u015bciow\u0105. Podkre\u015bli\u0142, \u017ce polskie rolnictwo by\u0142o w stanie do tej pory zaspokoi\u0107 wszystkie potrzeby, jakie generowa\u0142 nasz&hellip;\" \/>\n<meta property=\"og:url\" content=\"https:\/\/dignitynews.eu\/pl\/wojna-na-ukrainie-wplywa-na-produkcje-zywnosci-prezydent-uspokaja-polska-jest-samowystarczalna\/\" \/>\n<meta property=\"og:site_name\" content=\"Godno\u015b\u0107 - DignityNews.eu\" \/>\n<meta property=\"article:published_time\" content=\"2022-04-06T08:58:41+00:00\" \/>\n<meta property=\"og:image\" content=\"https:\/\/dignitynews.eu\/wp-content\/uploads\/2022\/04\/Prezydent-wplyw-wojny-na-produkcje-zywnosci-fot.-Zbyszek-Kaczmarek-REPORTER.jpg\" \/>\n\t<meta property=\"og:image:width\" content=\"1500\" \/>\n\t<meta property=\"og:image:height\" content=\"998\" \/>\n\t<meta property=\"og:image:type\" content=\"image\/jpeg\" \/>\n<meta name=\"author\" content=\"Dignity News\" \/>\n<meta name=\"twitter:card\" content=\"summary_large_image\" \/>\n<meta name=\"twitter:label1\" content=\"Napisane przez\" \/>\n\t<meta name=\"twitter:data1\" content=\"Dignity News\" \/>\n\t<meta name=\"twitter:label2\" content=\"Szacowany czas czytania\" \/>\n\t<meta name=\"twitter:data2\" content=\"2 minuty\" \/>\n<script type=\"application\/ld+json\" class=\"yoast-schema-graph\">{\"@context\":\"https:\/\/schema.org\",\"@graph\":[{\"@type\":\"WebSite\",\"@id\":\"https:\/\/dignitynews.eu\/pl\/#website\",\"url\":\"https:\/\/dignitynews.eu\/pl\/\",\"name\":\"Godno\u015b\u0107 - DignityNews.eu\",\"description\":\"\",\"potentialAction\":[{\"@type\":\"SearchAction\",\"target\":{\"@type\":\"EntryPoint\",\"urlTemplate\":\"https:\/\/dignitynews.eu\/pl\/?s={search_term_string}\"},\"query-input\":\"required name=search_term_string\"}],\"inLanguage\":\"pl-PL\"},{\"@type\":\"WebPage\",\"@id\":\"https:\/\/dignitynews.eu\/pl\/wojna-na-ukrainie-wplywa-na-produkcje-zywnosci-prezydent-uspokaja-polska-jest-samowystarczalna\/\",\"url\":\"https:\/\/dignitynews.eu\/pl\/wojna-na-ukrainie-wplywa-na-produkcje-zywnosci-prezydent-uspokaja-polska-jest-samowystarczalna\/\",\"name\":\"Wojna na Ukrainie wp\u0142ywa na produkcj\u0119 \u017cywno\u015bci. Prezydent uspokaja: Polska jest samowystarczalna\u00a0 - Godno\u015b\u0107 - DignityNews.eu\",\"isPartOf\":{\"@id\":\"https:\/\/dignitynews.eu\/pl\/#website\"},\"datePublished\":\"2022-04-06T08:58:41+00:00\",\"dateModified\":\"2022-04-06T08:58:41+00:00\",\"author\":{\"@id\":\"https:\/\/dignitynews.eu\/pl\/#\/schema\/person\/0b62b762b8174802fabc81a3ecb1bfcb\"},\"breadcrumb\":{\"@id\":\"https:\/\/dignitynews.eu\/pl\/wojna-na-ukrainie-wplywa-na-produkcje-zywnosci-prezydent-uspokaja-polska-jest-samowystarczalna\/#breadcrumb\"},\"inLanguage\":\"pl-PL\",\"potentialAction\":[{\"@type\":\"ReadAction\",\"target\":[\"https:\/\/dignitynews.eu\/pl\/wojna-na-ukrainie-wplywa-na-produkcje-zywnosci-prezydent-uspokaja-polska-jest-samowystarczalna\/\"]}]},{\"@type\":\"BreadcrumbList\",\"@id\":\"https:\/\/dignitynews.eu\/pl\/wojna-na-ukrainie-wplywa-na-produkcje-zywnosci-prezydent-uspokaja-polska-jest-samowystarczalna\/#breadcrumb\",\"itemListElement\":[{\"@type\":\"ListItem\",\"position\":1,\"name\":\"Strona g\u0142\u00f3wna\",\"item\":\"https:\/\/dignitynews.eu\/pl\/\"},{\"@type\":\"ListItem\",\"position\":2,\"name\":\"Wojna na Ukrainie wp\u0142ywa na produkcj\u0119 \u017cywno\u015bci. Prezydent uspokaja: Polska jest samowystarczalna\u00a0\"}]},{\"@type\":\"Person\",\"@id\":\"https:\/\/dignitynews.eu\/pl\/#\/schema\/person\/0b62b762b8174802fabc81a3ecb1bfcb\",\"name\":\"Dignity News\",\"image\":{\"@type\":\"ImageObject\",\"inLanguage\":\"pl-PL\",\"@id\":\"https:\/\/dignitynews.eu\/pl\/#\/schema\/person\/image\/\",\"url\":\"https:\/\/secure.gravatar.com\/avatar\/97963171a6d9108f8381bbefb1c6b150c445b6ddd9e3077b96c86cf5892c85dc?s=96&d=mm&r=g\",\"contentUrl\":\"https:\/\/secure.gravatar.com\/avatar\/97963171a6d9108f8381bbefb1c6b150c445b6ddd9e3077b96c86cf5892c85dc?s=96&d=mm&r=g\",\"caption\":\"Dignity News\"},\"url\":\"https:\/\/dignitynews.eu\/pl\/author\/mikolaj-palade\/\"}]}<\/script>\n<!-- \/ Yoast SEO plugin. -->","yoast_head_json":{"title":"Wojna na Ukrainie wp\u0142ywa na produkcj\u0119 \u017cywno\u015bci. Prezydent uspokaja: Polska jest samowystarczalna\u00a0 - Godno\u015b\u0107 - DignityNews.eu","robots":{"index":"index","follow":"follow","max-snippet":"max-snippet:-1","max-image-preview":"max-image-preview:large","max-video-preview":"max-video-preview:-1"},"canonical":"https:\/\/dignitynews.eu\/pl\/wojna-na-ukrainie-wplywa-na-produkcje-zywnosci-prezydent-uspokaja-polska-jest-samowystarczalna\/","og_locale":"pl_PL","og_type":"article","og_title":"Wojna na Ukrainie wp\u0142ywa na produkcj\u0119 \u017cywno\u015bci. Prezydent uspokaja: Polska jest samowystarczalna\u00a0 - Godno\u015b\u0107 - DignityNews.eu","og_description":"Prezydent Andrzej Duda powiedzia\u0142, \u017ce Polska jest absolutnie samowystarczalna je\u017celi chodzi o produkcj\u0119 \u017cywno\u015bciow\u0105. Podkre\u015bli\u0142, \u017ce polskie rolnictwo by\u0142o w stanie do tej pory zaspokoi\u0107 wszystkie potrzeby, jakie generowa\u0142 nasz&hellip;","og_url":"https:\/\/dignitynews.eu\/pl\/wojna-na-ukrainie-wplywa-na-produkcje-zywnosci-prezydent-uspokaja-polska-jest-samowystarczalna\/","og_site_name":"Godno\u015b\u0107 - DignityNews.eu","article_published_time":"2022-04-06T08:58:41+00:00","og_image":[{"width":1500,"height":998,"url":"https:\/\/dignitynews.eu\/wp-content\/uploads\/2022\/04\/Prezydent-wplyw-wojny-na-produkcje-zywnosci-fot.-Zbyszek-Kaczmarek-REPORTER.jpg","type":"image\/jpeg"}],"author":"Dignity News","twitter_card":"summary_large_image","twitter_misc":{"Napisane przez":"Dignity News","Szacowany czas czytania":"2 minuty"},"schema":{"@context":"https:\/\/schema.org","@graph":[{"@type":"WebSite","@id":"https:\/\/dignitynews.eu\/pl\/#website","url":"https:\/\/dignitynews.eu\/pl\/","name":"Godno\u015b\u0107 - DignityNews.eu","description":"","potentialAction":[{"@type":"SearchAction","target":{"@type":"EntryPoint","urlTemplate":"https:\/\/dignitynews.eu\/pl\/?s={search_term_string}"},"query-input":"required name=search_term_string"}],"inLanguage":"pl-PL"},{"@type":"WebPage","@id":"https:\/\/dignitynews.eu\/pl\/wojna-na-ukrainie-wplywa-na-produkcje-zywnosci-prezydent-uspokaja-polska-jest-samowystarczalna\/","url":"https:\/\/dignitynews.eu\/pl\/wojna-na-ukrainie-wplywa-na-produkcje-zywnosci-prezydent-uspokaja-polska-jest-samowystarczalna\/","name":"Wojna na Ukrainie wp\u0142ywa na produkcj\u0119 \u017cywno\u015bci. Prezydent uspokaja: Polska jest samowystarczalna\u00a0 - Godno\u015b\u0107 - DignityNews.eu","isPartOf":{"@id":"https:\/\/dignitynews.eu\/pl\/#website"},"datePublished":"2022-04-06T08:58:41+00:00","dateModified":"2022-04-06T08:58:41+00:00","author":{"@id":"https:\/\/dignitynews.eu\/pl\/#\/schema\/person\/0b62b762b8174802fabc81a3ecb1bfcb"},"breadcrumb":{"@id":"https:\/\/dignitynews.eu\/pl\/wojna-na-ukrainie-wplywa-na-produkcje-zywnosci-prezydent-uspokaja-polska-jest-samowystarczalna\/#breadcrumb"},"inLanguage":"pl-PL","potentialAction":[{"@type":"ReadAction","target":["https:\/\/dignitynews.eu\/pl\/wojna-na-ukrainie-wplywa-na-produkcje-zywnosci-prezydent-uspokaja-polska-jest-samowystarczalna\/"]}]},{"@type":"BreadcrumbList","@id":"https:\/\/dignitynews.eu\/pl\/wojna-na-ukrainie-wplywa-na-produkcje-zywnosci-prezydent-uspokaja-polska-jest-samowystarczalna\/#breadcrumb","itemListElement":[{"@type":"ListItem","position":1,"name":"Strona g\u0142\u00f3wna","item":"https:\/\/dignitynews.eu\/pl\/"},{"@type":"ListItem","position":2,"name":"Wojna na Ukrainie wp\u0142ywa na produkcj\u0119 \u017cywno\u015bci. Prezydent uspokaja: Polska jest samowystarczalna\u00a0"}]},{"@type":"Person","@id":"https:\/\/dignitynews.eu\/pl\/#\/schema\/person\/0b62b762b8174802fabc81a3ecb1bfcb","name":"Dignity News","image":{"@type":"ImageObject","inLanguage":"pl-PL","@id":"https:\/\/dignitynews.eu\/pl\/#\/schema\/person\/image\/","url":"https:\/\/secure.gravatar.com\/avatar\/97963171a6d9108f8381bbefb1c6b150c445b6ddd9e3077b96c86cf5892c85dc?s=96&d=mm&r=g","contentUrl":"https:\/\/secure.gravatar.com\/avatar\/97963171a6d9108f8381bbefb1c6b150c445b6ddd9e3077b96c86cf5892c85dc?s=96&d=mm&r=g","caption":"Dignity News"},"url":"https:\/\/dignitynews.eu\/pl\/author\/mikolaj-palade\/"}]}},"_links":{"self":[{"href":"https:\/\/dignitynews.eu\/pl\/wp-json\/wp\/v2\/posts\/13485","targetHints":{"allow":["GET"]}}],"collection":[{"href":"https:\/\/dignitynews.eu\/pl\/wp-json\/wp\/v2\/posts"}],"about":[{"href":"https:\/\/dignitynews.eu\/pl\/wp-json\/wp\/v2\/types\/post"}],"author":[{"embeddable":true,"href":"https:\/\/dignitynews.eu\/pl\/wp-json\/wp\/v2\/users\/7"}],"replies":[{"embeddable":true,"href":"https:\/\/dignitynews.eu\/pl\/wp-json\/wp\/v2\/comments?post=13485"}],"version-history":[{"count":1,"href":"https:\/\/dignitynews.eu\/pl\/wp-json\/wp\/v2\/posts\/13485\/revisions"}],"predecessor-version":[{"id":13491,"href":"https:\/\/dignitynews.eu\/pl\/wp-json\/wp\/v2\/posts\/13485\/revisions\/13491"}],"wp:featuredmedia":[{"embeddable":true,"href":"https:\/\/dignitynews.eu\/pl\/wp-json\/wp\/v2\/media\/13486"}],"wp:attachment":[{"href":"https:\/\/dignitynews.eu\/pl\/wp-json\/wp\/v2\/media?parent=13485"}],"wp:term":[{"taxonomy":"category","embeddable":true,"href":"https:\/\/dignitynews.eu\/pl\/wp-json\/wp\/v2\/categories?post=13485"},{"taxonomy":"post_tag","embeddable":true,"href":"https:\/\/dignitynews.eu\/pl\/wp-json\/wp\/v2\/tags?post=13485"}],"curies":[{"name":"wp","href":"https:\/\/api.w.org\/{rel}","templated":true}]}}