{"id":13259,"date":"2022-04-05T09:52:19","date_gmt":"2022-04-05T07:52:19","guid":{"rendered":"https:\/\/dignitynews.eu\/?p=13259"},"modified":"2022-04-05T09:52:19","modified_gmt":"2022-04-05T07:52:19","slug":"wicepremier-glinski-to-nie-jest-czas-na-rosyjski-balet-nie-mowiac-juz-o-chorze-aleksandrowa","status":"publish","type":"post","link":"https:\/\/dignitynews.eu\/pl\/wicepremier-glinski-to-nie-jest-czas-na-rosyjski-balet-nie-mowiac-juz-o-chorze-aleksandrowa\/","title":{"rendered":"Wicepremier Gli\u0144ski: To nie jest czas na rosyjski balet, nie m\u00f3wi\u0105c ju\u017c o Ch\u00f3rze Aleksandrowa"},"content":{"rendered":"<h5><b><span data-contrast=\"auto\">Podczas posiedzenia Rady Unii Europejskiej ds. Edukacji, M\u0142odzie\u017cy, Kultury i Sportu, kt\u00f3re odbywa si\u0119 w Luksemburgu, wicepremier, minister kultury i dziedzictwa narodowego Piotr Gli\u0144ski wezwa\u0142 do usuni\u0119cia rosyjskiej kultury klasycznej i wsp\u00f3\u0142czesnej z przestrzeni publicznej.\u00a0<\/span><\/b><span data-ccp-props=\"{&quot;201341983&quot;:0,&quot;335559739&quot;:160,&quot;335559740&quot;:259}\">\u00a0<\/span><\/h5>\n<p><span data-contrast=\"auto\">Teraz to nie jest czas na rosyjski balet, nie m\u00f3wi\u0105c ju\u017c o Ch\u00f3rze Aleksandrowa. Teraz nie jest sezon dla Czechowa ani nawet Puszkina. Rosyjska kultura powinna znikn\u0105\u0107 z przestrzeni publicznej &#8211; powiedzia\u0142 w kuluarach minister Gli\u0144ski.<\/span><span data-ccp-props=\"{&quot;201341983&quot;:0,&quot;335559739&quot;:160,&quot;335559740&quot;:259}\">\u00a0<\/span><\/p>\n<p><span data-contrast=\"auto\">Jednocze\u015bnie zwr\u00f3ci\u0142 uwag\u0119 na znacz\u0105cy wk\u0142ad Federacji Rosyjskiej w kultur\u0119, ale uwa\u017ca, \u017ce ta kultura dzisiaj powinna napotyka\u0107 przeszkody w popularyzacji.<\/span><span data-ccp-props=\"{&quot;201341983&quot;:0,&quot;335559739&quot;:160,&quot;335559740&quot;:259}\">\u00a0<\/span><\/p>\n<p><span data-contrast=\"auto\">W ocenie wicepremiera Gli\u0144skiego konieczne jest wzmocnienie dzia\u0142a\u0144 wszystkich pa\u0144stw cz\u0142onkowskich UE na rzecz wspierania Ukrai\u0144c\u00f3w, a tak\u017ce ustanowienie sankcji w dziedzinie kultury w relacjach z Federacj\u0105 Rosyjsk\u0105. W zwi\u0105zku z tym Ministerstwo Kultury i Dziedzictwa Narodowego wezwa\u0142o do konkretnych dzia\u0142a\u0144, w szczeg\u00f3lno\u015bci do zawieszenia pa\u0144stwowych wi\u0119zi kulturalnych z Moskw\u0105.<\/span><span data-ccp-props=\"{&quot;201341983&quot;:0,&quot;335559739&quot;:160,&quot;335559740&quot;:259}\">\u00a0<\/span><\/p>\n<p><span data-contrast=\"auto\">Podczas wyst\u0105pienia na forum Rady wicepremier Gli\u0144ski oceni\u0142, \u017ce konieczna jest debata i rewizja podstaw kulturowych wsp\u00f3\u0142czesnej Europy, aby zapobiec przyzwyczajeniu si\u0119 do obecnej sytuacji. Przypomnia\u0142, \u017ce Polska wyst\u0105pi\u0142a z propozycj\u0105 wsp\u00f3lnego stanowiska Ministr\u00f3w Kultury UE dotycz\u0105cego na\u0142o\u017cenia realnych sankcji na Rosj\u0119 w obszarze kultury. Stanowisko to popar\u0142o dotychczas siedem kraj\u00f3w.<\/span><span data-ccp-props=\"{&quot;201341983&quot;:0,&quot;335559739&quot;:160,&quot;335559740&quot;:259}\">\u00a0<\/span><\/p>\n<p><span data-contrast=\"auto\">Adrian Andrzejewski<\/span><span data-ccp-props=\"{&quot;201341983&quot;:0,&quot;335559739&quot;:160,&quot;335559740&quot;:259}\">\u00a0<\/span><\/p>\n","protected":false},"excerpt":{"rendered":"<p>Podczas posiedzenia Rady Unii Europejskiej ds. Edukacji, M\u0142odzie\u017cy, Kultury i Sportu, kt\u00f3re odbywa si\u0119 w Luksemburgu, wicepremier, minister kultury i dziedzictwa narodowego Piotr Gli\u0144ski wezwa\u0142 do usuni\u0119cia rosyjskiej kultury klasycznej&hellip;<\/p>\n","protected":false},"author":7,"featured_media":13260,"comment_status":"closed","ping_status":"open","sticky":false,"template":"","format":"standard","meta":{"_mi_skip_tracking":false,"footnotes":""},"categories":[47],"tags":[],"class_list":["post-13259","post","type-post","status-publish","format-standard","has-post-thumbnail","hentry","category-wydarzenia"],"yoast_head":"<!-- This site is optimized with the Yoast SEO plugin v19.4 - https:\/\/yoast.com\/wordpress\/plugins\/seo\/ -->\n<title>Wicepremier Gli\u0144ski: To nie jest czas na rosyjski balet, nie m\u00f3wi\u0105c ju\u017c o Ch\u00f3rze Aleksandrowa - Godno\u015b\u0107 - DignityNews.eu<\/title>\n<meta name=\"robots\" content=\"index, follow, max-snippet:-1, max-image-preview:large, max-video-preview:-1\" \/>\n<link rel=\"canonical\" href=\"https:\/\/dignitynews.eu\/pl\/wicepremier-glinski-to-nie-jest-czas-na-rosyjski-balet-nie-mowiac-juz-o-chorze-aleksandrowa\/\" \/>\n<meta property=\"og:locale\" content=\"pl_PL\" \/>\n<meta property=\"og:type\" content=\"article\" \/>\n<meta property=\"og:title\" content=\"Wicepremier Gli\u0144ski: To nie jest czas na rosyjski balet, nie m\u00f3wi\u0105c ju\u017c o Ch\u00f3rze Aleksandrowa - Godno\u015b\u0107 - DignityNews.eu\" \/>\n<meta property=\"og:description\" content=\"Podczas posiedzenia Rady Unii Europejskiej ds. Edukacji, M\u0142odzie\u017cy, Kultury i Sportu, kt\u00f3re odbywa si\u0119 w Luksemburgu, wicepremier, minister kultury i dziedzictwa narodowego Piotr Gli\u0144ski wezwa\u0142 do usuni\u0119cia rosyjskiej kultury klasycznej&hellip;\" \/>\n<meta property=\"og:url\" content=\"https:\/\/dignitynews.eu\/pl\/wicepremier-glinski-to-nie-jest-czas-na-rosyjski-balet-nie-mowiac-juz-o-chorze-aleksandrowa\/\" \/>\n<meta property=\"og:site_name\" content=\"Godno\u015b\u0107 - DignityNews.eu\" \/>\n<meta property=\"article:published_time\" content=\"2022-04-05T07:52:19+00:00\" \/>\n<meta property=\"og:image\" content=\"https:\/\/dignitynews.eu\/wp-content\/uploads\/2022\/04\/Glinski-Luksemburg-fot.-MKiDN.jpg\" \/>\n\t<meta property=\"og:image:width\" content=\"2000\" \/>\n\t<meta property=\"og:image:height\" content=\"1333\" \/>\n\t<meta property=\"og:image:type\" content=\"image\/jpeg\" \/>\n<meta name=\"author\" content=\"Dignity News\" \/>\n<meta name=\"twitter:card\" content=\"summary_large_image\" \/>\n<meta name=\"twitter:label1\" content=\"Napisane przez\" \/>\n\t<meta name=\"twitter:data1\" content=\"Dignity News\" \/>\n\t<meta name=\"twitter:label2\" content=\"Szacowany czas czytania\" \/>\n\t<meta name=\"twitter:data2\" content=\"1 minuta\" \/>\n<script type=\"application\/ld+json\" class=\"yoast-schema-graph\">{\"@context\":\"https:\/\/schema.org\",\"@graph\":[{\"@type\":\"WebSite\",\"@id\":\"https:\/\/dignitynews.eu\/pl\/#website\",\"url\":\"https:\/\/dignitynews.eu\/pl\/\",\"name\":\"Godno\u015b\u0107 - DignityNews.eu\",\"description\":\"\",\"potentialAction\":[{\"@type\":\"SearchAction\",\"target\":{\"@type\":\"EntryPoint\",\"urlTemplate\":\"https:\/\/dignitynews.eu\/pl\/?s={search_term_string}\"},\"query-input\":\"required name=search_term_string\"}],\"inLanguage\":\"pl-PL\"},{\"@type\":\"WebPage\",\"@id\":\"https:\/\/dignitynews.eu\/pl\/wicepremier-glinski-to-nie-jest-czas-na-rosyjski-balet-nie-mowiac-juz-o-chorze-aleksandrowa\/\",\"url\":\"https:\/\/dignitynews.eu\/pl\/wicepremier-glinski-to-nie-jest-czas-na-rosyjski-balet-nie-mowiac-juz-o-chorze-aleksandrowa\/\",\"name\":\"Wicepremier Gli\u0144ski: To nie jest czas na rosyjski balet, nie m\u00f3wi\u0105c ju\u017c o Ch\u00f3rze Aleksandrowa - Godno\u015b\u0107 - DignityNews.eu\",\"isPartOf\":{\"@id\":\"https:\/\/dignitynews.eu\/pl\/#website\"},\"datePublished\":\"2022-04-05T07:52:19+00:00\",\"dateModified\":\"2022-04-05T07:52:19+00:00\",\"author\":{\"@id\":\"https:\/\/dignitynews.eu\/pl\/#\/schema\/person\/0b62b762b8174802fabc81a3ecb1bfcb\"},\"breadcrumb\":{\"@id\":\"https:\/\/dignitynews.eu\/pl\/wicepremier-glinski-to-nie-jest-czas-na-rosyjski-balet-nie-mowiac-juz-o-chorze-aleksandrowa\/#breadcrumb\"},\"inLanguage\":\"pl-PL\",\"potentialAction\":[{\"@type\":\"ReadAction\",\"target\":[\"https:\/\/dignitynews.eu\/pl\/wicepremier-glinski-to-nie-jest-czas-na-rosyjski-balet-nie-mowiac-juz-o-chorze-aleksandrowa\/\"]}]},{\"@type\":\"BreadcrumbList\",\"@id\":\"https:\/\/dignitynews.eu\/pl\/wicepremier-glinski-to-nie-jest-czas-na-rosyjski-balet-nie-mowiac-juz-o-chorze-aleksandrowa\/#breadcrumb\",\"itemListElement\":[{\"@type\":\"ListItem\",\"position\":1,\"name\":\"Strona g\u0142\u00f3wna\",\"item\":\"https:\/\/dignitynews.eu\/pl\/\"},{\"@type\":\"ListItem\",\"position\":2,\"name\":\"Wicepremier Gli\u0144ski: To nie jest czas na rosyjski balet, nie m\u00f3wi\u0105c ju\u017c o Ch\u00f3rze Aleksandrowa\"}]},{\"@type\":\"Person\",\"@id\":\"https:\/\/dignitynews.eu\/pl\/#\/schema\/person\/0b62b762b8174802fabc81a3ecb1bfcb\",\"name\":\"Dignity News\",\"image\":{\"@type\":\"ImageObject\",\"inLanguage\":\"pl-PL\",\"@id\":\"https:\/\/dignitynews.eu\/pl\/#\/schema\/person\/image\/\",\"url\":\"https:\/\/secure.gravatar.com\/avatar\/97963171a6d9108f8381bbefb1c6b150c445b6ddd9e3077b96c86cf5892c85dc?s=96&d=mm&r=g\",\"contentUrl\":\"https:\/\/secure.gravatar.com\/avatar\/97963171a6d9108f8381bbefb1c6b150c445b6ddd9e3077b96c86cf5892c85dc?s=96&d=mm&r=g\",\"caption\":\"Dignity News\"},\"url\":\"https:\/\/dignitynews.eu\/pl\/author\/mikolaj-palade\/\"}]}<\/script>\n<!-- \/ Yoast SEO plugin. -->","yoast_head_json":{"title":"Wicepremier Gli\u0144ski: To nie jest czas na rosyjski balet, nie m\u00f3wi\u0105c ju\u017c o Ch\u00f3rze Aleksandrowa - Godno\u015b\u0107 - DignityNews.eu","robots":{"index":"index","follow":"follow","max-snippet":"max-snippet:-1","max-image-preview":"max-image-preview:large","max-video-preview":"max-video-preview:-1"},"canonical":"https:\/\/dignitynews.eu\/pl\/wicepremier-glinski-to-nie-jest-czas-na-rosyjski-balet-nie-mowiac-juz-o-chorze-aleksandrowa\/","og_locale":"pl_PL","og_type":"article","og_title":"Wicepremier Gli\u0144ski: To nie jest czas na rosyjski balet, nie m\u00f3wi\u0105c ju\u017c o Ch\u00f3rze Aleksandrowa - Godno\u015b\u0107 - DignityNews.eu","og_description":"Podczas posiedzenia Rady Unii Europejskiej ds. Edukacji, M\u0142odzie\u017cy, Kultury i Sportu, kt\u00f3re odbywa si\u0119 w Luksemburgu, wicepremier, minister kultury i dziedzictwa narodowego Piotr Gli\u0144ski wezwa\u0142 do usuni\u0119cia rosyjskiej kultury klasycznej&hellip;","og_url":"https:\/\/dignitynews.eu\/pl\/wicepremier-glinski-to-nie-jest-czas-na-rosyjski-balet-nie-mowiac-juz-o-chorze-aleksandrowa\/","og_site_name":"Godno\u015b\u0107 - DignityNews.eu","article_published_time":"2022-04-05T07:52:19+00:00","og_image":[{"width":2000,"height":1333,"url":"https:\/\/dignitynews.eu\/wp-content\/uploads\/2022\/04\/Glinski-Luksemburg-fot.-MKiDN.jpg","type":"image\/jpeg"}],"author":"Dignity News","twitter_card":"summary_large_image","twitter_misc":{"Napisane przez":"Dignity News","Szacowany czas czytania":"1 minuta"},"schema":{"@context":"https:\/\/schema.org","@graph":[{"@type":"WebSite","@id":"https:\/\/dignitynews.eu\/pl\/#website","url":"https:\/\/dignitynews.eu\/pl\/","name":"Godno\u015b\u0107 - DignityNews.eu","description":"","potentialAction":[{"@type":"SearchAction","target":{"@type":"EntryPoint","urlTemplate":"https:\/\/dignitynews.eu\/pl\/?s={search_term_string}"},"query-input":"required name=search_term_string"}],"inLanguage":"pl-PL"},{"@type":"WebPage","@id":"https:\/\/dignitynews.eu\/pl\/wicepremier-glinski-to-nie-jest-czas-na-rosyjski-balet-nie-mowiac-juz-o-chorze-aleksandrowa\/","url":"https:\/\/dignitynews.eu\/pl\/wicepremier-glinski-to-nie-jest-czas-na-rosyjski-balet-nie-mowiac-juz-o-chorze-aleksandrowa\/","name":"Wicepremier Gli\u0144ski: To nie jest czas na rosyjski balet, nie m\u00f3wi\u0105c ju\u017c o Ch\u00f3rze Aleksandrowa - Godno\u015b\u0107 - DignityNews.eu","isPartOf":{"@id":"https:\/\/dignitynews.eu\/pl\/#website"},"datePublished":"2022-04-05T07:52:19+00:00","dateModified":"2022-04-05T07:52:19+00:00","author":{"@id":"https:\/\/dignitynews.eu\/pl\/#\/schema\/person\/0b62b762b8174802fabc81a3ecb1bfcb"},"breadcrumb":{"@id":"https:\/\/dignitynews.eu\/pl\/wicepremier-glinski-to-nie-jest-czas-na-rosyjski-balet-nie-mowiac-juz-o-chorze-aleksandrowa\/#breadcrumb"},"inLanguage":"pl-PL","potentialAction":[{"@type":"ReadAction","target":["https:\/\/dignitynews.eu\/pl\/wicepremier-glinski-to-nie-jest-czas-na-rosyjski-balet-nie-mowiac-juz-o-chorze-aleksandrowa\/"]}]},{"@type":"BreadcrumbList","@id":"https:\/\/dignitynews.eu\/pl\/wicepremier-glinski-to-nie-jest-czas-na-rosyjski-balet-nie-mowiac-juz-o-chorze-aleksandrowa\/#breadcrumb","itemListElement":[{"@type":"ListItem","position":1,"name":"Strona g\u0142\u00f3wna","item":"https:\/\/dignitynews.eu\/pl\/"},{"@type":"ListItem","position":2,"name":"Wicepremier Gli\u0144ski: To nie jest czas na rosyjski balet, nie m\u00f3wi\u0105c ju\u017c o Ch\u00f3rze Aleksandrowa"}]},{"@type":"Person","@id":"https:\/\/dignitynews.eu\/pl\/#\/schema\/person\/0b62b762b8174802fabc81a3ecb1bfcb","name":"Dignity News","image":{"@type":"ImageObject","inLanguage":"pl-PL","@id":"https:\/\/dignitynews.eu\/pl\/#\/schema\/person\/image\/","url":"https:\/\/secure.gravatar.com\/avatar\/97963171a6d9108f8381bbefb1c6b150c445b6ddd9e3077b96c86cf5892c85dc?s=96&d=mm&r=g","contentUrl":"https:\/\/secure.gravatar.com\/avatar\/97963171a6d9108f8381bbefb1c6b150c445b6ddd9e3077b96c86cf5892c85dc?s=96&d=mm&r=g","caption":"Dignity News"},"url":"https:\/\/dignitynews.eu\/pl\/author\/mikolaj-palade\/"}]}},"_links":{"self":[{"href":"https:\/\/dignitynews.eu\/pl\/wp-json\/wp\/v2\/posts\/13259","targetHints":{"allow":["GET"]}}],"collection":[{"href":"https:\/\/dignitynews.eu\/pl\/wp-json\/wp\/v2\/posts"}],"about":[{"href":"https:\/\/dignitynews.eu\/pl\/wp-json\/wp\/v2\/types\/post"}],"author":[{"embeddable":true,"href":"https:\/\/dignitynews.eu\/pl\/wp-json\/wp\/v2\/users\/7"}],"replies":[{"embeddable":true,"href":"https:\/\/dignitynews.eu\/pl\/wp-json\/wp\/v2\/comments?post=13259"}],"version-history":[{"count":1,"href":"https:\/\/dignitynews.eu\/pl\/wp-json\/wp\/v2\/posts\/13259\/revisions"}],"predecessor-version":[{"id":13265,"href":"https:\/\/dignitynews.eu\/pl\/wp-json\/wp\/v2\/posts\/13259\/revisions\/13265"}],"wp:featuredmedia":[{"embeddable":true,"href":"https:\/\/dignitynews.eu\/pl\/wp-json\/wp\/v2\/media\/13260"}],"wp:attachment":[{"href":"https:\/\/dignitynews.eu\/pl\/wp-json\/wp\/v2\/media?parent=13259"}],"wp:term":[{"taxonomy":"category","embeddable":true,"href":"https:\/\/dignitynews.eu\/pl\/wp-json\/wp\/v2\/categories?post=13259"},{"taxonomy":"post_tag","embeddable":true,"href":"https:\/\/dignitynews.eu\/pl\/wp-json\/wp\/v2\/tags?post=13259"}],"curies":[{"name":"wp","href":"https:\/\/api.w.org\/{rel}","templated":true}]}}