{"id":13245,"date":"2022-04-05T09:46:03","date_gmt":"2022-04-05T07:46:03","guid":{"rendered":"https:\/\/dignitynews.eu\/?p=13245"},"modified":"2022-04-05T09:46:03","modified_gmt":"2022-04-05T07:46:03","slug":"minister-malag-ponad-30-tys-ukraincow-znalazlo-prace-w-polsce-po-wybuchu-wojny","status":"publish","type":"post","link":"https:\/\/dignitynews.eu\/pl\/minister-malag-ponad-30-tys-ukraincow-znalazlo-prace-w-polsce-po-wybuchu-wojny\/","title":{"rendered":"Minister Mal\u0105g: Ponad 30 tys. Ukrai\u0144c\u00f3w znalaz\u0142o prac\u0119 w Polsce po wybuchu wojny"},"content":{"rendered":"<h5><b><span data-contrast=\"auto\">Po 24 lutego prac\u0119 w Polsce podj\u0119\u0142o ponad 30 tys. obywateli Ukrainy, 75 proc. z nich to kobiety \u2013 poinformowa\u0142a w poniedzia\u0142ek 4 kwietnia w P\u0142ocku minister rodziny i polityki spo\u0142ecznej Marlena Mal\u0105g.\u202f<\/span><\/b><\/h5>\n<p><span data-contrast=\"auto\">Uchod\u017acy podejmuj\u0105 zatrudnienie g\u0142\u00f3wnie w du\u017cych miastach: m.in. w Warszawie, Poznaniu, \u0141odzi i Wroc\u0142awiu. Jak jednak podkre\u015bli\u0142a minister Mal\u0105g, celem jest, by poszukiwali pracy i j\u0105 podejmowali na terenie ca\u0142ego kraju.<\/span><span data-ccp-props=\"{&quot;201341983&quot;:0,&quot;335559739&quot;:160,&quot;335559740&quot;:259}\">\u00a0<\/span><\/p>\n<p><span data-contrast=\"auto\">Ministerstwo Rodziny i Polityki Spo\u0142ecznej analizuje tak\u017ce struktur\u0119 zatrudnienia os\u00f3b uchod\u017aczych. Ok. 25 proc. os\u00f3b z tej grupy zosta\u0142o zatrudnionych na podstawie um\u00f3w o prac\u0119, 73 proc. to umowy zlecenia \u2013 poinformowa\u0142a Mal\u0105g i doda\u0142a, \u017ce uchod\u017acy z Ukrainy znajduj\u0105 prac\u0119 g\u0142\u00f3wnie w hotelarstwie, gastronomii, sektorze opieki i przy rozpoczynaj\u0105cych si\u0119 ju\u017c pracach sezonowych.<\/span><span data-ccp-props=\"{&quot;201341983&quot;:0,&quot;335559739&quot;:160,&quot;335559740&quot;:259}\">\u00a0<\/span><\/p>\n<p><span data-contrast=\"auto\">Szefowa resortu rodziny i polityki spo\u0142ecznej przypomnia\u0142a, \u017ce na mocy\u202fprzyj\u0119tej specustawy obywatele\u202fUkrainy\u202fmaj\u0105 dost\u0119p do polskiego rynku pracy\u202fi nie potrzebuj\u0105 ju\u017c zezwole\u0144 ani o\u015bwiadcze\u0144, by legalnie pracowa\u0107 w Polsce.<\/span><span data-ccp-props=\"{&quot;201341983&quot;:0,&quot;335559739&quot;:160,&quot;335559740&quot;:259}\">\u00a0<\/span><\/p>\n<p><span data-contrast=\"auto\">Pracodawca zatrudniaj\u0105cy uchod\u017ac\u0119 z Ukrainy, musi jedynie w ci\u0105gu 14 dni powiadomi\u0107 za po\u015brednictwem\u202fstrony <\/span><a href=\"http:\/\/praca.gov.pl\/\"><span data-contrast=\"none\">praca.gov.pl<\/span><\/a><span data-contrast=\"auto\">\u202fw\u0142a\u015bciwy urz\u0105d pracy o powierzeniu pracy. Obywatele Ukrainy mog\u0105 r\u00f3wnie\u017c skorzysta\u0107 z us\u0142ug rynku pracy w postaci m.in. po\u015brednictwa pracy, poradnictwa zawodowego oraz szkole\u0144 na takich samych zasadach, jak obywatele polscy.<\/span><span data-ccp-props=\"{&quot;201341983&quot;:0,&quot;335559739&quot;:160,&quot;335559740&quot;:259}\">\u00a0<\/span><\/p>\n<p><span data-contrast=\"auto\">Adrian Andrzejewski<\/span><span data-ccp-props=\"{&quot;201341983&quot;:0,&quot;335559739&quot;:160,&quot;335559740&quot;:259}\">\u00a0<\/span><\/p>\n","protected":false},"excerpt":{"rendered":"<p>Po 24 lutego prac\u0119 w Polsce podj\u0119\u0142o ponad 30 tys. obywateli Ukrainy, 75 proc. z nich to kobiety \u2013 poinformowa\u0142a w poniedzia\u0142ek 4 kwietnia w P\u0142ocku minister rodziny i polityki&hellip;<\/p>\n","protected":false},"author":7,"featured_media":13246,"comment_status":"closed","ping_status":"open","sticky":false,"template":"","format":"standard","meta":{"_mi_skip_tracking":false,"footnotes":""},"categories":[47],"tags":[],"class_list":["post-13245","post","type-post","status-publish","format-standard","has-post-thumbnail","hentry","category-wydarzenia"],"yoast_head":"<!-- This site is optimized with the Yoast SEO plugin v19.4 - https:\/\/yoast.com\/wordpress\/plugins\/seo\/ -->\n<title>Minister Mal\u0105g: Ponad 30 tys. Ukrai\u0144c\u00f3w znalaz\u0142o prac\u0119 w Polsce po wybuchu wojny - Godno\u015b\u0107 - DignityNews.eu<\/title>\n<meta name=\"robots\" content=\"index, follow, max-snippet:-1, max-image-preview:large, max-video-preview:-1\" \/>\n<link rel=\"canonical\" href=\"https:\/\/dignitynews.eu\/pl\/minister-malag-ponad-30-tys-ukraincow-znalazlo-prace-w-polsce-po-wybuchu-wojny\/\" \/>\n<meta property=\"og:locale\" content=\"pl_PL\" \/>\n<meta property=\"og:type\" content=\"article\" \/>\n<meta property=\"og:title\" content=\"Minister Mal\u0105g: Ponad 30 tys. Ukrai\u0144c\u00f3w znalaz\u0142o prac\u0119 w Polsce po wybuchu wojny - Godno\u015b\u0107 - DignityNews.eu\" \/>\n<meta property=\"og:description\" content=\"Po 24 lutego prac\u0119 w Polsce podj\u0119\u0142o ponad 30 tys. obywateli Ukrainy, 75 proc. z nich to kobiety \u2013 poinformowa\u0142a w poniedzia\u0142ek 4 kwietnia w P\u0142ocku minister rodziny i polityki&hellip;\" \/>\n<meta property=\"og:url\" content=\"https:\/\/dignitynews.eu\/pl\/minister-malag-ponad-30-tys-ukraincow-znalazlo-prace-w-polsce-po-wybuchu-wojny\/\" \/>\n<meta property=\"og:site_name\" content=\"Godno\u015b\u0107 - DignityNews.eu\" \/>\n<meta property=\"article:published_time\" content=\"2022-04-05T07:46:03+00:00\" \/>\n<meta property=\"og:image\" content=\"https:\/\/dignitynews.eu\/wp-content\/uploads\/2022\/04\/Malag-fot.-Tomasz-Jastrzebowski-REPORTER.jpg\" \/>\n\t<meta property=\"og:image:width\" content=\"1500\" \/>\n\t<meta property=\"og:image:height\" content=\"1000\" \/>\n\t<meta property=\"og:image:type\" content=\"image\/jpeg\" \/>\n<meta name=\"author\" content=\"Dignity News\" \/>\n<meta name=\"twitter:card\" content=\"summary_large_image\" \/>\n<meta name=\"twitter:label1\" content=\"Napisane przez\" \/>\n\t<meta name=\"twitter:data1\" content=\"Dignity News\" \/>\n\t<meta name=\"twitter:label2\" content=\"Szacowany czas czytania\" \/>\n\t<meta name=\"twitter:data2\" content=\"2 minuty\" \/>\n<script type=\"application\/ld+json\" class=\"yoast-schema-graph\">{\"@context\":\"https:\/\/schema.org\",\"@graph\":[{\"@type\":\"WebSite\",\"@id\":\"https:\/\/dignitynews.eu\/pl\/#website\",\"url\":\"https:\/\/dignitynews.eu\/pl\/\",\"name\":\"Godno\u015b\u0107 - DignityNews.eu\",\"description\":\"\",\"potentialAction\":[{\"@type\":\"SearchAction\",\"target\":{\"@type\":\"EntryPoint\",\"urlTemplate\":\"https:\/\/dignitynews.eu\/pl\/?s={search_term_string}\"},\"query-input\":\"required name=search_term_string\"}],\"inLanguage\":\"pl-PL\"},{\"@type\":\"WebPage\",\"@id\":\"https:\/\/dignitynews.eu\/pl\/minister-malag-ponad-30-tys-ukraincow-znalazlo-prace-w-polsce-po-wybuchu-wojny\/\",\"url\":\"https:\/\/dignitynews.eu\/pl\/minister-malag-ponad-30-tys-ukraincow-znalazlo-prace-w-polsce-po-wybuchu-wojny\/\",\"name\":\"Minister Mal\u0105g: Ponad 30 tys. Ukrai\u0144c\u00f3w znalaz\u0142o prac\u0119 w Polsce po wybuchu wojny - Godno\u015b\u0107 - DignityNews.eu\",\"isPartOf\":{\"@id\":\"https:\/\/dignitynews.eu\/pl\/#website\"},\"datePublished\":\"2022-04-05T07:46:03+00:00\",\"dateModified\":\"2022-04-05T07:46:03+00:00\",\"author\":{\"@id\":\"https:\/\/dignitynews.eu\/pl\/#\/schema\/person\/0b62b762b8174802fabc81a3ecb1bfcb\"},\"breadcrumb\":{\"@id\":\"https:\/\/dignitynews.eu\/pl\/minister-malag-ponad-30-tys-ukraincow-znalazlo-prace-w-polsce-po-wybuchu-wojny\/#breadcrumb\"},\"inLanguage\":\"pl-PL\",\"potentialAction\":[{\"@type\":\"ReadAction\",\"target\":[\"https:\/\/dignitynews.eu\/pl\/minister-malag-ponad-30-tys-ukraincow-znalazlo-prace-w-polsce-po-wybuchu-wojny\/\"]}]},{\"@type\":\"BreadcrumbList\",\"@id\":\"https:\/\/dignitynews.eu\/pl\/minister-malag-ponad-30-tys-ukraincow-znalazlo-prace-w-polsce-po-wybuchu-wojny\/#breadcrumb\",\"itemListElement\":[{\"@type\":\"ListItem\",\"position\":1,\"name\":\"Strona g\u0142\u00f3wna\",\"item\":\"https:\/\/dignitynews.eu\/pl\/\"},{\"@type\":\"ListItem\",\"position\":2,\"name\":\"Minister Mal\u0105g: Ponad 30 tys. Ukrai\u0144c\u00f3w znalaz\u0142o prac\u0119 w Polsce po wybuchu wojny\"}]},{\"@type\":\"Person\",\"@id\":\"https:\/\/dignitynews.eu\/pl\/#\/schema\/person\/0b62b762b8174802fabc81a3ecb1bfcb\",\"name\":\"Dignity News\",\"image\":{\"@type\":\"ImageObject\",\"inLanguage\":\"pl-PL\",\"@id\":\"https:\/\/dignitynews.eu\/pl\/#\/schema\/person\/image\/\",\"url\":\"https:\/\/secure.gravatar.com\/avatar\/97963171a6d9108f8381bbefb1c6b150c445b6ddd9e3077b96c86cf5892c85dc?s=96&d=mm&r=g\",\"contentUrl\":\"https:\/\/secure.gravatar.com\/avatar\/97963171a6d9108f8381bbefb1c6b150c445b6ddd9e3077b96c86cf5892c85dc?s=96&d=mm&r=g\",\"caption\":\"Dignity News\"},\"url\":\"https:\/\/dignitynews.eu\/pl\/author\/mikolaj-palade\/\"}]}<\/script>\n<!-- \/ Yoast SEO plugin. -->","yoast_head_json":{"title":"Minister Mal\u0105g: Ponad 30 tys. Ukrai\u0144c\u00f3w znalaz\u0142o prac\u0119 w Polsce po wybuchu wojny - Godno\u015b\u0107 - DignityNews.eu","robots":{"index":"index","follow":"follow","max-snippet":"max-snippet:-1","max-image-preview":"max-image-preview:large","max-video-preview":"max-video-preview:-1"},"canonical":"https:\/\/dignitynews.eu\/pl\/minister-malag-ponad-30-tys-ukraincow-znalazlo-prace-w-polsce-po-wybuchu-wojny\/","og_locale":"pl_PL","og_type":"article","og_title":"Minister Mal\u0105g: Ponad 30 tys. Ukrai\u0144c\u00f3w znalaz\u0142o prac\u0119 w Polsce po wybuchu wojny - Godno\u015b\u0107 - DignityNews.eu","og_description":"Po 24 lutego prac\u0119 w Polsce podj\u0119\u0142o ponad 30 tys. obywateli Ukrainy, 75 proc. z nich to kobiety \u2013 poinformowa\u0142a w poniedzia\u0142ek 4 kwietnia w P\u0142ocku minister rodziny i polityki&hellip;","og_url":"https:\/\/dignitynews.eu\/pl\/minister-malag-ponad-30-tys-ukraincow-znalazlo-prace-w-polsce-po-wybuchu-wojny\/","og_site_name":"Godno\u015b\u0107 - DignityNews.eu","article_published_time":"2022-04-05T07:46:03+00:00","og_image":[{"width":1500,"height":1000,"url":"https:\/\/dignitynews.eu\/wp-content\/uploads\/2022\/04\/Malag-fot.-Tomasz-Jastrzebowski-REPORTER.jpg","type":"image\/jpeg"}],"author":"Dignity News","twitter_card":"summary_large_image","twitter_misc":{"Napisane przez":"Dignity News","Szacowany czas czytania":"2 minuty"},"schema":{"@context":"https:\/\/schema.org","@graph":[{"@type":"WebSite","@id":"https:\/\/dignitynews.eu\/pl\/#website","url":"https:\/\/dignitynews.eu\/pl\/","name":"Godno\u015b\u0107 - DignityNews.eu","description":"","potentialAction":[{"@type":"SearchAction","target":{"@type":"EntryPoint","urlTemplate":"https:\/\/dignitynews.eu\/pl\/?s={search_term_string}"},"query-input":"required name=search_term_string"}],"inLanguage":"pl-PL"},{"@type":"WebPage","@id":"https:\/\/dignitynews.eu\/pl\/minister-malag-ponad-30-tys-ukraincow-znalazlo-prace-w-polsce-po-wybuchu-wojny\/","url":"https:\/\/dignitynews.eu\/pl\/minister-malag-ponad-30-tys-ukraincow-znalazlo-prace-w-polsce-po-wybuchu-wojny\/","name":"Minister Mal\u0105g: Ponad 30 tys. Ukrai\u0144c\u00f3w znalaz\u0142o prac\u0119 w Polsce po wybuchu wojny - Godno\u015b\u0107 - DignityNews.eu","isPartOf":{"@id":"https:\/\/dignitynews.eu\/pl\/#website"},"datePublished":"2022-04-05T07:46:03+00:00","dateModified":"2022-04-05T07:46:03+00:00","author":{"@id":"https:\/\/dignitynews.eu\/pl\/#\/schema\/person\/0b62b762b8174802fabc81a3ecb1bfcb"},"breadcrumb":{"@id":"https:\/\/dignitynews.eu\/pl\/minister-malag-ponad-30-tys-ukraincow-znalazlo-prace-w-polsce-po-wybuchu-wojny\/#breadcrumb"},"inLanguage":"pl-PL","potentialAction":[{"@type":"ReadAction","target":["https:\/\/dignitynews.eu\/pl\/minister-malag-ponad-30-tys-ukraincow-znalazlo-prace-w-polsce-po-wybuchu-wojny\/"]}]},{"@type":"BreadcrumbList","@id":"https:\/\/dignitynews.eu\/pl\/minister-malag-ponad-30-tys-ukraincow-znalazlo-prace-w-polsce-po-wybuchu-wojny\/#breadcrumb","itemListElement":[{"@type":"ListItem","position":1,"name":"Strona g\u0142\u00f3wna","item":"https:\/\/dignitynews.eu\/pl\/"},{"@type":"ListItem","position":2,"name":"Minister Mal\u0105g: Ponad 30 tys. Ukrai\u0144c\u00f3w znalaz\u0142o prac\u0119 w Polsce po wybuchu wojny"}]},{"@type":"Person","@id":"https:\/\/dignitynews.eu\/pl\/#\/schema\/person\/0b62b762b8174802fabc81a3ecb1bfcb","name":"Dignity News","image":{"@type":"ImageObject","inLanguage":"pl-PL","@id":"https:\/\/dignitynews.eu\/pl\/#\/schema\/person\/image\/","url":"https:\/\/secure.gravatar.com\/avatar\/97963171a6d9108f8381bbefb1c6b150c445b6ddd9e3077b96c86cf5892c85dc?s=96&d=mm&r=g","contentUrl":"https:\/\/secure.gravatar.com\/avatar\/97963171a6d9108f8381bbefb1c6b150c445b6ddd9e3077b96c86cf5892c85dc?s=96&d=mm&r=g","caption":"Dignity News"},"url":"https:\/\/dignitynews.eu\/pl\/author\/mikolaj-palade\/"}]}},"_links":{"self":[{"href":"https:\/\/dignitynews.eu\/pl\/wp-json\/wp\/v2\/posts\/13245","targetHints":{"allow":["GET"]}}],"collection":[{"href":"https:\/\/dignitynews.eu\/pl\/wp-json\/wp\/v2\/posts"}],"about":[{"href":"https:\/\/dignitynews.eu\/pl\/wp-json\/wp\/v2\/types\/post"}],"author":[{"embeddable":true,"href":"https:\/\/dignitynews.eu\/pl\/wp-json\/wp\/v2\/users\/7"}],"replies":[{"embeddable":true,"href":"https:\/\/dignitynews.eu\/pl\/wp-json\/wp\/v2\/comments?post=13245"}],"version-history":[{"count":1,"href":"https:\/\/dignitynews.eu\/pl\/wp-json\/wp\/v2\/posts\/13245\/revisions"}],"predecessor-version":[{"id":13251,"href":"https:\/\/dignitynews.eu\/pl\/wp-json\/wp\/v2\/posts\/13245\/revisions\/13251"}],"wp:featuredmedia":[{"embeddable":true,"href":"https:\/\/dignitynews.eu\/pl\/wp-json\/wp\/v2\/media\/13246"}],"wp:attachment":[{"href":"https:\/\/dignitynews.eu\/pl\/wp-json\/wp\/v2\/media?parent=13245"}],"wp:term":[{"taxonomy":"category","embeddable":true,"href":"https:\/\/dignitynews.eu\/pl\/wp-json\/wp\/v2\/categories?post=13245"},{"taxonomy":"post_tag","embeddable":true,"href":"https:\/\/dignitynews.eu\/pl\/wp-json\/wp\/v2\/tags?post=13245"}],"curies":[{"name":"wp","href":"https:\/\/api.w.org\/{rel}","templated":true}]}}