{"id":13066,"date":"2022-04-04T11:37:53","date_gmt":"2022-04-04T09:37:53","guid":{"rendered":"https:\/\/dignitynews.eu\/?p=13066"},"modified":"2022-04-04T22:02:51","modified_gmt":"2022-04-04T20:02:51","slug":"premier-i-prezydent-o-zbrodni-w-buczy-to-jest-ludobojstwo-przestepcy-musza-stanac-przed-sadem","status":"publish","type":"post","link":"https:\/\/dignitynews.eu\/pl\/premier-i-prezydent-o-zbrodni-w-buczy-to-jest-ludobojstwo-przestepcy-musza-stanac-przed-sadem\/","title":{"rendered":"Premier i prezydent o zbrodni w Buczy &#8211; to jest ludob\u00f3jstwo. Przest\u0119pcy musza stan\u0105\u0107 przed s\u0105dem\u00a0"},"content":{"rendered":"<h5><span data-contrast=\"auto\">Premier Mateusz Morawiecki skomentowa\u0142 sytuacj\u0119 w mie\u015bcie Bucza, gdzie Ukrai\u0144cy po wycofaniu si\u0119 Rosjan odnale\u017ali kilkuset zamordowanych cywil\u00f3w i masowy gr\u00f3b. &#8211; Krwawe masakry, kt\u00f3rych dopuszczaj\u0105 si\u0119 rosyjscy \u017co\u0142nierze, zas\u0142uguj\u0105 na nazwanie ich po imieniu: to jest ludob\u00f3jstwo i ta zbrodnia musi by\u0107 os\u0105dzona jak zbrodnia ludob\u00f3jstw \u2013 podkre\u015bli\u0142 szef polskiego rz\u0105du na konferencji prasowej.<\/span><span data-ccp-props=\"{&quot;201341983&quot;:0,&quot;335559739&quot;:160,&quot;335559740&quot;:259}\">\u00a0<\/span><\/h5>\n<p><span data-contrast=\"auto\">Zdj\u0119cia i relacje z Buczy skomentowa\u0142 tak\u017ce prezydent Andrzej Duda. &#8211; Przest\u0119pcy musz\u0105 by\u0107 nazywani przest\u0119pcami, stawiani przed s\u0105dem i skazywani. Zdj\u0119cia z Buczy obalaj\u0105 przekonanie, \u017ce za wszelk\u0105 cen\u0119 trzeba szuka\u0107 kompromisu. W rzeczywisto\u015bci obro\u0144cy Ukrainy potrzebuj\u0105 przede wszystkim trzech rzeczy: broni, broni i jeszcze wi\u0119cej broni \u2013 napisa\u0142 prezydent na Twitterze.<\/span><span data-ccp-props=\"{&quot;201341983&quot;:0,&quot;335559739&quot;:160,&quot;335559740&quot;:259}\">\u00a0<\/span><\/p>\n<p><span data-contrast=\"auto\">Ukrai\u0144scy \u017co\u0142nierze odnale\u017ali w Buczy wiele cia\u0142 zamordowanych cywil\u00f3w, a na terenie nale\u017c\u0105cym do ko\u015bcio\u0142a odkryli masowy gr\u00f3b. Cz\u0119\u015b\u0107 ofiar mia\u0142a zwi\u0105zane r\u0119ce za plecami i \u015blady po strza\u0142ach oddanych w ty\u0142 g\u0142owy.<\/span><span data-ccp-props=\"{&quot;201341983&quot;:0,&quot;335559739&quot;:160,&quot;335559740&quot;:259}\">\u00a0<\/span><\/p>\n<p><span data-contrast=\"auto\">&#8211; Po 40 dniach agresji rosyjskiej na Ukrain\u0119 nikt nie ma w\u0105tpliwo\u015bci, \u017ce to, z czym mamy do czynienia, to czyste z\u0142o. Nasz krzyk powinien by\u0107 jeszcze g\u0142o\u015bniejszy. Rosjanie dopu\u015bcili si\u0119 wyj\u0105tkowych zbrodni, zbrodni ludob\u00f3jstwa \u2013 powiedzia\u0142 Mateusz Morawiecki.<\/span><span data-ccp-props=\"{&quot;201341983&quot;:0,&quot;335559739&quot;:160,&quot;335559740&quot;:259}\">\u00a0<\/span><\/p>\n<p><span data-contrast=\"auto\">Premier wezwa\u0142 lider\u00f3w Unii Europejskiej do zdecydowanego dzia\u0142ania. Poinformowa\u0142 te\u017c, \u017ce proponuje powo\u0142anie mi\u0119dzynarodowej komisji do zbadania zbrodni ludob\u00f3jstwa w miastach na Ukrainie.\u00a0<\/span><span data-ccp-props=\"{&quot;201341983&quot;:0,&quot;335559739&quot;:160,&quot;335559740&quot;:259}\">\u00a0<\/span><\/p>\n<p><span data-contrast=\"auto\">&#8211; Proponujemy powo\u0142anie mi\u0119dzynarodowej komisji do zbadania tej zbrodni. B\u0119dzie si\u0119 sk\u0142ada\u0107 z lekarzy, prawnik\u00f3w, ekspert\u00f3w. Potrzebna jest nam taka mi\u0119dzynarodowa komisja, je\u015bli chcemy pozna\u0107 prawd\u0119 o zakresie rosyjskich zbrodni \u2013 doda\u0142.<\/span><span data-ccp-props=\"{&quot;201341983&quot;:0,&quot;335559739&quot;:160,&quot;335559740&quot;:259}\">\u00a0<\/span><\/p>\n<p><span data-contrast=\"auto\">&#8211; Dzi\u015b widzimy, \u017ce tworzy si\u0119 mapa ludob\u00f3jstwa XXI wieku. Wniosek jest taki, \u017ce Rosja jest ju\u017c dzisiaj pa\u0144stwem totalitarno-faszystowskim. Musimy je razem powstrzyma\u0107 w ramach NATO, w ramach Unii Europejskiej. To w\u0142a\u015bnie od narzuconych sankcji zale\u017cy skuteczno\u015b\u0107 powstrzymania machiny wojennej Putina \u2013 o\u015bwiadczy\u0142 premier.<\/span><span data-ccp-props=\"{&quot;201341983&quot;:0,&quot;335559739&quot;:160,&quot;335559740&quot;:259}\">\u00a0<\/span><\/p>\n<p><span data-contrast=\"auto\">Arkadiusz S\u0142omczy\u0144ski<\/span><span data-ccp-props=\"{&quot;201341983&quot;:0,&quot;335559739&quot;:160,&quot;335559740&quot;:259}\">\u00a0<\/span><\/p>\n<p><span data-ccp-props=\"{&quot;201341983&quot;:0,&quot;335559739&quot;:160,&quot;335559740&quot;:259}\">\u00a0<\/span><\/p>\n","protected":false},"excerpt":{"rendered":"<p>Premier Mateusz Morawiecki skomentowa\u0142 sytuacj\u0119 w mie\u015bcie Bucza, gdzie Ukrai\u0144cy po wycofaniu si\u0119 Rosjan odnale\u017ali kilkuset zamordowanych cywil\u00f3w i masowy gr\u00f3b. &#8211; Krwawe masakry, kt\u00f3rych dopuszczaj\u0105 si\u0119 rosyjscy \u017co\u0142nierze, zas\u0142uguj\u0105&hellip;<\/p>\n","protected":false},"author":7,"featured_media":13067,"comment_status":"closed","ping_status":"open","sticky":false,"template":"","format":"standard","meta":{"_mi_skip_tracking":false,"footnotes":""},"categories":[47],"tags":[],"class_list":["post-13066","post","type-post","status-publish","format-standard","has-post-thumbnail","hentry","category-wydarzenia"],"yoast_head":"<!-- This site is optimized with the Yoast SEO plugin v19.4 - https:\/\/yoast.com\/wordpress\/plugins\/seo\/ -->\n<title>Premier i prezydent o zbrodni w Buczy - to jest ludob\u00f3jstwo. Przest\u0119pcy musza stan\u0105\u0107 przed s\u0105dem\u00a0 - Godno\u015b\u0107 - DignityNews.eu<\/title>\n<meta name=\"robots\" content=\"index, follow, max-snippet:-1, max-image-preview:large, max-video-preview:-1\" \/>\n<link rel=\"canonical\" href=\"https:\/\/dignitynews.eu\/pl\/premier-i-prezydent-o-zbrodni-w-buczy-to-jest-ludobojstwo-przestepcy-musza-stanac-przed-sadem\/\" \/>\n<meta property=\"og:locale\" content=\"pl_PL\" \/>\n<meta property=\"og:type\" content=\"article\" \/>\n<meta property=\"og:title\" content=\"Premier i prezydent o zbrodni w Buczy - to jest ludob\u00f3jstwo. Przest\u0119pcy musza stan\u0105\u0107 przed s\u0105dem\u00a0 - Godno\u015b\u0107 - DignityNews.eu\" \/>\n<meta property=\"og:description\" content=\"Premier Mateusz Morawiecki skomentowa\u0142 sytuacj\u0119 w mie\u015bcie Bucza, gdzie Ukrai\u0144cy po wycofaniu si\u0119 Rosjan odnale\u017ali kilkuset zamordowanych cywil\u00f3w i masowy gr\u00f3b. &#8211; Krwawe masakry, kt\u00f3rych dopuszczaj\u0105 si\u0119 rosyjscy \u017co\u0142nierze, zas\u0142uguj\u0105&hellip;\" \/>\n<meta property=\"og:url\" content=\"https:\/\/dignitynews.eu\/pl\/premier-i-prezydent-o-zbrodni-w-buczy-to-jest-ludobojstwo-przestepcy-musza-stanac-przed-sadem\/\" \/>\n<meta property=\"og:site_name\" content=\"Godno\u015b\u0107 - DignityNews.eu\" \/>\n<meta property=\"article:published_time\" content=\"2022-04-04T09:37:53+00:00\" \/>\n<meta property=\"article:modified_time\" content=\"2022-04-04T20:02:51+00:00\" \/>\n<meta property=\"og:image\" content=\"https:\/\/dignitynews.eu\/wp-content\/uploads\/2022\/04\/Zbrodnie-w-Buczy-\u2013-fot.-AP-Associated-Press-East-News.jpg\" \/>\n\t<meta property=\"og:image:width\" content=\"1500\" \/>\n\t<meta property=\"og:image:height\" content=\"1000\" \/>\n\t<meta property=\"og:image:type\" content=\"image\/jpeg\" \/>\n<meta name=\"author\" content=\"Dignity News\" \/>\n<meta name=\"twitter:card\" content=\"summary_large_image\" \/>\n<meta name=\"twitter:label1\" content=\"Napisane przez\" \/>\n\t<meta name=\"twitter:data1\" content=\"Dignity News\" \/>\n\t<meta name=\"twitter:label2\" content=\"Szacowany czas czytania\" \/>\n\t<meta name=\"twitter:data2\" content=\"2 minuty\" \/>\n<script type=\"application\/ld+json\" class=\"yoast-schema-graph\">{\"@context\":\"https:\/\/schema.org\",\"@graph\":[{\"@type\":\"WebSite\",\"@id\":\"https:\/\/dignitynews.eu\/pl\/#website\",\"url\":\"https:\/\/dignitynews.eu\/pl\/\",\"name\":\"Godno\u015b\u0107 - DignityNews.eu\",\"description\":\"\",\"potentialAction\":[{\"@type\":\"SearchAction\",\"target\":{\"@type\":\"EntryPoint\",\"urlTemplate\":\"https:\/\/dignitynews.eu\/pl\/?s={search_term_string}\"},\"query-input\":\"required name=search_term_string\"}],\"inLanguage\":\"pl-PL\"},{\"@type\":\"WebPage\",\"@id\":\"https:\/\/dignitynews.eu\/pl\/premier-i-prezydent-o-zbrodni-w-buczy-to-jest-ludobojstwo-przestepcy-musza-stanac-przed-sadem\/\",\"url\":\"https:\/\/dignitynews.eu\/pl\/premier-i-prezydent-o-zbrodni-w-buczy-to-jest-ludobojstwo-przestepcy-musza-stanac-przed-sadem\/\",\"name\":\"Premier i prezydent o zbrodni w Buczy - to jest ludob\u00f3jstwo. Przest\u0119pcy musza stan\u0105\u0107 przed s\u0105dem\u00a0 - Godno\u015b\u0107 - DignityNews.eu\",\"isPartOf\":{\"@id\":\"https:\/\/dignitynews.eu\/pl\/#website\"},\"datePublished\":\"2022-04-04T09:37:53+00:00\",\"dateModified\":\"2022-04-04T20:02:51+00:00\",\"author\":{\"@id\":\"https:\/\/dignitynews.eu\/pl\/#\/schema\/person\/0b62b762b8174802fabc81a3ecb1bfcb\"},\"breadcrumb\":{\"@id\":\"https:\/\/dignitynews.eu\/pl\/premier-i-prezydent-o-zbrodni-w-buczy-to-jest-ludobojstwo-przestepcy-musza-stanac-przed-sadem\/#breadcrumb\"},\"inLanguage\":\"pl-PL\",\"potentialAction\":[{\"@type\":\"ReadAction\",\"target\":[\"https:\/\/dignitynews.eu\/pl\/premier-i-prezydent-o-zbrodni-w-buczy-to-jest-ludobojstwo-przestepcy-musza-stanac-przed-sadem\/\"]}]},{\"@type\":\"BreadcrumbList\",\"@id\":\"https:\/\/dignitynews.eu\/pl\/premier-i-prezydent-o-zbrodni-w-buczy-to-jest-ludobojstwo-przestepcy-musza-stanac-przed-sadem\/#breadcrumb\",\"itemListElement\":[{\"@type\":\"ListItem\",\"position\":1,\"name\":\"Strona g\u0142\u00f3wna\",\"item\":\"https:\/\/dignitynews.eu\/pl\/\"},{\"@type\":\"ListItem\",\"position\":2,\"name\":\"Premier i prezydent o zbrodni w Buczy &#8211; to jest ludob\u00f3jstwo. Przest\u0119pcy musza stan\u0105\u0107 przed s\u0105dem\u00a0\"}]},{\"@type\":\"Person\",\"@id\":\"https:\/\/dignitynews.eu\/pl\/#\/schema\/person\/0b62b762b8174802fabc81a3ecb1bfcb\",\"name\":\"Dignity News\",\"image\":{\"@type\":\"ImageObject\",\"inLanguage\":\"pl-PL\",\"@id\":\"https:\/\/dignitynews.eu\/pl\/#\/schema\/person\/image\/\",\"url\":\"https:\/\/secure.gravatar.com\/avatar\/97963171a6d9108f8381bbefb1c6b150c445b6ddd9e3077b96c86cf5892c85dc?s=96&d=mm&r=g\",\"contentUrl\":\"https:\/\/secure.gravatar.com\/avatar\/97963171a6d9108f8381bbefb1c6b150c445b6ddd9e3077b96c86cf5892c85dc?s=96&d=mm&r=g\",\"caption\":\"Dignity News\"},\"url\":\"https:\/\/dignitynews.eu\/pl\/author\/mikolaj-palade\/\"}]}<\/script>\n<!-- \/ Yoast SEO plugin. -->","yoast_head_json":{"title":"Premier i prezydent o zbrodni w Buczy - to jest ludob\u00f3jstwo. Przest\u0119pcy musza stan\u0105\u0107 przed s\u0105dem\u00a0 - Godno\u015b\u0107 - DignityNews.eu","robots":{"index":"index","follow":"follow","max-snippet":"max-snippet:-1","max-image-preview":"max-image-preview:large","max-video-preview":"max-video-preview:-1"},"canonical":"https:\/\/dignitynews.eu\/pl\/premier-i-prezydent-o-zbrodni-w-buczy-to-jest-ludobojstwo-przestepcy-musza-stanac-przed-sadem\/","og_locale":"pl_PL","og_type":"article","og_title":"Premier i prezydent o zbrodni w Buczy - to jest ludob\u00f3jstwo. Przest\u0119pcy musza stan\u0105\u0107 przed s\u0105dem\u00a0 - Godno\u015b\u0107 - DignityNews.eu","og_description":"Premier Mateusz Morawiecki skomentowa\u0142 sytuacj\u0119 w mie\u015bcie Bucza, gdzie Ukrai\u0144cy po wycofaniu si\u0119 Rosjan odnale\u017ali kilkuset zamordowanych cywil\u00f3w i masowy gr\u00f3b. &#8211; Krwawe masakry, kt\u00f3rych dopuszczaj\u0105 si\u0119 rosyjscy \u017co\u0142nierze, zas\u0142uguj\u0105&hellip;","og_url":"https:\/\/dignitynews.eu\/pl\/premier-i-prezydent-o-zbrodni-w-buczy-to-jest-ludobojstwo-przestepcy-musza-stanac-przed-sadem\/","og_site_name":"Godno\u015b\u0107 - DignityNews.eu","article_published_time":"2022-04-04T09:37:53+00:00","article_modified_time":"2022-04-04T20:02:51+00:00","og_image":[{"width":1500,"height":1000,"url":"https:\/\/dignitynews.eu\/wp-content\/uploads\/2022\/04\/Zbrodnie-w-Buczy-\u2013-fot.-AP-Associated-Press-East-News.jpg","type":"image\/jpeg"}],"author":"Dignity News","twitter_card":"summary_large_image","twitter_misc":{"Napisane przez":"Dignity News","Szacowany czas czytania":"2 minuty"},"schema":{"@context":"https:\/\/schema.org","@graph":[{"@type":"WebSite","@id":"https:\/\/dignitynews.eu\/pl\/#website","url":"https:\/\/dignitynews.eu\/pl\/","name":"Godno\u015b\u0107 - DignityNews.eu","description":"","potentialAction":[{"@type":"SearchAction","target":{"@type":"EntryPoint","urlTemplate":"https:\/\/dignitynews.eu\/pl\/?s={search_term_string}"},"query-input":"required name=search_term_string"}],"inLanguage":"pl-PL"},{"@type":"WebPage","@id":"https:\/\/dignitynews.eu\/pl\/premier-i-prezydent-o-zbrodni-w-buczy-to-jest-ludobojstwo-przestepcy-musza-stanac-przed-sadem\/","url":"https:\/\/dignitynews.eu\/pl\/premier-i-prezydent-o-zbrodni-w-buczy-to-jest-ludobojstwo-przestepcy-musza-stanac-przed-sadem\/","name":"Premier i prezydent o zbrodni w Buczy - to jest ludob\u00f3jstwo. Przest\u0119pcy musza stan\u0105\u0107 przed s\u0105dem\u00a0 - Godno\u015b\u0107 - DignityNews.eu","isPartOf":{"@id":"https:\/\/dignitynews.eu\/pl\/#website"},"datePublished":"2022-04-04T09:37:53+00:00","dateModified":"2022-04-04T20:02:51+00:00","author":{"@id":"https:\/\/dignitynews.eu\/pl\/#\/schema\/person\/0b62b762b8174802fabc81a3ecb1bfcb"},"breadcrumb":{"@id":"https:\/\/dignitynews.eu\/pl\/premier-i-prezydent-o-zbrodni-w-buczy-to-jest-ludobojstwo-przestepcy-musza-stanac-przed-sadem\/#breadcrumb"},"inLanguage":"pl-PL","potentialAction":[{"@type":"ReadAction","target":["https:\/\/dignitynews.eu\/pl\/premier-i-prezydent-o-zbrodni-w-buczy-to-jest-ludobojstwo-przestepcy-musza-stanac-przed-sadem\/"]}]},{"@type":"BreadcrumbList","@id":"https:\/\/dignitynews.eu\/pl\/premier-i-prezydent-o-zbrodni-w-buczy-to-jest-ludobojstwo-przestepcy-musza-stanac-przed-sadem\/#breadcrumb","itemListElement":[{"@type":"ListItem","position":1,"name":"Strona g\u0142\u00f3wna","item":"https:\/\/dignitynews.eu\/pl\/"},{"@type":"ListItem","position":2,"name":"Premier i prezydent o zbrodni w Buczy &#8211; to jest ludob\u00f3jstwo. Przest\u0119pcy musza stan\u0105\u0107 przed s\u0105dem\u00a0"}]},{"@type":"Person","@id":"https:\/\/dignitynews.eu\/pl\/#\/schema\/person\/0b62b762b8174802fabc81a3ecb1bfcb","name":"Dignity News","image":{"@type":"ImageObject","inLanguage":"pl-PL","@id":"https:\/\/dignitynews.eu\/pl\/#\/schema\/person\/image\/","url":"https:\/\/secure.gravatar.com\/avatar\/97963171a6d9108f8381bbefb1c6b150c445b6ddd9e3077b96c86cf5892c85dc?s=96&d=mm&r=g","contentUrl":"https:\/\/secure.gravatar.com\/avatar\/97963171a6d9108f8381bbefb1c6b150c445b6ddd9e3077b96c86cf5892c85dc?s=96&d=mm&r=g","caption":"Dignity News"},"url":"https:\/\/dignitynews.eu\/pl\/author\/mikolaj-palade\/"}]}},"_links":{"self":[{"href":"https:\/\/dignitynews.eu\/pl\/wp-json\/wp\/v2\/posts\/13066","targetHints":{"allow":["GET"]}}],"collection":[{"href":"https:\/\/dignitynews.eu\/pl\/wp-json\/wp\/v2\/posts"}],"about":[{"href":"https:\/\/dignitynews.eu\/pl\/wp-json\/wp\/v2\/types\/post"}],"author":[{"embeddable":true,"href":"https:\/\/dignitynews.eu\/pl\/wp-json\/wp\/v2\/users\/7"}],"replies":[{"embeddable":true,"href":"https:\/\/dignitynews.eu\/pl\/wp-json\/wp\/v2\/comments?post=13066"}],"version-history":[{"count":1,"href":"https:\/\/dignitynews.eu\/pl\/wp-json\/wp\/v2\/posts\/13066\/revisions"}],"predecessor-version":[{"id":13072,"href":"https:\/\/dignitynews.eu\/pl\/wp-json\/wp\/v2\/posts\/13066\/revisions\/13072"}],"wp:featuredmedia":[{"embeddable":true,"href":"https:\/\/dignitynews.eu\/pl\/wp-json\/wp\/v2\/media\/13067"}],"wp:attachment":[{"href":"https:\/\/dignitynews.eu\/pl\/wp-json\/wp\/v2\/media?parent=13066"}],"wp:term":[{"taxonomy":"category","embeddable":true,"href":"https:\/\/dignitynews.eu\/pl\/wp-json\/wp\/v2\/categories?post=13066"},{"taxonomy":"post_tag","embeddable":true,"href":"https:\/\/dignitynews.eu\/pl\/wp-json\/wp\/v2\/tags?post=13066"}],"curies":[{"name":"wp","href":"https:\/\/api.w.org\/{rel}","templated":true}]}}