{"id":13029,"date":"2022-04-04T10:39:28","date_gmt":"2022-04-04T08:39:28","guid":{"rendered":"https:\/\/dignitynews.eu\/?p=13029"},"modified":"2022-04-04T13:52:00","modified_gmt":"2022-04-04T11:52:00","slug":"ponad-65-mln-dzieci-objetych-wsparciem-z-programu-rodzina-500","status":"publish","type":"post","link":"https:\/\/dignitynews.eu\/pl\/ponad-65-mln-dzieci-objetych-wsparciem-z-programu-rodzina-500\/","title":{"rendered":"Ponad 6,5 mln dzieci obj\u0119tych wsparciem z programu Rodzina 500+\u00a0"},"content":{"rendered":"<h5><span data-contrast=\"auto\">Prawie 178 mld z\u0142 trafi\u0142o do Polak\u00f3w od momentu uruchomienia programu Rodzina 500+. Program w ostatnich sze\u015bciu latach przechodzi\u0142 metamorfoz\u0119, ale jego fundament od pocz\u0105tku jest ten sam. To inwestycja w rodzin\u0119 \u2013 poinformowa\u0142o Ministerstwo Rodziny i Polityki Spo\u0142ecznej.<\/span><span data-ccp-props=\"{&quot;201341983&quot;:0,&quot;335559739&quot;:160,&quot;335559740&quot;:259}\">\u00a0<\/span><\/h5>\n<p><span data-contrast=\"auto\">Rodzina 500+ wystartowa\u0142a w kwietniu 2016 roku. To sztandarowy program rz\u0105du Zjednoczonej Prawicy. Wsparcie rodzin z dzie\u0107mi przesta\u0142o by\u0107 uto\u017csamiane z pomoc\u0105 socjaln\u0105, a zacz\u0119\u0142o by\u0107 traktowane jako inwestycja w rodzin\u0119. Od momentu uruchomienia programu do ko\u0144ca stycznia br. do rodzin trafi\u0142o ju\u017c 177,9 mld z\u0142. Wsparciem obj\u0119tych jest ponad 6,5 mln dzieci \u2013 informuje resort w komunikacie.<\/span><span data-ccp-props=\"{&quot;201341983&quot;:0,&quot;335559739&quot;:160,&quot;335559740&quot;:259}\">\u00a0<\/span><\/p>\n<p><span data-contrast=\"auto\">&#8211; Zamiast m\u00f3wi\u0107, \u017ce pieni\u0119dzy nie ma i nie b\u0119dzie, co robili nasi poprzednicy, udowodnili\u015bmy, \u017ce wielomiliardowe nak\u0142ady na polityk\u0119 prorodzinn\u0105 s\u0105 mo\u017cliwe. Zamiast stygmatyzowa\u0107 rodziny, przede wszystkim wielodzietne, kt\u00f3re korzysta\u0142y z pomocy pa\u0144stwa, pokazali\u015bmy, \u017ce wsparcie mo\u017ce mie\u0107 charakter powszechny i powinno by\u0107 traktowane jako inwestycja w rodzin\u0119, kt\u00f3ra op\u0142aca si\u0119 wszystkim \u2013 pa\u0144stwu, samorz\u0105dom, oczywi\u015bcie samym rodzinom \u2013 m\u00f3wi cytowana w komunikacie minister rodziny i polityki spo\u0142ecznej Marlena Mal\u0105g.<\/span><span data-ccp-props=\"{&quot;201341983&quot;:0,&quot;335559739&quot;:160,&quot;335559740&quot;:259}\">\u00a0<\/span><\/p>\n<p><span data-contrast=\"auto\">Na pocz\u0105tku programu \u015bwiadczenie wychowawcze przys\u0142ugiwa\u0142o na drugie i kolejne dziecko. Wsparcie mo\u017cna by\u0142o otrzyma\u0107 te\u017c na pierwsze dziecko, rozumiane jako najstarsze lub jedyne dziecko w wieku do uko\u0144czenia 18. roku \u017cycia, ale po spe\u0142nieniu kryterium dochodowego.<\/span><span data-ccp-props=\"{&quot;201341983&quot;:0,&quot;335559739&quot;:160,&quot;335559740&quot;:259}\">\u00a0<\/span><\/p>\n<p><span data-contrast=\"auto\">Od 1 lipca 2019 roku kryterium dochodowe przesta\u0142o obowi\u0105zywa\u0107 i ze \u015bwiadczenia skorzysta\u0107 mog\u0105 wszyscy rodzice. Uproszczono te\u017c procedury: przyznanie \u015bwiadczenia nie wymaga wydania i dor\u0119czania decyzji administracyjnej.<\/span><span data-ccp-props=\"{&quot;201341983&quot;:0,&quot;335559739&quot;:160,&quot;335559740&quot;:259}\">\u00a0<\/span><\/p>\n<p><span data-contrast=\"auto\">Aktualnie trwa nab\u00f3r wniosk\u00f3w na nowy okres \u015bwiadczeniowy. Mo\u017cna je sk\u0142ada\u0107 drog\u0105 elektroniczn\u0105 \u2013 za po\u015brednictwem portalu Empatia, poprzez bankowo\u015b\u0107 elektroniczn\u0105 lub portal PUE ZUS. \u015awiadczenie przys\u0142uguje na ka\u017cde dziecko, bez wzgl\u0119du na dochody rodziny czy liczb\u0119 dzieci w rodzinie.<\/span><span data-ccp-props=\"{&quot;201341983&quot;:0,&quot;335559739&quot;:160,&quot;335559740&quot;:259}\">\u00a0<\/span><\/p>\n<p><span data-contrast=\"auto\">Arkadiusz S\u0142omczy\u0144ski<\/span><span data-ccp-props=\"{&quot;201341983&quot;:0,&quot;335559739&quot;:160,&quot;335559740&quot;:259}\">\u00a0<\/span><\/p>\n","protected":false},"excerpt":{"rendered":"<p>Prawie 178 mld z\u0142 trafi\u0142o do Polak\u00f3w od momentu uruchomienia programu Rodzina 500+. Program w ostatnich sze\u015bciu latach przechodzi\u0142 metamorfoz\u0119, ale jego fundament od pocz\u0105tku jest ten sam. To inwestycja&hellip;<\/p>\n","protected":false},"author":7,"featured_media":13030,"comment_status":"closed","ping_status":"open","sticky":false,"template":"","format":"standard","meta":{"_mi_skip_tracking":false,"footnotes":""},"categories":[48],"tags":[],"class_list":["post-13029","post","type-post","status-publish","format-standard","has-post-thumbnail","hentry","category-gospodarka"],"yoast_head":"<!-- This site is optimized with the Yoast SEO plugin v19.4 - https:\/\/yoast.com\/wordpress\/plugins\/seo\/ -->\n<title>Ponad 6,5 mln dzieci obj\u0119tych wsparciem z programu Rodzina 500+\u00a0 - Godno\u015b\u0107 - DignityNews.eu<\/title>\n<meta name=\"robots\" content=\"index, follow, max-snippet:-1, max-image-preview:large, max-video-preview:-1\" \/>\n<link rel=\"canonical\" href=\"https:\/\/dignitynews.eu\/pl\/ponad-65-mln-dzieci-objetych-wsparciem-z-programu-rodzina-500\/\" \/>\n<meta property=\"og:locale\" content=\"pl_PL\" \/>\n<meta property=\"og:type\" content=\"article\" \/>\n<meta property=\"og:title\" content=\"Ponad 6,5 mln dzieci obj\u0119tych wsparciem z programu Rodzina 500+\u00a0 - Godno\u015b\u0107 - DignityNews.eu\" \/>\n<meta property=\"og:description\" content=\"Prawie 178 mld z\u0142 trafi\u0142o do Polak\u00f3w od momentu uruchomienia programu Rodzina 500+. Program w ostatnich sze\u015bciu latach przechodzi\u0142 metamorfoz\u0119, ale jego fundament od pocz\u0105tku jest ten sam. To inwestycja&hellip;\" \/>\n<meta property=\"og:url\" content=\"https:\/\/dignitynews.eu\/pl\/ponad-65-mln-dzieci-objetych-wsparciem-z-programu-rodzina-500\/\" \/>\n<meta property=\"og:site_name\" content=\"Godno\u015b\u0107 - DignityNews.eu\" \/>\n<meta property=\"article:published_time\" content=\"2022-04-04T08:39:28+00:00\" \/>\n<meta property=\"article:modified_time\" content=\"2022-04-04T11:52:00+00:00\" \/>\n<meta property=\"og:image\" content=\"https:\/\/dignitynews.eu\/wp-content\/uploads\/2022\/04\/Rodzina-500-podsumowanie-Marek-BAZAK-East-News.jpg\" \/>\n\t<meta property=\"og:image:width\" content=\"1500\" \/>\n\t<meta property=\"og:image:height\" content=\"1036\" \/>\n\t<meta property=\"og:image:type\" content=\"image\/jpeg\" \/>\n<meta name=\"author\" content=\"Dignity News\" \/>\n<meta name=\"twitter:card\" content=\"summary_large_image\" \/>\n<meta name=\"twitter:label1\" content=\"Napisane przez\" \/>\n\t<meta name=\"twitter:data1\" content=\"Dignity News\" \/>\n\t<meta name=\"twitter:label2\" content=\"Szacowany czas czytania\" \/>\n\t<meta name=\"twitter:data2\" content=\"2 minuty\" \/>\n<script type=\"application\/ld+json\" class=\"yoast-schema-graph\">{\"@context\":\"https:\/\/schema.org\",\"@graph\":[{\"@type\":\"WebSite\",\"@id\":\"https:\/\/dignitynews.eu\/pl\/#website\",\"url\":\"https:\/\/dignitynews.eu\/pl\/\",\"name\":\"Godno\u015b\u0107 - DignityNews.eu\",\"description\":\"\",\"potentialAction\":[{\"@type\":\"SearchAction\",\"target\":{\"@type\":\"EntryPoint\",\"urlTemplate\":\"https:\/\/dignitynews.eu\/pl\/?s={search_term_string}\"},\"query-input\":\"required name=search_term_string\"}],\"inLanguage\":\"pl-PL\"},{\"@type\":\"WebPage\",\"@id\":\"https:\/\/dignitynews.eu\/pl\/ponad-65-mln-dzieci-objetych-wsparciem-z-programu-rodzina-500\/\",\"url\":\"https:\/\/dignitynews.eu\/pl\/ponad-65-mln-dzieci-objetych-wsparciem-z-programu-rodzina-500\/\",\"name\":\"Ponad 6,5 mln dzieci obj\u0119tych wsparciem z programu Rodzina 500+\u00a0 - Godno\u015b\u0107 - DignityNews.eu\",\"isPartOf\":{\"@id\":\"https:\/\/dignitynews.eu\/pl\/#website\"},\"datePublished\":\"2022-04-04T08:39:28+00:00\",\"dateModified\":\"2022-04-04T11:52:00+00:00\",\"author\":{\"@id\":\"https:\/\/dignitynews.eu\/pl\/#\/schema\/person\/0b62b762b8174802fabc81a3ecb1bfcb\"},\"breadcrumb\":{\"@id\":\"https:\/\/dignitynews.eu\/pl\/ponad-65-mln-dzieci-objetych-wsparciem-z-programu-rodzina-500\/#breadcrumb\"},\"inLanguage\":\"pl-PL\",\"potentialAction\":[{\"@type\":\"ReadAction\",\"target\":[\"https:\/\/dignitynews.eu\/pl\/ponad-65-mln-dzieci-objetych-wsparciem-z-programu-rodzina-500\/\"]}]},{\"@type\":\"BreadcrumbList\",\"@id\":\"https:\/\/dignitynews.eu\/pl\/ponad-65-mln-dzieci-objetych-wsparciem-z-programu-rodzina-500\/#breadcrumb\",\"itemListElement\":[{\"@type\":\"ListItem\",\"position\":1,\"name\":\"Strona g\u0142\u00f3wna\",\"item\":\"https:\/\/dignitynews.eu\/pl\/\"},{\"@type\":\"ListItem\",\"position\":2,\"name\":\"Ponad 6,5 mln dzieci obj\u0119tych wsparciem z programu Rodzina 500+\u00a0\"}]},{\"@type\":\"Person\",\"@id\":\"https:\/\/dignitynews.eu\/pl\/#\/schema\/person\/0b62b762b8174802fabc81a3ecb1bfcb\",\"name\":\"Dignity News\",\"image\":{\"@type\":\"ImageObject\",\"inLanguage\":\"pl-PL\",\"@id\":\"https:\/\/dignitynews.eu\/pl\/#\/schema\/person\/image\/\",\"url\":\"https:\/\/secure.gravatar.com\/avatar\/97963171a6d9108f8381bbefb1c6b150c445b6ddd9e3077b96c86cf5892c85dc?s=96&d=mm&r=g\",\"contentUrl\":\"https:\/\/secure.gravatar.com\/avatar\/97963171a6d9108f8381bbefb1c6b150c445b6ddd9e3077b96c86cf5892c85dc?s=96&d=mm&r=g\",\"caption\":\"Dignity News\"},\"url\":\"https:\/\/dignitynews.eu\/pl\/author\/mikolaj-palade\/\"}]}<\/script>\n<!-- \/ Yoast SEO plugin. -->","yoast_head_json":{"title":"Ponad 6,5 mln dzieci obj\u0119tych wsparciem z programu Rodzina 500+\u00a0 - Godno\u015b\u0107 - DignityNews.eu","robots":{"index":"index","follow":"follow","max-snippet":"max-snippet:-1","max-image-preview":"max-image-preview:large","max-video-preview":"max-video-preview:-1"},"canonical":"https:\/\/dignitynews.eu\/pl\/ponad-65-mln-dzieci-objetych-wsparciem-z-programu-rodzina-500\/","og_locale":"pl_PL","og_type":"article","og_title":"Ponad 6,5 mln dzieci obj\u0119tych wsparciem z programu Rodzina 500+\u00a0 - Godno\u015b\u0107 - DignityNews.eu","og_description":"Prawie 178 mld z\u0142 trafi\u0142o do Polak\u00f3w od momentu uruchomienia programu Rodzina 500+. Program w ostatnich sze\u015bciu latach przechodzi\u0142 metamorfoz\u0119, ale jego fundament od pocz\u0105tku jest ten sam. To inwestycja&hellip;","og_url":"https:\/\/dignitynews.eu\/pl\/ponad-65-mln-dzieci-objetych-wsparciem-z-programu-rodzina-500\/","og_site_name":"Godno\u015b\u0107 - DignityNews.eu","article_published_time":"2022-04-04T08:39:28+00:00","article_modified_time":"2022-04-04T11:52:00+00:00","og_image":[{"width":1500,"height":1036,"url":"https:\/\/dignitynews.eu\/wp-content\/uploads\/2022\/04\/Rodzina-500-podsumowanie-Marek-BAZAK-East-News.jpg","type":"image\/jpeg"}],"author":"Dignity News","twitter_card":"summary_large_image","twitter_misc":{"Napisane przez":"Dignity News","Szacowany czas czytania":"2 minuty"},"schema":{"@context":"https:\/\/schema.org","@graph":[{"@type":"WebSite","@id":"https:\/\/dignitynews.eu\/pl\/#website","url":"https:\/\/dignitynews.eu\/pl\/","name":"Godno\u015b\u0107 - DignityNews.eu","description":"","potentialAction":[{"@type":"SearchAction","target":{"@type":"EntryPoint","urlTemplate":"https:\/\/dignitynews.eu\/pl\/?s={search_term_string}"},"query-input":"required name=search_term_string"}],"inLanguage":"pl-PL"},{"@type":"WebPage","@id":"https:\/\/dignitynews.eu\/pl\/ponad-65-mln-dzieci-objetych-wsparciem-z-programu-rodzina-500\/","url":"https:\/\/dignitynews.eu\/pl\/ponad-65-mln-dzieci-objetych-wsparciem-z-programu-rodzina-500\/","name":"Ponad 6,5 mln dzieci obj\u0119tych wsparciem z programu Rodzina 500+\u00a0 - Godno\u015b\u0107 - DignityNews.eu","isPartOf":{"@id":"https:\/\/dignitynews.eu\/pl\/#website"},"datePublished":"2022-04-04T08:39:28+00:00","dateModified":"2022-04-04T11:52:00+00:00","author":{"@id":"https:\/\/dignitynews.eu\/pl\/#\/schema\/person\/0b62b762b8174802fabc81a3ecb1bfcb"},"breadcrumb":{"@id":"https:\/\/dignitynews.eu\/pl\/ponad-65-mln-dzieci-objetych-wsparciem-z-programu-rodzina-500\/#breadcrumb"},"inLanguage":"pl-PL","potentialAction":[{"@type":"ReadAction","target":["https:\/\/dignitynews.eu\/pl\/ponad-65-mln-dzieci-objetych-wsparciem-z-programu-rodzina-500\/"]}]},{"@type":"BreadcrumbList","@id":"https:\/\/dignitynews.eu\/pl\/ponad-65-mln-dzieci-objetych-wsparciem-z-programu-rodzina-500\/#breadcrumb","itemListElement":[{"@type":"ListItem","position":1,"name":"Strona g\u0142\u00f3wna","item":"https:\/\/dignitynews.eu\/pl\/"},{"@type":"ListItem","position":2,"name":"Ponad 6,5 mln dzieci obj\u0119tych wsparciem z programu Rodzina 500+\u00a0"}]},{"@type":"Person","@id":"https:\/\/dignitynews.eu\/pl\/#\/schema\/person\/0b62b762b8174802fabc81a3ecb1bfcb","name":"Dignity News","image":{"@type":"ImageObject","inLanguage":"pl-PL","@id":"https:\/\/dignitynews.eu\/pl\/#\/schema\/person\/image\/","url":"https:\/\/secure.gravatar.com\/avatar\/97963171a6d9108f8381bbefb1c6b150c445b6ddd9e3077b96c86cf5892c85dc?s=96&d=mm&r=g","contentUrl":"https:\/\/secure.gravatar.com\/avatar\/97963171a6d9108f8381bbefb1c6b150c445b6ddd9e3077b96c86cf5892c85dc?s=96&d=mm&r=g","caption":"Dignity News"},"url":"https:\/\/dignitynews.eu\/pl\/author\/mikolaj-palade\/"}]}},"_links":{"self":[{"href":"https:\/\/dignitynews.eu\/pl\/wp-json\/wp\/v2\/posts\/13029","targetHints":{"allow":["GET"]}}],"collection":[{"href":"https:\/\/dignitynews.eu\/pl\/wp-json\/wp\/v2\/posts"}],"about":[{"href":"https:\/\/dignitynews.eu\/pl\/wp-json\/wp\/v2\/types\/post"}],"author":[{"embeddable":true,"href":"https:\/\/dignitynews.eu\/pl\/wp-json\/wp\/v2\/users\/7"}],"replies":[{"embeddable":true,"href":"https:\/\/dignitynews.eu\/pl\/wp-json\/wp\/v2\/comments?post=13029"}],"version-history":[{"count":1,"href":"https:\/\/dignitynews.eu\/pl\/wp-json\/wp\/v2\/posts\/13029\/revisions"}],"predecessor-version":[{"id":13035,"href":"https:\/\/dignitynews.eu\/pl\/wp-json\/wp\/v2\/posts\/13029\/revisions\/13035"}],"wp:featuredmedia":[{"embeddable":true,"href":"https:\/\/dignitynews.eu\/pl\/wp-json\/wp\/v2\/media\/13030"}],"wp:attachment":[{"href":"https:\/\/dignitynews.eu\/pl\/wp-json\/wp\/v2\/media?parent=13029"}],"wp:term":[{"taxonomy":"category","embeddable":true,"href":"https:\/\/dignitynews.eu\/pl\/wp-json\/wp\/v2\/categories?post=13029"},{"taxonomy":"post_tag","embeddable":true,"href":"https:\/\/dignitynews.eu\/pl\/wp-json\/wp\/v2\/tags?post=13029"}],"curies":[{"name":"wp","href":"https:\/\/api.w.org\/{rel}","templated":true}]}}