{"id":12863,"date":"2022-04-01T12:03:26","date_gmt":"2022-04-01T10:03:26","guid":{"rendered":"https:\/\/dignitynews.eu\/?p=12863"},"modified":"2022-04-04T11:54:58","modified_gmt":"2022-04-04T09:54:58","slug":"dr-irena-eris-idzie-na-gielde","status":"publish","type":"post","link":"https:\/\/dignitynews.eu\/pl\/dr-irena-eris-idzie-na-gielde\/","title":{"rendered":"Dr Irena Eris idzie na gie\u0142d\u0119"},"content":{"rendered":"<h5>Sp\u00f3\u0142ka Dr Irena Eris S.A., rodzinna firma z niemal 40-letni\u0105 tradycj\u0105 na rynku kosmetycznym, z\u0142o\u017cy\u0142a prospekt w Komisji Nadzoru Finansowego w zwi\u0105zku z rozwa\u017can\u0105 ofert\u0105 publiczn\u0105 akcji i debiutem na Gie\u0142dzie Papier\u00f3w Warto\u015bciowych (GPW) w Warszawie.<\/h5>\n<p>Grupa jest wiod\u0105cym polskim producentem kosmetyk\u00f3w i w\u0142a\u015bcicielem uznanych w kraju i zagranic\u0105 marek Dr Irena Eris, Pharmaceris, Emotopic, Lirene i Under Twenty. Ponadto Grupa jest operatorem 3 luksusowych hoteli SPA w Krynicy-Zdroju, na Wzg\u00f3rzach Dylewskich i w Polanicy-Zdroju oraz w\u0142a\u015bcicielem i operatorem sieci salon\u00f3w kosmetycznych pod mark\u0105 Kosmetyczny Instytut Dr Irena Eris.<\/p>\n<p>Segment kosmetyczny wygenerowa\u0142 niemal 81 procent naszych \u0142\u0105cznych przychod\u00f3w w 2021 roku. W\u00a0zgodzie z nasz\u0105 ide\u0105 holistycznego podej\u015bcia do troski o\u00a0zdrowie i\u00a0urod\u0119 prowadzimy tak\u017ce trzy luksusowe hotele SPA w atrakcyjnych regionach uzdrowiskowych i wypoczynkowych w Polsce. Publiczna oferta akcji ma na celu umo\u017cliwienie realizacji strategii Grupy Dr Irena Eris, zar\u00f3wno w\u00a0segmencie kosmetycznym oraz w\u00a0segmencie us\u0142ug hotelarskich premium \u2013\u00a0powiedzia\u0142 Pawe\u0142 Orfinger, prezes zarz\u0105du Dr Irena Eris S.A.<\/p>\n<p>Gdy zak\u0142ada\u0142am firm\u0119 w 1983 roku, produkowali\u015bmy zaledwie jeden krem \u2013 przypomnia\u0142a dr Irena Eris, wsp\u00f3\u0142za\u0142o\u017cycielka i cz\u0142onkini zarz\u0105du sp\u00f3\u0142ki Dr Irena Eris S.A. Dzi\u015b jeste\u015bmy jednym z\u00a0lider\u00f3w polskiego rynku kosmetycznego, z markami kosmetyk\u00f3w premium, dermokosmetyk\u00f3w oraz kosmetyk\u00f3w masowych, kt\u00f3re ch\u0119tnie kupowane s\u0105 w kilkudziesi\u0119ciu krajach \u015bwiata \u2013 doda\u0142a.<\/p>\n<p>Kosmetyki produkowane przez Sp\u00f3\u0142k\u0119 sprzedawane s\u0105 w salonach pi\u0119kno\u015bci, perfumeriach, drogeriach, aptekach, supermarketach oraz sklepach internetowych w 67 krajach na ca\u0142ym \u015bwiecie.<\/p>\n<p>Grupa zatrudnia \u0142\u0105cznie 850 os\u00f3b, z czego 525 pracownik\u00f3w w segmencie kosmetycznym oraz 325 w\u00a0segmencie us\u0142ug hotelarskim premium. W 2021 r. Grupa Dr Irena Eris osi\u0105gn\u0119\u0142a 297,6 mln z\u0142 przychod\u00f3w ze sprzeda\u017cy, a wypracowany zysk netto wyni\u00f3s\u0142 w ubieg\u0142ym roku 25,72 mln z\u0142.<\/p>\n<p>Adrian Andrzejewski zlec.<\/p>\n","protected":false},"excerpt":{"rendered":"<p>Sp\u00f3\u0142ka Dr Irena Eris S.A., rodzinna firma z niemal 40-letni\u0105 tradycj\u0105 na rynku kosmetycznym, z\u0142o\u017cy\u0142a prospekt w Komisji Nadzoru Finansowego w zwi\u0105zku z rozwa\u017can\u0105 ofert\u0105 publiczn\u0105 akcji i debiutem na&hellip;<\/p>\n","protected":false},"author":3,"featured_media":12864,"comment_status":"closed","ping_status":"open","sticky":false,"template":"","format":"standard","meta":{"_mi_skip_tracking":false,"footnotes":""},"categories":[48],"tags":[],"class_list":["post-12863","post","type-post","status-publish","format-standard","has-post-thumbnail","hentry","category-gospodarka"],"yoast_head":"<!-- This site is optimized with the Yoast SEO plugin v19.4 - https:\/\/yoast.com\/wordpress\/plugins\/seo\/ -->\n<title>Dr Irena Eris idzie na gie\u0142d\u0119 - Godno\u015b\u0107 - DignityNews.eu<\/title>\n<meta name=\"robots\" content=\"index, follow, max-snippet:-1, max-image-preview:large, max-video-preview:-1\" \/>\n<link rel=\"canonical\" href=\"https:\/\/dignitynews.eu\/pl\/dr-irena-eris-idzie-na-gielde\/\" \/>\n<meta property=\"og:locale\" content=\"pl_PL\" \/>\n<meta property=\"og:type\" content=\"article\" \/>\n<meta property=\"og:title\" content=\"Dr Irena Eris idzie na gie\u0142d\u0119 - Godno\u015b\u0107 - DignityNews.eu\" \/>\n<meta property=\"og:description\" content=\"Sp\u00f3\u0142ka Dr Irena Eris S.A., rodzinna firma z niemal 40-letni\u0105 tradycj\u0105 na rynku kosmetycznym, z\u0142o\u017cy\u0142a prospekt w Komisji Nadzoru Finansowego w zwi\u0105zku z rozwa\u017can\u0105 ofert\u0105 publiczn\u0105 akcji i debiutem na&hellip;\" \/>\n<meta property=\"og:url\" content=\"https:\/\/dignitynews.eu\/pl\/dr-irena-eris-idzie-na-gielde\/\" \/>\n<meta property=\"og:site_name\" content=\"Godno\u015b\u0107 - DignityNews.eu\" \/>\n<meta property=\"article:published_time\" content=\"2022-04-01T10:03:26+00:00\" \/>\n<meta property=\"article:modified_time\" content=\"2022-04-04T09:54:58+00:00\" \/>\n<meta property=\"og:image\" content=\"https:\/\/dignitynews.eu\/wp-content\/uploads\/2022\/04\/Dr-Irena-Eris-fot.-mat.-prasowe-Dr-Irena-Eris1.jpg\" \/>\n\t<meta property=\"og:image:width\" content=\"1500\" \/>\n\t<meta property=\"og:image:height\" content=\"1000\" \/>\n\t<meta property=\"og:image:type\" content=\"image\/jpeg\" \/>\n<meta name=\"author\" content=\"DignityNews.eu\" \/>\n<meta name=\"twitter:card\" content=\"summary_large_image\" \/>\n<meta name=\"twitter:label1\" content=\"Napisane przez\" \/>\n\t<meta name=\"twitter:data1\" content=\"DignityNews.eu\" \/>\n\t<meta name=\"twitter:label2\" content=\"Szacowany czas czytania\" \/>\n\t<meta name=\"twitter:data2\" content=\"2 minuty\" \/>\n<script type=\"application\/ld+json\" class=\"yoast-schema-graph\">{\"@context\":\"https:\/\/schema.org\",\"@graph\":[{\"@type\":\"WebSite\",\"@id\":\"https:\/\/dignitynews.eu\/pl\/#website\",\"url\":\"https:\/\/dignitynews.eu\/pl\/\",\"name\":\"Godno\u015b\u0107 - DignityNews.eu\",\"description\":\"\",\"potentialAction\":[{\"@type\":\"SearchAction\",\"target\":{\"@type\":\"EntryPoint\",\"urlTemplate\":\"https:\/\/dignitynews.eu\/pl\/?s={search_term_string}\"},\"query-input\":\"required name=search_term_string\"}],\"inLanguage\":\"pl-PL\"},{\"@type\":\"WebPage\",\"@id\":\"https:\/\/dignitynews.eu\/pl\/dr-irena-eris-idzie-na-gielde\/\",\"url\":\"https:\/\/dignitynews.eu\/pl\/dr-irena-eris-idzie-na-gielde\/\",\"name\":\"Dr Irena Eris idzie na gie\u0142d\u0119 - Godno\u015b\u0107 - DignityNews.eu\",\"isPartOf\":{\"@id\":\"https:\/\/dignitynews.eu\/pl\/#website\"},\"datePublished\":\"2022-04-01T10:03:26+00:00\",\"dateModified\":\"2022-04-04T09:54:58+00:00\",\"author\":{\"@id\":\"https:\/\/dignitynews.eu\/pl\/#\/schema\/person\/4d8f570a0fd5c310685d78d9e520982c\"},\"breadcrumb\":{\"@id\":\"https:\/\/dignitynews.eu\/pl\/dr-irena-eris-idzie-na-gielde\/#breadcrumb\"},\"inLanguage\":\"pl-PL\",\"potentialAction\":[{\"@type\":\"ReadAction\",\"target\":[\"https:\/\/dignitynews.eu\/pl\/dr-irena-eris-idzie-na-gielde\/\"]}]},{\"@type\":\"BreadcrumbList\",\"@id\":\"https:\/\/dignitynews.eu\/pl\/dr-irena-eris-idzie-na-gielde\/#breadcrumb\",\"itemListElement\":[{\"@type\":\"ListItem\",\"position\":1,\"name\":\"Strona g\u0142\u00f3wna\",\"item\":\"https:\/\/dignitynews.eu\/pl\/\"},{\"@type\":\"ListItem\",\"position\":2,\"name\":\"Dr Irena Eris idzie na gie\u0142d\u0119\"}]},{\"@type\":\"Person\",\"@id\":\"https:\/\/dignitynews.eu\/pl\/#\/schema\/person\/4d8f570a0fd5c310685d78d9e520982c\",\"name\":\"DignityNews.eu\",\"image\":{\"@type\":\"ImageObject\",\"inLanguage\":\"pl-PL\",\"@id\":\"https:\/\/dignitynews.eu\/pl\/#\/schema\/person\/image\/\",\"url\":\"https:\/\/secure.gravatar.com\/avatar\/b9fb3aa3cd2d5d3a6d24e67a6b58bc2980bf0c7f7bd3657a6322b8df227da3d9?s=96&d=mm&r=g\",\"contentUrl\":\"https:\/\/secure.gravatar.com\/avatar\/b9fb3aa3cd2d5d3a6d24e67a6b58bc2980bf0c7f7bd3657a6322b8df227da3d9?s=96&d=mm&r=g\",\"caption\":\"DignityNews.eu\"},\"sameAs\":[\"aleksandra\"],\"url\":\"https:\/\/dignitynews.eu\/pl\/author\/aleksandra\/\"}]}<\/script>\n<!-- \/ Yoast SEO plugin. -->","yoast_head_json":{"title":"Dr Irena Eris idzie na gie\u0142d\u0119 - Godno\u015b\u0107 - DignityNews.eu","robots":{"index":"index","follow":"follow","max-snippet":"max-snippet:-1","max-image-preview":"max-image-preview:large","max-video-preview":"max-video-preview:-1"},"canonical":"https:\/\/dignitynews.eu\/pl\/dr-irena-eris-idzie-na-gielde\/","og_locale":"pl_PL","og_type":"article","og_title":"Dr Irena Eris idzie na gie\u0142d\u0119 - Godno\u015b\u0107 - DignityNews.eu","og_description":"Sp\u00f3\u0142ka Dr Irena Eris S.A., rodzinna firma z niemal 40-letni\u0105 tradycj\u0105 na rynku kosmetycznym, z\u0142o\u017cy\u0142a prospekt w Komisji Nadzoru Finansowego w zwi\u0105zku z rozwa\u017can\u0105 ofert\u0105 publiczn\u0105 akcji i debiutem na&hellip;","og_url":"https:\/\/dignitynews.eu\/pl\/dr-irena-eris-idzie-na-gielde\/","og_site_name":"Godno\u015b\u0107 - DignityNews.eu","article_published_time":"2022-04-01T10:03:26+00:00","article_modified_time":"2022-04-04T09:54:58+00:00","og_image":[{"width":1500,"height":1000,"url":"https:\/\/dignitynews.eu\/wp-content\/uploads\/2022\/04\/Dr-Irena-Eris-fot.-mat.-prasowe-Dr-Irena-Eris1.jpg","type":"image\/jpeg"}],"author":"DignityNews.eu","twitter_card":"summary_large_image","twitter_misc":{"Napisane przez":"DignityNews.eu","Szacowany czas czytania":"2 minuty"},"schema":{"@context":"https:\/\/schema.org","@graph":[{"@type":"WebSite","@id":"https:\/\/dignitynews.eu\/pl\/#website","url":"https:\/\/dignitynews.eu\/pl\/","name":"Godno\u015b\u0107 - DignityNews.eu","description":"","potentialAction":[{"@type":"SearchAction","target":{"@type":"EntryPoint","urlTemplate":"https:\/\/dignitynews.eu\/pl\/?s={search_term_string}"},"query-input":"required name=search_term_string"}],"inLanguage":"pl-PL"},{"@type":"WebPage","@id":"https:\/\/dignitynews.eu\/pl\/dr-irena-eris-idzie-na-gielde\/","url":"https:\/\/dignitynews.eu\/pl\/dr-irena-eris-idzie-na-gielde\/","name":"Dr Irena Eris idzie na gie\u0142d\u0119 - Godno\u015b\u0107 - DignityNews.eu","isPartOf":{"@id":"https:\/\/dignitynews.eu\/pl\/#website"},"datePublished":"2022-04-01T10:03:26+00:00","dateModified":"2022-04-04T09:54:58+00:00","author":{"@id":"https:\/\/dignitynews.eu\/pl\/#\/schema\/person\/4d8f570a0fd5c310685d78d9e520982c"},"breadcrumb":{"@id":"https:\/\/dignitynews.eu\/pl\/dr-irena-eris-idzie-na-gielde\/#breadcrumb"},"inLanguage":"pl-PL","potentialAction":[{"@type":"ReadAction","target":["https:\/\/dignitynews.eu\/pl\/dr-irena-eris-idzie-na-gielde\/"]}]},{"@type":"BreadcrumbList","@id":"https:\/\/dignitynews.eu\/pl\/dr-irena-eris-idzie-na-gielde\/#breadcrumb","itemListElement":[{"@type":"ListItem","position":1,"name":"Strona g\u0142\u00f3wna","item":"https:\/\/dignitynews.eu\/pl\/"},{"@type":"ListItem","position":2,"name":"Dr Irena Eris idzie na gie\u0142d\u0119"}]},{"@type":"Person","@id":"https:\/\/dignitynews.eu\/pl\/#\/schema\/person\/4d8f570a0fd5c310685d78d9e520982c","name":"DignityNews.eu","image":{"@type":"ImageObject","inLanguage":"pl-PL","@id":"https:\/\/dignitynews.eu\/pl\/#\/schema\/person\/image\/","url":"https:\/\/secure.gravatar.com\/avatar\/b9fb3aa3cd2d5d3a6d24e67a6b58bc2980bf0c7f7bd3657a6322b8df227da3d9?s=96&d=mm&r=g","contentUrl":"https:\/\/secure.gravatar.com\/avatar\/b9fb3aa3cd2d5d3a6d24e67a6b58bc2980bf0c7f7bd3657a6322b8df227da3d9?s=96&d=mm&r=g","caption":"DignityNews.eu"},"sameAs":["aleksandra"],"url":"https:\/\/dignitynews.eu\/pl\/author\/aleksandra\/"}]}},"_links":{"self":[{"href":"https:\/\/dignitynews.eu\/pl\/wp-json\/wp\/v2\/posts\/12863","targetHints":{"allow":["GET"]}}],"collection":[{"href":"https:\/\/dignitynews.eu\/pl\/wp-json\/wp\/v2\/posts"}],"about":[{"href":"https:\/\/dignitynews.eu\/pl\/wp-json\/wp\/v2\/types\/post"}],"author":[{"embeddable":true,"href":"https:\/\/dignitynews.eu\/pl\/wp-json\/wp\/v2\/users\/3"}],"replies":[{"embeddable":true,"href":"https:\/\/dignitynews.eu\/pl\/wp-json\/wp\/v2\/comments?post=12863"}],"version-history":[{"count":2,"href":"https:\/\/dignitynews.eu\/pl\/wp-json\/wp\/v2\/posts\/12863\/revisions"}],"predecessor-version":[{"id":13075,"href":"https:\/\/dignitynews.eu\/pl\/wp-json\/wp\/v2\/posts\/12863\/revisions\/13075"}],"wp:featuredmedia":[{"embeddable":true,"href":"https:\/\/dignitynews.eu\/pl\/wp-json\/wp\/v2\/media\/12864"}],"wp:attachment":[{"href":"https:\/\/dignitynews.eu\/pl\/wp-json\/wp\/v2\/media?parent=12863"}],"wp:term":[{"taxonomy":"category","embeddable":true,"href":"https:\/\/dignitynews.eu\/pl\/wp-json\/wp\/v2\/categories?post=12863"},{"taxonomy":"post_tag","embeddable":true,"href":"https:\/\/dignitynews.eu\/pl\/wp-json\/wp\/v2\/tags?post=12863"}],"curies":[{"name":"wp","href":"https:\/\/api.w.org\/{rel}","templated":true}]}}