{"id":12854,"date":"2022-04-01T11:48:09","date_gmt":"2022-04-01T09:48:09","guid":{"rendered":"https:\/\/dignitynews.eu\/?p=12854"},"modified":"2022-04-01T11:48:09","modified_gmt":"2022-04-01T09:48:09","slug":"jak-w-polsce-smiano-sie-z-komunizmu-niezwykle-happeningi-pomaranczowej-alternatywy","status":"publish","type":"post","link":"https:\/\/dignitynews.eu\/pl\/jak-w-polsce-smiano-sie-z-komunizmu-niezwykle-happeningi-pomaranczowej-alternatywy\/","title":{"rendered":"Jak w Polsce \u015bmiano si\u0119 z komunizmu? Niezwyk\u0142e happeningi \u201ePomara\u0144czowej alternatywy\u201d"},"content":{"rendered":"<h5><strong>Mimo smutnych, komunistycznych reali\u00f3w w Polsce w latach 80. XX wieku, znale\u017ali si\u0119 ludzie, kt\u00f3rzy potrafili si\u0119 \u015bmia\u0107 z w\u0142adzy. \u201ePomara\u0144czowa Alternatywa\u201d o\u015bmiesza\u0142a komunist\u00f3w w inteligentny spos\u00f3b, dostrzegaj\u0105c absurdy tamtego czasu <\/strong><\/h5>\n<p>Du\u017ce znaczenie dla nastroj\u00f3w polskiego spo\u0142ecze\u0144stwa mia\u0142 stan wojenny. Wprowadzi\u0142 go w 1981 r. komunistyczny dyktator Wojciech Jaruzelski, wypowiadaj\u0105c wojn\u0119 przeciwko narodowi polskiemu. Jednocze\u015bnie kraj wpad\u0142 w g\u0142\u0119boki kryzys gospodarczy.<\/p>\n<p>W tej ponurej rzeczywisto\u015bci lat 80. ci\u0119\u017cko by\u0142o znale\u017a\u0107 co\u015b, co mog\u0142o wywo\u0142a\u0107 u\u015bmiech na twarzy. Mimo okropie\u0144stw komuny, znale\u017ali si\u0119 jednak ludzie, kt\u00f3rzy urz\u0105dzali happeningi wy\u015bmiewaj\u0105ce i wyszydzaj\u0105ce system komunistyczny, ukazuj\u0105ce zarazem indolencj\u0119 w\u0142adzy. Ludzie Ci zrzeszali si\u0119 we wroc\u0142awskiej grupie nazwanej \u201ePomara\u0144czowa Alternatywa\u201d. Przewodzi\u0142 jej W\u0142adys\u0142aw Frydrych \u201eMajor\u201d.<\/p>\n<p><strong>Z garnkami na g\u0142owach<\/strong><\/p>\n<p>Pierwsz\u0105 akcj\u0105 \u201ePomara\u0144czowej Alternatywy\u201d, o kt\u00f3rej s\u0142ysza\u0142 \u015bwiat, by\u0142o \u201e\u015awi\u0119to garnk\u00f3w\u201d zorganizowane 1 kwietnia 1987 r. Uczestnicy happeningu wyszli na ulic\u0119 w za\u0142o\u017conych na g\u0142owie papierowych garnkach. Zwracali uwag\u0119 na to, \u017ce wielu ludzi ma w g\u0142owie tylko konsumpcj\u0119 i przys\u0142ania im to walk\u0119 o wolno\u015b\u0107. Akcja nie spodoba\u0142a si\u0119 komunistycznej milicji, kt\u00f3ra przerwa\u0142a happening i zarekwirowa\u0142a rekwizyty.<\/p>\n<p><strong>Milicja goni inflacj\u0119 <\/strong><\/p>\n<p>\u201ePomara\u0144czowa Alternatywa\u201d dzia\u0142a\u0142a nie tyko we Wroc\u0142awiu. W \u0141odzi 7 listopada 1988 r. (rocznica rewolucji pa\u017adziernikowej) zorganizowano akcj\u0119 \u201eGalopuj\u0105ca inflacja\u201d. Uczestnicy wydarzenia biegali po mie\u015bcie z tabliczkami \u201egalopuj\u0105ca inflacja\u201d. Milicjanci gonili ich, w ten spos\u00f3b \u015bcigali \u201egalopuj\u0105c\u0105 inflacj\u0119\u201d. Niekt\u00f3rzy z uczestnik\u00f3w happeningu mieli absurdalne transparenty: \u201eNiech \u017cyje kryzys!\u201d, \u201e\u017b\u0105damy wszystkiego!\u201d.<\/p>\n<p><strong>Aresztowanie krasnoludk\u00f3w<\/strong><\/p>\n<p>Na murach polskich miast pojawia\u0142y si\u0119 antykomunistyczne has\u0142a. W\u0142adza usuwa\u0142a je, ale na ich miejscu lider \u201ePomara\u0144czowej Alternatywy\u201d malowa\u0142\u00a0krasnoludki, kt\u00f3re mia\u0142y prze\u015bmiewczy charakter. Temat ten zosta\u0142 podj\u0119ty 1 czerwca 1987 r. Frydrych rozdawa\u0142 w\u00f3wczas na ulicach Wroc\u0142awia pomara\u0144czowe czapeczki krasnoludk\u00f3w. Oczywi\u015bcie happening ten spotka\u0142 si\u0119 z reakcj\u0105 milicji, kt\u00f3ra zacz\u0119\u0142a aresztowa\u0107 osoby z czapeczkami. Milicjanci mogli wi\u0119c przekaza\u0107 swoim prze\u0142o\u017conym, \u017ce zatrzymanymi s\u0105\u2026 krasnoludki.<\/p>\n<p>\u201ePomara\u0144czowa Alternatywa\u201d dzia\u0142a\u0142a nie tylko we Wroc\u0142awiu i \u0141odzi, ale tak\u017ce w Warszawie i Lublinie. Znalaz\u0142a swoich na\u015bladowc\u00f3w m.in. w Czechos\u0142owacji i W\u0119grzech. Nie zawiesi\u0142a swojego dzia\u0142ania wraz z ko\u0144cem systemu komunistycznego w Polsce. Wszak rzeczywisto\u015b\u0107 zawsze zas\u0142uguje na satyr\u0119.<\/p>\n","protected":false},"excerpt":{"rendered":"<p>Mimo smutnych, komunistycznych reali\u00f3w w Polsce w latach 80. XX wieku, znale\u017ali si\u0119 ludzie, kt\u00f3rzy potrafili si\u0119 \u015bmia\u0107 z w\u0142adzy. \u201ePomara\u0144czowa Alternatywa\u201d o\u015bmiesza\u0142a komunist\u00f3w w inteligentny spos\u00f3b, dostrzegaj\u0105c absurdy tamtego&hellip;<\/p>\n","protected":false},"author":7,"featured_media":12856,"comment_status":"closed","ping_status":"open","sticky":false,"template":"","format":"standard","meta":{"_mi_skip_tracking":false,"footnotes":""},"categories":[46],"tags":[],"class_list":["post-12854","post","type-post","status-publish","format-standard","has-post-thumbnail","hentry","category-historia"],"yoast_head":"<!-- This site is optimized with the Yoast SEO plugin v19.4 - https:\/\/yoast.com\/wordpress\/plugins\/seo\/ -->\n<title>Jak w Polsce \u015bmiano si\u0119 z komunizmu? Niezwyk\u0142e happeningi \u201ePomara\u0144czowej alternatywy\u201d - Godno\u015b\u0107 - DignityNews.eu<\/title>\n<meta name=\"robots\" content=\"index, follow, max-snippet:-1, max-image-preview:large, max-video-preview:-1\" \/>\n<link rel=\"canonical\" href=\"https:\/\/dignitynews.eu\/pl\/jak-w-polsce-smiano-sie-z-komunizmu-niezwykle-happeningi-pomaranczowej-alternatywy\/\" \/>\n<meta property=\"og:locale\" content=\"pl_PL\" \/>\n<meta property=\"og:type\" content=\"article\" \/>\n<meta property=\"og:title\" content=\"Jak w Polsce \u015bmiano si\u0119 z komunizmu? Niezwyk\u0142e happeningi \u201ePomara\u0144czowej alternatywy\u201d - Godno\u015b\u0107 - DignityNews.eu\" \/>\n<meta property=\"og:description\" content=\"Mimo smutnych, komunistycznych reali\u00f3w w Polsce w latach 80. XX wieku, znale\u017ali si\u0119 ludzie, kt\u00f3rzy potrafili si\u0119 \u015bmia\u0107 z w\u0142adzy. \u201ePomara\u0144czowa Alternatywa\u201d o\u015bmiesza\u0142a komunist\u00f3w w inteligentny spos\u00f3b, dostrzegaj\u0105c absurdy tamtego&hellip;\" \/>\n<meta property=\"og:url\" content=\"https:\/\/dignitynews.eu\/pl\/jak-w-polsce-smiano-sie-z-komunizmu-niezwykle-happeningi-pomaranczowej-alternatywy\/\" \/>\n<meta property=\"og:site_name\" content=\"Godno\u015b\u0107 - DignityNews.eu\" \/>\n<meta property=\"article:published_time\" content=\"2022-04-01T09:48:09+00:00\" \/>\n<meta property=\"og:image\" content=\"https:\/\/dignitynews.eu\/wp-content\/uploads\/2022\/04\/Pomaranczowa_alternatywa-dzien_wojska.jpg\" \/>\n\t<meta property=\"og:image:width\" content=\"1024\" \/>\n\t<meta property=\"og:image:height\" content=\"751\" \/>\n\t<meta property=\"og:image:type\" content=\"image\/jpeg\" \/>\n<meta name=\"author\" content=\"Dignity News\" \/>\n<meta name=\"twitter:card\" content=\"summary_large_image\" \/>\n<meta name=\"twitter:label1\" content=\"Napisane przez\" \/>\n\t<meta name=\"twitter:data1\" content=\"Dignity News\" \/>\n\t<meta name=\"twitter:label2\" content=\"Szacowany czas czytania\" \/>\n\t<meta name=\"twitter:data2\" content=\"2 minuty\" \/>\n<script type=\"application\/ld+json\" class=\"yoast-schema-graph\">{\"@context\":\"https:\/\/schema.org\",\"@graph\":[{\"@type\":\"WebSite\",\"@id\":\"https:\/\/dignitynews.eu\/pl\/#website\",\"url\":\"https:\/\/dignitynews.eu\/pl\/\",\"name\":\"Godno\u015b\u0107 - DignityNews.eu\",\"description\":\"\",\"potentialAction\":[{\"@type\":\"SearchAction\",\"target\":{\"@type\":\"EntryPoint\",\"urlTemplate\":\"https:\/\/dignitynews.eu\/pl\/?s={search_term_string}\"},\"query-input\":\"required name=search_term_string\"}],\"inLanguage\":\"pl-PL\"},{\"@type\":\"WebPage\",\"@id\":\"https:\/\/dignitynews.eu\/pl\/jak-w-polsce-smiano-sie-z-komunizmu-niezwykle-happeningi-pomaranczowej-alternatywy\/\",\"url\":\"https:\/\/dignitynews.eu\/pl\/jak-w-polsce-smiano-sie-z-komunizmu-niezwykle-happeningi-pomaranczowej-alternatywy\/\",\"name\":\"Jak w Polsce \u015bmiano si\u0119 z komunizmu? Niezwyk\u0142e happeningi \u201ePomara\u0144czowej alternatywy\u201d - Godno\u015b\u0107 - DignityNews.eu\",\"isPartOf\":{\"@id\":\"https:\/\/dignitynews.eu\/pl\/#website\"},\"datePublished\":\"2022-04-01T09:48:09+00:00\",\"dateModified\":\"2022-04-01T09:48:09+00:00\",\"author\":{\"@id\":\"https:\/\/dignitynews.eu\/pl\/#\/schema\/person\/0b62b762b8174802fabc81a3ecb1bfcb\"},\"breadcrumb\":{\"@id\":\"https:\/\/dignitynews.eu\/pl\/jak-w-polsce-smiano-sie-z-komunizmu-niezwykle-happeningi-pomaranczowej-alternatywy\/#breadcrumb\"},\"inLanguage\":\"pl-PL\",\"potentialAction\":[{\"@type\":\"ReadAction\",\"target\":[\"https:\/\/dignitynews.eu\/pl\/jak-w-polsce-smiano-sie-z-komunizmu-niezwykle-happeningi-pomaranczowej-alternatywy\/\"]}]},{\"@type\":\"BreadcrumbList\",\"@id\":\"https:\/\/dignitynews.eu\/pl\/jak-w-polsce-smiano-sie-z-komunizmu-niezwykle-happeningi-pomaranczowej-alternatywy\/#breadcrumb\",\"itemListElement\":[{\"@type\":\"ListItem\",\"position\":1,\"name\":\"Strona g\u0142\u00f3wna\",\"item\":\"https:\/\/dignitynews.eu\/pl\/\"},{\"@type\":\"ListItem\",\"position\":2,\"name\":\"Jak w Polsce \u015bmiano si\u0119 z komunizmu? Niezwyk\u0142e happeningi \u201ePomara\u0144czowej alternatywy\u201d\"}]},{\"@type\":\"Person\",\"@id\":\"https:\/\/dignitynews.eu\/pl\/#\/schema\/person\/0b62b762b8174802fabc81a3ecb1bfcb\",\"name\":\"Dignity News\",\"image\":{\"@type\":\"ImageObject\",\"inLanguage\":\"pl-PL\",\"@id\":\"https:\/\/dignitynews.eu\/pl\/#\/schema\/person\/image\/\",\"url\":\"https:\/\/secure.gravatar.com\/avatar\/97963171a6d9108f8381bbefb1c6b150c445b6ddd9e3077b96c86cf5892c85dc?s=96&d=mm&r=g\",\"contentUrl\":\"https:\/\/secure.gravatar.com\/avatar\/97963171a6d9108f8381bbefb1c6b150c445b6ddd9e3077b96c86cf5892c85dc?s=96&d=mm&r=g\",\"caption\":\"Dignity News\"},\"url\":\"https:\/\/dignitynews.eu\/pl\/author\/mikolaj-palade\/\"}]}<\/script>\n<!-- \/ Yoast SEO plugin. -->","yoast_head_json":{"title":"Jak w Polsce \u015bmiano si\u0119 z komunizmu? Niezwyk\u0142e happeningi \u201ePomara\u0144czowej alternatywy\u201d - Godno\u015b\u0107 - DignityNews.eu","robots":{"index":"index","follow":"follow","max-snippet":"max-snippet:-1","max-image-preview":"max-image-preview:large","max-video-preview":"max-video-preview:-1"},"canonical":"https:\/\/dignitynews.eu\/pl\/jak-w-polsce-smiano-sie-z-komunizmu-niezwykle-happeningi-pomaranczowej-alternatywy\/","og_locale":"pl_PL","og_type":"article","og_title":"Jak w Polsce \u015bmiano si\u0119 z komunizmu? Niezwyk\u0142e happeningi \u201ePomara\u0144czowej alternatywy\u201d - Godno\u015b\u0107 - DignityNews.eu","og_description":"Mimo smutnych, komunistycznych reali\u00f3w w Polsce w latach 80. XX wieku, znale\u017ali si\u0119 ludzie, kt\u00f3rzy potrafili si\u0119 \u015bmia\u0107 z w\u0142adzy. \u201ePomara\u0144czowa Alternatywa\u201d o\u015bmiesza\u0142a komunist\u00f3w w inteligentny spos\u00f3b, dostrzegaj\u0105c absurdy tamtego&hellip;","og_url":"https:\/\/dignitynews.eu\/pl\/jak-w-polsce-smiano-sie-z-komunizmu-niezwykle-happeningi-pomaranczowej-alternatywy\/","og_site_name":"Godno\u015b\u0107 - DignityNews.eu","article_published_time":"2022-04-01T09:48:09+00:00","og_image":[{"width":1024,"height":751,"url":"https:\/\/dignitynews.eu\/wp-content\/uploads\/2022\/04\/Pomaranczowa_alternatywa-dzien_wojska.jpg","type":"image\/jpeg"}],"author":"Dignity News","twitter_card":"summary_large_image","twitter_misc":{"Napisane przez":"Dignity News","Szacowany czas czytania":"2 minuty"},"schema":{"@context":"https:\/\/schema.org","@graph":[{"@type":"WebSite","@id":"https:\/\/dignitynews.eu\/pl\/#website","url":"https:\/\/dignitynews.eu\/pl\/","name":"Godno\u015b\u0107 - DignityNews.eu","description":"","potentialAction":[{"@type":"SearchAction","target":{"@type":"EntryPoint","urlTemplate":"https:\/\/dignitynews.eu\/pl\/?s={search_term_string}"},"query-input":"required name=search_term_string"}],"inLanguage":"pl-PL"},{"@type":"WebPage","@id":"https:\/\/dignitynews.eu\/pl\/jak-w-polsce-smiano-sie-z-komunizmu-niezwykle-happeningi-pomaranczowej-alternatywy\/","url":"https:\/\/dignitynews.eu\/pl\/jak-w-polsce-smiano-sie-z-komunizmu-niezwykle-happeningi-pomaranczowej-alternatywy\/","name":"Jak w Polsce \u015bmiano si\u0119 z komunizmu? Niezwyk\u0142e happeningi \u201ePomara\u0144czowej alternatywy\u201d - Godno\u015b\u0107 - DignityNews.eu","isPartOf":{"@id":"https:\/\/dignitynews.eu\/pl\/#website"},"datePublished":"2022-04-01T09:48:09+00:00","dateModified":"2022-04-01T09:48:09+00:00","author":{"@id":"https:\/\/dignitynews.eu\/pl\/#\/schema\/person\/0b62b762b8174802fabc81a3ecb1bfcb"},"breadcrumb":{"@id":"https:\/\/dignitynews.eu\/pl\/jak-w-polsce-smiano-sie-z-komunizmu-niezwykle-happeningi-pomaranczowej-alternatywy\/#breadcrumb"},"inLanguage":"pl-PL","potentialAction":[{"@type":"ReadAction","target":["https:\/\/dignitynews.eu\/pl\/jak-w-polsce-smiano-sie-z-komunizmu-niezwykle-happeningi-pomaranczowej-alternatywy\/"]}]},{"@type":"BreadcrumbList","@id":"https:\/\/dignitynews.eu\/pl\/jak-w-polsce-smiano-sie-z-komunizmu-niezwykle-happeningi-pomaranczowej-alternatywy\/#breadcrumb","itemListElement":[{"@type":"ListItem","position":1,"name":"Strona g\u0142\u00f3wna","item":"https:\/\/dignitynews.eu\/pl\/"},{"@type":"ListItem","position":2,"name":"Jak w Polsce \u015bmiano si\u0119 z komunizmu? Niezwyk\u0142e happeningi \u201ePomara\u0144czowej alternatywy\u201d"}]},{"@type":"Person","@id":"https:\/\/dignitynews.eu\/pl\/#\/schema\/person\/0b62b762b8174802fabc81a3ecb1bfcb","name":"Dignity News","image":{"@type":"ImageObject","inLanguage":"pl-PL","@id":"https:\/\/dignitynews.eu\/pl\/#\/schema\/person\/image\/","url":"https:\/\/secure.gravatar.com\/avatar\/97963171a6d9108f8381bbefb1c6b150c445b6ddd9e3077b96c86cf5892c85dc?s=96&d=mm&r=g","contentUrl":"https:\/\/secure.gravatar.com\/avatar\/97963171a6d9108f8381bbefb1c6b150c445b6ddd9e3077b96c86cf5892c85dc?s=96&d=mm&r=g","caption":"Dignity News"},"url":"https:\/\/dignitynews.eu\/pl\/author\/mikolaj-palade\/"}]}},"_links":{"self":[{"href":"https:\/\/dignitynews.eu\/pl\/wp-json\/wp\/v2\/posts\/12854","targetHints":{"allow":["GET"]}}],"collection":[{"href":"https:\/\/dignitynews.eu\/pl\/wp-json\/wp\/v2\/posts"}],"about":[{"href":"https:\/\/dignitynews.eu\/pl\/wp-json\/wp\/v2\/types\/post"}],"author":[{"embeddable":true,"href":"https:\/\/dignitynews.eu\/pl\/wp-json\/wp\/v2\/users\/7"}],"replies":[{"embeddable":true,"href":"https:\/\/dignitynews.eu\/pl\/wp-json\/wp\/v2\/comments?post=12854"}],"version-history":[{"count":1,"href":"https:\/\/dignitynews.eu\/pl\/wp-json\/wp\/v2\/posts\/12854\/revisions"}],"predecessor-version":[{"id":12861,"href":"https:\/\/dignitynews.eu\/pl\/wp-json\/wp\/v2\/posts\/12854\/revisions\/12861"}],"wp:featuredmedia":[{"embeddable":true,"href":"https:\/\/dignitynews.eu\/pl\/wp-json\/wp\/v2\/media\/12856"}],"wp:attachment":[{"href":"https:\/\/dignitynews.eu\/pl\/wp-json\/wp\/v2\/media?parent=12854"}],"wp:term":[{"taxonomy":"category","embeddable":true,"href":"https:\/\/dignitynews.eu\/pl\/wp-json\/wp\/v2\/categories?post=12854"},{"taxonomy":"post_tag","embeddable":true,"href":"https:\/\/dignitynews.eu\/pl\/wp-json\/wp\/v2\/tags?post=12854"}],"curies":[{"name":"wp","href":"https:\/\/api.w.org\/{rel}","templated":true}]}}