{"id":12605,"date":"2022-03-31T11:58:19","date_gmt":"2022-03-31T09:58:19","guid":{"rendered":"https:\/\/dignitynews.eu\/?p=12605"},"modified":"2022-03-31T11:58:19","modified_gmt":"2022-03-31T09:58:19","slug":"wiceminister-spraw-wewnetrznych-i-administracji-o-planach-polski-dot-pomocy-uchodzcom","status":"publish","type":"post","link":"https:\/\/dignitynews.eu\/pl\/wiceminister-spraw-wewnetrznych-i-administracji-o-planach-polski-dot-pomocy-uchodzcom\/","title":{"rendered":"Wiceminister spraw wewn\u0119trznych i administracji o planach Polski dot. pomocy uchod\u017acom"},"content":{"rendered":"<h5>Wiceszef Ministerstwa Spraw Wewn\u0119trznych i Administracji B\u0142a\u017cej Pobo\u017cy powiedzia\u0142, \u017ce Polska chcia\u0142aby pozyska\u0107 od Unii Europejskiej 2 mld 200 mln euro na pomoc uchod\u017acom z Ukrainy. Zaznaczy\u0142, \u017ce istotne jest, aby pieni\u0105dze te nie by\u0142y obarczone skomplikowanymi procedurami ich pozyskiwania i rozliczania \u2013 tak jak tradycyjne fundusze unijne.<\/h5>\n<p>&#8211; Koszty obliczamy na oko\u0142o tysi\u0105c euro na osob\u0119 za pierwsze p\u00f3\u0142 roku. W dniu zg\u0142oszenia tych potrzeb do Komisji Europejskiej dawa\u0142o to 2 miliardy 200 milion\u00f3w euro. To jest kwota, kt\u00f3r\u0105 spodziewamy si\u0119 pozyska\u0107. Wa\u017cne jest to, aby te \u015brodki by\u0142y tak zwanymi \u0142atwymi pieni\u0119dzmi, je\u015bli chodzi o ich wydawanie \u2013 m\u00f3wi\u0142 wiceminister spraw wewn\u0119trznych w TVP Info.<\/p>\n<p>Pobo\u017cy zaznaczy\u0142, \u017ce \u015brodki te nie powinny by\u0107 obarczone sposobami rozliczania takimi, jak tradycyjne fundusze unijne. Doda\u0142, \u017ce obecne zalecenia unijne wskazuj\u0105, aby korzysta\u0107 z innych funduszy unijnych takich jak sp\u00f3jno\u015bci albo Funduszu Azylu, Migracji i Integracji.<\/p>\n<p>&#8211; Dotyczy to \u015brodk\u00f3w z tych funduszy, kt\u00f3re jeszcze nie zosta\u0142y wydane. Gdyby si\u0119gn\u0105\u0107 do takich funduszy podleg\u0142ych resortowi MSW, by\u0142aby to kwota oko\u0142o 16 milion\u00f3w euro, podczas gdy potrzeby s\u0105 o wiele wi\u0119ksze \u2013 oceni\u0142 wiceminister.<\/p>\n<p>Wed\u0142ug danych Organizacji Narod\u00f3w Zjednoczonych ponad 4 mln obywateli Ukrainy opu\u015bci\u0142o ojczyzn\u0119 uciekaj\u0105c przed wojn\u0105. To przesz\u0142o dwa razy wi\u0119cej os\u00f3b, ni\u017c nap\u0142yn\u0119\u0142o do Europy w czasie wielkiej fali migracji w 2015 roku. Najwi\u0119cej os\u00f3b decyduj\u0105cych si\u0119 na wyjazd z Ukrainy dotar\u0142o do Polski.<\/p>\n<p>Wed\u0142ug danych Stra\u017cy Granicznej polsk\u0105 granic\u0119 przekroczy\u0142o od pocz\u0105tku wojny na Ukrainie ponad 2,344 mln os\u00f3b. Nie wszyscy pozostali w Polsce \u2013 w ocenie prof. Macieja Duszczyka z O\u015brodka Bada\u0144 nad Migracjami Uniwersytetu Warszawskiego w Polsce pozostaje 1,2 \u2013 1,3 mln Ukrai\u0144c\u00f3w. Pozostali najcz\u0119\u015bciej decyduj\u0105 si\u0119 ruszy\u0107 dalej na Zach\u00f3d (800 \u2013 900 tys.), ro\u015bnie te\u017c grupa powracaj\u0105cych na Ukrain\u0119.<\/p>\n<p>Arkadiusz S\u0142omczy\u0144ski<\/p>\n","protected":false},"excerpt":{"rendered":"<p>Wiceszef Ministerstwa Spraw Wewn\u0119trznych i Administracji B\u0142a\u017cej Pobo\u017cy powiedzia\u0142, \u017ce Polska chcia\u0142aby pozyska\u0107 od Unii Europejskiej 2 mld 200 mln euro na pomoc uchod\u017acom z Ukrainy. Zaznaczy\u0142, \u017ce istotne jest,&hellip;<\/p>\n","protected":false},"author":7,"featured_media":12606,"comment_status":"closed","ping_status":"open","sticky":false,"template":"","format":"standard","meta":{"_mi_skip_tracking":false,"footnotes":""},"categories":[47],"tags":[],"class_list":["post-12605","post","type-post","status-publish","format-standard","has-post-thumbnail","hentry","category-wydarzenia"],"yoast_head":"<!-- This site is optimized with the Yoast SEO plugin v19.4 - https:\/\/yoast.com\/wordpress\/plugins\/seo\/ -->\n<title>Wiceminister spraw wewn\u0119trznych i administracji o planach Polski dot. pomocy uchod\u017acom - Godno\u015b\u0107 - DignityNews.eu<\/title>\n<meta name=\"robots\" content=\"index, follow, max-snippet:-1, max-image-preview:large, max-video-preview:-1\" \/>\n<link rel=\"canonical\" href=\"https:\/\/dignitynews.eu\/pl\/wiceminister-spraw-wewnetrznych-i-administracji-o-planach-polski-dot-pomocy-uchodzcom\/\" \/>\n<meta property=\"og:locale\" content=\"pl_PL\" \/>\n<meta property=\"og:type\" content=\"article\" \/>\n<meta property=\"og:title\" content=\"Wiceminister spraw wewn\u0119trznych i administracji o planach Polski dot. pomocy uchod\u017acom - Godno\u015b\u0107 - DignityNews.eu\" \/>\n<meta property=\"og:description\" content=\"Wiceszef Ministerstwa Spraw Wewn\u0119trznych i Administracji B\u0142a\u017cej Pobo\u017cy powiedzia\u0142, \u017ce Polska chcia\u0142aby pozyska\u0107 od Unii Europejskiej 2 mld 200 mln euro na pomoc uchod\u017acom z Ukrainy. Zaznaczy\u0142, \u017ce istotne jest,&hellip;\" \/>\n<meta property=\"og:url\" content=\"https:\/\/dignitynews.eu\/pl\/wiceminister-spraw-wewnetrznych-i-administracji-o-planach-polski-dot-pomocy-uchodzcom\/\" \/>\n<meta property=\"og:site_name\" content=\"Godno\u015b\u0107 - DignityNews.eu\" \/>\n<meta property=\"article:published_time\" content=\"2022-03-31T09:58:19+00:00\" \/>\n<meta property=\"og:image\" content=\"https:\/\/dignitynews.eu\/wp-content\/uploads\/2022\/03\/Uchodzcy-\u2013-pieniadze-z-UE-fot.-Piotr-Molecki-East-News.jpg\" \/>\n\t<meta property=\"og:image:width\" content=\"1500\" \/>\n\t<meta property=\"og:image:height\" content=\"931\" \/>\n\t<meta property=\"og:image:type\" content=\"image\/jpeg\" \/>\n<meta name=\"author\" content=\"Dignity News\" \/>\n<meta name=\"twitter:card\" content=\"summary_large_image\" \/>\n<meta name=\"twitter:label1\" content=\"Napisane przez\" \/>\n\t<meta name=\"twitter:data1\" content=\"Dignity News\" \/>\n\t<meta name=\"twitter:label2\" content=\"Szacowany czas czytania\" \/>\n\t<meta name=\"twitter:data2\" content=\"2 minuty\" \/>\n<script type=\"application\/ld+json\" class=\"yoast-schema-graph\">{\"@context\":\"https:\/\/schema.org\",\"@graph\":[{\"@type\":\"WebSite\",\"@id\":\"https:\/\/dignitynews.eu\/pl\/#website\",\"url\":\"https:\/\/dignitynews.eu\/pl\/\",\"name\":\"Godno\u015b\u0107 - DignityNews.eu\",\"description\":\"\",\"potentialAction\":[{\"@type\":\"SearchAction\",\"target\":{\"@type\":\"EntryPoint\",\"urlTemplate\":\"https:\/\/dignitynews.eu\/pl\/?s={search_term_string}\"},\"query-input\":\"required name=search_term_string\"}],\"inLanguage\":\"pl-PL\"},{\"@type\":\"WebPage\",\"@id\":\"https:\/\/dignitynews.eu\/pl\/wiceminister-spraw-wewnetrznych-i-administracji-o-planach-polski-dot-pomocy-uchodzcom\/\",\"url\":\"https:\/\/dignitynews.eu\/pl\/wiceminister-spraw-wewnetrznych-i-administracji-o-planach-polski-dot-pomocy-uchodzcom\/\",\"name\":\"Wiceminister spraw wewn\u0119trznych i administracji o planach Polski dot. pomocy uchod\u017acom - Godno\u015b\u0107 - DignityNews.eu\",\"isPartOf\":{\"@id\":\"https:\/\/dignitynews.eu\/pl\/#website\"},\"datePublished\":\"2022-03-31T09:58:19+00:00\",\"dateModified\":\"2022-03-31T09:58:19+00:00\",\"author\":{\"@id\":\"https:\/\/dignitynews.eu\/pl\/#\/schema\/person\/0b62b762b8174802fabc81a3ecb1bfcb\"},\"breadcrumb\":{\"@id\":\"https:\/\/dignitynews.eu\/pl\/wiceminister-spraw-wewnetrznych-i-administracji-o-planach-polski-dot-pomocy-uchodzcom\/#breadcrumb\"},\"inLanguage\":\"pl-PL\",\"potentialAction\":[{\"@type\":\"ReadAction\",\"target\":[\"https:\/\/dignitynews.eu\/pl\/wiceminister-spraw-wewnetrznych-i-administracji-o-planach-polski-dot-pomocy-uchodzcom\/\"]}]},{\"@type\":\"BreadcrumbList\",\"@id\":\"https:\/\/dignitynews.eu\/pl\/wiceminister-spraw-wewnetrznych-i-administracji-o-planach-polski-dot-pomocy-uchodzcom\/#breadcrumb\",\"itemListElement\":[{\"@type\":\"ListItem\",\"position\":1,\"name\":\"Strona g\u0142\u00f3wna\",\"item\":\"https:\/\/dignitynews.eu\/pl\/\"},{\"@type\":\"ListItem\",\"position\":2,\"name\":\"Wiceminister spraw wewn\u0119trznych i administracji o planach Polski dot. pomocy uchod\u017acom\"}]},{\"@type\":\"Person\",\"@id\":\"https:\/\/dignitynews.eu\/pl\/#\/schema\/person\/0b62b762b8174802fabc81a3ecb1bfcb\",\"name\":\"Dignity News\",\"image\":{\"@type\":\"ImageObject\",\"inLanguage\":\"pl-PL\",\"@id\":\"https:\/\/dignitynews.eu\/pl\/#\/schema\/person\/image\/\",\"url\":\"https:\/\/secure.gravatar.com\/avatar\/97963171a6d9108f8381bbefb1c6b150c445b6ddd9e3077b96c86cf5892c85dc?s=96&d=mm&r=g\",\"contentUrl\":\"https:\/\/secure.gravatar.com\/avatar\/97963171a6d9108f8381bbefb1c6b150c445b6ddd9e3077b96c86cf5892c85dc?s=96&d=mm&r=g\",\"caption\":\"Dignity News\"},\"url\":\"https:\/\/dignitynews.eu\/pl\/author\/mikolaj-palade\/\"}]}<\/script>\n<!-- \/ Yoast SEO plugin. -->","yoast_head_json":{"title":"Wiceminister spraw wewn\u0119trznych i administracji o planach Polski dot. pomocy uchod\u017acom - Godno\u015b\u0107 - DignityNews.eu","robots":{"index":"index","follow":"follow","max-snippet":"max-snippet:-1","max-image-preview":"max-image-preview:large","max-video-preview":"max-video-preview:-1"},"canonical":"https:\/\/dignitynews.eu\/pl\/wiceminister-spraw-wewnetrznych-i-administracji-o-planach-polski-dot-pomocy-uchodzcom\/","og_locale":"pl_PL","og_type":"article","og_title":"Wiceminister spraw wewn\u0119trznych i administracji o planach Polski dot. pomocy uchod\u017acom - Godno\u015b\u0107 - DignityNews.eu","og_description":"Wiceszef Ministerstwa Spraw Wewn\u0119trznych i Administracji B\u0142a\u017cej Pobo\u017cy powiedzia\u0142, \u017ce Polska chcia\u0142aby pozyska\u0107 od Unii Europejskiej 2 mld 200 mln euro na pomoc uchod\u017acom z Ukrainy. Zaznaczy\u0142, \u017ce istotne jest,&hellip;","og_url":"https:\/\/dignitynews.eu\/pl\/wiceminister-spraw-wewnetrznych-i-administracji-o-planach-polski-dot-pomocy-uchodzcom\/","og_site_name":"Godno\u015b\u0107 - DignityNews.eu","article_published_time":"2022-03-31T09:58:19+00:00","og_image":[{"width":1500,"height":931,"url":"https:\/\/dignitynews.eu\/wp-content\/uploads\/2022\/03\/Uchodzcy-\u2013-pieniadze-z-UE-fot.-Piotr-Molecki-East-News.jpg","type":"image\/jpeg"}],"author":"Dignity News","twitter_card":"summary_large_image","twitter_misc":{"Napisane przez":"Dignity News","Szacowany czas czytania":"2 minuty"},"schema":{"@context":"https:\/\/schema.org","@graph":[{"@type":"WebSite","@id":"https:\/\/dignitynews.eu\/pl\/#website","url":"https:\/\/dignitynews.eu\/pl\/","name":"Godno\u015b\u0107 - DignityNews.eu","description":"","potentialAction":[{"@type":"SearchAction","target":{"@type":"EntryPoint","urlTemplate":"https:\/\/dignitynews.eu\/pl\/?s={search_term_string}"},"query-input":"required name=search_term_string"}],"inLanguage":"pl-PL"},{"@type":"WebPage","@id":"https:\/\/dignitynews.eu\/pl\/wiceminister-spraw-wewnetrznych-i-administracji-o-planach-polski-dot-pomocy-uchodzcom\/","url":"https:\/\/dignitynews.eu\/pl\/wiceminister-spraw-wewnetrznych-i-administracji-o-planach-polski-dot-pomocy-uchodzcom\/","name":"Wiceminister spraw wewn\u0119trznych i administracji o planach Polski dot. pomocy uchod\u017acom - Godno\u015b\u0107 - DignityNews.eu","isPartOf":{"@id":"https:\/\/dignitynews.eu\/pl\/#website"},"datePublished":"2022-03-31T09:58:19+00:00","dateModified":"2022-03-31T09:58:19+00:00","author":{"@id":"https:\/\/dignitynews.eu\/pl\/#\/schema\/person\/0b62b762b8174802fabc81a3ecb1bfcb"},"breadcrumb":{"@id":"https:\/\/dignitynews.eu\/pl\/wiceminister-spraw-wewnetrznych-i-administracji-o-planach-polski-dot-pomocy-uchodzcom\/#breadcrumb"},"inLanguage":"pl-PL","potentialAction":[{"@type":"ReadAction","target":["https:\/\/dignitynews.eu\/pl\/wiceminister-spraw-wewnetrznych-i-administracji-o-planach-polski-dot-pomocy-uchodzcom\/"]}]},{"@type":"BreadcrumbList","@id":"https:\/\/dignitynews.eu\/pl\/wiceminister-spraw-wewnetrznych-i-administracji-o-planach-polski-dot-pomocy-uchodzcom\/#breadcrumb","itemListElement":[{"@type":"ListItem","position":1,"name":"Strona g\u0142\u00f3wna","item":"https:\/\/dignitynews.eu\/pl\/"},{"@type":"ListItem","position":2,"name":"Wiceminister spraw wewn\u0119trznych i administracji o planach Polski dot. pomocy uchod\u017acom"}]},{"@type":"Person","@id":"https:\/\/dignitynews.eu\/pl\/#\/schema\/person\/0b62b762b8174802fabc81a3ecb1bfcb","name":"Dignity News","image":{"@type":"ImageObject","inLanguage":"pl-PL","@id":"https:\/\/dignitynews.eu\/pl\/#\/schema\/person\/image\/","url":"https:\/\/secure.gravatar.com\/avatar\/97963171a6d9108f8381bbefb1c6b150c445b6ddd9e3077b96c86cf5892c85dc?s=96&d=mm&r=g","contentUrl":"https:\/\/secure.gravatar.com\/avatar\/97963171a6d9108f8381bbefb1c6b150c445b6ddd9e3077b96c86cf5892c85dc?s=96&d=mm&r=g","caption":"Dignity News"},"url":"https:\/\/dignitynews.eu\/pl\/author\/mikolaj-palade\/"}]}},"_links":{"self":[{"href":"https:\/\/dignitynews.eu\/pl\/wp-json\/wp\/v2\/posts\/12605","targetHints":{"allow":["GET"]}}],"collection":[{"href":"https:\/\/dignitynews.eu\/pl\/wp-json\/wp\/v2\/posts"}],"about":[{"href":"https:\/\/dignitynews.eu\/pl\/wp-json\/wp\/v2\/types\/post"}],"author":[{"embeddable":true,"href":"https:\/\/dignitynews.eu\/pl\/wp-json\/wp\/v2\/users\/7"}],"replies":[{"embeddable":true,"href":"https:\/\/dignitynews.eu\/pl\/wp-json\/wp\/v2\/comments?post=12605"}],"version-history":[{"count":1,"href":"https:\/\/dignitynews.eu\/pl\/wp-json\/wp\/v2\/posts\/12605\/revisions"}],"predecessor-version":[{"id":12611,"href":"https:\/\/dignitynews.eu\/pl\/wp-json\/wp\/v2\/posts\/12605\/revisions\/12611"}],"wp:featuredmedia":[{"embeddable":true,"href":"https:\/\/dignitynews.eu\/pl\/wp-json\/wp\/v2\/media\/12606"}],"wp:attachment":[{"href":"https:\/\/dignitynews.eu\/pl\/wp-json\/wp\/v2\/media?parent=12605"}],"wp:term":[{"taxonomy":"category","embeddable":true,"href":"https:\/\/dignitynews.eu\/pl\/wp-json\/wp\/v2\/categories?post=12605"},{"taxonomy":"post_tag","embeddable":true,"href":"https:\/\/dignitynews.eu\/pl\/wp-json\/wp\/v2\/tags?post=12605"}],"curies":[{"name":"wp","href":"https:\/\/api.w.org\/{rel}","templated":true}]}}