{"id":11800,"date":"2022-03-25T11:52:48","date_gmt":"2022-03-25T10:52:48","guid":{"rendered":"https:\/\/dignitynews.eu\/?p=11800"},"modified":"2022-03-25T12:03:37","modified_gmt":"2022-03-25T11:03:37","slug":"prezydent-duda-w-oredziu-przywodcy-panstw-i-organizacji-dziekuja-za-to-co-robimy-dla-ukrainy","status":"publish","type":"post","link":"https:\/\/dignitynews.eu\/pl\/prezydent-duda-w-oredziu-przywodcy-panstw-i-organizacji-dziekuja-za-to-co-robimy-dla-ukrainy\/","title":{"rendered":"Prezydent Duda w or\u0119dziu &#8211; przyw\u00f3dcy pa\u0144stw i organizacji dzi\u0119kuj\u0105 za to, co robimy dla Ukrainy\u00a0"},"content":{"rendered":"<h5>Rosyjska agresja doprowadzi\u0142a do najwi\u0119kszego kryzysu \u015bwiatowego bezpiecze\u0144stwa od zako\u0144czenia II wojny \u015bwiatowej &#8211; powiedzia\u0142 Andrzej Duda w or\u0119dziu do narodu w miesi\u0105c po rozpocz\u0119ciu rosyjskiej napa\u015bci na Ukrainie. W swoim wyst\u0105pieniu prezydent m\u00f3wi\u0142 te\u017c o &#8211; przypadaj\u0105cym 24 marca &#8211; Narodowym Dniu Pami\u0119ci Polak\u00f3w ratuj\u0105cych \u017byd\u00f3w<\/h5>\n<p>W or\u0119dziu wyg\u0142oszonym po nadzwyczajnym szczycie Sojuszu P\u00f3\u0142nocnoatlantyckiego w Brukseli prezydent podkre\u015bli\u0142, \u017ce konsekwentnie zabiega o wzmacnianie bezpiecze\u0144stwa Polski, a tak\u017ce o jeszcze wi\u0119ksze wsparcie dla walcz\u0105cej Ukrainy.<\/p>\n<p>&#8211; Temu w\u0142a\u015bnie po\u015bwi\u0119cony by\u0142 dzisiejszy, nadzwyczajny szczyt Sojuszu P\u00f3\u0142nocnoatlantyckiego w Brukseli z udzia\u0142em prezydenta Stan\u00f3w Zjednoczonych Joe Bidena. Polskie stanowisko jest jednoznaczne &#8211; uwa\u017camy, \u017ce nowa koncepcja strategiczna NATO musi uwzgl\u0119dnia\u0107 zmiany, kt\u00f3re wywo\u0142a\u0142a rosyjska agresja na Ukrain\u0119. Potrzebne jest jeszcze wi\u0119ksze zaanga\u017cowanie Sojuszu w naszym regionie zar\u00f3wno je\u015bli chodzi o \u017co\u0142nierzy, jak i infrastruktur\u0119 &#8211; m\u00f3wi\u0142 prezydent.<\/p>\n<p>W swoim wyst\u0105pieniu prezydent m\u00f3wi\u0142 te\u017c o \u2013 przypadaj\u0105cym 24 marca &#8211; Narodowym Dniu Pami\u0119ci Polak\u00f3w ratuj\u0105cych \u017byd\u00f3w.<\/p>\n<p>&#8211; To \u015bwi\u0119to upami\u0119tnia tych, kt\u00f3rzy w najmroczniejszych czasach zag\u0142ady pokazali co to znaczy prawdziwe cz\u0142owiecze\u0144stwo. Upami\u0119tnia zar\u00f3wno tych bezimiennych, jak i tych kt\u00f3rych znamy &#8211; z imienia i z nazwiska. Jak rodzina Ulm\u00f3w, bestialsko zamordowana przez oprawc\u00f3w za ukrywanie \u017byd\u00f3w, jak rotmistrz Witold Pilecki &#8211; ochotnik do obozu w Auschwitz. Jak Jan Karski &#8211; emisariusz Polskiego Pa\u0144stwa Podziemnego, kt\u00f3ry zrobi\u0142 wszystko, \u017ceby \u015bwiat pozna\u0142 prawd\u0119 o Holokau\u015bcie. Jak Irena Sendlerowa, kt\u00f3ra uratowa\u0142a tysi\u0105ce \u017cydowskich dzieci. Pami\u0119\u0107 o bohaterstwie Polak\u00f3w, w trakcie drugiej wojny \u015bwiatowej niech b\u0119dzie dla nas wszystkich powodem do dumy. Ale niech b\u0119dzie te\u017c dla nas inspiracj\u0105 w tym trudnym czasie, gdy koszmar wojny powr\u00f3ci\u0142 do Europy &#8211; m\u00f3wi\u0142 prezydent.<\/p>\n<p>&#8211; Ka\u017cdego dnia rosyjskie bomby i rakiety spadaj\u0105 na domy mieszkalne, szpitale i szko\u0142y. Ju\u017c ponad 3,5 mln obywateli Ukrainy zosta\u0142o zmuszonych do opuszczenia swojej ojczyzny, stali si\u0119 uchod\u017acami. Ponad 2 mln uciek\u0142o przed wojn\u0105 do nas, do Polski. W zdecydowanej wi\u0119kszo\u015bci s\u0105 to kobiety i dzieci. Polska przez ostatni miesi\u0105c przyj\u0119\u0142a wi\u0119cej uchod\u017ac\u00f3w ni\u017c trafi\u0142o do ca\u0142ej Unii Europejskiej w trakcie kryzysu migracyjnego w 2015 roku. Jako pa\u0144stwo i spo\u0142ecze\u0144stwo wspaniale zdajemy egzamin z prawdziwej solidarno\u015bci &#8211; doda\u0142 Andrzej Duda.<\/p>\n<p>&#8211; Wyzwanie z jakim si\u0119 mierzymy, jest bez precedensu. Dlatego jako w\u0142adze Rzeczypospolitej rozmawiamy o bardzo konkretnym wsparciu dla Polski zar\u00f3wno ze strony Unii Europejskiej, jak i poszczeg\u00f3lnych pa\u0144stw i organizacji mi\u0119dzynarodowych. \u015awiat z podziwem patrzy na to, jak Polska, jak miliony Polak\u00f3w zaanga\u017cowa\u0142y si\u0119 w pomoc uchod\u017acom. Przyw\u00f3dcy pa\u0144stw i organizacji, z kt\u00f3rymi rozmawiam wyra\u017caj\u0105 wielkie uznanie dla naszej postawy i dzi\u0119kuj\u0105 za to co robimy &#8211; m\u00f3wi\u0142 prezydent.<\/p>\n<p>Arkadiusz S\u0142omczy\u0144ski<\/p>\n","protected":false},"excerpt":{"rendered":"<p>Rosyjska agresja doprowadzi\u0142a do najwi\u0119kszego kryzysu \u015bwiatowego bezpiecze\u0144stwa od zako\u0144czenia II wojny \u015bwiatowej &#8211; powiedzia\u0142 Andrzej Duda w or\u0119dziu do narodu w miesi\u0105c po rozpocz\u0119ciu rosyjskiej napa\u015bci na Ukrainie. W&hellip;<\/p>\n","protected":false},"author":3,"featured_media":11801,"comment_status":"closed","ping_status":"open","sticky":false,"template":"","format":"standard","meta":{"_mi_skip_tracking":false,"footnotes":""},"categories":[47],"tags":[],"class_list":["post-11800","post","type-post","status-publish","format-standard","has-post-thumbnail","hentry","category-wydarzenia"],"yoast_head":"<!-- This site is optimized with the Yoast SEO plugin v19.4 - https:\/\/yoast.com\/wordpress\/plugins\/seo\/ -->\n<title>Prezydent Duda w or\u0119dziu - przyw\u00f3dcy pa\u0144stw i organizacji dzi\u0119kuj\u0105 za to, co robimy dla Ukrainy\u00a0 - Godno\u015b\u0107 - DignityNews.eu<\/title>\n<meta name=\"robots\" content=\"index, follow, max-snippet:-1, max-image-preview:large, max-video-preview:-1\" \/>\n<link rel=\"canonical\" href=\"https:\/\/dignitynews.eu\/pl\/prezydent-duda-w-oredziu-przywodcy-panstw-i-organizacji-dziekuja-za-to-co-robimy-dla-ukrainy\/\" \/>\n<meta property=\"og:locale\" content=\"pl_PL\" \/>\n<meta property=\"og:type\" content=\"article\" \/>\n<meta property=\"og:title\" content=\"Prezydent Duda w or\u0119dziu - przyw\u00f3dcy pa\u0144stw i organizacji dzi\u0119kuj\u0105 za to, co robimy dla Ukrainy\u00a0 - Godno\u015b\u0107 - DignityNews.eu\" \/>\n<meta property=\"og:description\" content=\"Rosyjska agresja doprowadzi\u0142a do najwi\u0119kszego kryzysu \u015bwiatowego bezpiecze\u0144stwa od zako\u0144czenia II wojny \u015bwiatowej &#8211; powiedzia\u0142 Andrzej Duda w or\u0119dziu do narodu w miesi\u0105c po rozpocz\u0119ciu rosyjskiej napa\u015bci na Ukrainie. W&hellip;\" \/>\n<meta property=\"og:url\" content=\"https:\/\/dignitynews.eu\/pl\/prezydent-duda-w-oredziu-przywodcy-panstw-i-organizacji-dziekuja-za-to-co-robimy-dla-ukrainy\/\" \/>\n<meta property=\"og:site_name\" content=\"Godno\u015b\u0107 - DignityNews.eu\" \/>\n<meta property=\"article:published_time\" content=\"2022-03-25T10:52:48+00:00\" \/>\n<meta property=\"article:modified_time\" content=\"2022-03-25T11:03:37+00:00\" \/>\n<meta property=\"og:image\" content=\"https:\/\/dignitynews.eu\/wp-content\/uploads\/2022\/03\/Prezydent-Duda-oredzie-po-szczycie-w-Brukseli-fot.-Wojciech-Olkusnik-East-News.jpg\" \/>\n\t<meta property=\"og:image:width\" content=\"1500\" \/>\n\t<meta property=\"og:image:height\" content=\"1305\" \/>\n\t<meta property=\"og:image:type\" content=\"image\/jpeg\" \/>\n<meta name=\"author\" content=\"DignityNews.eu\" \/>\n<meta name=\"twitter:card\" content=\"summary_large_image\" \/>\n<meta name=\"twitter:label1\" content=\"Napisane przez\" \/>\n\t<meta name=\"twitter:data1\" content=\"DignityNews.eu\" \/>\n\t<meta name=\"twitter:label2\" content=\"Szacowany czas czytania\" \/>\n\t<meta name=\"twitter:data2\" content=\"3 minuty\" \/>\n<script type=\"application\/ld+json\" class=\"yoast-schema-graph\">{\"@context\":\"https:\/\/schema.org\",\"@graph\":[{\"@type\":\"WebSite\",\"@id\":\"https:\/\/dignitynews.eu\/pl\/#website\",\"url\":\"https:\/\/dignitynews.eu\/pl\/\",\"name\":\"Godno\u015b\u0107 - DignityNews.eu\",\"description\":\"\",\"potentialAction\":[{\"@type\":\"SearchAction\",\"target\":{\"@type\":\"EntryPoint\",\"urlTemplate\":\"https:\/\/dignitynews.eu\/pl\/?s={search_term_string}\"},\"query-input\":\"required name=search_term_string\"}],\"inLanguage\":\"pl-PL\"},{\"@type\":\"WebPage\",\"@id\":\"https:\/\/dignitynews.eu\/pl\/prezydent-duda-w-oredziu-przywodcy-panstw-i-organizacji-dziekuja-za-to-co-robimy-dla-ukrainy\/\",\"url\":\"https:\/\/dignitynews.eu\/pl\/prezydent-duda-w-oredziu-przywodcy-panstw-i-organizacji-dziekuja-za-to-co-robimy-dla-ukrainy\/\",\"name\":\"Prezydent Duda w or\u0119dziu - przyw\u00f3dcy pa\u0144stw i organizacji dzi\u0119kuj\u0105 za to, co robimy dla Ukrainy\u00a0 - Godno\u015b\u0107 - DignityNews.eu\",\"isPartOf\":{\"@id\":\"https:\/\/dignitynews.eu\/pl\/#website\"},\"datePublished\":\"2022-03-25T10:52:48+00:00\",\"dateModified\":\"2022-03-25T11:03:37+00:00\",\"author\":{\"@id\":\"https:\/\/dignitynews.eu\/pl\/#\/schema\/person\/4d8f570a0fd5c310685d78d9e520982c\"},\"breadcrumb\":{\"@id\":\"https:\/\/dignitynews.eu\/pl\/prezydent-duda-w-oredziu-przywodcy-panstw-i-organizacji-dziekuja-za-to-co-robimy-dla-ukrainy\/#breadcrumb\"},\"inLanguage\":\"pl-PL\",\"potentialAction\":[{\"@type\":\"ReadAction\",\"target\":[\"https:\/\/dignitynews.eu\/pl\/prezydent-duda-w-oredziu-przywodcy-panstw-i-organizacji-dziekuja-za-to-co-robimy-dla-ukrainy\/\"]}]},{\"@type\":\"BreadcrumbList\",\"@id\":\"https:\/\/dignitynews.eu\/pl\/prezydent-duda-w-oredziu-przywodcy-panstw-i-organizacji-dziekuja-za-to-co-robimy-dla-ukrainy\/#breadcrumb\",\"itemListElement\":[{\"@type\":\"ListItem\",\"position\":1,\"name\":\"Strona g\u0142\u00f3wna\",\"item\":\"https:\/\/dignitynews.eu\/pl\/\"},{\"@type\":\"ListItem\",\"position\":2,\"name\":\"Prezydent Duda w or\u0119dziu &#8211; przyw\u00f3dcy pa\u0144stw i organizacji dzi\u0119kuj\u0105 za to, co robimy dla Ukrainy\u00a0\"}]},{\"@type\":\"Person\",\"@id\":\"https:\/\/dignitynews.eu\/pl\/#\/schema\/person\/4d8f570a0fd5c310685d78d9e520982c\",\"name\":\"DignityNews.eu\",\"image\":{\"@type\":\"ImageObject\",\"inLanguage\":\"pl-PL\",\"@id\":\"https:\/\/dignitynews.eu\/pl\/#\/schema\/person\/image\/\",\"url\":\"https:\/\/secure.gravatar.com\/avatar\/b9fb3aa3cd2d5d3a6d24e67a6b58bc2980bf0c7f7bd3657a6322b8df227da3d9?s=96&d=mm&r=g\",\"contentUrl\":\"https:\/\/secure.gravatar.com\/avatar\/b9fb3aa3cd2d5d3a6d24e67a6b58bc2980bf0c7f7bd3657a6322b8df227da3d9?s=96&d=mm&r=g\",\"caption\":\"DignityNews.eu\"},\"sameAs\":[\"aleksandra\"],\"url\":\"https:\/\/dignitynews.eu\/pl\/author\/aleksandra\/\"}]}<\/script>\n<!-- \/ Yoast SEO plugin. -->","yoast_head_json":{"title":"Prezydent Duda w or\u0119dziu - przyw\u00f3dcy pa\u0144stw i organizacji dzi\u0119kuj\u0105 za to, co robimy dla Ukrainy\u00a0 - Godno\u015b\u0107 - DignityNews.eu","robots":{"index":"index","follow":"follow","max-snippet":"max-snippet:-1","max-image-preview":"max-image-preview:large","max-video-preview":"max-video-preview:-1"},"canonical":"https:\/\/dignitynews.eu\/pl\/prezydent-duda-w-oredziu-przywodcy-panstw-i-organizacji-dziekuja-za-to-co-robimy-dla-ukrainy\/","og_locale":"pl_PL","og_type":"article","og_title":"Prezydent Duda w or\u0119dziu - przyw\u00f3dcy pa\u0144stw i organizacji dzi\u0119kuj\u0105 za to, co robimy dla Ukrainy\u00a0 - Godno\u015b\u0107 - DignityNews.eu","og_description":"Rosyjska agresja doprowadzi\u0142a do najwi\u0119kszego kryzysu \u015bwiatowego bezpiecze\u0144stwa od zako\u0144czenia II wojny \u015bwiatowej &#8211; powiedzia\u0142 Andrzej Duda w or\u0119dziu do narodu w miesi\u0105c po rozpocz\u0119ciu rosyjskiej napa\u015bci na Ukrainie. W&hellip;","og_url":"https:\/\/dignitynews.eu\/pl\/prezydent-duda-w-oredziu-przywodcy-panstw-i-organizacji-dziekuja-za-to-co-robimy-dla-ukrainy\/","og_site_name":"Godno\u015b\u0107 - DignityNews.eu","article_published_time":"2022-03-25T10:52:48+00:00","article_modified_time":"2022-03-25T11:03:37+00:00","og_image":[{"width":1500,"height":1305,"url":"https:\/\/dignitynews.eu\/wp-content\/uploads\/2022\/03\/Prezydent-Duda-oredzie-po-szczycie-w-Brukseli-fot.-Wojciech-Olkusnik-East-News.jpg","type":"image\/jpeg"}],"author":"DignityNews.eu","twitter_card":"summary_large_image","twitter_misc":{"Napisane przez":"DignityNews.eu","Szacowany czas czytania":"3 minuty"},"schema":{"@context":"https:\/\/schema.org","@graph":[{"@type":"WebSite","@id":"https:\/\/dignitynews.eu\/pl\/#website","url":"https:\/\/dignitynews.eu\/pl\/","name":"Godno\u015b\u0107 - DignityNews.eu","description":"","potentialAction":[{"@type":"SearchAction","target":{"@type":"EntryPoint","urlTemplate":"https:\/\/dignitynews.eu\/pl\/?s={search_term_string}"},"query-input":"required name=search_term_string"}],"inLanguage":"pl-PL"},{"@type":"WebPage","@id":"https:\/\/dignitynews.eu\/pl\/prezydent-duda-w-oredziu-przywodcy-panstw-i-organizacji-dziekuja-za-to-co-robimy-dla-ukrainy\/","url":"https:\/\/dignitynews.eu\/pl\/prezydent-duda-w-oredziu-przywodcy-panstw-i-organizacji-dziekuja-za-to-co-robimy-dla-ukrainy\/","name":"Prezydent Duda w or\u0119dziu - przyw\u00f3dcy pa\u0144stw i organizacji dzi\u0119kuj\u0105 za to, co robimy dla Ukrainy\u00a0 - Godno\u015b\u0107 - DignityNews.eu","isPartOf":{"@id":"https:\/\/dignitynews.eu\/pl\/#website"},"datePublished":"2022-03-25T10:52:48+00:00","dateModified":"2022-03-25T11:03:37+00:00","author":{"@id":"https:\/\/dignitynews.eu\/pl\/#\/schema\/person\/4d8f570a0fd5c310685d78d9e520982c"},"breadcrumb":{"@id":"https:\/\/dignitynews.eu\/pl\/prezydent-duda-w-oredziu-przywodcy-panstw-i-organizacji-dziekuja-za-to-co-robimy-dla-ukrainy\/#breadcrumb"},"inLanguage":"pl-PL","potentialAction":[{"@type":"ReadAction","target":["https:\/\/dignitynews.eu\/pl\/prezydent-duda-w-oredziu-przywodcy-panstw-i-organizacji-dziekuja-za-to-co-robimy-dla-ukrainy\/"]}]},{"@type":"BreadcrumbList","@id":"https:\/\/dignitynews.eu\/pl\/prezydent-duda-w-oredziu-przywodcy-panstw-i-organizacji-dziekuja-za-to-co-robimy-dla-ukrainy\/#breadcrumb","itemListElement":[{"@type":"ListItem","position":1,"name":"Strona g\u0142\u00f3wna","item":"https:\/\/dignitynews.eu\/pl\/"},{"@type":"ListItem","position":2,"name":"Prezydent Duda w or\u0119dziu &#8211; przyw\u00f3dcy pa\u0144stw i organizacji dzi\u0119kuj\u0105 za to, co robimy dla Ukrainy\u00a0"}]},{"@type":"Person","@id":"https:\/\/dignitynews.eu\/pl\/#\/schema\/person\/4d8f570a0fd5c310685d78d9e520982c","name":"DignityNews.eu","image":{"@type":"ImageObject","inLanguage":"pl-PL","@id":"https:\/\/dignitynews.eu\/pl\/#\/schema\/person\/image\/","url":"https:\/\/secure.gravatar.com\/avatar\/b9fb3aa3cd2d5d3a6d24e67a6b58bc2980bf0c7f7bd3657a6322b8df227da3d9?s=96&d=mm&r=g","contentUrl":"https:\/\/secure.gravatar.com\/avatar\/b9fb3aa3cd2d5d3a6d24e67a6b58bc2980bf0c7f7bd3657a6322b8df227da3d9?s=96&d=mm&r=g","caption":"DignityNews.eu"},"sameAs":["aleksandra"],"url":"https:\/\/dignitynews.eu\/pl\/author\/aleksandra\/"}]}},"_links":{"self":[{"href":"https:\/\/dignitynews.eu\/pl\/wp-json\/wp\/v2\/posts\/11800","targetHints":{"allow":["GET"]}}],"collection":[{"href":"https:\/\/dignitynews.eu\/pl\/wp-json\/wp\/v2\/posts"}],"about":[{"href":"https:\/\/dignitynews.eu\/pl\/wp-json\/wp\/v2\/types\/post"}],"author":[{"embeddable":true,"href":"https:\/\/dignitynews.eu\/pl\/wp-json\/wp\/v2\/users\/3"}],"replies":[{"embeddable":true,"href":"https:\/\/dignitynews.eu\/pl\/wp-json\/wp\/v2\/comments?post=11800"}],"version-history":[{"count":1,"href":"https:\/\/dignitynews.eu\/pl\/wp-json\/wp\/v2\/posts\/11800\/revisions"}],"predecessor-version":[{"id":11806,"href":"https:\/\/dignitynews.eu\/pl\/wp-json\/wp\/v2\/posts\/11800\/revisions\/11806"}],"wp:featuredmedia":[{"embeddable":true,"href":"https:\/\/dignitynews.eu\/pl\/wp-json\/wp\/v2\/media\/11801"}],"wp:attachment":[{"href":"https:\/\/dignitynews.eu\/pl\/wp-json\/wp\/v2\/media?parent=11800"}],"wp:term":[{"taxonomy":"category","embeddable":true,"href":"https:\/\/dignitynews.eu\/pl\/wp-json\/wp\/v2\/categories?post=11800"},{"taxonomy":"post_tag","embeddable":true,"href":"https:\/\/dignitynews.eu\/pl\/wp-json\/wp\/v2\/tags?post=11800"}],"curies":[{"name":"wp","href":"https:\/\/api.w.org\/{rel}","templated":true}]}}