{"id":11301,"date":"2022-03-22T09:56:48","date_gmt":"2022-03-22T08:56:48","guid":{"rendered":"https:\/\/dignitynews.eu\/?p=11301"},"modified":"2022-03-22T11:00:07","modified_gmt":"2022-03-22T10:00:07","slug":"pawilon-polski-na-expo-z-nagroda-best-large-pavilion","status":"publish","type":"post","link":"https:\/\/dignitynews.eu\/pl\/pawilon-polski-na-expo-z-nagroda-best-large-pavilion\/","title":{"rendered":"Pawilon Polski na EXPO z nagrod\u0105 Best Large Pavilion"},"content":{"rendered":"<h5><b>Pawilon Polski na Expo w Dubaju otrzyma\u0142 nagrod\u0119 Best Large Pavilion (w kategorii du\u017cych pawilon\u00f3w) w konkursie World Expo Awards organizowanym przez \u201eExhibitor Magazine\u201d. Projekt pawilonu to wsp\u00f3lne dzie\u0142o polskiej pracowni\u00a0WXCA\u00a0i szwajcarskiego studia\u00a0Bellprat Partner.<\/b><\/h5>\n<p>Siedemnastu juror\u00f3w z\u00a0ca\u0142ego \u015bwiata uzna\u0142o Pawilon Polski za jeden z\u00a0najbardziej eleganckich i\u00a0wysublimowanych \u2014 dojrza\u0142e, edukacyjne i\u00a0inspiruj\u0105ce do\u015bwiadczenie.\u00a0Pawilon, kt\u00f3ry niczego nie narzuca odwiedzaj\u0105cym \u2013 oceni\u0142o jury.<\/p>\n<p>Docenienie naszego dzie\u0142a przez mi\u0119dzynarodowe jury ekspert\u00f3w niezwykle nas tw\u00f3rc\u00f3w cieszy i napawa dum\u0105. Opowie\u015b\u0107, kt\u00f3r\u0105 prowadzili\u015bmy j\u0119zykiem architektury, o polskiej kreatywno\u015bci inspirowanej natur\u0105, wsp\u00f3\u0142istnieniu cz\u0142owieka i natury, naszej wsp\u00f3lnej odpowiedzialno\u015bci za planet\u0119, sile jedno\u015bci w r\u00f3\u017cnorodno\u015bci, jest wa\u017cnym g\u0142osem w \u015bwiatowej dyskusji, jaka toczy si\u0119 w Dubaju \u2013 powiedzia\u0142a Marta S\u0119kulska-Wro\u0144ska z pracowni WXCA, wsp\u00f3\u0142autorka pawilonu.<\/p>\n<p>Pawilon Polski jest jedn\u0105 z najbardziej spektakularnych interpretacji motywu przewodniego EXPO, jakim jest troska o natur\u0119.<\/p>\n<p>W ocenie jury pawilon motywuje do eksploracji bogactwa naturalnego, kulturalnego i intelektualnego Polski. Zaprasza do wsp\u00f3lnej fascynacji m\u0105dro\u015bci\u0105 natury, poznawania \u017ar\u00f3de\u0142 polskiej kreatywno\u015bci. Inspiruje i zach\u0119ca do zatrzymania si\u0119 i g\u0142\u0119bszej refleksji nad wp\u0142ywem jednostki na losy \u015bwiata i planety, si\u0142\u0105 r\u00f3\u017cnorodno\u015bci. Pozwala do\u015bwiadczy\u0107, \u017ce ka\u017cdy z nas jest cz\u0119\u015bci\u0105 wsp\u00f3lnoty, a nasze dzia\u0142ania maj\u0105 znaczenie.<\/p>\n<p>W kategorii bardzo du\u017cych pawilon\u00f3w wygra\u0142a Arabia Saudyjska, w \u015brednich Szwajcaria, a w ma\u0142ych Vision Pavilion.<\/p>\n<p>Adrian Andrzejewski<\/p>\n","protected":false},"excerpt":{"rendered":"<p>Pawilon Polski na Expo w Dubaju otrzyma\u0142 nagrod\u0119 Best Large Pavilion (w kategorii du\u017cych pawilon\u00f3w) w konkursie World Expo Awards organizowanym przez \u201eExhibitor Magazine\u201d. Projekt pawilonu to wsp\u00f3lne dzie\u0142o polskiej&hellip;<\/p>\n","protected":false},"author":3,"featured_media":11302,"comment_status":"closed","ping_status":"open","sticky":false,"template":"","format":"standard","meta":{"_mi_skip_tracking":false,"footnotes":""},"categories":[47],"tags":[],"class_list":["post-11301","post","type-post","status-publish","format-standard","has-post-thumbnail","hentry","category-wydarzenia"],"yoast_head":"<!-- This site is optimized with the Yoast SEO plugin v19.4 - https:\/\/yoast.com\/wordpress\/plugins\/seo\/ -->\n<title>Pawilon Polski na EXPO z nagrod\u0105 Best Large Pavilion - Godno\u015b\u0107 - DignityNews.eu<\/title>\n<meta name=\"robots\" content=\"index, follow, max-snippet:-1, max-image-preview:large, max-video-preview:-1\" \/>\n<link rel=\"canonical\" href=\"https:\/\/dignitynews.eu\/pl\/pawilon-polski-na-expo-z-nagroda-best-large-pavilion\/\" \/>\n<meta property=\"og:locale\" content=\"pl_PL\" \/>\n<meta property=\"og:type\" content=\"article\" \/>\n<meta property=\"og:title\" content=\"Pawilon Polski na EXPO z nagrod\u0105 Best Large Pavilion - Godno\u015b\u0107 - DignityNews.eu\" \/>\n<meta property=\"og:description\" content=\"Pawilon Polski na Expo w Dubaju otrzyma\u0142 nagrod\u0119 Best Large Pavilion (w kategorii du\u017cych pawilon\u00f3w) w konkursie World Expo Awards organizowanym przez \u201eExhibitor Magazine\u201d. Projekt pawilonu to wsp\u00f3lne dzie\u0142o polskiej&hellip;\" \/>\n<meta property=\"og:url\" content=\"https:\/\/dignitynews.eu\/pl\/pawilon-polski-na-expo-z-nagroda-best-large-pavilion\/\" \/>\n<meta property=\"og:site_name\" content=\"Godno\u015b\u0107 - DignityNews.eu\" \/>\n<meta property=\"article:published_time\" content=\"2022-03-22T08:56:48+00:00\" \/>\n<meta property=\"article:modified_time\" content=\"2022-03-22T10:00:07+00:00\" \/>\n<meta property=\"og:image\" content=\"https:\/\/dignitynews.eu\/wp-content\/uploads\/2022\/03\/Pawilon-Polski-fot.-WXCA.jpg\" \/>\n\t<meta property=\"og:image:width\" content=\"1500\" \/>\n\t<meta property=\"og:image:height\" content=\"846\" \/>\n\t<meta property=\"og:image:type\" content=\"image\/jpeg\" \/>\n<meta name=\"author\" content=\"DignityNews.eu\" \/>\n<meta name=\"twitter:card\" content=\"summary_large_image\" \/>\n<meta name=\"twitter:label1\" content=\"Napisane przez\" \/>\n\t<meta name=\"twitter:data1\" content=\"DignityNews.eu\" \/>\n\t<meta name=\"twitter:label2\" content=\"Szacowany czas czytania\" \/>\n\t<meta name=\"twitter:data2\" content=\"2 minuty\" \/>\n<script type=\"application\/ld+json\" class=\"yoast-schema-graph\">{\"@context\":\"https:\/\/schema.org\",\"@graph\":[{\"@type\":\"WebSite\",\"@id\":\"https:\/\/dignitynews.eu\/pl\/#website\",\"url\":\"https:\/\/dignitynews.eu\/pl\/\",\"name\":\"Godno\u015b\u0107 - DignityNews.eu\",\"description\":\"\",\"potentialAction\":[{\"@type\":\"SearchAction\",\"target\":{\"@type\":\"EntryPoint\",\"urlTemplate\":\"https:\/\/dignitynews.eu\/pl\/?s={search_term_string}\"},\"query-input\":\"required name=search_term_string\"}],\"inLanguage\":\"pl-PL\"},{\"@type\":\"WebPage\",\"@id\":\"https:\/\/dignitynews.eu\/pl\/pawilon-polski-na-expo-z-nagroda-best-large-pavilion\/\",\"url\":\"https:\/\/dignitynews.eu\/pl\/pawilon-polski-na-expo-z-nagroda-best-large-pavilion\/\",\"name\":\"Pawilon Polski na EXPO z nagrod\u0105 Best Large Pavilion - Godno\u015b\u0107 - DignityNews.eu\",\"isPartOf\":{\"@id\":\"https:\/\/dignitynews.eu\/pl\/#website\"},\"datePublished\":\"2022-03-22T08:56:48+00:00\",\"dateModified\":\"2022-03-22T10:00:07+00:00\",\"author\":{\"@id\":\"https:\/\/dignitynews.eu\/pl\/#\/schema\/person\/4d8f570a0fd5c310685d78d9e520982c\"},\"breadcrumb\":{\"@id\":\"https:\/\/dignitynews.eu\/pl\/pawilon-polski-na-expo-z-nagroda-best-large-pavilion\/#breadcrumb\"},\"inLanguage\":\"pl-PL\",\"potentialAction\":[{\"@type\":\"ReadAction\",\"target\":[\"https:\/\/dignitynews.eu\/pl\/pawilon-polski-na-expo-z-nagroda-best-large-pavilion\/\"]}]},{\"@type\":\"BreadcrumbList\",\"@id\":\"https:\/\/dignitynews.eu\/pl\/pawilon-polski-na-expo-z-nagroda-best-large-pavilion\/#breadcrumb\",\"itemListElement\":[{\"@type\":\"ListItem\",\"position\":1,\"name\":\"Strona g\u0142\u00f3wna\",\"item\":\"https:\/\/dignitynews.eu\/pl\/\"},{\"@type\":\"ListItem\",\"position\":2,\"name\":\"Pawilon Polski na EXPO z nagrod\u0105 Best Large Pavilion\"}]},{\"@type\":\"Person\",\"@id\":\"https:\/\/dignitynews.eu\/pl\/#\/schema\/person\/4d8f570a0fd5c310685d78d9e520982c\",\"name\":\"DignityNews.eu\",\"image\":{\"@type\":\"ImageObject\",\"inLanguage\":\"pl-PL\",\"@id\":\"https:\/\/dignitynews.eu\/pl\/#\/schema\/person\/image\/\",\"url\":\"https:\/\/secure.gravatar.com\/avatar\/b9fb3aa3cd2d5d3a6d24e67a6b58bc2980bf0c7f7bd3657a6322b8df227da3d9?s=96&d=mm&r=g\",\"contentUrl\":\"https:\/\/secure.gravatar.com\/avatar\/b9fb3aa3cd2d5d3a6d24e67a6b58bc2980bf0c7f7bd3657a6322b8df227da3d9?s=96&d=mm&r=g\",\"caption\":\"DignityNews.eu\"},\"sameAs\":[\"aleksandra\"],\"url\":\"https:\/\/dignitynews.eu\/pl\/author\/aleksandra\/\"}]}<\/script>\n<!-- \/ Yoast SEO plugin. -->","yoast_head_json":{"title":"Pawilon Polski na EXPO z nagrod\u0105 Best Large Pavilion - Godno\u015b\u0107 - DignityNews.eu","robots":{"index":"index","follow":"follow","max-snippet":"max-snippet:-1","max-image-preview":"max-image-preview:large","max-video-preview":"max-video-preview:-1"},"canonical":"https:\/\/dignitynews.eu\/pl\/pawilon-polski-na-expo-z-nagroda-best-large-pavilion\/","og_locale":"pl_PL","og_type":"article","og_title":"Pawilon Polski na EXPO z nagrod\u0105 Best Large Pavilion - Godno\u015b\u0107 - DignityNews.eu","og_description":"Pawilon Polski na Expo w Dubaju otrzyma\u0142 nagrod\u0119 Best Large Pavilion (w kategorii du\u017cych pawilon\u00f3w) w konkursie World Expo Awards organizowanym przez \u201eExhibitor Magazine\u201d. Projekt pawilonu to wsp\u00f3lne dzie\u0142o polskiej&hellip;","og_url":"https:\/\/dignitynews.eu\/pl\/pawilon-polski-na-expo-z-nagroda-best-large-pavilion\/","og_site_name":"Godno\u015b\u0107 - DignityNews.eu","article_published_time":"2022-03-22T08:56:48+00:00","article_modified_time":"2022-03-22T10:00:07+00:00","og_image":[{"width":1500,"height":846,"url":"https:\/\/dignitynews.eu\/wp-content\/uploads\/2022\/03\/Pawilon-Polski-fot.-WXCA.jpg","type":"image\/jpeg"}],"author":"DignityNews.eu","twitter_card":"summary_large_image","twitter_misc":{"Napisane przez":"DignityNews.eu","Szacowany czas czytania":"2 minuty"},"schema":{"@context":"https:\/\/schema.org","@graph":[{"@type":"WebSite","@id":"https:\/\/dignitynews.eu\/pl\/#website","url":"https:\/\/dignitynews.eu\/pl\/","name":"Godno\u015b\u0107 - DignityNews.eu","description":"","potentialAction":[{"@type":"SearchAction","target":{"@type":"EntryPoint","urlTemplate":"https:\/\/dignitynews.eu\/pl\/?s={search_term_string}"},"query-input":"required name=search_term_string"}],"inLanguage":"pl-PL"},{"@type":"WebPage","@id":"https:\/\/dignitynews.eu\/pl\/pawilon-polski-na-expo-z-nagroda-best-large-pavilion\/","url":"https:\/\/dignitynews.eu\/pl\/pawilon-polski-na-expo-z-nagroda-best-large-pavilion\/","name":"Pawilon Polski na EXPO z nagrod\u0105 Best Large Pavilion - Godno\u015b\u0107 - DignityNews.eu","isPartOf":{"@id":"https:\/\/dignitynews.eu\/pl\/#website"},"datePublished":"2022-03-22T08:56:48+00:00","dateModified":"2022-03-22T10:00:07+00:00","author":{"@id":"https:\/\/dignitynews.eu\/pl\/#\/schema\/person\/4d8f570a0fd5c310685d78d9e520982c"},"breadcrumb":{"@id":"https:\/\/dignitynews.eu\/pl\/pawilon-polski-na-expo-z-nagroda-best-large-pavilion\/#breadcrumb"},"inLanguage":"pl-PL","potentialAction":[{"@type":"ReadAction","target":["https:\/\/dignitynews.eu\/pl\/pawilon-polski-na-expo-z-nagroda-best-large-pavilion\/"]}]},{"@type":"BreadcrumbList","@id":"https:\/\/dignitynews.eu\/pl\/pawilon-polski-na-expo-z-nagroda-best-large-pavilion\/#breadcrumb","itemListElement":[{"@type":"ListItem","position":1,"name":"Strona g\u0142\u00f3wna","item":"https:\/\/dignitynews.eu\/pl\/"},{"@type":"ListItem","position":2,"name":"Pawilon Polski na EXPO z nagrod\u0105 Best Large Pavilion"}]},{"@type":"Person","@id":"https:\/\/dignitynews.eu\/pl\/#\/schema\/person\/4d8f570a0fd5c310685d78d9e520982c","name":"DignityNews.eu","image":{"@type":"ImageObject","inLanguage":"pl-PL","@id":"https:\/\/dignitynews.eu\/pl\/#\/schema\/person\/image\/","url":"https:\/\/secure.gravatar.com\/avatar\/b9fb3aa3cd2d5d3a6d24e67a6b58bc2980bf0c7f7bd3657a6322b8df227da3d9?s=96&d=mm&r=g","contentUrl":"https:\/\/secure.gravatar.com\/avatar\/b9fb3aa3cd2d5d3a6d24e67a6b58bc2980bf0c7f7bd3657a6322b8df227da3d9?s=96&d=mm&r=g","caption":"DignityNews.eu"},"sameAs":["aleksandra"],"url":"https:\/\/dignitynews.eu\/pl\/author\/aleksandra\/"}]}},"_links":{"self":[{"href":"https:\/\/dignitynews.eu\/pl\/wp-json\/wp\/v2\/posts\/11301","targetHints":{"allow":["GET"]}}],"collection":[{"href":"https:\/\/dignitynews.eu\/pl\/wp-json\/wp\/v2\/posts"}],"about":[{"href":"https:\/\/dignitynews.eu\/pl\/wp-json\/wp\/v2\/types\/post"}],"author":[{"embeddable":true,"href":"https:\/\/dignitynews.eu\/pl\/wp-json\/wp\/v2\/users\/3"}],"replies":[{"embeddable":true,"href":"https:\/\/dignitynews.eu\/pl\/wp-json\/wp\/v2\/comments?post=11301"}],"version-history":[{"count":1,"href":"https:\/\/dignitynews.eu\/pl\/wp-json\/wp\/v2\/posts\/11301\/revisions"}],"predecessor-version":[{"id":11307,"href":"https:\/\/dignitynews.eu\/pl\/wp-json\/wp\/v2\/posts\/11301\/revisions\/11307"}],"wp:featuredmedia":[{"embeddable":true,"href":"https:\/\/dignitynews.eu\/pl\/wp-json\/wp\/v2\/media\/11302"}],"wp:attachment":[{"href":"https:\/\/dignitynews.eu\/pl\/wp-json\/wp\/v2\/media?parent=11301"}],"wp:term":[{"taxonomy":"category","embeddable":true,"href":"https:\/\/dignitynews.eu\/pl\/wp-json\/wp\/v2\/categories?post=11301"},{"taxonomy":"post_tag","embeddable":true,"href":"https:\/\/dignitynews.eu\/pl\/wp-json\/wp\/v2\/tags?post=11301"}],"curies":[{"name":"wp","href":"https:\/\/api.w.org\/{rel}","templated":true}]}}