{"id":10980,"date":"2022-03-18T12:29:18","date_gmt":"2022-03-18T11:29:18","guid":{"rendered":"https:\/\/dignitynews.eu\/?p=10980"},"modified":"2022-03-18T12:29:18","modified_gmt":"2022-03-18T11:29:18","slug":"premier-zapowiada-derusyfikacje-gospodarki-i-wdrozenie-tarczy-antyputinowskiej","status":"publish","type":"post","link":"https:\/\/dignitynews.eu\/pl\/premier-zapowiada-derusyfikacje-gospodarki-i-wdrozenie-tarczy-antyputinowskiej\/","title":{"rendered":"Premier zapowiada \u201ederusyfikacj\u0119\u201d gospodarki i wdro\u017cenie tarczy antyputinowskiej\u00a0"},"content":{"rendered":"<h5>Premier Mateusz Morawiecki na pi\u0105tkowej konferencji prasowej poinformowa\u0142, \u017ce rz\u0105d b\u0119dzie zajmowa\u0142 si\u0119 \u201ederusyfikacj\u0105\u201d polskiej i europejskiej gospodarki. Szef rz\u0105du zapowiedzia\u0142, \u017ce Polska b\u0119dzie przeciwdzia\u0142a\u0107 skutkom wojny w Ukrainie, kt\u00f3r\u0105 Polacy odczuj\u0105 we wzro\u015bcie inflacji.<\/h5>\n<p>&#8211; G\u0142\u00f3wnym celem jest zapobieganie wzrostowi cen \u017cywno\u015bci. W zwi\u0105zku z tym trzeba dzia\u0142a\u0107 u \u017ar\u00f3d\u0142a. Dzisiaj rolnicy ponosz\u0105 najwi\u0119ksze koszty na nawozy. Dlatego one b\u0119d\u0105 naszym pierwszym elementem tarczy antyputinowskiej \u2013 \u00a0stwierdzi\u0142 szef rz\u0105du podczas konferencji.<\/p>\n<p>Morawiecki m\u00f3wi\u0142 te\u017c o uniezale\u017cnieniu od dostaw gazu z Rosji i przeznaczeniu 3 mld z\u0142 na dokapitalizowanie sp\u00f3\u0142ki Gazsystem.<\/p>\n<p>&#8211; Polska g\u0142o\u015bno podnosi konieczno\u015b\u0107 zbudowania planu dla ca\u0142ej Europy w celu uniezale\u017cnienia si\u0119 od rosyjskiego gazu. Trzeba odej\u015b\u0107 od zale\u017cno\u015bci od Rosji. To b\u0119dzie kosztowa\u0107, ale to by\u0107 albo nie by\u0107 dla Europy. Wyb\u00f3r jest jasny. Albo stajemy wobec wolno\u015bci, suwerenno\u015bci, albo po stronie Putina -stwierdzi\u0142 premier.<\/p>\n<p>Szef polskiego rz\u0105du oceni\u0142, \u017ce skutki wojny b\u0119dziemy odczuwa\u0107 w inflacji, ale rz\u0105d b\u0119dzie stara\u0142 si\u0119 temu przeciwdzia\u0142a\u0107 i wdra\u017ca\u0107 kolejne dzia\u0142ania.<\/p>\n<p>&#8211; G\u0142\u00f3wnym celem jest zapobieganie wzrostowi cen \u017cywno\u015bci. W zwi\u0105zku z tym trzeba dzia\u0142a\u0107 u \u017ar\u00f3d\u0142a. Dzisiaj rolnicy ponosz\u0105 najwi\u0119ksze koszty przy zakupie nawoz\u00f3w. Dlatego one b\u0119d\u0105 naszym pierwszym elementem tarczy antyputinowskiej \u2013 zapowiedzia\u0142 premier.<\/p>\n<p>&#8211; B\u0119d\u0105 to dop\u0142aty w wysoko\u015bci 500 z\u0142 za ka\u017cdy hektar (do 50 ha) u\u017cytk\u00f3w rolnych i 250 z\u0142 za ka\u017cdy hektar \u0142\u0105k i pastwisk \u2013 powiedzia\u0142 Morawiecki i doda\u0142, \u017ce polski rz\u0105d b\u0119dzie zabiega\u0142 na forum Unijnym o mo\u017cliwo\u015b\u0107 pomocy dla producent\u00f3w nawoz\u00f3w.<\/p>\n<p>Obecny na konferencji minister rolnictwa i rozwoju wsi Henryk Kowalczyk, przekaza\u0142, \u017ce pomoc na zakup nawoz\u00f3w b\u0119dzie mog\u0142a by\u0107 udzielana od dnia og\u0142oszenia pozytywnej decyzji Komisji Europejskiej o jej zgodno\u015bci ze wsp\u00f3lnym rynkiem. Decyzja KE jest potrzebna, bo inaczej wyp\u0142ata \u015brodk\u00f3w by\u0142aby uznana za niedozwolon\u0105 pomoc finansow\u0105.<\/p>\n<p>Morawiecki m\u00f3wi\u0142 r\u00f3wnie\u017c o szanta\u017cu gazowym, kt\u00f3ry stosuje Rosja. &#8211; Szanta\u017c gazowy, pos\u0142ugiwanie si\u0119 nim jako elementem wojny, to dzia\u0142anie, kt\u00f3remu musimy przeciwdzia\u0142a\u0107 na wielu frontach \u2013 podkre\u015bli\u0142 szef rz\u0105du i zaproponowa\u0142 &#8211; jako alternatyw\u0119 dla rosyjskich surowc\u00f3w &#8211; gazoci\u0105g Baltic Pipe i rozszerzenie gazoportu w \u015awinouj\u015bciu.<\/p>\n<p>&#8211; Musimy my\u015ble\u0107 o tym nie jak o sprincie, ale jak o maratonie. Czekaj\u0105 nas turbulencje gospodarcze, ale chcemy wyj\u015b\u0107 z nich silniejsi \u2013 doda\u0142. Szef rz\u0105du i podkre\u015bli\u0142, \u017ce nie ma takiej ceny, kt\u00f3rej Wsp\u00f3lnota nie powinna ponie\u015b\u0107, by uniezale\u017cni\u0107 si\u0119 od rosyjskich surowc\u00f3w.<\/p>\n<p>Podczas konferencji prasowej wiceminister \u015brodowiska i klimatu Anna Moskwa poinformowa\u0142a, \u017ce rz\u0105d zdecydowa\u0142 si\u0119 przed\u0142u\u017cy\u0107 do 2027 r. taryfowanie energii dla odbiorc\u00f3w indywidualnych, ale te\u017c do taryfowania gazowego, w\u0142\u0105czy\u0107 wszystkich, kt\u00f3rzy zostali obj\u0119ci ustaw\u0105 gazow\u0105 ze stycznia.<\/p>\n<p>Arkadiusz S\u0142omczy\u0144ski<\/p>\n<p>&nbsp;<\/p>\n","protected":false},"excerpt":{"rendered":"<p>Premier Mateusz Morawiecki na pi\u0105tkowej konferencji prasowej poinformowa\u0142, \u017ce rz\u0105d b\u0119dzie zajmowa\u0142 si\u0119 \u201ederusyfikacj\u0105\u201d polskiej i europejskiej gospodarki. Szef rz\u0105du zapowiedzia\u0142, \u017ce Polska b\u0119dzie przeciwdzia\u0142a\u0107 skutkom wojny w Ukrainie, kt\u00f3r\u0105&hellip;<\/p>\n","protected":false},"author":3,"featured_media":10981,"comment_status":"closed","ping_status":"open","sticky":false,"template":"","format":"standard","meta":{"_mi_skip_tracking":false,"footnotes":""},"categories":[48],"tags":[],"class_list":["post-10980","post","type-post","status-publish","format-standard","has-post-thumbnail","hentry","category-gospodarka"],"yoast_head":"<!-- This site is optimized with the Yoast SEO plugin v19.4 - https:\/\/yoast.com\/wordpress\/plugins\/seo\/ -->\n<title>Premier zapowiada \u201ederusyfikacj\u0119\u201d gospodarki i wdro\u017cenie tarczy antyputinowskiej\u00a0 - Godno\u015b\u0107 - DignityNews.eu<\/title>\n<meta name=\"robots\" content=\"index, follow, max-snippet:-1, max-image-preview:large, max-video-preview:-1\" \/>\n<link rel=\"canonical\" href=\"https:\/\/dignitynews.eu\/pl\/premier-zapowiada-derusyfikacje-gospodarki-i-wdrozenie-tarczy-antyputinowskiej\/\" \/>\n<meta property=\"og:locale\" content=\"pl_PL\" \/>\n<meta property=\"og:type\" content=\"article\" \/>\n<meta property=\"og:title\" content=\"Premier zapowiada \u201ederusyfikacj\u0119\u201d gospodarki i wdro\u017cenie tarczy antyputinowskiej\u00a0 - Godno\u015b\u0107 - DignityNews.eu\" \/>\n<meta property=\"og:description\" content=\"Premier Mateusz Morawiecki na pi\u0105tkowej konferencji prasowej poinformowa\u0142, \u017ce rz\u0105d b\u0119dzie zajmowa\u0142 si\u0119 \u201ederusyfikacj\u0105\u201d polskiej i europejskiej gospodarki. Szef rz\u0105du zapowiedzia\u0142, \u017ce Polska b\u0119dzie przeciwdzia\u0142a\u0107 skutkom wojny w Ukrainie, kt\u00f3r\u0105&hellip;\" \/>\n<meta property=\"og:url\" content=\"https:\/\/dignitynews.eu\/pl\/premier-zapowiada-derusyfikacje-gospodarki-i-wdrozenie-tarczy-antyputinowskiej\/\" \/>\n<meta property=\"og:site_name\" content=\"Godno\u015b\u0107 - DignityNews.eu\" \/>\n<meta property=\"article:published_time\" content=\"2022-03-18T11:29:18+00:00\" \/>\n<meta property=\"og:image\" content=\"https:\/\/dignitynews.eu\/wp-content\/uploads\/2022\/03\/Premier-tarcza-antyputinowska-fot-Tomasz-Jastrzebowski-REPORTER1.jpg\" \/>\n\t<meta property=\"og:image:width\" content=\"1500\" \/>\n\t<meta property=\"og:image:height\" content=\"846\" \/>\n\t<meta property=\"og:image:type\" content=\"image\/jpeg\" \/>\n<meta name=\"author\" content=\"DignityNews.eu\" \/>\n<meta name=\"twitter:card\" content=\"summary_large_image\" \/>\n<meta name=\"twitter:label1\" content=\"Napisane przez\" \/>\n\t<meta name=\"twitter:data1\" content=\"DignityNews.eu\" \/>\n\t<meta name=\"twitter:label2\" content=\"Szacowany czas czytania\" \/>\n\t<meta name=\"twitter:data2\" content=\"3 minuty\" \/>\n<script type=\"application\/ld+json\" class=\"yoast-schema-graph\">{\"@context\":\"https:\/\/schema.org\",\"@graph\":[{\"@type\":\"WebSite\",\"@id\":\"https:\/\/dignitynews.eu\/pl\/#website\",\"url\":\"https:\/\/dignitynews.eu\/pl\/\",\"name\":\"Godno\u015b\u0107 - DignityNews.eu\",\"description\":\"\",\"potentialAction\":[{\"@type\":\"SearchAction\",\"target\":{\"@type\":\"EntryPoint\",\"urlTemplate\":\"https:\/\/dignitynews.eu\/pl\/?s={search_term_string}\"},\"query-input\":\"required name=search_term_string\"}],\"inLanguage\":\"pl-PL\"},{\"@type\":\"WebPage\",\"@id\":\"https:\/\/dignitynews.eu\/pl\/premier-zapowiada-derusyfikacje-gospodarki-i-wdrozenie-tarczy-antyputinowskiej\/\",\"url\":\"https:\/\/dignitynews.eu\/pl\/premier-zapowiada-derusyfikacje-gospodarki-i-wdrozenie-tarczy-antyputinowskiej\/\",\"name\":\"Premier zapowiada \u201ederusyfikacj\u0119\u201d gospodarki i wdro\u017cenie tarczy antyputinowskiej\u00a0 - Godno\u015b\u0107 - DignityNews.eu\",\"isPartOf\":{\"@id\":\"https:\/\/dignitynews.eu\/pl\/#website\"},\"datePublished\":\"2022-03-18T11:29:18+00:00\",\"dateModified\":\"2022-03-18T11:29:18+00:00\",\"author\":{\"@id\":\"https:\/\/dignitynews.eu\/pl\/#\/schema\/person\/4d8f570a0fd5c310685d78d9e520982c\"},\"breadcrumb\":{\"@id\":\"https:\/\/dignitynews.eu\/pl\/premier-zapowiada-derusyfikacje-gospodarki-i-wdrozenie-tarczy-antyputinowskiej\/#breadcrumb\"},\"inLanguage\":\"pl-PL\",\"potentialAction\":[{\"@type\":\"ReadAction\",\"target\":[\"https:\/\/dignitynews.eu\/pl\/premier-zapowiada-derusyfikacje-gospodarki-i-wdrozenie-tarczy-antyputinowskiej\/\"]}]},{\"@type\":\"BreadcrumbList\",\"@id\":\"https:\/\/dignitynews.eu\/pl\/premier-zapowiada-derusyfikacje-gospodarki-i-wdrozenie-tarczy-antyputinowskiej\/#breadcrumb\",\"itemListElement\":[{\"@type\":\"ListItem\",\"position\":1,\"name\":\"Strona g\u0142\u00f3wna\",\"item\":\"https:\/\/dignitynews.eu\/pl\/\"},{\"@type\":\"ListItem\",\"position\":2,\"name\":\"Premier zapowiada \u201ederusyfikacj\u0119\u201d gospodarki i wdro\u017cenie tarczy antyputinowskiej\u00a0\"}]},{\"@type\":\"Person\",\"@id\":\"https:\/\/dignitynews.eu\/pl\/#\/schema\/person\/4d8f570a0fd5c310685d78d9e520982c\",\"name\":\"DignityNews.eu\",\"image\":{\"@type\":\"ImageObject\",\"inLanguage\":\"pl-PL\",\"@id\":\"https:\/\/dignitynews.eu\/pl\/#\/schema\/person\/image\/\",\"url\":\"https:\/\/secure.gravatar.com\/avatar\/b9fb3aa3cd2d5d3a6d24e67a6b58bc2980bf0c7f7bd3657a6322b8df227da3d9?s=96&d=mm&r=g\",\"contentUrl\":\"https:\/\/secure.gravatar.com\/avatar\/b9fb3aa3cd2d5d3a6d24e67a6b58bc2980bf0c7f7bd3657a6322b8df227da3d9?s=96&d=mm&r=g\",\"caption\":\"DignityNews.eu\"},\"sameAs\":[\"aleksandra\"],\"url\":\"https:\/\/dignitynews.eu\/pl\/author\/aleksandra\/\"}]}<\/script>\n<!-- \/ Yoast SEO plugin. -->","yoast_head_json":{"title":"Premier zapowiada \u201ederusyfikacj\u0119\u201d gospodarki i wdro\u017cenie tarczy antyputinowskiej\u00a0 - Godno\u015b\u0107 - DignityNews.eu","robots":{"index":"index","follow":"follow","max-snippet":"max-snippet:-1","max-image-preview":"max-image-preview:large","max-video-preview":"max-video-preview:-1"},"canonical":"https:\/\/dignitynews.eu\/pl\/premier-zapowiada-derusyfikacje-gospodarki-i-wdrozenie-tarczy-antyputinowskiej\/","og_locale":"pl_PL","og_type":"article","og_title":"Premier zapowiada \u201ederusyfikacj\u0119\u201d gospodarki i wdro\u017cenie tarczy antyputinowskiej\u00a0 - Godno\u015b\u0107 - DignityNews.eu","og_description":"Premier Mateusz Morawiecki na pi\u0105tkowej konferencji prasowej poinformowa\u0142, \u017ce rz\u0105d b\u0119dzie zajmowa\u0142 si\u0119 \u201ederusyfikacj\u0105\u201d polskiej i europejskiej gospodarki. Szef rz\u0105du zapowiedzia\u0142, \u017ce Polska b\u0119dzie przeciwdzia\u0142a\u0107 skutkom wojny w Ukrainie, kt\u00f3r\u0105&hellip;","og_url":"https:\/\/dignitynews.eu\/pl\/premier-zapowiada-derusyfikacje-gospodarki-i-wdrozenie-tarczy-antyputinowskiej\/","og_site_name":"Godno\u015b\u0107 - DignityNews.eu","article_published_time":"2022-03-18T11:29:18+00:00","og_image":[{"width":1500,"height":846,"url":"https:\/\/dignitynews.eu\/wp-content\/uploads\/2022\/03\/Premier-tarcza-antyputinowska-fot-Tomasz-Jastrzebowski-REPORTER1.jpg","type":"image\/jpeg"}],"author":"DignityNews.eu","twitter_card":"summary_large_image","twitter_misc":{"Napisane przez":"DignityNews.eu","Szacowany czas czytania":"3 minuty"},"schema":{"@context":"https:\/\/schema.org","@graph":[{"@type":"WebSite","@id":"https:\/\/dignitynews.eu\/pl\/#website","url":"https:\/\/dignitynews.eu\/pl\/","name":"Godno\u015b\u0107 - DignityNews.eu","description":"","potentialAction":[{"@type":"SearchAction","target":{"@type":"EntryPoint","urlTemplate":"https:\/\/dignitynews.eu\/pl\/?s={search_term_string}"},"query-input":"required name=search_term_string"}],"inLanguage":"pl-PL"},{"@type":"WebPage","@id":"https:\/\/dignitynews.eu\/pl\/premier-zapowiada-derusyfikacje-gospodarki-i-wdrozenie-tarczy-antyputinowskiej\/","url":"https:\/\/dignitynews.eu\/pl\/premier-zapowiada-derusyfikacje-gospodarki-i-wdrozenie-tarczy-antyputinowskiej\/","name":"Premier zapowiada \u201ederusyfikacj\u0119\u201d gospodarki i wdro\u017cenie tarczy antyputinowskiej\u00a0 - Godno\u015b\u0107 - DignityNews.eu","isPartOf":{"@id":"https:\/\/dignitynews.eu\/pl\/#website"},"datePublished":"2022-03-18T11:29:18+00:00","dateModified":"2022-03-18T11:29:18+00:00","author":{"@id":"https:\/\/dignitynews.eu\/pl\/#\/schema\/person\/4d8f570a0fd5c310685d78d9e520982c"},"breadcrumb":{"@id":"https:\/\/dignitynews.eu\/pl\/premier-zapowiada-derusyfikacje-gospodarki-i-wdrozenie-tarczy-antyputinowskiej\/#breadcrumb"},"inLanguage":"pl-PL","potentialAction":[{"@type":"ReadAction","target":["https:\/\/dignitynews.eu\/pl\/premier-zapowiada-derusyfikacje-gospodarki-i-wdrozenie-tarczy-antyputinowskiej\/"]}]},{"@type":"BreadcrumbList","@id":"https:\/\/dignitynews.eu\/pl\/premier-zapowiada-derusyfikacje-gospodarki-i-wdrozenie-tarczy-antyputinowskiej\/#breadcrumb","itemListElement":[{"@type":"ListItem","position":1,"name":"Strona g\u0142\u00f3wna","item":"https:\/\/dignitynews.eu\/pl\/"},{"@type":"ListItem","position":2,"name":"Premier zapowiada \u201ederusyfikacj\u0119\u201d gospodarki i wdro\u017cenie tarczy antyputinowskiej\u00a0"}]},{"@type":"Person","@id":"https:\/\/dignitynews.eu\/pl\/#\/schema\/person\/4d8f570a0fd5c310685d78d9e520982c","name":"DignityNews.eu","image":{"@type":"ImageObject","inLanguage":"pl-PL","@id":"https:\/\/dignitynews.eu\/pl\/#\/schema\/person\/image\/","url":"https:\/\/secure.gravatar.com\/avatar\/b9fb3aa3cd2d5d3a6d24e67a6b58bc2980bf0c7f7bd3657a6322b8df227da3d9?s=96&d=mm&r=g","contentUrl":"https:\/\/secure.gravatar.com\/avatar\/b9fb3aa3cd2d5d3a6d24e67a6b58bc2980bf0c7f7bd3657a6322b8df227da3d9?s=96&d=mm&r=g","caption":"DignityNews.eu"},"sameAs":["aleksandra"],"url":"https:\/\/dignitynews.eu\/pl\/author\/aleksandra\/"}]}},"_links":{"self":[{"href":"https:\/\/dignitynews.eu\/pl\/wp-json\/wp\/v2\/posts\/10980","targetHints":{"allow":["GET"]}}],"collection":[{"href":"https:\/\/dignitynews.eu\/pl\/wp-json\/wp\/v2\/posts"}],"about":[{"href":"https:\/\/dignitynews.eu\/pl\/wp-json\/wp\/v2\/types\/post"}],"author":[{"embeddable":true,"href":"https:\/\/dignitynews.eu\/pl\/wp-json\/wp\/v2\/users\/3"}],"replies":[{"embeddable":true,"href":"https:\/\/dignitynews.eu\/pl\/wp-json\/wp\/v2\/comments?post=10980"}],"version-history":[{"count":1,"href":"https:\/\/dignitynews.eu\/pl\/wp-json\/wp\/v2\/posts\/10980\/revisions"}],"predecessor-version":[{"id":10986,"href":"https:\/\/dignitynews.eu\/pl\/wp-json\/wp\/v2\/posts\/10980\/revisions\/10986"}],"wp:featuredmedia":[{"embeddable":true,"href":"https:\/\/dignitynews.eu\/pl\/wp-json\/wp\/v2\/media\/10981"}],"wp:attachment":[{"href":"https:\/\/dignitynews.eu\/pl\/wp-json\/wp\/v2\/media?parent=10980"}],"wp:term":[{"taxonomy":"category","embeddable":true,"href":"https:\/\/dignitynews.eu\/pl\/wp-json\/wp\/v2\/categories?post=10980"},{"taxonomy":"post_tag","embeddable":true,"href":"https:\/\/dignitynews.eu\/pl\/wp-json\/wp\/v2\/tags?post=10980"}],"curies":[{"name":"wp","href":"https:\/\/api.w.org\/{rel}","templated":true}]}}