{"id":10918,"date":"2022-03-18T10:20:43","date_gmt":"2022-03-18T09:20:43","guid":{"rendered":"https:\/\/dignitynews.eu\/?p=10918"},"modified":"2022-03-18T10:20:43","modified_gmt":"2022-03-18T09:20:43","slug":"wojny-z-indianami-i-kto-wymyslil-szalas-czyli-klopoty-ubogich-dzieci-warszawskich-na-koloniach-letnich","status":"publish","type":"post","link":"https:\/\/dignitynews.eu\/pl\/wojny-z-indianami-i-kto-wymyslil-szalas-czyli-klopoty-ubogich-dzieci-warszawskich-na-koloniach-letnich\/","title":{"rendered":"Wojny z Indianami i kto wymy\u015bli\u0142 sza\u0142as? Czyli \u201ek\u0142opoty\u201d ubogich dzieci warszawskich na koloniach letnich"},"content":{"rendered":"<h5>Jedn\u0105 z najbardziej udanych polskich inicjatyw spo\u0142ecznych drugiej po\u0142owy XIX wieku by\u0142a organizacja kolonii letnich dla dzieci z najubo\u017cszych rodzina warszawskich. Inicjatorem i wieloletnim koordynatorem tej akcji by\u0142 znany lekarz i dzia\u0142acz spo\u0142eczny Stanis\u0142aw Markiewicz (1839-1911). Kolonie by\u0142y jego najs\u0142ynniejszym dokonaniem, a poza tym usilnie stara\u0142 si\u0119 o poprawienie warunk\u00f3w sanitarnych Warszawy. Pracowa\u0142 m.in. w komitecie zajmuj\u0105cym si\u0119 przebudow\u0105 kanalizacji miejskiej, dzia\u0142a\u0142 na rzecz poszerzania teren\u00f3w zielonych w mie\u015bcie, poza tym zajmowa\u0142 si\u0119 higien\u0105 szk\u00f3\u0142, zapewnieniem \u201eszklanki mleka\u201d dzieciom i niemowl\u0119tom oraz publikowa\u0142 naukowo.<\/h5>\n<p>Pierwsze kolonie letnie zorganizowano w 1881 r. Rok p\u00f3\u017aniej powsta\u0142 Komitet Kolonii Letnich. Wakacje te organizowano dla\u00a0 dzieci w wieku od 8 do 13 lat, kt\u00f3re mia\u0142y s\u0142abe zdrowie, a zarazem pochodzi\u0142y z najubo\u017cszych rodzin. Wsparcie obejmowa\u0142o wszystkie rodziny bez wzgl\u0119du na wyznanie.<\/p>\n<p>Wieloletnie powodzenie tej inicjatywy by\u0142o mo\u017cliwe dzi\u0119ki szerokiemu zaanga\u017cowaniu spo\u0142ecznemu. Stanis\u0142awa Markiewicza wspierali inni warszawscy lekarze, a prasa regularnie drukowa\u0142a apele o przeznaczanie prywatnych funduszy na tego typu przedsi\u0119wzi\u0119cia. Kto za\u015b m\u00f3g\u0142, np. w\u0142a\u015bciciele maj\u0105tk\u00f3w, go\u015bci\u0142 u siebie na wsiach dzieci. Tu, z dala od zaduchu miejskiego mali podopieczni mogli podreperowa\u0107 swoje nadw\u0105tlone zdrowie.<\/p>\n<p>W organizacj\u0119 kolonii letnich anga\u017cowa\u0142 si\u0119 tak\u017ce s\u0142ynny \u017cydowski lekarz i pedagog Janusz Korczak (1878-1942), kt\u00f3ry czuwa\u0142 nad zdrowiem dzieci, a tak\u017ce pracowa\u0142 jako opiekun i wychowawca. Przybli\u017ca\u0142 tak\u017ce opinii warszawskiej \u017cycie <i>male\u0144kiej Rzeczypospolitej <\/i>(\u201eKurier Poranny\u201d 1909), atmosfer\u0119 i urok kolonii. Opowiada\u0142 o beztroskich zmartwieniach podopiecznych, pa\u0144stewkach powstaj\u0105cych podczas budowy sza\u0142as\u00f3w i wykorzystaniu spontanicznej aktywno\u015bci dzieci w pracy wychowawczej.<\/p>\n<p>Komitet Kolonii Letnich zosta\u0142 zalegalizowany przez zaborcze w\u0142adze rosyjskie w drugiej po\u0142owie lat 90. XIX wieku jako Towarzystwo Kolonii Letnich dla Ubogiej i S\u0142abowitej Dziatwy Warszawy. Dzia\u0142a\u0142o ono a\u017c do 1939 r.<\/p>\n","protected":false},"excerpt":{"rendered":"<p>Jedn\u0105 z najbardziej udanych polskich inicjatyw spo\u0142ecznych drugiej po\u0142owy XIX wieku by\u0142a organizacja kolonii letnich dla dzieci z najubo\u017cszych rodzina warszawskich. Inicjatorem i wieloletnim koordynatorem tej akcji by\u0142 znany lekarz&hellip;<\/p>\n","protected":false},"author":3,"featured_media":10919,"comment_status":"closed","ping_status":"open","sticky":false,"template":"","format":"standard","meta":{"_mi_skip_tracking":false,"footnotes":""},"categories":[46],"tags":[],"class_list":["post-10918","post","type-post","status-publish","format-standard","has-post-thumbnail","hentry","category-historia"],"yoast_head":"<!-- This site is optimized with the Yoast SEO plugin v19.4 - https:\/\/yoast.com\/wordpress\/plugins\/seo\/ -->\n<title>Wojny z Indianami i kto wymy\u015bli\u0142 sza\u0142as? Czyli \u201ek\u0142opoty\u201d ubogich dzieci warszawskich na koloniach letnich - Godno\u015b\u0107 - DignityNews.eu<\/title>\n<meta name=\"robots\" content=\"index, follow, max-snippet:-1, max-image-preview:large, max-video-preview:-1\" \/>\n<link rel=\"canonical\" href=\"https:\/\/dignitynews.eu\/pl\/wojny-z-indianami-i-kto-wymyslil-szalas-czyli-klopoty-ubogich-dzieci-warszawskich-na-koloniach-letnich\/\" \/>\n<meta property=\"og:locale\" content=\"pl_PL\" \/>\n<meta property=\"og:type\" content=\"article\" \/>\n<meta property=\"og:title\" content=\"Wojny z Indianami i kto wymy\u015bli\u0142 sza\u0142as? Czyli \u201ek\u0142opoty\u201d ubogich dzieci warszawskich na koloniach letnich - Godno\u015b\u0107 - DignityNews.eu\" \/>\n<meta property=\"og:description\" content=\"Jedn\u0105 z najbardziej udanych polskich inicjatyw spo\u0142ecznych drugiej po\u0142owy XIX wieku by\u0142a organizacja kolonii letnich dla dzieci z najubo\u017cszych rodzina warszawskich. Inicjatorem i wieloletnim koordynatorem tej akcji by\u0142 znany lekarz&hellip;\" \/>\n<meta property=\"og:url\" content=\"https:\/\/dignitynews.eu\/pl\/wojny-z-indianami-i-kto-wymyslil-szalas-czyli-klopoty-ubogich-dzieci-warszawskich-na-koloniach-letnich\/\" \/>\n<meta property=\"og:site_name\" content=\"Godno\u015b\u0107 - DignityNews.eu\" \/>\n<meta property=\"article:published_time\" content=\"2022-03-18T09:20:43+00:00\" \/>\n<meta property=\"og:image\" content=\"https:\/\/dignitynews.eu\/wp-content\/uploads\/2022\/03\/Dr_Stanislaw_Markiewicz_60850.jpg\" \/>\n\t<meta property=\"og:image:width\" content=\"625\" \/>\n\t<meta property=\"og:image:height\" content=\"834\" \/>\n\t<meta property=\"og:image:type\" content=\"image\/jpeg\" \/>\n<meta name=\"author\" content=\"DignityNews.eu\" \/>\n<meta name=\"twitter:card\" content=\"summary_large_image\" \/>\n<meta name=\"twitter:label1\" content=\"Napisane przez\" \/>\n\t<meta name=\"twitter:data1\" content=\"DignityNews.eu\" \/>\n\t<meta name=\"twitter:label2\" content=\"Szacowany czas czytania\" \/>\n\t<meta name=\"twitter:data2\" content=\"2 minuty\" \/>\n<script type=\"application\/ld+json\" class=\"yoast-schema-graph\">{\"@context\":\"https:\/\/schema.org\",\"@graph\":[{\"@type\":\"WebSite\",\"@id\":\"https:\/\/dignitynews.eu\/pl\/#website\",\"url\":\"https:\/\/dignitynews.eu\/pl\/\",\"name\":\"Godno\u015b\u0107 - DignityNews.eu\",\"description\":\"\",\"potentialAction\":[{\"@type\":\"SearchAction\",\"target\":{\"@type\":\"EntryPoint\",\"urlTemplate\":\"https:\/\/dignitynews.eu\/pl\/?s={search_term_string}\"},\"query-input\":\"required name=search_term_string\"}],\"inLanguage\":\"pl-PL\"},{\"@type\":\"WebPage\",\"@id\":\"https:\/\/dignitynews.eu\/pl\/wojny-z-indianami-i-kto-wymyslil-szalas-czyli-klopoty-ubogich-dzieci-warszawskich-na-koloniach-letnich\/\",\"url\":\"https:\/\/dignitynews.eu\/pl\/wojny-z-indianami-i-kto-wymyslil-szalas-czyli-klopoty-ubogich-dzieci-warszawskich-na-koloniach-letnich\/\",\"name\":\"Wojny z Indianami i kto wymy\u015bli\u0142 sza\u0142as? Czyli \u201ek\u0142opoty\u201d ubogich dzieci warszawskich na koloniach letnich - Godno\u015b\u0107 - DignityNews.eu\",\"isPartOf\":{\"@id\":\"https:\/\/dignitynews.eu\/pl\/#website\"},\"datePublished\":\"2022-03-18T09:20:43+00:00\",\"dateModified\":\"2022-03-18T09:20:43+00:00\",\"author\":{\"@id\":\"https:\/\/dignitynews.eu\/pl\/#\/schema\/person\/4d8f570a0fd5c310685d78d9e520982c\"},\"breadcrumb\":{\"@id\":\"https:\/\/dignitynews.eu\/pl\/wojny-z-indianami-i-kto-wymyslil-szalas-czyli-klopoty-ubogich-dzieci-warszawskich-na-koloniach-letnich\/#breadcrumb\"},\"inLanguage\":\"pl-PL\",\"potentialAction\":[{\"@type\":\"ReadAction\",\"target\":[\"https:\/\/dignitynews.eu\/pl\/wojny-z-indianami-i-kto-wymyslil-szalas-czyli-klopoty-ubogich-dzieci-warszawskich-na-koloniach-letnich\/\"]}]},{\"@type\":\"BreadcrumbList\",\"@id\":\"https:\/\/dignitynews.eu\/pl\/wojny-z-indianami-i-kto-wymyslil-szalas-czyli-klopoty-ubogich-dzieci-warszawskich-na-koloniach-letnich\/#breadcrumb\",\"itemListElement\":[{\"@type\":\"ListItem\",\"position\":1,\"name\":\"Strona g\u0142\u00f3wna\",\"item\":\"https:\/\/dignitynews.eu\/pl\/\"},{\"@type\":\"ListItem\",\"position\":2,\"name\":\"Wojny z Indianami i kto wymy\u015bli\u0142 sza\u0142as? Czyli \u201ek\u0142opoty\u201d ubogich dzieci warszawskich na koloniach letnich\"}]},{\"@type\":\"Person\",\"@id\":\"https:\/\/dignitynews.eu\/pl\/#\/schema\/person\/4d8f570a0fd5c310685d78d9e520982c\",\"name\":\"DignityNews.eu\",\"image\":{\"@type\":\"ImageObject\",\"inLanguage\":\"pl-PL\",\"@id\":\"https:\/\/dignitynews.eu\/pl\/#\/schema\/person\/image\/\",\"url\":\"https:\/\/secure.gravatar.com\/avatar\/b9fb3aa3cd2d5d3a6d24e67a6b58bc2980bf0c7f7bd3657a6322b8df227da3d9?s=96&d=mm&r=g\",\"contentUrl\":\"https:\/\/secure.gravatar.com\/avatar\/b9fb3aa3cd2d5d3a6d24e67a6b58bc2980bf0c7f7bd3657a6322b8df227da3d9?s=96&d=mm&r=g\",\"caption\":\"DignityNews.eu\"},\"sameAs\":[\"aleksandra\"],\"url\":\"https:\/\/dignitynews.eu\/pl\/author\/aleksandra\/\"}]}<\/script>\n<!-- \/ Yoast SEO plugin. -->","yoast_head_json":{"title":"Wojny z Indianami i kto wymy\u015bli\u0142 sza\u0142as? Czyli \u201ek\u0142opoty\u201d ubogich dzieci warszawskich na koloniach letnich - Godno\u015b\u0107 - DignityNews.eu","robots":{"index":"index","follow":"follow","max-snippet":"max-snippet:-1","max-image-preview":"max-image-preview:large","max-video-preview":"max-video-preview:-1"},"canonical":"https:\/\/dignitynews.eu\/pl\/wojny-z-indianami-i-kto-wymyslil-szalas-czyli-klopoty-ubogich-dzieci-warszawskich-na-koloniach-letnich\/","og_locale":"pl_PL","og_type":"article","og_title":"Wojny z Indianami i kto wymy\u015bli\u0142 sza\u0142as? Czyli \u201ek\u0142opoty\u201d ubogich dzieci warszawskich na koloniach letnich - Godno\u015b\u0107 - DignityNews.eu","og_description":"Jedn\u0105 z najbardziej udanych polskich inicjatyw spo\u0142ecznych drugiej po\u0142owy XIX wieku by\u0142a organizacja kolonii letnich dla dzieci z najubo\u017cszych rodzina warszawskich. Inicjatorem i wieloletnim koordynatorem tej akcji by\u0142 znany lekarz&hellip;","og_url":"https:\/\/dignitynews.eu\/pl\/wojny-z-indianami-i-kto-wymyslil-szalas-czyli-klopoty-ubogich-dzieci-warszawskich-na-koloniach-letnich\/","og_site_name":"Godno\u015b\u0107 - DignityNews.eu","article_published_time":"2022-03-18T09:20:43+00:00","og_image":[{"width":625,"height":834,"url":"https:\/\/dignitynews.eu\/wp-content\/uploads\/2022\/03\/Dr_Stanislaw_Markiewicz_60850.jpg","type":"image\/jpeg"}],"author":"DignityNews.eu","twitter_card":"summary_large_image","twitter_misc":{"Napisane przez":"DignityNews.eu","Szacowany czas czytania":"2 minuty"},"schema":{"@context":"https:\/\/schema.org","@graph":[{"@type":"WebSite","@id":"https:\/\/dignitynews.eu\/pl\/#website","url":"https:\/\/dignitynews.eu\/pl\/","name":"Godno\u015b\u0107 - DignityNews.eu","description":"","potentialAction":[{"@type":"SearchAction","target":{"@type":"EntryPoint","urlTemplate":"https:\/\/dignitynews.eu\/pl\/?s={search_term_string}"},"query-input":"required name=search_term_string"}],"inLanguage":"pl-PL"},{"@type":"WebPage","@id":"https:\/\/dignitynews.eu\/pl\/wojny-z-indianami-i-kto-wymyslil-szalas-czyli-klopoty-ubogich-dzieci-warszawskich-na-koloniach-letnich\/","url":"https:\/\/dignitynews.eu\/pl\/wojny-z-indianami-i-kto-wymyslil-szalas-czyli-klopoty-ubogich-dzieci-warszawskich-na-koloniach-letnich\/","name":"Wojny z Indianami i kto wymy\u015bli\u0142 sza\u0142as? Czyli \u201ek\u0142opoty\u201d ubogich dzieci warszawskich na koloniach letnich - Godno\u015b\u0107 - DignityNews.eu","isPartOf":{"@id":"https:\/\/dignitynews.eu\/pl\/#website"},"datePublished":"2022-03-18T09:20:43+00:00","dateModified":"2022-03-18T09:20:43+00:00","author":{"@id":"https:\/\/dignitynews.eu\/pl\/#\/schema\/person\/4d8f570a0fd5c310685d78d9e520982c"},"breadcrumb":{"@id":"https:\/\/dignitynews.eu\/pl\/wojny-z-indianami-i-kto-wymyslil-szalas-czyli-klopoty-ubogich-dzieci-warszawskich-na-koloniach-letnich\/#breadcrumb"},"inLanguage":"pl-PL","potentialAction":[{"@type":"ReadAction","target":["https:\/\/dignitynews.eu\/pl\/wojny-z-indianami-i-kto-wymyslil-szalas-czyli-klopoty-ubogich-dzieci-warszawskich-na-koloniach-letnich\/"]}]},{"@type":"BreadcrumbList","@id":"https:\/\/dignitynews.eu\/pl\/wojny-z-indianami-i-kto-wymyslil-szalas-czyli-klopoty-ubogich-dzieci-warszawskich-na-koloniach-letnich\/#breadcrumb","itemListElement":[{"@type":"ListItem","position":1,"name":"Strona g\u0142\u00f3wna","item":"https:\/\/dignitynews.eu\/pl\/"},{"@type":"ListItem","position":2,"name":"Wojny z Indianami i kto wymy\u015bli\u0142 sza\u0142as? Czyli \u201ek\u0142opoty\u201d ubogich dzieci warszawskich na koloniach letnich"}]},{"@type":"Person","@id":"https:\/\/dignitynews.eu\/pl\/#\/schema\/person\/4d8f570a0fd5c310685d78d9e520982c","name":"DignityNews.eu","image":{"@type":"ImageObject","inLanguage":"pl-PL","@id":"https:\/\/dignitynews.eu\/pl\/#\/schema\/person\/image\/","url":"https:\/\/secure.gravatar.com\/avatar\/b9fb3aa3cd2d5d3a6d24e67a6b58bc2980bf0c7f7bd3657a6322b8df227da3d9?s=96&d=mm&r=g","contentUrl":"https:\/\/secure.gravatar.com\/avatar\/b9fb3aa3cd2d5d3a6d24e67a6b58bc2980bf0c7f7bd3657a6322b8df227da3d9?s=96&d=mm&r=g","caption":"DignityNews.eu"},"sameAs":["aleksandra"],"url":"https:\/\/dignitynews.eu\/pl\/author\/aleksandra\/"}]}},"_links":{"self":[{"href":"https:\/\/dignitynews.eu\/pl\/wp-json\/wp\/v2\/posts\/10918","targetHints":{"allow":["GET"]}}],"collection":[{"href":"https:\/\/dignitynews.eu\/pl\/wp-json\/wp\/v2\/posts"}],"about":[{"href":"https:\/\/dignitynews.eu\/pl\/wp-json\/wp\/v2\/types\/post"}],"author":[{"embeddable":true,"href":"https:\/\/dignitynews.eu\/pl\/wp-json\/wp\/v2\/users\/3"}],"replies":[{"embeddable":true,"href":"https:\/\/dignitynews.eu\/pl\/wp-json\/wp\/v2\/comments?post=10918"}],"version-history":[{"count":1,"href":"https:\/\/dignitynews.eu\/pl\/wp-json\/wp\/v2\/posts\/10918\/revisions"}],"predecessor-version":[{"id":10924,"href":"https:\/\/dignitynews.eu\/pl\/wp-json\/wp\/v2\/posts\/10918\/revisions\/10924"}],"wp:featuredmedia":[{"embeddable":true,"href":"https:\/\/dignitynews.eu\/pl\/wp-json\/wp\/v2\/media\/10919"}],"wp:attachment":[{"href":"https:\/\/dignitynews.eu\/pl\/wp-json\/wp\/v2\/media?parent=10918"}],"wp:term":[{"taxonomy":"category","embeddable":true,"href":"https:\/\/dignitynews.eu\/pl\/wp-json\/wp\/v2\/categories?post=10918"},{"taxonomy":"post_tag","embeddable":true,"href":"https:\/\/dignitynews.eu\/pl\/wp-json\/wp\/v2\/tags?post=10918"}],"curies":[{"name":"wp","href":"https:\/\/api.w.org\/{rel}","templated":true}]}}