{"id":10144,"date":"2022-03-14T10:07:15","date_gmt":"2022-03-14T09:07:15","guid":{"rendered":"https:\/\/dignitynews.eu\/?p=10144"},"modified":"2022-03-14T10:07:15","modified_gmt":"2022-03-14T09:07:15","slug":"prezydent-podpisal-specustawe-o-pomocy-obywatelom-ukrainy","status":"publish","type":"post","link":"https:\/\/dignitynews.eu\/pl\/prezydent-podpisal-specustawe-o-pomocy-obywatelom-ukrainy\/","title":{"rendered":"Prezydent podpisa\u0142 specustaw\u0119 o pomocy obywatelom Ukrainy\u00a0"},"content":{"rendered":"<h5><strong>Prezydent Andrzej Duda podpisa\u0142 w sobot\u0119 ustaw\u0119 o pomocy obywatelom Ukrainy w zwi\u0105zku z konfliktem zbrojnym na terytorium tego pa\u0144stwa &#8211; poinformowa\u0142a szefowa Kancelarii Prezydenta Rzeczypospolitej Polskiej, Gra\u017cyna Ignaczak-Bandych. Specustawa reguluje m.in. kwestie zwi\u0105zane z legalno\u015bci\u0105 pobytu ukrai\u0144skich uchod\u017ac\u00f3w w Polsce, a tak\u017ce udzielan\u0105 im pomoc\u0105.<\/strong><\/h5>\n<p>Nowe przepisy maj\u0105 wej\u015b\u0107 w \u017cycie z dniem og\u0142oszenia w Dzienniku Ustaw i b\u0119d\u0105 obowi\u0105zywa\u0107, co do zasady, z moc\u0105 wsteczn\u0105 od 24 lutego 2022 r. \u2013 informuje Polsat News.<\/p>\n<p>Ustawa gwarantuje legalno\u015b\u0107 pobytu obywatelom Ukrainy, a tak\u017ce ich ma\u0142\u017conkom niemaj\u0105cym obywatelstwa ukrai\u0144skiego, kt\u00f3rzy wjechali z Ukrainy do Polski od pocz\u0105tku rosyjskiej inwazji. Pobyt ukrai\u0144skich uchod\u017ac\u00f3w w naszym kraju b\u0119dzie uznawany za legalny przez 18 miesi\u0119cy. Legalny b\u0119dzie tak\u017ce pobyt dzieci urodzonych w Polsce przez Ukrainki, kt\u00f3re uciek\u0142y przed wojn\u0105.<\/p>\n<p>Na mocy specustawy uchod\u017acy z Ukrainy b\u0119d\u0105 mogli\u00a0m.in. otrzyma\u0107 numer PESEL i za\u0142o\u017cy\u0107 Profil Zaufany. Uchod\u017acy b\u0119d\u0105 tak\u017ce mogli podj\u0105\u0107 w Polsce prac\u0119 i uzyska\u0107 dost\u0119p do opieki zdrowotnej. Uczniowie i studenci b\u0119d\u0105 mogli kontynuowa\u0107 nauk\u0119 w polskich szko\u0142ach i uczelniach. Uchod\u017acom z Ukrainy przys\u0142ugiwa\u0107 te\u017c b\u0119dzie pomoc finansowa. Zgodnie z ustaw\u0105 dostan\u0105 oni jednorazowo 300 z\u0142 na osob\u0119.<\/p>\n<p>Regulacja umo\u017cliwi te\u017c wyp\u0142at\u0119 \u015bwiadcze\u0144 tym, kt\u00f3rzy zapewni\u0105 wy\u017cywienie i zakwaterowanie obywatelom Ukrainy. Pieni\u0105dze b\u0119d\u0105 wyp\u0142acane przez maksymalnie 60 dni, ale w uzasadnianych przypadkach ten okres mo\u017ce by\u0107 przed\u0142u\u017cony. Na mocy specustawy utworzona zostanie rezerwa celowa w bud\u017cecie, a w Banku Gospodarstwa Krajowego powstanie specjalny Fundusz Pomocy. Ustawa zaostrza te\u017c kary za przest\u0119pstwa zwi\u0105zane z handlem lud\u017ami i sutenerstwem pope\u0142nione w czasie wojny na Ukrainie.<\/p>\n<p>Wi\u0119kszo\u015b\u0107 przepis\u00f3w ustawy nie dotyczy Ukrai\u0144c\u00f3w, kt\u00f3rzy przebywali w Polsce legalnie przed wojn\u0105. Terminy wa\u017cno\u015bci ich wiz krajowych i zezwole\u0144 na pobyt czasowy, kt\u00f3re up\u0142yn\u0119\u0142yby w czasie wojny, zostan\u0105 jednak na jej mocy wyd\u0142u\u017cone do ko\u0144ca roku.<\/p>\n<p>Od 24 lutego, czyli dnia pocz\u0105tku agresji Rosji, granic\u0119 polsko-ukrai\u0144sk\u0105 przekroczy\u0142o ponad 1,7 miliona uchod\u017ac\u00f3w z Ukrainy \u2013 informuje Stra\u017c Graniczna.<\/p>\n<p>Arkadiusz S\u0142omczy\u0144ski<\/p>\n<p>&nbsp;<\/p>\n","protected":false},"excerpt":{"rendered":"<p>Prezydent Andrzej Duda podpisa\u0142 w sobot\u0119 ustaw\u0119 o pomocy obywatelom Ukrainy w zwi\u0105zku z konfliktem zbrojnym na terytorium tego pa\u0144stwa &#8211; poinformowa\u0142a szefowa Kancelarii Prezydenta Rzeczypospolitej Polskiej, Gra\u017cyna Ignaczak-Bandych. Specustawa&hellip;<\/p>\n","protected":false},"author":3,"featured_media":10145,"comment_status":"closed","ping_status":"open","sticky":false,"template":"","format":"standard","meta":{"_mi_skip_tracking":false,"footnotes":""},"categories":[47],"tags":[],"class_list":["post-10144","post","type-post","status-publish","format-standard","has-post-thumbnail","hentry","category-wydarzenia"],"yoast_head":"<!-- This site is optimized with the Yoast SEO plugin v19.4 - https:\/\/yoast.com\/wordpress\/plugins\/seo\/ -->\n<title>Prezydent podpisa\u0142 specustaw\u0119 o pomocy obywatelom Ukrainy\u00a0 - Godno\u015b\u0107 - DignityNews.eu<\/title>\n<meta name=\"robots\" content=\"index, follow, max-snippet:-1, max-image-preview:large, max-video-preview:-1\" \/>\n<link rel=\"canonical\" href=\"https:\/\/dignitynews.eu\/pl\/prezydent-podpisal-specustawe-o-pomocy-obywatelom-ukrainy\/\" \/>\n<meta property=\"og:locale\" content=\"pl_PL\" \/>\n<meta property=\"og:type\" content=\"article\" \/>\n<meta property=\"og:title\" content=\"Prezydent podpisa\u0142 specustaw\u0119 o pomocy obywatelom Ukrainy\u00a0 - Godno\u015b\u0107 - DignityNews.eu\" \/>\n<meta property=\"og:description\" content=\"Prezydent Andrzej Duda podpisa\u0142 w sobot\u0119 ustaw\u0119 o pomocy obywatelom Ukrainy w zwi\u0105zku z konfliktem zbrojnym na terytorium tego pa\u0144stwa &#8211; poinformowa\u0142a szefowa Kancelarii Prezydenta Rzeczypospolitej Polskiej, Gra\u017cyna Ignaczak-Bandych. Specustawa&hellip;\" \/>\n<meta property=\"og:url\" content=\"https:\/\/dignitynews.eu\/pl\/prezydent-podpisal-specustawe-o-pomocy-obywatelom-ukrainy\/\" \/>\n<meta property=\"og:site_name\" content=\"Godno\u015b\u0107 - DignityNews.eu\" \/>\n<meta property=\"article:published_time\" content=\"2022-03-14T09:07:15+00:00\" \/>\n<meta property=\"og:image\" content=\"https:\/\/dignitynews.eu\/wp-content\/uploads\/2022\/03\/Prezydent-ustawa-o-pomocy-Ukrainie-LOUISA-GOULIAMAKI-AFP-East-News.jpg\" \/>\n\t<meta property=\"og:image:width\" content=\"1500\" \/>\n\t<meta property=\"og:image:height\" content=\"1000\" \/>\n\t<meta property=\"og:image:type\" content=\"image\/jpeg\" \/>\n<meta name=\"author\" content=\"DignityNews.eu\" \/>\n<meta name=\"twitter:card\" content=\"summary_large_image\" \/>\n<meta name=\"twitter:label1\" content=\"Napisane przez\" \/>\n\t<meta name=\"twitter:data1\" content=\"DignityNews.eu\" \/>\n\t<meta name=\"twitter:label2\" content=\"Szacowany czas czytania\" \/>\n\t<meta name=\"twitter:data2\" content=\"2 minuty\" \/>\n<script type=\"application\/ld+json\" class=\"yoast-schema-graph\">{\"@context\":\"https:\/\/schema.org\",\"@graph\":[{\"@type\":\"WebSite\",\"@id\":\"https:\/\/dignitynews.eu\/pl\/#website\",\"url\":\"https:\/\/dignitynews.eu\/pl\/\",\"name\":\"Godno\u015b\u0107 - DignityNews.eu\",\"description\":\"\",\"potentialAction\":[{\"@type\":\"SearchAction\",\"target\":{\"@type\":\"EntryPoint\",\"urlTemplate\":\"https:\/\/dignitynews.eu\/pl\/?s={search_term_string}\"},\"query-input\":\"required name=search_term_string\"}],\"inLanguage\":\"pl-PL\"},{\"@type\":\"WebPage\",\"@id\":\"https:\/\/dignitynews.eu\/pl\/prezydent-podpisal-specustawe-o-pomocy-obywatelom-ukrainy\/\",\"url\":\"https:\/\/dignitynews.eu\/pl\/prezydent-podpisal-specustawe-o-pomocy-obywatelom-ukrainy\/\",\"name\":\"Prezydent podpisa\u0142 specustaw\u0119 o pomocy obywatelom Ukrainy\u00a0 - Godno\u015b\u0107 - DignityNews.eu\",\"isPartOf\":{\"@id\":\"https:\/\/dignitynews.eu\/pl\/#website\"},\"datePublished\":\"2022-03-14T09:07:15+00:00\",\"dateModified\":\"2022-03-14T09:07:15+00:00\",\"author\":{\"@id\":\"https:\/\/dignitynews.eu\/pl\/#\/schema\/person\/4d8f570a0fd5c310685d78d9e520982c\"},\"breadcrumb\":{\"@id\":\"https:\/\/dignitynews.eu\/pl\/prezydent-podpisal-specustawe-o-pomocy-obywatelom-ukrainy\/#breadcrumb\"},\"inLanguage\":\"pl-PL\",\"potentialAction\":[{\"@type\":\"ReadAction\",\"target\":[\"https:\/\/dignitynews.eu\/pl\/prezydent-podpisal-specustawe-o-pomocy-obywatelom-ukrainy\/\"]}]},{\"@type\":\"BreadcrumbList\",\"@id\":\"https:\/\/dignitynews.eu\/pl\/prezydent-podpisal-specustawe-o-pomocy-obywatelom-ukrainy\/#breadcrumb\",\"itemListElement\":[{\"@type\":\"ListItem\",\"position\":1,\"name\":\"Strona g\u0142\u00f3wna\",\"item\":\"https:\/\/dignitynews.eu\/pl\/\"},{\"@type\":\"ListItem\",\"position\":2,\"name\":\"Prezydent podpisa\u0142 specustaw\u0119 o pomocy obywatelom Ukrainy\u00a0\"}]},{\"@type\":\"Person\",\"@id\":\"https:\/\/dignitynews.eu\/pl\/#\/schema\/person\/4d8f570a0fd5c310685d78d9e520982c\",\"name\":\"DignityNews.eu\",\"image\":{\"@type\":\"ImageObject\",\"inLanguage\":\"pl-PL\",\"@id\":\"https:\/\/dignitynews.eu\/pl\/#\/schema\/person\/image\/\",\"url\":\"https:\/\/secure.gravatar.com\/avatar\/b9fb3aa3cd2d5d3a6d24e67a6b58bc2980bf0c7f7bd3657a6322b8df227da3d9?s=96&d=mm&r=g\",\"contentUrl\":\"https:\/\/secure.gravatar.com\/avatar\/b9fb3aa3cd2d5d3a6d24e67a6b58bc2980bf0c7f7bd3657a6322b8df227da3d9?s=96&d=mm&r=g\",\"caption\":\"DignityNews.eu\"},\"sameAs\":[\"aleksandra\"],\"url\":\"https:\/\/dignitynews.eu\/pl\/author\/aleksandra\/\"}]}<\/script>\n<!-- \/ Yoast SEO plugin. -->","yoast_head_json":{"title":"Prezydent podpisa\u0142 specustaw\u0119 o pomocy obywatelom Ukrainy\u00a0 - Godno\u015b\u0107 - DignityNews.eu","robots":{"index":"index","follow":"follow","max-snippet":"max-snippet:-1","max-image-preview":"max-image-preview:large","max-video-preview":"max-video-preview:-1"},"canonical":"https:\/\/dignitynews.eu\/pl\/prezydent-podpisal-specustawe-o-pomocy-obywatelom-ukrainy\/","og_locale":"pl_PL","og_type":"article","og_title":"Prezydent podpisa\u0142 specustaw\u0119 o pomocy obywatelom Ukrainy\u00a0 - Godno\u015b\u0107 - DignityNews.eu","og_description":"Prezydent Andrzej Duda podpisa\u0142 w sobot\u0119 ustaw\u0119 o pomocy obywatelom Ukrainy w zwi\u0105zku z konfliktem zbrojnym na terytorium tego pa\u0144stwa &#8211; poinformowa\u0142a szefowa Kancelarii Prezydenta Rzeczypospolitej Polskiej, Gra\u017cyna Ignaczak-Bandych. Specustawa&hellip;","og_url":"https:\/\/dignitynews.eu\/pl\/prezydent-podpisal-specustawe-o-pomocy-obywatelom-ukrainy\/","og_site_name":"Godno\u015b\u0107 - DignityNews.eu","article_published_time":"2022-03-14T09:07:15+00:00","og_image":[{"width":1500,"height":1000,"url":"https:\/\/dignitynews.eu\/wp-content\/uploads\/2022\/03\/Prezydent-ustawa-o-pomocy-Ukrainie-LOUISA-GOULIAMAKI-AFP-East-News.jpg","type":"image\/jpeg"}],"author":"DignityNews.eu","twitter_card":"summary_large_image","twitter_misc":{"Napisane przez":"DignityNews.eu","Szacowany czas czytania":"2 minuty"},"schema":{"@context":"https:\/\/schema.org","@graph":[{"@type":"WebSite","@id":"https:\/\/dignitynews.eu\/pl\/#website","url":"https:\/\/dignitynews.eu\/pl\/","name":"Godno\u015b\u0107 - DignityNews.eu","description":"","potentialAction":[{"@type":"SearchAction","target":{"@type":"EntryPoint","urlTemplate":"https:\/\/dignitynews.eu\/pl\/?s={search_term_string}"},"query-input":"required name=search_term_string"}],"inLanguage":"pl-PL"},{"@type":"WebPage","@id":"https:\/\/dignitynews.eu\/pl\/prezydent-podpisal-specustawe-o-pomocy-obywatelom-ukrainy\/","url":"https:\/\/dignitynews.eu\/pl\/prezydent-podpisal-specustawe-o-pomocy-obywatelom-ukrainy\/","name":"Prezydent podpisa\u0142 specustaw\u0119 o pomocy obywatelom Ukrainy\u00a0 - Godno\u015b\u0107 - DignityNews.eu","isPartOf":{"@id":"https:\/\/dignitynews.eu\/pl\/#website"},"datePublished":"2022-03-14T09:07:15+00:00","dateModified":"2022-03-14T09:07:15+00:00","author":{"@id":"https:\/\/dignitynews.eu\/pl\/#\/schema\/person\/4d8f570a0fd5c310685d78d9e520982c"},"breadcrumb":{"@id":"https:\/\/dignitynews.eu\/pl\/prezydent-podpisal-specustawe-o-pomocy-obywatelom-ukrainy\/#breadcrumb"},"inLanguage":"pl-PL","potentialAction":[{"@type":"ReadAction","target":["https:\/\/dignitynews.eu\/pl\/prezydent-podpisal-specustawe-o-pomocy-obywatelom-ukrainy\/"]}]},{"@type":"BreadcrumbList","@id":"https:\/\/dignitynews.eu\/pl\/prezydent-podpisal-specustawe-o-pomocy-obywatelom-ukrainy\/#breadcrumb","itemListElement":[{"@type":"ListItem","position":1,"name":"Strona g\u0142\u00f3wna","item":"https:\/\/dignitynews.eu\/pl\/"},{"@type":"ListItem","position":2,"name":"Prezydent podpisa\u0142 specustaw\u0119 o pomocy obywatelom Ukrainy\u00a0"}]},{"@type":"Person","@id":"https:\/\/dignitynews.eu\/pl\/#\/schema\/person\/4d8f570a0fd5c310685d78d9e520982c","name":"DignityNews.eu","image":{"@type":"ImageObject","inLanguage":"pl-PL","@id":"https:\/\/dignitynews.eu\/pl\/#\/schema\/person\/image\/","url":"https:\/\/secure.gravatar.com\/avatar\/b9fb3aa3cd2d5d3a6d24e67a6b58bc2980bf0c7f7bd3657a6322b8df227da3d9?s=96&d=mm&r=g","contentUrl":"https:\/\/secure.gravatar.com\/avatar\/b9fb3aa3cd2d5d3a6d24e67a6b58bc2980bf0c7f7bd3657a6322b8df227da3d9?s=96&d=mm&r=g","caption":"DignityNews.eu"},"sameAs":["aleksandra"],"url":"https:\/\/dignitynews.eu\/pl\/author\/aleksandra\/"}]}},"_links":{"self":[{"href":"https:\/\/dignitynews.eu\/pl\/wp-json\/wp\/v2\/posts\/10144","targetHints":{"allow":["GET"]}}],"collection":[{"href":"https:\/\/dignitynews.eu\/pl\/wp-json\/wp\/v2\/posts"}],"about":[{"href":"https:\/\/dignitynews.eu\/pl\/wp-json\/wp\/v2\/types\/post"}],"author":[{"embeddable":true,"href":"https:\/\/dignitynews.eu\/pl\/wp-json\/wp\/v2\/users\/3"}],"replies":[{"embeddable":true,"href":"https:\/\/dignitynews.eu\/pl\/wp-json\/wp\/v2\/comments?post=10144"}],"version-history":[{"count":1,"href":"https:\/\/dignitynews.eu\/pl\/wp-json\/wp\/v2\/posts\/10144\/revisions"}],"predecessor-version":[{"id":10150,"href":"https:\/\/dignitynews.eu\/pl\/wp-json\/wp\/v2\/posts\/10144\/revisions\/10150"}],"wp:featuredmedia":[{"embeddable":true,"href":"https:\/\/dignitynews.eu\/pl\/wp-json\/wp\/v2\/media\/10145"}],"wp:attachment":[{"href":"https:\/\/dignitynews.eu\/pl\/wp-json\/wp\/v2\/media?parent=10144"}],"wp:term":[{"taxonomy":"category","embeddable":true,"href":"https:\/\/dignitynews.eu\/pl\/wp-json\/wp\/v2\/categories?post=10144"},{"taxonomy":"post_tag","embeddable":true,"href":"https:\/\/dignitynews.eu\/pl\/wp-json\/wp\/v2\/tags?post=10144"}],"curies":[{"name":"wp","href":"https:\/\/api.w.org\/{rel}","templated":true}]}}