{"id":60076,"date":"2024-03-25T17:09:38","date_gmt":"2024-03-25T16:09:38","guid":{"rendered":"https:\/\/dignitynews.eu\/?p=60076"},"modified":"2024-12-03T17:10:06","modified_gmt":"2024-12-03T16:10:06","slug":"emil-sommerstein-was-a-member-of-many-terms-of-the-second-polish-sejm","status":"publish","type":"post","link":"https:\/\/dignitynews.eu\/en\/emil-sommerstein-was-a-member-of-many-terms-of-the-second-polish-sejm\/","title":{"rendered":"Emil Sommerstein was a member of many terms of the Second Polish Sejm"},"content":{"rendered":"<p>Distinguished Zionist, politician, Doctor of Laws and social activist, Sommerstein gained extensive experience as an MP during the Second Republic, being a member of the First, Third, Fourth and Fifth Sejm terms.<\/p>\n<p>A native of Hleszczewo near Trembowa (Eastern Poland&#8217;s Borderlands), Emil Sommerstein did not use his surname after his father, Braude, but took it after his mother. This was because his parents had not registered their marriage in the registry books, which was not unusual in the Jewish community. After completing his Cheder education, he began to attend the Higher Gymnasium in Ternopil and then the 5th Hetman \u017b\u00f3\u0142kiewski Gymnasium, which was evidence of his family&#8217;s assimilationist tendencies.<\/p>\n<p>When he began his studies at the Faculty of Law at Jan Kazimierz University in Lw\u00f3w (today&#8217;s Lviv), he became acquainted with the Jewish milieu that promoted Zionism, and he became involved with this political idea for the rest of his life. After graduating, he practised law in Lw\u00f3w.<\/p>\n<p>After 1918, when the Polish state restored its independence, Sommerstein&#8217;s political career gained momentum. First, he found himself in the leadership of the Zionist Organisation of Eastern Galicia, being at the same time a member of the Zionist Organisation in Poland, which he combined with his activity in the Zionist Democrat grouping &#8220;Ichud&#8221; in Galicia.<\/p>\n<p>Political successes translated into professional aspirations &#8211; Sommerstein served as vice-president of the Lw\u00f3w Bar Association and was active in the Supreme Bar Council. He also did not neglect his social activities, e.g. in such organisations as the Society of the House of Health for Jewish Academics, the Council of the Auxilium Academicum Judaicum or Keren ha-Jesod in Eastern Lesser Poland.<\/p>\n<p>His greatest achievement in his political career was his work as an MP between 1922 and 1927 and between 1930 and 1939, i.e. he held this honour for almost the entire peaceful period of the Second Polish Republic, gaining great experience in this respect.<\/p>\n<p>The outbreak of the Second War found him in Lw\u00f3w, where he was arrested, being detained consecutively in the following prisons: Lw\u00f3w, Kiev, Moscow, Saratov, Balashov. It was only in 1942 that he managed to establish contact by letter with Stanis\u0142aw Kot, the Polish ambassador to the USSR, thanks to which, after two years of efforts, the Soviet authorities released him in 1944 and allowed him to return to Poland. Wanda Wasilewska also intervened in his case, inviting him to join the Union of Polish Patriots.<\/p>\n<p>Sommerstein became a member of the Polish Committee of National Liberation in July 1944 and was one of the signatories of its Manifesto, although it is doubtful that he became an outspoken advocate of the communist system.<\/p>\n<p>He left the country in 1946 and never returned to it.<\/p>\n<p>&nbsp;<\/p>\n","protected":false},"excerpt":{"rendered":"<p>Distinguished Zionist, politician, Doctor of Laws and social activist, Sommerstein gained extensive experience as an MP during the Second Republic, being a member of the First, Third, Fourth and Fifth&hellip;<\/p>\n","protected":false},"author":7,"featured_media":59684,"comment_status":"closed","ping_status":"closed","sticky":false,"template":"","format":"standard","meta":{"_mi_skip_tracking":false,"footnotes":""},"categories":[42],"tags":[],"class_list":["post-60076","post","type-post","status-publish","format-standard","has-post-thumbnail","hentry","category-events"],"yoast_head":"<!-- This site is optimized with the Yoast SEO plugin v19.4 - https:\/\/yoast.com\/wordpress\/plugins\/seo\/ -->\n<title>Emil Sommerstein was a member of many terms of the Second Polish Sejm - Dignity - DignityNews.eu<\/title>\n<meta name=\"robots\" content=\"index, follow, max-snippet:-1, max-image-preview:large, max-video-preview:-1\" \/>\n<link rel=\"canonical\" href=\"https:\/\/dignitynews.eu\/en\/emil-sommerstein-was-a-member-of-many-terms-of-the-second-polish-sejm\/\" \/>\n<meta property=\"og:locale\" content=\"en_US\" \/>\n<meta property=\"og:type\" content=\"article\" \/>\n<meta property=\"og:title\" content=\"Emil Sommerstein was a member of many terms of the Second Polish Sejm - Dignity - DignityNews.eu\" \/>\n<meta property=\"og:description\" content=\"Distinguished Zionist, politician, Doctor of Laws and social activist, Sommerstein gained extensive experience as an MP during the Second Republic, being a member of the First, Third, Fourth and Fifth&hellip;\" \/>\n<meta property=\"og:url\" content=\"https:\/\/dignitynews.eu\/en\/emil-sommerstein-was-a-member-of-many-terms-of-the-second-polish-sejm\/\" \/>\n<meta property=\"og:site_name\" content=\"Dignity - DignityNews.eu\" \/>\n<meta property=\"article:published_time\" content=\"2024-03-25T16:09:38+00:00\" \/>\n<meta property=\"article:modified_time\" content=\"2024-12-03T16:10:06+00:00\" \/>\n<meta property=\"og:image\" content=\"https:\/\/dignitynews.eu\/wp-content\/uploads\/2024\/10\/Emil_Sommerstein_1945.jpg\" \/>\n\t<meta property=\"og:image:width\" content=\"328\" \/>\n\t<meta property=\"og:image:height\" content=\"441\" \/>\n\t<meta property=\"og:image:type\" content=\"image\/jpeg\" \/>\n<meta name=\"author\" content=\"Dignity News\" \/>\n<meta name=\"twitter:card\" content=\"summary_large_image\" \/>\n<meta name=\"twitter:label1\" content=\"Written by\" \/>\n\t<meta name=\"twitter:data1\" content=\"Dignity News\" \/>\n\t<meta name=\"twitter:label2\" content=\"Est. reading time\" \/>\n\t<meta name=\"twitter:data2\" content=\"2 minutes\" \/>\n<script type=\"application\/ld+json\" class=\"yoast-schema-graph\">{\"@context\":\"https:\/\/schema.org\",\"@graph\":[{\"@type\":\"WebSite\",\"@id\":\"https:\/\/dignitynews.eu\/pl\/#website\",\"url\":\"https:\/\/dignitynews.eu\/pl\/\",\"name\":\"Dignity - DignityNews.eu\",\"description\":\"\",\"potentialAction\":[{\"@type\":\"SearchAction\",\"target\":{\"@type\":\"EntryPoint\",\"urlTemplate\":\"https:\/\/dignitynews.eu\/pl\/?s={search_term_string}\"},\"query-input\":\"required name=search_term_string\"}],\"inLanguage\":\"en-US\"},{\"@type\":\"WebPage\",\"@id\":\"https:\/\/dignitynews.eu\/en\/emil-sommerstein-was-a-member-of-many-terms-of-the-second-polish-sejm\/\",\"url\":\"https:\/\/dignitynews.eu\/en\/emil-sommerstein-was-a-member-of-many-terms-of-the-second-polish-sejm\/\",\"name\":\"Emil Sommerstein was a member of many terms of the Second Polish Sejm - Dignity - DignityNews.eu\",\"isPartOf\":{\"@id\":\"https:\/\/dignitynews.eu\/pl\/#website\"},\"datePublished\":\"2024-03-25T16:09:38+00:00\",\"dateModified\":\"2024-12-03T16:10:06+00:00\",\"author\":{\"@id\":\"https:\/\/dignitynews.eu\/pl\/#\/schema\/person\/0b62b762b8174802fabc81a3ecb1bfcb\"},\"breadcrumb\":{\"@id\":\"https:\/\/dignitynews.eu\/en\/emil-sommerstein-was-a-member-of-many-terms-of-the-second-polish-sejm\/#breadcrumb\"},\"inLanguage\":\"en-US\",\"potentialAction\":[{\"@type\":\"ReadAction\",\"target\":[\"https:\/\/dignitynews.eu\/en\/emil-sommerstein-was-a-member-of-many-terms-of-the-second-polish-sejm\/\"]}]},{\"@type\":\"BreadcrumbList\",\"@id\":\"https:\/\/dignitynews.eu\/en\/emil-sommerstein-was-a-member-of-many-terms-of-the-second-polish-sejm\/#breadcrumb\",\"itemListElement\":[{\"@type\":\"ListItem\",\"position\":1,\"name\":\"Strona g\u0142\u00f3wna\",\"item\":\"https:\/\/dignitynews.eu\/en\/\"},{\"@type\":\"ListItem\",\"position\":2,\"name\":\"Emil Sommerstein was a member of many terms of the Second Polish Sejm\"}]},{\"@type\":\"Person\",\"@id\":\"https:\/\/dignitynews.eu\/pl\/#\/schema\/person\/0b62b762b8174802fabc81a3ecb1bfcb\",\"name\":\"Dignity News\",\"image\":{\"@type\":\"ImageObject\",\"inLanguage\":\"en-US\",\"@id\":\"https:\/\/dignitynews.eu\/pl\/#\/schema\/person\/image\/\",\"url\":\"https:\/\/secure.gravatar.com\/avatar\/97963171a6d9108f8381bbefb1c6b150c445b6ddd9e3077b96c86cf5892c85dc?s=96&d=mm&r=g\",\"contentUrl\":\"https:\/\/secure.gravatar.com\/avatar\/97963171a6d9108f8381bbefb1c6b150c445b6ddd9e3077b96c86cf5892c85dc?s=96&d=mm&r=g\",\"caption\":\"Dignity News\"},\"url\":\"https:\/\/dignitynews.eu\/en\/author\/mikolaj-palade\/\"}]}<\/script>\n<!-- \/ Yoast SEO plugin. -->","yoast_head_json":{"title":"Emil Sommerstein was a member of many terms of the Second Polish Sejm - Dignity - DignityNews.eu","robots":{"index":"index","follow":"follow","max-snippet":"max-snippet:-1","max-image-preview":"max-image-preview:large","max-video-preview":"max-video-preview:-1"},"canonical":"https:\/\/dignitynews.eu\/en\/emil-sommerstein-was-a-member-of-many-terms-of-the-second-polish-sejm\/","og_locale":"en_US","og_type":"article","og_title":"Emil Sommerstein was a member of many terms of the Second Polish Sejm - Dignity - DignityNews.eu","og_description":"Distinguished Zionist, politician, Doctor of Laws and social activist, Sommerstein gained extensive experience as an MP during the Second Republic, being a member of the First, Third, Fourth and Fifth&hellip;","og_url":"https:\/\/dignitynews.eu\/en\/emil-sommerstein-was-a-member-of-many-terms-of-the-second-polish-sejm\/","og_site_name":"Dignity - DignityNews.eu","article_published_time":"2024-03-25T16:09:38+00:00","article_modified_time":"2024-12-03T16:10:06+00:00","og_image":[{"width":328,"height":441,"url":"https:\/\/dignitynews.eu\/wp-content\/uploads\/2024\/10\/Emil_Sommerstein_1945.jpg","type":"image\/jpeg"}],"author":"Dignity News","twitter_card":"summary_large_image","twitter_misc":{"Written by":"Dignity News","Est. reading time":"2 minutes"},"schema":{"@context":"https:\/\/schema.org","@graph":[{"@type":"WebSite","@id":"https:\/\/dignitynews.eu\/pl\/#website","url":"https:\/\/dignitynews.eu\/pl\/","name":"Dignity - DignityNews.eu","description":"","potentialAction":[{"@type":"SearchAction","target":{"@type":"EntryPoint","urlTemplate":"https:\/\/dignitynews.eu\/pl\/?s={search_term_string}"},"query-input":"required name=search_term_string"}],"inLanguage":"en-US"},{"@type":"WebPage","@id":"https:\/\/dignitynews.eu\/en\/emil-sommerstein-was-a-member-of-many-terms-of-the-second-polish-sejm\/","url":"https:\/\/dignitynews.eu\/en\/emil-sommerstein-was-a-member-of-many-terms-of-the-second-polish-sejm\/","name":"Emil Sommerstein was a member of many terms of the Second Polish Sejm - Dignity - DignityNews.eu","isPartOf":{"@id":"https:\/\/dignitynews.eu\/pl\/#website"},"datePublished":"2024-03-25T16:09:38+00:00","dateModified":"2024-12-03T16:10:06+00:00","author":{"@id":"https:\/\/dignitynews.eu\/pl\/#\/schema\/person\/0b62b762b8174802fabc81a3ecb1bfcb"},"breadcrumb":{"@id":"https:\/\/dignitynews.eu\/en\/emil-sommerstein-was-a-member-of-many-terms-of-the-second-polish-sejm\/#breadcrumb"},"inLanguage":"en-US","potentialAction":[{"@type":"ReadAction","target":["https:\/\/dignitynews.eu\/en\/emil-sommerstein-was-a-member-of-many-terms-of-the-second-polish-sejm\/"]}]},{"@type":"BreadcrumbList","@id":"https:\/\/dignitynews.eu\/en\/emil-sommerstein-was-a-member-of-many-terms-of-the-second-polish-sejm\/#breadcrumb","itemListElement":[{"@type":"ListItem","position":1,"name":"Strona g\u0142\u00f3wna","item":"https:\/\/dignitynews.eu\/en\/"},{"@type":"ListItem","position":2,"name":"Emil Sommerstein was a member of many terms of the Second Polish Sejm"}]},{"@type":"Person","@id":"https:\/\/dignitynews.eu\/pl\/#\/schema\/person\/0b62b762b8174802fabc81a3ecb1bfcb","name":"Dignity News","image":{"@type":"ImageObject","inLanguage":"en-US","@id":"https:\/\/dignitynews.eu\/pl\/#\/schema\/person\/image\/","url":"https:\/\/secure.gravatar.com\/avatar\/97963171a6d9108f8381bbefb1c6b150c445b6ddd9e3077b96c86cf5892c85dc?s=96&d=mm&r=g","contentUrl":"https:\/\/secure.gravatar.com\/avatar\/97963171a6d9108f8381bbefb1c6b150c445b6ddd9e3077b96c86cf5892c85dc?s=96&d=mm&r=g","caption":"Dignity News"},"url":"https:\/\/dignitynews.eu\/en\/author\/mikolaj-palade\/"}]}},"_links":{"self":[{"href":"https:\/\/dignitynews.eu\/en\/wp-json\/wp\/v2\/posts\/60076","targetHints":{"allow":["GET"]}}],"collection":[{"href":"https:\/\/dignitynews.eu\/en\/wp-json\/wp\/v2\/posts"}],"about":[{"href":"https:\/\/dignitynews.eu\/en\/wp-json\/wp\/v2\/types\/post"}],"author":[{"embeddable":true,"href":"https:\/\/dignitynews.eu\/en\/wp-json\/wp\/v2\/users\/7"}],"replies":[{"embeddable":true,"href":"https:\/\/dignitynews.eu\/en\/wp-json\/wp\/v2\/comments?post=60076"}],"version-history":[{"count":1,"href":"https:\/\/dignitynews.eu\/en\/wp-json\/wp\/v2\/posts\/60076\/revisions"}],"predecessor-version":[{"id":60077,"href":"https:\/\/dignitynews.eu\/en\/wp-json\/wp\/v2\/posts\/60076\/revisions\/60077"}],"wp:featuredmedia":[{"embeddable":true,"href":"https:\/\/dignitynews.eu\/en\/wp-json\/wp\/v2\/media\/59684"}],"wp:attachment":[{"href":"https:\/\/dignitynews.eu\/en\/wp-json\/wp\/v2\/media?parent=60076"}],"wp:term":[{"taxonomy":"category","embeddable":true,"href":"https:\/\/dignitynews.eu\/en\/wp-json\/wp\/v2\/categories?post=60076"},{"taxonomy":"post_tag","embeddable":true,"href":"https:\/\/dignitynews.eu\/en\/wp-json\/wp\/v2\/tags?post=60076"}],"curies":[{"name":"wp","href":"https:\/\/api.w.org\/{rel}","templated":true}]}}