{"id":60007,"date":"2024-03-25T15:25:27","date_gmt":"2024-03-25T14:25:27","guid":{"rendered":"https:\/\/dignitynews.eu\/?p=60007"},"modified":"2024-12-03T15:28:59","modified_gmt":"2024-12-03T14:28:59","slug":"visegrad-jazz-exchange-concerts-and-music-workshops-held-in-the-visegrad-group-countries","status":"publish","type":"post","link":"https:\/\/dignitynews.eu\/en\/visegrad-jazz-exchange-concerts-and-music-workshops-held-in-the-visegrad-group-countries\/","title":{"rendered":"Visegrad Jazz Exchange &#8211; concerts and music workshops held in the Visegrad Group countries"},"content":{"rendered":"<p>The JAZZ PO POLSKU Foundation, together with partners from the Visegrad Group (V4) countries, is implementing the Visegrad Jazz Exchange project. The initiative includes concert tours and music workshops in all V4 countries. &#8220;Visegrad Jazz Exchange&#8221; aims to establish artistic cooperation between musicians of the Group countries. The project is co-financed by the International Visegrad Fund and started in February with concerts in the Czech Republic.<\/p>\n<p>&#8220;The project aims to develop cooperation between artists and organisations of the V4 countries, both now and in the near future. The project intends to create a unique ensemble comprising leading representatives of the jazz scene from the Czech Republic, Poland, Slovakia, and Hungary. The artists will perform a repertoire specially prepared for the occasion, inspired by the culture of each country, as well as current music&#8221;, says the president and Jakub Krzeszowski.<\/p>\n<p>The ensemble includes Radovan Tari\u0161ka (saxophone, Slovakia), Rafa\u0142 Sarnecki (guitar, Poland), Tomas Baro\u0161 (double bass, Czech Republic) and Balazs B\u00e1gyi (drums, Hungary). The project will include 16 concerts, four in each country. The musicians will also conduct music workshops for students of music universities. The project began with concerts in the Czech Republic, in May the ensemble will perform in Slovakia, in September in Hungary and in November in Poland.<\/p>\n<p>The project is implemented by the JAZZ PO POLSKU Foundation. Partners include the Slovak Jazz Society, TIM Produkcio and Czech Jazz Art. Honorary patronage is held by the Polish Institute in Bratislava and the Polish Institute in Prague. The Jazz Forum magazine has assumed media auspices.<\/p>\n<p>The JAZZ PO POLSKU Foundation is an NGO presenting a wide range of possibilities for Polish artists of the young generation. It helps to establish international cultural cooperation and integrates artists from many countries. As part of its projects, concerts by Polish and foreign artists are also held in Poland.<\/p>\n<p>Arkadiusz S\u0142omczy\u0144ski<\/p>\n","protected":false},"excerpt":{"rendered":"<p>The JAZZ PO POLSKU Foundation, together with partners from the Visegrad Group (V4) countries, is implementing the Visegrad Jazz Exchange project. The initiative includes concert tours and music workshops in&hellip;<\/p>\n","protected":false},"author":7,"featured_media":59166,"comment_status":"closed","ping_status":"closed","sticky":false,"template":"","format":"standard","meta":{"_mi_skip_tracking":false,"footnotes":""},"categories":[42],"tags":[],"class_list":["post-60007","post","type-post","status-publish","format-standard","has-post-thumbnail","hentry","category-events"],"yoast_head":"<!-- This site is optimized with the Yoast SEO plugin v19.4 - https:\/\/yoast.com\/wordpress\/plugins\/seo\/ -->\n<title>Visegrad Jazz Exchange - concerts and music workshops held in the Visegrad Group countries - Dignity - DignityNews.eu<\/title>\n<meta name=\"robots\" content=\"index, follow, max-snippet:-1, max-image-preview:large, max-video-preview:-1\" \/>\n<link rel=\"canonical\" href=\"https:\/\/dignitynews.eu\/en\/visegrad-jazz-exchange-concerts-and-music-workshops-held-in-the-visegrad-group-countries\/\" \/>\n<meta property=\"og:locale\" content=\"en_US\" \/>\n<meta property=\"og:type\" content=\"article\" \/>\n<meta property=\"og:title\" content=\"Visegrad Jazz Exchange - concerts and music workshops held in the Visegrad Group countries - Dignity - DignityNews.eu\" \/>\n<meta property=\"og:description\" content=\"The JAZZ PO POLSKU Foundation, together with partners from the Visegrad Group (V4) countries, is implementing the Visegrad Jazz Exchange project. The initiative includes concert tours and music workshops in&hellip;\" \/>\n<meta property=\"og:url\" content=\"https:\/\/dignitynews.eu\/en\/visegrad-jazz-exchange-concerts-and-music-workshops-held-in-the-visegrad-group-countries\/\" \/>\n<meta property=\"og:site_name\" content=\"Dignity - DignityNews.eu\" \/>\n<meta property=\"article:published_time\" content=\"2024-03-25T14:25:27+00:00\" \/>\n<meta property=\"article:modified_time\" content=\"2024-12-03T14:28:59+00:00\" \/>\n<meta property=\"og:image\" content=\"https:\/\/dignitynews.eu\/wp-content\/uploads\/2024\/03\/trwa-visegrad-fot.-fundacja-Jazz-Po-Polsku.jpg\" \/>\n\t<meta property=\"og:image:width\" content=\"1489\" \/>\n\t<meta property=\"og:image:height\" content=\"2105\" \/>\n\t<meta property=\"og:image:type\" content=\"image\/jpeg\" \/>\n<meta name=\"author\" content=\"Dignity News\" \/>\n<meta name=\"twitter:card\" content=\"summary_large_image\" \/>\n<meta name=\"twitter:label1\" content=\"Written by\" \/>\n\t<meta name=\"twitter:data1\" content=\"Dignity News\" \/>\n\t<meta name=\"twitter:label2\" content=\"Est. reading time\" \/>\n\t<meta name=\"twitter:data2\" content=\"2 minutes\" \/>\n<script type=\"application\/ld+json\" class=\"yoast-schema-graph\">{\"@context\":\"https:\/\/schema.org\",\"@graph\":[{\"@type\":\"WebSite\",\"@id\":\"https:\/\/dignitynews.eu\/pl\/#website\",\"url\":\"https:\/\/dignitynews.eu\/pl\/\",\"name\":\"Dignity - DignityNews.eu\",\"description\":\"\",\"potentialAction\":[{\"@type\":\"SearchAction\",\"target\":{\"@type\":\"EntryPoint\",\"urlTemplate\":\"https:\/\/dignitynews.eu\/pl\/?s={search_term_string}\"},\"query-input\":\"required name=search_term_string\"}],\"inLanguage\":\"en-US\"},{\"@type\":\"WebPage\",\"@id\":\"https:\/\/dignitynews.eu\/en\/visegrad-jazz-exchange-concerts-and-music-workshops-held-in-the-visegrad-group-countries\/\",\"url\":\"https:\/\/dignitynews.eu\/en\/visegrad-jazz-exchange-concerts-and-music-workshops-held-in-the-visegrad-group-countries\/\",\"name\":\"Visegrad Jazz Exchange - concerts and music workshops held in the Visegrad Group countries - Dignity - DignityNews.eu\",\"isPartOf\":{\"@id\":\"https:\/\/dignitynews.eu\/pl\/#website\"},\"datePublished\":\"2024-03-25T14:25:27+00:00\",\"dateModified\":\"2024-12-03T14:28:59+00:00\",\"author\":{\"@id\":\"https:\/\/dignitynews.eu\/pl\/#\/schema\/person\/0b62b762b8174802fabc81a3ecb1bfcb\"},\"breadcrumb\":{\"@id\":\"https:\/\/dignitynews.eu\/en\/visegrad-jazz-exchange-concerts-and-music-workshops-held-in-the-visegrad-group-countries\/#breadcrumb\"},\"inLanguage\":\"en-US\",\"potentialAction\":[{\"@type\":\"ReadAction\",\"target\":[\"https:\/\/dignitynews.eu\/en\/visegrad-jazz-exchange-concerts-and-music-workshops-held-in-the-visegrad-group-countries\/\"]}]},{\"@type\":\"BreadcrumbList\",\"@id\":\"https:\/\/dignitynews.eu\/en\/visegrad-jazz-exchange-concerts-and-music-workshops-held-in-the-visegrad-group-countries\/#breadcrumb\",\"itemListElement\":[{\"@type\":\"ListItem\",\"position\":1,\"name\":\"Strona g\u0142\u00f3wna\",\"item\":\"https:\/\/dignitynews.eu\/en\/\"},{\"@type\":\"ListItem\",\"position\":2,\"name\":\"Visegrad Jazz Exchange &#8211; concerts and music workshops held in the Visegrad Group countries\"}]},{\"@type\":\"Person\",\"@id\":\"https:\/\/dignitynews.eu\/pl\/#\/schema\/person\/0b62b762b8174802fabc81a3ecb1bfcb\",\"name\":\"Dignity News\",\"image\":{\"@type\":\"ImageObject\",\"inLanguage\":\"en-US\",\"@id\":\"https:\/\/dignitynews.eu\/pl\/#\/schema\/person\/image\/\",\"url\":\"https:\/\/secure.gravatar.com\/avatar\/97963171a6d9108f8381bbefb1c6b150c445b6ddd9e3077b96c86cf5892c85dc?s=96&d=mm&r=g\",\"contentUrl\":\"https:\/\/secure.gravatar.com\/avatar\/97963171a6d9108f8381bbefb1c6b150c445b6ddd9e3077b96c86cf5892c85dc?s=96&d=mm&r=g\",\"caption\":\"Dignity News\"},\"url\":\"https:\/\/dignitynews.eu\/en\/author\/mikolaj-palade\/\"}]}<\/script>\n<!-- \/ Yoast SEO plugin. -->","yoast_head_json":{"title":"Visegrad Jazz Exchange - concerts and music workshops held in the Visegrad Group countries - Dignity - DignityNews.eu","robots":{"index":"index","follow":"follow","max-snippet":"max-snippet:-1","max-image-preview":"max-image-preview:large","max-video-preview":"max-video-preview:-1"},"canonical":"https:\/\/dignitynews.eu\/en\/visegrad-jazz-exchange-concerts-and-music-workshops-held-in-the-visegrad-group-countries\/","og_locale":"en_US","og_type":"article","og_title":"Visegrad Jazz Exchange - concerts and music workshops held in the Visegrad Group countries - Dignity - DignityNews.eu","og_description":"The JAZZ PO POLSKU Foundation, together with partners from the Visegrad Group (V4) countries, is implementing the Visegrad Jazz Exchange project. The initiative includes concert tours and music workshops in&hellip;","og_url":"https:\/\/dignitynews.eu\/en\/visegrad-jazz-exchange-concerts-and-music-workshops-held-in-the-visegrad-group-countries\/","og_site_name":"Dignity - DignityNews.eu","article_published_time":"2024-03-25T14:25:27+00:00","article_modified_time":"2024-12-03T14:28:59+00:00","og_image":[{"width":1489,"height":2105,"url":"https:\/\/dignitynews.eu\/wp-content\/uploads\/2024\/03\/trwa-visegrad-fot.-fundacja-Jazz-Po-Polsku.jpg","type":"image\/jpeg"}],"author":"Dignity News","twitter_card":"summary_large_image","twitter_misc":{"Written by":"Dignity News","Est. reading time":"2 minutes"},"schema":{"@context":"https:\/\/schema.org","@graph":[{"@type":"WebSite","@id":"https:\/\/dignitynews.eu\/pl\/#website","url":"https:\/\/dignitynews.eu\/pl\/","name":"Dignity - DignityNews.eu","description":"","potentialAction":[{"@type":"SearchAction","target":{"@type":"EntryPoint","urlTemplate":"https:\/\/dignitynews.eu\/pl\/?s={search_term_string}"},"query-input":"required name=search_term_string"}],"inLanguage":"en-US"},{"@type":"WebPage","@id":"https:\/\/dignitynews.eu\/en\/visegrad-jazz-exchange-concerts-and-music-workshops-held-in-the-visegrad-group-countries\/","url":"https:\/\/dignitynews.eu\/en\/visegrad-jazz-exchange-concerts-and-music-workshops-held-in-the-visegrad-group-countries\/","name":"Visegrad Jazz Exchange - concerts and music workshops held in the Visegrad Group countries - Dignity - DignityNews.eu","isPartOf":{"@id":"https:\/\/dignitynews.eu\/pl\/#website"},"datePublished":"2024-03-25T14:25:27+00:00","dateModified":"2024-12-03T14:28:59+00:00","author":{"@id":"https:\/\/dignitynews.eu\/pl\/#\/schema\/person\/0b62b762b8174802fabc81a3ecb1bfcb"},"breadcrumb":{"@id":"https:\/\/dignitynews.eu\/en\/visegrad-jazz-exchange-concerts-and-music-workshops-held-in-the-visegrad-group-countries\/#breadcrumb"},"inLanguage":"en-US","potentialAction":[{"@type":"ReadAction","target":["https:\/\/dignitynews.eu\/en\/visegrad-jazz-exchange-concerts-and-music-workshops-held-in-the-visegrad-group-countries\/"]}]},{"@type":"BreadcrumbList","@id":"https:\/\/dignitynews.eu\/en\/visegrad-jazz-exchange-concerts-and-music-workshops-held-in-the-visegrad-group-countries\/#breadcrumb","itemListElement":[{"@type":"ListItem","position":1,"name":"Strona g\u0142\u00f3wna","item":"https:\/\/dignitynews.eu\/en\/"},{"@type":"ListItem","position":2,"name":"Visegrad Jazz Exchange &#8211; concerts and music workshops held in the Visegrad Group countries"}]},{"@type":"Person","@id":"https:\/\/dignitynews.eu\/pl\/#\/schema\/person\/0b62b762b8174802fabc81a3ecb1bfcb","name":"Dignity News","image":{"@type":"ImageObject","inLanguage":"en-US","@id":"https:\/\/dignitynews.eu\/pl\/#\/schema\/person\/image\/","url":"https:\/\/secure.gravatar.com\/avatar\/97963171a6d9108f8381bbefb1c6b150c445b6ddd9e3077b96c86cf5892c85dc?s=96&d=mm&r=g","contentUrl":"https:\/\/secure.gravatar.com\/avatar\/97963171a6d9108f8381bbefb1c6b150c445b6ddd9e3077b96c86cf5892c85dc?s=96&d=mm&r=g","caption":"Dignity News"},"url":"https:\/\/dignitynews.eu\/en\/author\/mikolaj-palade\/"}]}},"_links":{"self":[{"href":"https:\/\/dignitynews.eu\/en\/wp-json\/wp\/v2\/posts\/60007","targetHints":{"allow":["GET"]}}],"collection":[{"href":"https:\/\/dignitynews.eu\/en\/wp-json\/wp\/v2\/posts"}],"about":[{"href":"https:\/\/dignitynews.eu\/en\/wp-json\/wp\/v2\/types\/post"}],"author":[{"embeddable":true,"href":"https:\/\/dignitynews.eu\/en\/wp-json\/wp\/v2\/users\/7"}],"replies":[{"embeddable":true,"href":"https:\/\/dignitynews.eu\/en\/wp-json\/wp\/v2\/comments?post=60007"}],"version-history":[{"count":1,"href":"https:\/\/dignitynews.eu\/en\/wp-json\/wp\/v2\/posts\/60007\/revisions"}],"predecessor-version":[{"id":60013,"href":"https:\/\/dignitynews.eu\/en\/wp-json\/wp\/v2\/posts\/60007\/revisions\/60013"}],"wp:featuredmedia":[{"embeddable":true,"href":"https:\/\/dignitynews.eu\/en\/wp-json\/wp\/v2\/media\/59166"}],"wp:attachment":[{"href":"https:\/\/dignitynews.eu\/en\/wp-json\/wp\/v2\/media?parent=60007"}],"wp:term":[{"taxonomy":"category","embeddable":true,"href":"https:\/\/dignitynews.eu\/en\/wp-json\/wp\/v2\/categories?post=60007"},{"taxonomy":"post_tag","embeddable":true,"href":"https:\/\/dignitynews.eu\/en\/wp-json\/wp\/v2\/tags?post=60007"}],"curies":[{"name":"wp","href":"https:\/\/api.w.org\/{rel}","templated":true}]}}