{"id":59949,"date":"2024-03-22T16:19:13","date_gmt":"2024-03-22T15:19:13","guid":{"rendered":"https:\/\/dignitynews.eu\/?p=59949"},"modified":"2024-12-02T16:20:41","modified_gmt":"2024-12-02T15:20:41","slug":"memorial-matzevah-unveiled-in-lowicz","status":"publish","type":"post","link":"https:\/\/dignitynews.eu\/en\/memorial-matzevah-unveiled-in-lowicz\/","title":{"rendered":"Memorial Matzevah unveiled in \u0141owicz"},"content":{"rendered":"<p><span style=\"font-weight: 400;\">On 21 March 2024, Jews from \u0141owicz and the surrounding area who were murdered by the German occupiers between 1940 and 1943 were commemorated.<\/span><\/p>\n<p><span style=\"font-weight: 400;\">The Institute of National Remembrance, together with the Warsaw Ghetto Museum, is creating a project to disseminate knowledge about the life, struggle and extermination of Polish Jews in the ghettos of German-occupied Poland. The social and educational action consists in commemorating the victims of the Holocaust in the towns and cities in the Mazowieckie Voivodeship where the ghettos were located.<\/span><\/p>\n<p><span style=\"font-weight: 400;\">During the ceremony, Dr Mateusz Szpytma, deputy president of the Institute of National Remembrance, recalled that the Germans destroyed not only the lives of the Jews of \u0141owicz, but also what was left after them. They burnt down the synagogue, ruined the Jewish cemetery (kirkut), and the matzevot were used to reinforce the banks of the Bzura River.<\/span><\/p>\n<p><span style=\"font-weight: 400;\">&#8220;Today, through this commemoration, the placement of this matzevah, we are in a sense overcoming this German occupation legacy by placing here information about all those inhabitants of \u0141owicz and the surrounding area. In this way, this matzevah returns in a symbolic way&#8221;, said Dr Mateusz Szpytma.<\/span><\/p>\n<p><span style=\"font-weight: 400;\">The Matzevah of Remembrance unveiled in \u0141owicz was co-financed by the Office for the Commemoration of Struggles and Martyrdom of the Institute of National Remembrance.<\/span><\/p>\n<p><span style=\"font-weight: 400;\">Researchers estimate that around 4,500 Jews lived in \u0141owicz in 1939.<\/span><\/p>\n<p><span style=\"font-weight: 400;\">The town was part of the territory of the Nazi General Government created in October 1939, in the Warsaw district. The Jews were first exposed to harassment and physical attacks, and then were subjected to the legislation that the Germans introduced in the area. Their workshops and workplaces were confiscated, their property was taken away; they were forbidden to practice religious observance or participate in school education.\u00a0<\/span><\/p>\n<p><span style=\"font-weight: 400;\">Over time, displaced people from areas incorporated into the Third Reich began to arrive in the town. The number of Jews in \u0141owicz increased from about 4,500 to about 8,200. In the spring of 1940, a ghetto was established in the centre of \u0141owicz. On 22 February 1941, the Jews of \u0141owicz were ordered to be relocated to the Warsaw ghetto. Those who survived the following months shared the fate of the other inhabitants of the Warsaw ghetto, deported in the summer of 1942 to the Treblinka extermination camp. Only a few survived.<\/span><\/p>\n<p><span style=\"font-weight: 400;\">Adrian Andrzejewski<\/span><\/p>\n","protected":false},"excerpt":{"rendered":"<p>On 21 March 2024, Jews from \u0141owicz and the surrounding area who were murdered by the German occupiers between 1940 and 1943 were commemorated. The Institute of National Remembrance, together&hellip;<\/p>\n","protected":false},"author":7,"featured_media":59133,"comment_status":"closed","ping_status":"closed","sticky":false,"template":"","format":"standard","meta":{"_mi_skip_tracking":false,"footnotes":""},"categories":[42],"tags":[],"class_list":["post-59949","post","type-post","status-publish","format-standard","has-post-thumbnail","hentry","category-events"],"yoast_head":"<!-- This site is optimized with the Yoast SEO plugin v19.4 - https:\/\/yoast.com\/wordpress\/plugins\/seo\/ -->\n<title>Memorial Matzevah unveiled in \u0141owicz - Dignity - DignityNews.eu<\/title>\n<meta name=\"robots\" content=\"index, follow, max-snippet:-1, max-image-preview:large, max-video-preview:-1\" \/>\n<link rel=\"canonical\" href=\"https:\/\/dignitynews.eu\/en\/memorial-matzevah-unveiled-in-lowicz\/\" \/>\n<meta property=\"og:locale\" content=\"en_US\" \/>\n<meta property=\"og:type\" content=\"article\" \/>\n<meta property=\"og:title\" content=\"Memorial Matzevah unveiled in \u0141owicz - Dignity - DignityNews.eu\" \/>\n<meta property=\"og:description\" content=\"On 21 March 2024, Jews from \u0141owicz and the surrounding area who were murdered by the German occupiers between 1940 and 1943 were commemorated. The Institute of National Remembrance, together&hellip;\" \/>\n<meta property=\"og:url\" content=\"https:\/\/dignitynews.eu\/en\/memorial-matzevah-unveiled-in-lowicz\/\" \/>\n<meta property=\"og:site_name\" content=\"Dignity - DignityNews.eu\" \/>\n<meta property=\"article:published_time\" content=\"2024-03-22T15:19:13+00:00\" \/>\n<meta property=\"article:modified_time\" content=\"2024-12-02T15:20:41+00:00\" \/>\n<meta property=\"og:image\" content=\"https:\/\/dignitynews.eu\/wp-content\/uploads\/2024\/03\/W-Lowiczu-odslonieto-Macewe-Pamieci-fot.-Slawek-Kasper-IPN.jpg\" \/>\n\t<meta property=\"og:image:width\" content=\"1400\" \/>\n\t<meta property=\"og:image:height\" content=\"934\" \/>\n\t<meta property=\"og:image:type\" content=\"image\/jpeg\" \/>\n<meta name=\"author\" content=\"Dignity News\" \/>\n<meta name=\"twitter:card\" content=\"summary_large_image\" \/>\n<meta name=\"twitter:label1\" content=\"Written by\" \/>\n\t<meta name=\"twitter:data1\" content=\"Dignity News\" \/>\n\t<meta name=\"twitter:label2\" content=\"Est. reading time\" \/>\n\t<meta name=\"twitter:data2\" content=\"2 minutes\" \/>\n<script type=\"application\/ld+json\" class=\"yoast-schema-graph\">{\"@context\":\"https:\/\/schema.org\",\"@graph\":[{\"@type\":\"WebSite\",\"@id\":\"https:\/\/dignitynews.eu\/pl\/#website\",\"url\":\"https:\/\/dignitynews.eu\/pl\/\",\"name\":\"Dignity - DignityNews.eu\",\"description\":\"\",\"potentialAction\":[{\"@type\":\"SearchAction\",\"target\":{\"@type\":\"EntryPoint\",\"urlTemplate\":\"https:\/\/dignitynews.eu\/pl\/?s={search_term_string}\"},\"query-input\":\"required name=search_term_string\"}],\"inLanguage\":\"en-US\"},{\"@type\":\"WebPage\",\"@id\":\"https:\/\/dignitynews.eu\/en\/memorial-matzevah-unveiled-in-lowicz\/\",\"url\":\"https:\/\/dignitynews.eu\/en\/memorial-matzevah-unveiled-in-lowicz\/\",\"name\":\"Memorial Matzevah unveiled in \u0141owicz - Dignity - DignityNews.eu\",\"isPartOf\":{\"@id\":\"https:\/\/dignitynews.eu\/pl\/#website\"},\"datePublished\":\"2024-03-22T15:19:13+00:00\",\"dateModified\":\"2024-12-02T15:20:41+00:00\",\"author\":{\"@id\":\"https:\/\/dignitynews.eu\/pl\/#\/schema\/person\/0b62b762b8174802fabc81a3ecb1bfcb\"},\"breadcrumb\":{\"@id\":\"https:\/\/dignitynews.eu\/en\/memorial-matzevah-unveiled-in-lowicz\/#breadcrumb\"},\"inLanguage\":\"en-US\",\"potentialAction\":[{\"@type\":\"ReadAction\",\"target\":[\"https:\/\/dignitynews.eu\/en\/memorial-matzevah-unveiled-in-lowicz\/\"]}]},{\"@type\":\"BreadcrumbList\",\"@id\":\"https:\/\/dignitynews.eu\/en\/memorial-matzevah-unveiled-in-lowicz\/#breadcrumb\",\"itemListElement\":[{\"@type\":\"ListItem\",\"position\":1,\"name\":\"Strona g\u0142\u00f3wna\",\"item\":\"https:\/\/dignitynews.eu\/en\/\"},{\"@type\":\"ListItem\",\"position\":2,\"name\":\"Memorial Matzevah unveiled in \u0141owicz\"}]},{\"@type\":\"Person\",\"@id\":\"https:\/\/dignitynews.eu\/pl\/#\/schema\/person\/0b62b762b8174802fabc81a3ecb1bfcb\",\"name\":\"Dignity News\",\"image\":{\"@type\":\"ImageObject\",\"inLanguage\":\"en-US\",\"@id\":\"https:\/\/dignitynews.eu\/pl\/#\/schema\/person\/image\/\",\"url\":\"https:\/\/secure.gravatar.com\/avatar\/97963171a6d9108f8381bbefb1c6b150c445b6ddd9e3077b96c86cf5892c85dc?s=96&d=mm&r=g\",\"contentUrl\":\"https:\/\/secure.gravatar.com\/avatar\/97963171a6d9108f8381bbefb1c6b150c445b6ddd9e3077b96c86cf5892c85dc?s=96&d=mm&r=g\",\"caption\":\"Dignity News\"},\"url\":\"https:\/\/dignitynews.eu\/en\/author\/mikolaj-palade\/\"}]}<\/script>\n<!-- \/ Yoast SEO plugin. -->","yoast_head_json":{"title":"Memorial Matzevah unveiled in \u0141owicz - Dignity - DignityNews.eu","robots":{"index":"index","follow":"follow","max-snippet":"max-snippet:-1","max-image-preview":"max-image-preview:large","max-video-preview":"max-video-preview:-1"},"canonical":"https:\/\/dignitynews.eu\/en\/memorial-matzevah-unveiled-in-lowicz\/","og_locale":"en_US","og_type":"article","og_title":"Memorial Matzevah unveiled in \u0141owicz - Dignity - DignityNews.eu","og_description":"On 21 March 2024, Jews from \u0141owicz and the surrounding area who were murdered by the German occupiers between 1940 and 1943 were commemorated. The Institute of National Remembrance, together&hellip;","og_url":"https:\/\/dignitynews.eu\/en\/memorial-matzevah-unveiled-in-lowicz\/","og_site_name":"Dignity - DignityNews.eu","article_published_time":"2024-03-22T15:19:13+00:00","article_modified_time":"2024-12-02T15:20:41+00:00","og_image":[{"width":1400,"height":934,"url":"https:\/\/dignitynews.eu\/wp-content\/uploads\/2024\/03\/W-Lowiczu-odslonieto-Macewe-Pamieci-fot.-Slawek-Kasper-IPN.jpg","type":"image\/jpeg"}],"author":"Dignity News","twitter_card":"summary_large_image","twitter_misc":{"Written by":"Dignity News","Est. reading time":"2 minutes"},"schema":{"@context":"https:\/\/schema.org","@graph":[{"@type":"WebSite","@id":"https:\/\/dignitynews.eu\/pl\/#website","url":"https:\/\/dignitynews.eu\/pl\/","name":"Dignity - DignityNews.eu","description":"","potentialAction":[{"@type":"SearchAction","target":{"@type":"EntryPoint","urlTemplate":"https:\/\/dignitynews.eu\/pl\/?s={search_term_string}"},"query-input":"required name=search_term_string"}],"inLanguage":"en-US"},{"@type":"WebPage","@id":"https:\/\/dignitynews.eu\/en\/memorial-matzevah-unveiled-in-lowicz\/","url":"https:\/\/dignitynews.eu\/en\/memorial-matzevah-unveiled-in-lowicz\/","name":"Memorial Matzevah unveiled in \u0141owicz - Dignity - DignityNews.eu","isPartOf":{"@id":"https:\/\/dignitynews.eu\/pl\/#website"},"datePublished":"2024-03-22T15:19:13+00:00","dateModified":"2024-12-02T15:20:41+00:00","author":{"@id":"https:\/\/dignitynews.eu\/pl\/#\/schema\/person\/0b62b762b8174802fabc81a3ecb1bfcb"},"breadcrumb":{"@id":"https:\/\/dignitynews.eu\/en\/memorial-matzevah-unveiled-in-lowicz\/#breadcrumb"},"inLanguage":"en-US","potentialAction":[{"@type":"ReadAction","target":["https:\/\/dignitynews.eu\/en\/memorial-matzevah-unveiled-in-lowicz\/"]}]},{"@type":"BreadcrumbList","@id":"https:\/\/dignitynews.eu\/en\/memorial-matzevah-unveiled-in-lowicz\/#breadcrumb","itemListElement":[{"@type":"ListItem","position":1,"name":"Strona g\u0142\u00f3wna","item":"https:\/\/dignitynews.eu\/en\/"},{"@type":"ListItem","position":2,"name":"Memorial Matzevah unveiled in \u0141owicz"}]},{"@type":"Person","@id":"https:\/\/dignitynews.eu\/pl\/#\/schema\/person\/0b62b762b8174802fabc81a3ecb1bfcb","name":"Dignity News","image":{"@type":"ImageObject","inLanguage":"en-US","@id":"https:\/\/dignitynews.eu\/pl\/#\/schema\/person\/image\/","url":"https:\/\/secure.gravatar.com\/avatar\/97963171a6d9108f8381bbefb1c6b150c445b6ddd9e3077b96c86cf5892c85dc?s=96&d=mm&r=g","contentUrl":"https:\/\/secure.gravatar.com\/avatar\/97963171a6d9108f8381bbefb1c6b150c445b6ddd9e3077b96c86cf5892c85dc?s=96&d=mm&r=g","caption":"Dignity News"},"url":"https:\/\/dignitynews.eu\/en\/author\/mikolaj-palade\/"}]}},"_links":{"self":[{"href":"https:\/\/dignitynews.eu\/en\/wp-json\/wp\/v2\/posts\/59949","targetHints":{"allow":["GET"]}}],"collection":[{"href":"https:\/\/dignitynews.eu\/en\/wp-json\/wp\/v2\/posts"}],"about":[{"href":"https:\/\/dignitynews.eu\/en\/wp-json\/wp\/v2\/types\/post"}],"author":[{"embeddable":true,"href":"https:\/\/dignitynews.eu\/en\/wp-json\/wp\/v2\/users\/7"}],"replies":[{"embeddable":true,"href":"https:\/\/dignitynews.eu\/en\/wp-json\/wp\/v2\/comments?post=59949"}],"version-history":[{"count":2,"href":"https:\/\/dignitynews.eu\/en\/wp-json\/wp\/v2\/posts\/59949\/revisions"}],"predecessor-version":[{"id":59960,"href":"https:\/\/dignitynews.eu\/en\/wp-json\/wp\/v2\/posts\/59949\/revisions\/59960"}],"wp:featuredmedia":[{"embeddable":true,"href":"https:\/\/dignitynews.eu\/en\/wp-json\/wp\/v2\/media\/59133"}],"wp:attachment":[{"href":"https:\/\/dignitynews.eu\/en\/wp-json\/wp\/v2\/media?parent=59949"}],"wp:term":[{"taxonomy":"category","embeddable":true,"href":"https:\/\/dignitynews.eu\/en\/wp-json\/wp\/v2\/categories?post=59949"},{"taxonomy":"post_tag","embeddable":true,"href":"https:\/\/dignitynews.eu\/en\/wp-json\/wp\/v2\/tags?post=59949"}],"curies":[{"name":"wp","href":"https:\/\/api.w.org\/{rel}","templated":true}]}}