{"id":59938,"date":"2024-03-22T16:12:37","date_gmt":"2024-03-22T15:12:37","guid":{"rendered":"https:\/\/dignitynews.eu\/?p=59938"},"modified":"2024-12-02T16:14:47","modified_gmt":"2024-12-02T15:14:47","slug":"alojzy-blazynski-polish-aircraft-mechanic-who-hijacked-a-german-plane","status":"publish","type":"post","link":"https:\/\/dignitynews.eu\/en\/alojzy-blazynski-polish-aircraft-mechanic-who-hijacked-a-german-plane\/","title":{"rendered":"Alojzy Bla\u017cy\u0144ski &#8211; Polish aircraft mechanic who hijacked a German plane"},"content":{"rendered":"<p><span style=\"font-weight: 400;\">Serving in the German army, Alojzy Bla\u017cy\u0144ski, on hearing of the outbreak of the Wielkopolska Uprising, hijacked a fighter plane from the German airfield in Bydgoszcz and flew it to the Polish insurgent troops. The Germans found his act to be extraordinarily daring.<\/span><\/p>\n<p><span style=\"font-weight: 400;\">He was born on 31 August 1898 in D\u0105browa in Gda\u0144sk Pomerania. His father was a draughtsman by profession, who encouraged Alojzy&#8217;s love of technology. He studied at the Gdansk University of Technology, but in November 1915 his studies were interrupted by being called up into the German army. After a short training course at the aviation centre in Grudzi\u0105dz, B\u0142a\u017cy\u0144ski was sent to the front as an assistant aircraft mechanic.\u00a0<\/span><\/p>\n<p><span style=\"font-weight: 400;\">During the First World War, he fought on the Western Front in the 222nd Air Squadron, before being sent to the 22nd Fighter Squadron. In 1917, he served in Bydgoszcz, also as a mechanic.\u00a0<\/span><\/p>\n<p><span style=\"font-weight: 400;\">When the Uprising broke out in Wielkopolska in December 1918, Blazynski carried out his intention to desert from the German army to join the Polish insurgent units. However, the Poles, despite being successful on the Notec front, were unable to capture Bydgoszcz or get close to it. Blazynski then decided to hijack a German plane.<\/span><\/p>\n<p><span style=\"font-weight: 400;\">The opportunity came in March 1919, when he was repairing the &#8220;Branderburg&#8221; reconnaissance plane. Finishing his work, he started wheeling to the hangar. Then he suddenly cranked and gave the engine full speed, after which the plane took to the air. Being under a great deal of stress, Blazynski soon realised that he was flying in the opposite direction. He also soon saw that a &#8216;Fokker&#8217; had caught up with him, and the pilot in it was giving him signs to return to the airfield. Blazynski lowered his flight, but soon heard gunshots, so he started to take to the air again, flying in the right direction this time, and his escape began. He luckily landed at \u0141awica near Pozna\u0144 on the insurgent side. He was met by a Polish patrol, suspecting him to be a spy. Initially no one wanted to believe his story and he was released only after a two-day examination. B\u0142a\u017cy\u0144ski&#8217;s escape was all the more remarkable because it was made by a person who was not a pilot.<\/span><\/p>\n<p><span style=\"font-weight: 400;\">In the Second Polish Republic, Bla\u017cy\u0144ski made a career in the Polish Army. He was appointed captain-pilot. He also proved to be a gifted constructor &#8211; he designed a glider, presenting it at a non-motorised flying competition in Bia\u0142ka near Zakopane.<\/span><\/p>\n<p><span style=\"font-weight: 400;\">He died by suicide in 1934.\u00a0<\/span><\/p>\n<p>&nbsp;<\/p>\n","protected":false},"excerpt":{"rendered":"<p>Serving in the German army, Alojzy Bla\u017cy\u0144ski, on hearing of the outbreak of the Wielkopolska Uprising, hijacked a fighter plane from the German airfield in Bydgoszcz and flew it to&hellip;<\/p>\n","protected":false},"author":7,"featured_media":59670,"comment_status":"closed","ping_status":"closed","sticky":false,"template":"","format":"standard","meta":{"_mi_skip_tracking":false,"footnotes":""},"categories":[],"tags":[],"class_list":["post-59938","post","type-post","status-publish","format-standard","has-post-thumbnail","hentry"],"yoast_head":"<!-- This site is optimized with the Yoast SEO plugin v19.4 - https:\/\/yoast.com\/wordpress\/plugins\/seo\/ -->\n<title>Alojzy Bla\u017cy\u0144ski - Polish aircraft mechanic who hijacked a German plane - Dignity - DignityNews.eu<\/title>\n<meta name=\"robots\" content=\"index, follow, max-snippet:-1, max-image-preview:large, max-video-preview:-1\" \/>\n<link rel=\"canonical\" href=\"https:\/\/dignitynews.eu\/en\/alojzy-blazynski-polish-aircraft-mechanic-who-hijacked-a-german-plane\/\" \/>\n<meta property=\"og:locale\" content=\"en_US\" \/>\n<meta property=\"og:type\" content=\"article\" \/>\n<meta property=\"og:title\" content=\"Alojzy Bla\u017cy\u0144ski - Polish aircraft mechanic who hijacked a German plane - Dignity - DignityNews.eu\" \/>\n<meta property=\"og:description\" content=\"Serving in the German army, Alojzy Bla\u017cy\u0144ski, on hearing of the outbreak of the Wielkopolska Uprising, hijacked a fighter plane from the German airfield in Bydgoszcz and flew it to&hellip;\" \/>\n<meta property=\"og:url\" content=\"https:\/\/dignitynews.eu\/en\/alojzy-blazynski-polish-aircraft-mechanic-who-hijacked-a-german-plane\/\" \/>\n<meta property=\"og:site_name\" content=\"Dignity - DignityNews.eu\" \/>\n<meta property=\"article:published_time\" content=\"2024-03-22T15:12:37+00:00\" \/>\n<meta property=\"article:modified_time\" content=\"2024-12-02T15:14:47+00:00\" \/>\n<meta property=\"og:image\" content=\"https:\/\/dignitynews.eu\/wp-content\/uploads\/2024\/10\/Alojzy_Blazenski_kpt._pilot_kawaler_VM_5.jpg\" \/>\n\t<meta property=\"og:image:width\" content=\"270\" \/>\n\t<meta property=\"og:image:height\" content=\"360\" \/>\n\t<meta property=\"og:image:type\" content=\"image\/jpeg\" \/>\n<meta name=\"author\" content=\"Dignity News\" \/>\n<meta name=\"twitter:card\" content=\"summary_large_image\" \/>\n<meta name=\"twitter:label1\" content=\"Written by\" \/>\n\t<meta name=\"twitter:data1\" content=\"Dignity News\" \/>\n\t<meta name=\"twitter:label2\" content=\"Est. reading time\" \/>\n\t<meta name=\"twitter:data2\" content=\"2 minutes\" \/>\n<script type=\"application\/ld+json\" class=\"yoast-schema-graph\">{\"@context\":\"https:\/\/schema.org\",\"@graph\":[{\"@type\":\"WebSite\",\"@id\":\"https:\/\/dignitynews.eu\/pl\/#website\",\"url\":\"https:\/\/dignitynews.eu\/pl\/\",\"name\":\"Dignity - DignityNews.eu\",\"description\":\"\",\"potentialAction\":[{\"@type\":\"SearchAction\",\"target\":{\"@type\":\"EntryPoint\",\"urlTemplate\":\"https:\/\/dignitynews.eu\/pl\/?s={search_term_string}\"},\"query-input\":\"required name=search_term_string\"}],\"inLanguage\":\"en-US\"},{\"@type\":\"WebPage\",\"@id\":\"https:\/\/dignitynews.eu\/en\/alojzy-blazynski-polish-aircraft-mechanic-who-hijacked-a-german-plane\/\",\"url\":\"https:\/\/dignitynews.eu\/en\/alojzy-blazynski-polish-aircraft-mechanic-who-hijacked-a-german-plane\/\",\"name\":\"Alojzy Bla\u017cy\u0144ski - Polish aircraft mechanic who hijacked a German plane - Dignity - DignityNews.eu\",\"isPartOf\":{\"@id\":\"https:\/\/dignitynews.eu\/pl\/#website\"},\"datePublished\":\"2024-03-22T15:12:37+00:00\",\"dateModified\":\"2024-12-02T15:14:47+00:00\",\"author\":{\"@id\":\"https:\/\/dignitynews.eu\/pl\/#\/schema\/person\/0b62b762b8174802fabc81a3ecb1bfcb\"},\"breadcrumb\":{\"@id\":\"https:\/\/dignitynews.eu\/en\/alojzy-blazynski-polish-aircraft-mechanic-who-hijacked-a-german-plane\/#breadcrumb\"},\"inLanguage\":\"en-US\",\"potentialAction\":[{\"@type\":\"ReadAction\",\"target\":[\"https:\/\/dignitynews.eu\/en\/alojzy-blazynski-polish-aircraft-mechanic-who-hijacked-a-german-plane\/\"]}]},{\"@type\":\"BreadcrumbList\",\"@id\":\"https:\/\/dignitynews.eu\/en\/alojzy-blazynski-polish-aircraft-mechanic-who-hijacked-a-german-plane\/#breadcrumb\",\"itemListElement\":[{\"@type\":\"ListItem\",\"position\":1,\"name\":\"Strona g\u0142\u00f3wna\",\"item\":\"https:\/\/dignitynews.eu\/en\/\"},{\"@type\":\"ListItem\",\"position\":2,\"name\":\"Alojzy Bla\u017cy\u0144ski &#8211; Polish aircraft mechanic who hijacked a German plane\"}]},{\"@type\":\"Person\",\"@id\":\"https:\/\/dignitynews.eu\/pl\/#\/schema\/person\/0b62b762b8174802fabc81a3ecb1bfcb\",\"name\":\"Dignity News\",\"image\":{\"@type\":\"ImageObject\",\"inLanguage\":\"en-US\",\"@id\":\"https:\/\/dignitynews.eu\/pl\/#\/schema\/person\/image\/\",\"url\":\"https:\/\/secure.gravatar.com\/avatar\/97963171a6d9108f8381bbefb1c6b150c445b6ddd9e3077b96c86cf5892c85dc?s=96&d=mm&r=g\",\"contentUrl\":\"https:\/\/secure.gravatar.com\/avatar\/97963171a6d9108f8381bbefb1c6b150c445b6ddd9e3077b96c86cf5892c85dc?s=96&d=mm&r=g\",\"caption\":\"Dignity News\"},\"url\":\"https:\/\/dignitynews.eu\/en\/author\/mikolaj-palade\/\"}]}<\/script>\n<!-- \/ Yoast SEO plugin. -->","yoast_head_json":{"title":"Alojzy Bla\u017cy\u0144ski - Polish aircraft mechanic who hijacked a German plane - Dignity - DignityNews.eu","robots":{"index":"index","follow":"follow","max-snippet":"max-snippet:-1","max-image-preview":"max-image-preview:large","max-video-preview":"max-video-preview:-1"},"canonical":"https:\/\/dignitynews.eu\/en\/alojzy-blazynski-polish-aircraft-mechanic-who-hijacked-a-german-plane\/","og_locale":"en_US","og_type":"article","og_title":"Alojzy Bla\u017cy\u0144ski - Polish aircraft mechanic who hijacked a German plane - Dignity - DignityNews.eu","og_description":"Serving in the German army, Alojzy Bla\u017cy\u0144ski, on hearing of the outbreak of the Wielkopolska Uprising, hijacked a fighter plane from the German airfield in Bydgoszcz and flew it to&hellip;","og_url":"https:\/\/dignitynews.eu\/en\/alojzy-blazynski-polish-aircraft-mechanic-who-hijacked-a-german-plane\/","og_site_name":"Dignity - DignityNews.eu","article_published_time":"2024-03-22T15:12:37+00:00","article_modified_time":"2024-12-02T15:14:47+00:00","og_image":[{"width":270,"height":360,"url":"https:\/\/dignitynews.eu\/wp-content\/uploads\/2024\/10\/Alojzy_Blazenski_kpt._pilot_kawaler_VM_5.jpg","type":"image\/jpeg"}],"author":"Dignity News","twitter_card":"summary_large_image","twitter_misc":{"Written by":"Dignity News","Est. reading time":"2 minutes"},"schema":{"@context":"https:\/\/schema.org","@graph":[{"@type":"WebSite","@id":"https:\/\/dignitynews.eu\/pl\/#website","url":"https:\/\/dignitynews.eu\/pl\/","name":"Dignity - DignityNews.eu","description":"","potentialAction":[{"@type":"SearchAction","target":{"@type":"EntryPoint","urlTemplate":"https:\/\/dignitynews.eu\/pl\/?s={search_term_string}"},"query-input":"required name=search_term_string"}],"inLanguage":"en-US"},{"@type":"WebPage","@id":"https:\/\/dignitynews.eu\/en\/alojzy-blazynski-polish-aircraft-mechanic-who-hijacked-a-german-plane\/","url":"https:\/\/dignitynews.eu\/en\/alojzy-blazynski-polish-aircraft-mechanic-who-hijacked-a-german-plane\/","name":"Alojzy Bla\u017cy\u0144ski - Polish aircraft mechanic who hijacked a German plane - Dignity - DignityNews.eu","isPartOf":{"@id":"https:\/\/dignitynews.eu\/pl\/#website"},"datePublished":"2024-03-22T15:12:37+00:00","dateModified":"2024-12-02T15:14:47+00:00","author":{"@id":"https:\/\/dignitynews.eu\/pl\/#\/schema\/person\/0b62b762b8174802fabc81a3ecb1bfcb"},"breadcrumb":{"@id":"https:\/\/dignitynews.eu\/en\/alojzy-blazynski-polish-aircraft-mechanic-who-hijacked-a-german-plane\/#breadcrumb"},"inLanguage":"en-US","potentialAction":[{"@type":"ReadAction","target":["https:\/\/dignitynews.eu\/en\/alojzy-blazynski-polish-aircraft-mechanic-who-hijacked-a-german-plane\/"]}]},{"@type":"BreadcrumbList","@id":"https:\/\/dignitynews.eu\/en\/alojzy-blazynski-polish-aircraft-mechanic-who-hijacked-a-german-plane\/#breadcrumb","itemListElement":[{"@type":"ListItem","position":1,"name":"Strona g\u0142\u00f3wna","item":"https:\/\/dignitynews.eu\/en\/"},{"@type":"ListItem","position":2,"name":"Alojzy Bla\u017cy\u0144ski &#8211; Polish aircraft mechanic who hijacked a German plane"}]},{"@type":"Person","@id":"https:\/\/dignitynews.eu\/pl\/#\/schema\/person\/0b62b762b8174802fabc81a3ecb1bfcb","name":"Dignity News","image":{"@type":"ImageObject","inLanguage":"en-US","@id":"https:\/\/dignitynews.eu\/pl\/#\/schema\/person\/image\/","url":"https:\/\/secure.gravatar.com\/avatar\/97963171a6d9108f8381bbefb1c6b150c445b6ddd9e3077b96c86cf5892c85dc?s=96&d=mm&r=g","contentUrl":"https:\/\/secure.gravatar.com\/avatar\/97963171a6d9108f8381bbefb1c6b150c445b6ddd9e3077b96c86cf5892c85dc?s=96&d=mm&r=g","caption":"Dignity News"},"url":"https:\/\/dignitynews.eu\/en\/author\/mikolaj-palade\/"}]}},"_links":{"self":[{"href":"https:\/\/dignitynews.eu\/en\/wp-json\/wp\/v2\/posts\/59938","targetHints":{"allow":["GET"]}}],"collection":[{"href":"https:\/\/dignitynews.eu\/en\/wp-json\/wp\/v2\/posts"}],"about":[{"href":"https:\/\/dignitynews.eu\/en\/wp-json\/wp\/v2\/types\/post"}],"author":[{"embeddable":true,"href":"https:\/\/dignitynews.eu\/en\/wp-json\/wp\/v2\/users\/7"}],"replies":[{"embeddable":true,"href":"https:\/\/dignitynews.eu\/en\/wp-json\/wp\/v2\/comments?post=59938"}],"version-history":[{"count":1,"href":"https:\/\/dignitynews.eu\/en\/wp-json\/wp\/v2\/posts\/59938\/revisions"}],"predecessor-version":[{"id":59944,"href":"https:\/\/dignitynews.eu\/en\/wp-json\/wp\/v2\/posts\/59938\/revisions\/59944"}],"wp:featuredmedia":[{"embeddable":true,"href":"https:\/\/dignitynews.eu\/en\/wp-json\/wp\/v2\/media\/59670"}],"wp:attachment":[{"href":"https:\/\/dignitynews.eu\/en\/wp-json\/wp\/v2\/media?parent=59938"}],"wp:term":[{"taxonomy":"category","embeddable":true,"href":"https:\/\/dignitynews.eu\/en\/wp-json\/wp\/v2\/categories?post=59938"},{"taxonomy":"post_tag","embeddable":true,"href":"https:\/\/dignitynews.eu\/en\/wp-json\/wp\/v2\/tags?post=59938"}],"curies":[{"name":"wp","href":"https:\/\/api.w.org\/{rel}","templated":true}]}}