{"id":55602,"date":"2024-01-18T11:19:28","date_gmt":"2024-01-18T10:19:28","guid":{"rendered":"https:\/\/dignitynews.eu\/?p=55602"},"modified":"2024-01-21T21:12:55","modified_gmt":"2024-01-21T20:12:55","slug":"celebration-of-polish-literary-anniversaries-under-the-auspices-of-unesco","status":"publish","type":"post","link":"https:\/\/dignitynews.eu\/en\/celebration-of-polish-literary-anniversaries-under-the-auspices-of-unesco\/","title":{"rendered":"Celebration of Polish literary anniversaries under the auspices of UNESCO"},"content":{"rendered":"<h5>In 2024, under the auspices of UNESCO, we will celebrate two exceptional anniversaries: the centenary of Zbigniew Herbert&#8217;s birth and the centenary of the award of the Nobel Prize in Literature to W\u0142adys\u0142aw Reymont for his novel Ch\u0142opi (Peasants).\u00a0 \u201cSince 1956, UNESCO (the United Nations Educational, Scientific and Cultural Organisation) has been involved in commemorating historical events and outstanding personalities submitted by UN member states, giving them the highest profile and international publicity\u201d, reports the National Cultural Centre.<\/h5>\n<p>The year 2024 marks the 100th anniversary of the birth of Zbigniew Herbert, an outstanding poet, essayist, playwright, art critic and traveller. The author of the poetic cycle Pan Cogito and winner of numerous literary awards, he was one of the most serious candidates for the Nobel Prize in Literature from the late 1960s. His works have been translated into 38 languages.<\/p>\n<p>2024 is also the 100th anniversary of the award of the Nobel Prize in Literature to W\u0142adys\u0142aw Reymont for his monumental novel Ch\u0142opi (Peasants). Reymont, one of Poland&#8217;s most eminent writers, won this award in 1924, beating such competitors as Tomasz Mann, Maxim Gorky, and Thomas Hardy.<\/p>\n<p>Reymont&#8217;s best-known work is a peasant epic, depicting the Polish countryside at the turn of the 20th century. The fate of the characters is interwoven with the rhythm of work on the land, changing nature and local folklore. The novel was published in episodes between 1902 and 1908 in the &#8216;Tygodnik Ilustrowany&#8217;. It was published in 1904-1909 in Warsaw by the Gebethner and Wolff publishing house.<\/p>\n<p>Now a new, painted screen adaptation of the novel can be seen in cinemas in Poland and abroad. The film Ch\u0142opi (Peasants), directed by DK Welchman and Hugh Welchman, with music by \u0141ukasz L.U.C. Rostkowski, is a Polish candidate for an Academy Award. The National Cultural Centre is a co-producer of this colourful screen adaptation.<\/p>\n<p>Adrian Andrzejewski<\/p>\n","protected":false},"excerpt":{"rendered":"<p>In 2024, under the auspices of UNESCO, we will celebrate two exceptional anniversaries: the centenary of Zbigniew Herbert&#8217;s birth and the centenary of the award of the Nobel Prize in&hellip;<\/p>\n","protected":false},"author":7,"featured_media":55502,"comment_status":"closed","ping_status":"open","sticky":false,"template":"","format":"standard","meta":{"_mi_skip_tracking":false,"footnotes":""},"categories":[45],"tags":[],"class_list":["post-55602","post","type-post","status-publish","format-standard","has-post-thumbnail","hentry","category-culture"],"yoast_head":"<!-- This site is optimized with the Yoast SEO plugin v19.4 - https:\/\/yoast.com\/wordpress\/plugins\/seo\/ -->\n<title>Celebration of Polish literary anniversaries under the auspices of UNESCO - Dignity - DignityNews.eu<\/title>\n<meta name=\"robots\" content=\"index, follow, max-snippet:-1, max-image-preview:large, max-video-preview:-1\" \/>\n<link rel=\"canonical\" href=\"https:\/\/dignitynews.eu\/en\/celebration-of-polish-literary-anniversaries-under-the-auspices-of-unesco\/\" \/>\n<meta property=\"og:locale\" content=\"en_US\" \/>\n<meta property=\"og:type\" content=\"article\" \/>\n<meta property=\"og:title\" content=\"Celebration of Polish literary anniversaries under the auspices of UNESCO - Dignity - DignityNews.eu\" \/>\n<meta property=\"og:description\" content=\"In 2024, under the auspices of UNESCO, we will celebrate two exceptional anniversaries: the centenary of Zbigniew Herbert&#8217;s birth and the centenary of the award of the Nobel Prize in&hellip;\" \/>\n<meta property=\"og:url\" content=\"https:\/\/dignitynews.eu\/en\/celebration-of-polish-literary-anniversaries-under-the-auspices-of-unesco\/\" \/>\n<meta property=\"og:site_name\" content=\"Dignity - DignityNews.eu\" \/>\n<meta property=\"article:published_time\" content=\"2024-01-18T10:19:28+00:00\" \/>\n<meta property=\"article:modified_time\" content=\"2024-01-21T20:12:55+00:00\" \/>\n<meta property=\"og:image\" content=\"https:\/\/dignitynews.eu\/wp-content\/uploads\/2024\/01\/Rocznice-pod-auspicjami-UNESCO-fot.-NCK.jpg\" \/>\n\t<meta property=\"og:image:width\" content=\"670\" \/>\n\t<meta property=\"og:image:height\" content=\"503\" \/>\n\t<meta property=\"og:image:type\" content=\"image\/jpeg\" \/>\n<meta name=\"author\" content=\"Dignity News\" \/>\n<meta name=\"twitter:card\" content=\"summary_large_image\" \/>\n<meta name=\"twitter:label1\" content=\"Written by\" \/>\n\t<meta name=\"twitter:data1\" content=\"Dignity News\" \/>\n\t<meta name=\"twitter:label2\" content=\"Est. reading time\" \/>\n\t<meta name=\"twitter:data2\" content=\"2 minutes\" \/>\n<script type=\"application\/ld+json\" class=\"yoast-schema-graph\">{\"@context\":\"https:\/\/schema.org\",\"@graph\":[{\"@type\":\"WebSite\",\"@id\":\"https:\/\/dignitynews.eu\/pl\/#website\",\"url\":\"https:\/\/dignitynews.eu\/pl\/\",\"name\":\"Dignity - DignityNews.eu\",\"description\":\"\",\"potentialAction\":[{\"@type\":\"SearchAction\",\"target\":{\"@type\":\"EntryPoint\",\"urlTemplate\":\"https:\/\/dignitynews.eu\/pl\/?s={search_term_string}\"},\"query-input\":\"required name=search_term_string\"}],\"inLanguage\":\"en-US\"},{\"@type\":\"WebPage\",\"@id\":\"https:\/\/dignitynews.eu\/en\/celebration-of-polish-literary-anniversaries-under-the-auspices-of-unesco\/\",\"url\":\"https:\/\/dignitynews.eu\/en\/celebration-of-polish-literary-anniversaries-under-the-auspices-of-unesco\/\",\"name\":\"Celebration of Polish literary anniversaries under the auspices of UNESCO - Dignity - DignityNews.eu\",\"isPartOf\":{\"@id\":\"https:\/\/dignitynews.eu\/pl\/#website\"},\"datePublished\":\"2024-01-18T10:19:28+00:00\",\"dateModified\":\"2024-01-21T20:12:55+00:00\",\"author\":{\"@id\":\"https:\/\/dignitynews.eu\/pl\/#\/schema\/person\/0b62b762b8174802fabc81a3ecb1bfcb\"},\"breadcrumb\":{\"@id\":\"https:\/\/dignitynews.eu\/en\/celebration-of-polish-literary-anniversaries-under-the-auspices-of-unesco\/#breadcrumb\"},\"inLanguage\":\"en-US\",\"potentialAction\":[{\"@type\":\"ReadAction\",\"target\":[\"https:\/\/dignitynews.eu\/en\/celebration-of-polish-literary-anniversaries-under-the-auspices-of-unesco\/\"]}]},{\"@type\":\"BreadcrumbList\",\"@id\":\"https:\/\/dignitynews.eu\/en\/celebration-of-polish-literary-anniversaries-under-the-auspices-of-unesco\/#breadcrumb\",\"itemListElement\":[{\"@type\":\"ListItem\",\"position\":1,\"name\":\"Strona g\u0142\u00f3wna\",\"item\":\"https:\/\/dignitynews.eu\/en\/\"},{\"@type\":\"ListItem\",\"position\":2,\"name\":\"Celebration of Polish literary anniversaries under the auspices of UNESCO\"}]},{\"@type\":\"Person\",\"@id\":\"https:\/\/dignitynews.eu\/pl\/#\/schema\/person\/0b62b762b8174802fabc81a3ecb1bfcb\",\"name\":\"Dignity News\",\"image\":{\"@type\":\"ImageObject\",\"inLanguage\":\"en-US\",\"@id\":\"https:\/\/dignitynews.eu\/pl\/#\/schema\/person\/image\/\",\"url\":\"https:\/\/secure.gravatar.com\/avatar\/97963171a6d9108f8381bbefb1c6b150c445b6ddd9e3077b96c86cf5892c85dc?s=96&d=mm&r=g\",\"contentUrl\":\"https:\/\/secure.gravatar.com\/avatar\/97963171a6d9108f8381bbefb1c6b150c445b6ddd9e3077b96c86cf5892c85dc?s=96&d=mm&r=g\",\"caption\":\"Dignity News\"},\"url\":\"https:\/\/dignitynews.eu\/en\/author\/mikolaj-palade\/\"}]}<\/script>\n<!-- \/ Yoast SEO plugin. -->","yoast_head_json":{"title":"Celebration of Polish literary anniversaries under the auspices of UNESCO - Dignity - DignityNews.eu","robots":{"index":"index","follow":"follow","max-snippet":"max-snippet:-1","max-image-preview":"max-image-preview:large","max-video-preview":"max-video-preview:-1"},"canonical":"https:\/\/dignitynews.eu\/en\/celebration-of-polish-literary-anniversaries-under-the-auspices-of-unesco\/","og_locale":"en_US","og_type":"article","og_title":"Celebration of Polish literary anniversaries under the auspices of UNESCO - Dignity - DignityNews.eu","og_description":"In 2024, under the auspices of UNESCO, we will celebrate two exceptional anniversaries: the centenary of Zbigniew Herbert&#8217;s birth and the centenary of the award of the Nobel Prize in&hellip;","og_url":"https:\/\/dignitynews.eu\/en\/celebration-of-polish-literary-anniversaries-under-the-auspices-of-unesco\/","og_site_name":"Dignity - DignityNews.eu","article_published_time":"2024-01-18T10:19:28+00:00","article_modified_time":"2024-01-21T20:12:55+00:00","og_image":[{"width":670,"height":503,"url":"https:\/\/dignitynews.eu\/wp-content\/uploads\/2024\/01\/Rocznice-pod-auspicjami-UNESCO-fot.-NCK.jpg","type":"image\/jpeg"}],"author":"Dignity News","twitter_card":"summary_large_image","twitter_misc":{"Written by":"Dignity News","Est. reading time":"2 minutes"},"schema":{"@context":"https:\/\/schema.org","@graph":[{"@type":"WebSite","@id":"https:\/\/dignitynews.eu\/pl\/#website","url":"https:\/\/dignitynews.eu\/pl\/","name":"Dignity - DignityNews.eu","description":"","potentialAction":[{"@type":"SearchAction","target":{"@type":"EntryPoint","urlTemplate":"https:\/\/dignitynews.eu\/pl\/?s={search_term_string}"},"query-input":"required name=search_term_string"}],"inLanguage":"en-US"},{"@type":"WebPage","@id":"https:\/\/dignitynews.eu\/en\/celebration-of-polish-literary-anniversaries-under-the-auspices-of-unesco\/","url":"https:\/\/dignitynews.eu\/en\/celebration-of-polish-literary-anniversaries-under-the-auspices-of-unesco\/","name":"Celebration of Polish literary anniversaries under the auspices of UNESCO - Dignity - DignityNews.eu","isPartOf":{"@id":"https:\/\/dignitynews.eu\/pl\/#website"},"datePublished":"2024-01-18T10:19:28+00:00","dateModified":"2024-01-21T20:12:55+00:00","author":{"@id":"https:\/\/dignitynews.eu\/pl\/#\/schema\/person\/0b62b762b8174802fabc81a3ecb1bfcb"},"breadcrumb":{"@id":"https:\/\/dignitynews.eu\/en\/celebration-of-polish-literary-anniversaries-under-the-auspices-of-unesco\/#breadcrumb"},"inLanguage":"en-US","potentialAction":[{"@type":"ReadAction","target":["https:\/\/dignitynews.eu\/en\/celebration-of-polish-literary-anniversaries-under-the-auspices-of-unesco\/"]}]},{"@type":"BreadcrumbList","@id":"https:\/\/dignitynews.eu\/en\/celebration-of-polish-literary-anniversaries-under-the-auspices-of-unesco\/#breadcrumb","itemListElement":[{"@type":"ListItem","position":1,"name":"Strona g\u0142\u00f3wna","item":"https:\/\/dignitynews.eu\/en\/"},{"@type":"ListItem","position":2,"name":"Celebration of Polish literary anniversaries under the auspices of UNESCO"}]},{"@type":"Person","@id":"https:\/\/dignitynews.eu\/pl\/#\/schema\/person\/0b62b762b8174802fabc81a3ecb1bfcb","name":"Dignity News","image":{"@type":"ImageObject","inLanguage":"en-US","@id":"https:\/\/dignitynews.eu\/pl\/#\/schema\/person\/image\/","url":"https:\/\/secure.gravatar.com\/avatar\/97963171a6d9108f8381bbefb1c6b150c445b6ddd9e3077b96c86cf5892c85dc?s=96&d=mm&r=g","contentUrl":"https:\/\/secure.gravatar.com\/avatar\/97963171a6d9108f8381bbefb1c6b150c445b6ddd9e3077b96c86cf5892c85dc?s=96&d=mm&r=g","caption":"Dignity News"},"url":"https:\/\/dignitynews.eu\/en\/author\/mikolaj-palade\/"}]}},"_links":{"self":[{"href":"https:\/\/dignitynews.eu\/en\/wp-json\/wp\/v2\/posts\/55602","targetHints":{"allow":["GET"]}}],"collection":[{"href":"https:\/\/dignitynews.eu\/en\/wp-json\/wp\/v2\/posts"}],"about":[{"href":"https:\/\/dignitynews.eu\/en\/wp-json\/wp\/v2\/types\/post"}],"author":[{"embeddable":true,"href":"https:\/\/dignitynews.eu\/en\/wp-json\/wp\/v2\/users\/7"}],"replies":[{"embeddable":true,"href":"https:\/\/dignitynews.eu\/en\/wp-json\/wp\/v2\/comments?post=55602"}],"version-history":[{"count":1,"href":"https:\/\/dignitynews.eu\/en\/wp-json\/wp\/v2\/posts\/55602\/revisions"}],"predecessor-version":[{"id":55603,"href":"https:\/\/dignitynews.eu\/en\/wp-json\/wp\/v2\/posts\/55602\/revisions\/55603"}],"wp:featuredmedia":[{"embeddable":true,"href":"https:\/\/dignitynews.eu\/en\/wp-json\/wp\/v2\/media\/55502"}],"wp:attachment":[{"href":"https:\/\/dignitynews.eu\/en\/wp-json\/wp\/v2\/media?parent=55602"}],"wp:term":[{"taxonomy":"category","embeddable":true,"href":"https:\/\/dignitynews.eu\/en\/wp-json\/wp\/v2\/categories?post=55602"},{"taxonomy":"post_tag","embeddable":true,"href":"https:\/\/dignitynews.eu\/en\/wp-json\/wp\/v2\/tags?post=55602"}],"curies":[{"name":"wp","href":"https:\/\/api.w.org\/{rel}","templated":true}]}}