{"id":50780,"date":"2023-11-15T18:27:25","date_gmt":"2023-11-15T17:27:25","guid":{"rendered":"https:\/\/dignitynews.eu\/?p=50780"},"modified":"2023-11-15T18:40:53","modified_gmt":"2023-11-15T17:40:53","slug":"the-leszczynskis-hid-13-jews-from-the-germans","status":"publish","type":"post","link":"https:\/\/dignitynews.eu\/en\/the-leszczynskis-hid-13-jews-from-the-germans\/","title":{"rendered":"The Leszczy\u0144skis hid 13 Jews from the Germans"},"content":{"rendered":"<h5>During the German occupation of Poland, the Leszczy\u0144ski family from the small village of Bocianka, near Siemiatycze, became quiet heroes. Risking their own lives, they provided shelter for thirteen Jews. From November 1942 to July 1944, they shared with them the most valuable things &#8211; safety and food.<\/h5>\n<p>Amidst the people who found asylum at the LeszczyNskis&#8217; home were the Feldmans, including Beniamin, a respected miller who managed to escape from the ghetto with his family. They were joined by the Fuchs &#8211; the butcher Beniamin and his daughter; as well as: The Grodzickis &#8211; tanner Szlomo Mordka and his family, who, after leaving their hiding place, decided to seek shelter at old acquaintances\u00e4 place.<\/p>\n<p>Boles\u0142aw Leszczy\u0144ski and his wife Anna ran a farm and practised veterinary medicine. They had three sons: Franciszek, J\u00f3zef and the youngest, Stanis\u0142aw. They took great care in hiding their guests. It is worth mentioning that in the German-occupied Polish territories there was a law in force that provided for the death penalty for helping Jews. In no other occupied territories did the Germans introduce such a law.<\/p>\n<p>The Feldmans and Fuchs initially found shelter in a potato mound and the Grodzickis in an upstairs barn, where communication took place in whispers and food was delivered in a bucket on a string. When the hay supplies ran out, dug-outs in the nearby forest became the new shelter.<\/p>\n<p>Life in hiding proved to be fraught with danger. One particularly dramatic moment occurred when German soldiers almost discovered the hiding place during a hunt. On another occasion, two Poles, blackmailing and beating Benjamin Fuchs, tried to force information about alleged jewellery he had hidden, which led to his death.<\/p>\n<p>After the defeat of Germany, the Grodzickis decided to emigrate. A similar fate awaited the Feldmans, who eventually found a new home in Palestine.<\/p>\n<p>Despite the years, the Leszczynski family has remained in the hearts of those they helped. On 18 November 1997, the Yad Vashem Institute awarded the Leszczy\u0144skis the title of Righteous Among the Nations, and in 2014. Stanis\u0142aw Leszczy\u0144ski became an Honorary Citizen of the State of Israel.<\/p>\n","protected":false},"excerpt":{"rendered":"<p>During the German occupation of Poland, the Leszczy\u0144ski family from the small village of Bocianka, near Siemiatycze, became quiet heroes. Risking their own lives, they provided shelter for thirteen Jews.&hellip;<\/p>\n","protected":false},"author":7,"featured_media":50748,"comment_status":"closed","ping_status":"open","sticky":false,"template":"","format":"standard","meta":{"_mi_skip_tracking":false,"footnotes":""},"categories":[41],"tags":[],"class_list":["post-50780","post","type-post","status-publish","format-standard","has-post-thumbnail","hentry","category-history"],"yoast_head":"<!-- This site is optimized with the Yoast SEO plugin v19.4 - https:\/\/yoast.com\/wordpress\/plugins\/seo\/ -->\n<title>The Leszczy\u0144skis hid 13 Jews from the Germans - Dignity - DignityNews.eu<\/title>\n<meta name=\"robots\" content=\"index, follow, max-snippet:-1, max-image-preview:large, max-video-preview:-1\" \/>\n<link rel=\"canonical\" href=\"https:\/\/dignitynews.eu\/en\/the-leszczynskis-hid-13-jews-from-the-germans\/\" \/>\n<meta property=\"og:locale\" content=\"en_US\" \/>\n<meta property=\"og:type\" content=\"article\" \/>\n<meta property=\"og:title\" content=\"The Leszczy\u0144skis hid 13 Jews from the Germans - Dignity - DignityNews.eu\" \/>\n<meta property=\"og:description\" content=\"During the German occupation of Poland, the Leszczy\u0144ski family from the small village of Bocianka, near Siemiatycze, became quiet heroes. Risking their own lives, they provided shelter for thirteen Jews.&hellip;\" \/>\n<meta property=\"og:url\" content=\"https:\/\/dignitynews.eu\/en\/the-leszczynskis-hid-13-jews-from-the-germans\/\" \/>\n<meta property=\"og:site_name\" content=\"Dignity - DignityNews.eu\" \/>\n<meta property=\"article:published_time\" content=\"2023-11-15T17:27:25+00:00\" \/>\n<meta property=\"article:modified_time\" content=\"2023-11-15T17:40:53+00:00\" \/>\n<meta property=\"og:image\" content=\"https:\/\/dignitynews.eu\/wp-content\/uploads\/2023\/11\/Medal-scaled.jpeg\" \/>\n\t<meta property=\"og:image:width\" content=\"1920\" \/>\n\t<meta property=\"og:image:height\" content=\"2560\" \/>\n\t<meta property=\"og:image:type\" content=\"image\/jpeg\" \/>\n<meta name=\"author\" content=\"Dignity News\" \/>\n<meta name=\"twitter:card\" content=\"summary_large_image\" \/>\n<meta name=\"twitter:label1\" content=\"Written by\" \/>\n\t<meta name=\"twitter:data1\" content=\"Dignity News\" \/>\n\t<meta name=\"twitter:label2\" content=\"Est. reading time\" \/>\n\t<meta name=\"twitter:data2\" content=\"2 minutes\" \/>\n<script type=\"application\/ld+json\" class=\"yoast-schema-graph\">{\"@context\":\"https:\/\/schema.org\",\"@graph\":[{\"@type\":\"WebSite\",\"@id\":\"https:\/\/dignitynews.eu\/pl\/#website\",\"url\":\"https:\/\/dignitynews.eu\/pl\/\",\"name\":\"Dignity - DignityNews.eu\",\"description\":\"\",\"potentialAction\":[{\"@type\":\"SearchAction\",\"target\":{\"@type\":\"EntryPoint\",\"urlTemplate\":\"https:\/\/dignitynews.eu\/pl\/?s={search_term_string}\"},\"query-input\":\"required name=search_term_string\"}],\"inLanguage\":\"en-US\"},{\"@type\":\"WebPage\",\"@id\":\"https:\/\/dignitynews.eu\/en\/the-leszczynskis-hid-13-jews-from-the-germans\/\",\"url\":\"https:\/\/dignitynews.eu\/en\/the-leszczynskis-hid-13-jews-from-the-germans\/\",\"name\":\"The Leszczy\u0144skis hid 13 Jews from the Germans - Dignity - DignityNews.eu\",\"isPartOf\":{\"@id\":\"https:\/\/dignitynews.eu\/pl\/#website\"},\"datePublished\":\"2023-11-15T17:27:25+00:00\",\"dateModified\":\"2023-11-15T17:40:53+00:00\",\"author\":{\"@id\":\"https:\/\/dignitynews.eu\/pl\/#\/schema\/person\/0b62b762b8174802fabc81a3ecb1bfcb\"},\"breadcrumb\":{\"@id\":\"https:\/\/dignitynews.eu\/en\/the-leszczynskis-hid-13-jews-from-the-germans\/#breadcrumb\"},\"inLanguage\":\"en-US\",\"potentialAction\":[{\"@type\":\"ReadAction\",\"target\":[\"https:\/\/dignitynews.eu\/en\/the-leszczynskis-hid-13-jews-from-the-germans\/\"]}]},{\"@type\":\"BreadcrumbList\",\"@id\":\"https:\/\/dignitynews.eu\/en\/the-leszczynskis-hid-13-jews-from-the-germans\/#breadcrumb\",\"itemListElement\":[{\"@type\":\"ListItem\",\"position\":1,\"name\":\"Strona g\u0142\u00f3wna\",\"item\":\"https:\/\/dignitynews.eu\/en\/\"},{\"@type\":\"ListItem\",\"position\":2,\"name\":\"The Leszczy\u0144skis hid 13 Jews from the Germans\"}]},{\"@type\":\"Person\",\"@id\":\"https:\/\/dignitynews.eu\/pl\/#\/schema\/person\/0b62b762b8174802fabc81a3ecb1bfcb\",\"name\":\"Dignity News\",\"image\":{\"@type\":\"ImageObject\",\"inLanguage\":\"en-US\",\"@id\":\"https:\/\/dignitynews.eu\/pl\/#\/schema\/person\/image\/\",\"url\":\"https:\/\/secure.gravatar.com\/avatar\/97963171a6d9108f8381bbefb1c6b150c445b6ddd9e3077b96c86cf5892c85dc?s=96&d=mm&r=g\",\"contentUrl\":\"https:\/\/secure.gravatar.com\/avatar\/97963171a6d9108f8381bbefb1c6b150c445b6ddd9e3077b96c86cf5892c85dc?s=96&d=mm&r=g\",\"caption\":\"Dignity News\"},\"url\":\"https:\/\/dignitynews.eu\/en\/author\/mikolaj-palade\/\"}]}<\/script>\n<!-- \/ Yoast SEO plugin. -->","yoast_head_json":{"title":"The Leszczy\u0144skis hid 13 Jews from the Germans - Dignity - DignityNews.eu","robots":{"index":"index","follow":"follow","max-snippet":"max-snippet:-1","max-image-preview":"max-image-preview:large","max-video-preview":"max-video-preview:-1"},"canonical":"https:\/\/dignitynews.eu\/en\/the-leszczynskis-hid-13-jews-from-the-germans\/","og_locale":"en_US","og_type":"article","og_title":"The Leszczy\u0144skis hid 13 Jews from the Germans - Dignity - DignityNews.eu","og_description":"During the German occupation of Poland, the Leszczy\u0144ski family from the small village of Bocianka, near Siemiatycze, became quiet heroes. Risking their own lives, they provided shelter for thirteen Jews.&hellip;","og_url":"https:\/\/dignitynews.eu\/en\/the-leszczynskis-hid-13-jews-from-the-germans\/","og_site_name":"Dignity - DignityNews.eu","article_published_time":"2023-11-15T17:27:25+00:00","article_modified_time":"2023-11-15T17:40:53+00:00","og_image":[{"width":1920,"height":2560,"url":"https:\/\/dignitynews.eu\/wp-content\/uploads\/2023\/11\/Medal-scaled.jpeg","type":"image\/jpeg"}],"author":"Dignity News","twitter_card":"summary_large_image","twitter_misc":{"Written by":"Dignity News","Est. reading time":"2 minutes"},"schema":{"@context":"https:\/\/schema.org","@graph":[{"@type":"WebSite","@id":"https:\/\/dignitynews.eu\/pl\/#website","url":"https:\/\/dignitynews.eu\/pl\/","name":"Dignity - DignityNews.eu","description":"","potentialAction":[{"@type":"SearchAction","target":{"@type":"EntryPoint","urlTemplate":"https:\/\/dignitynews.eu\/pl\/?s={search_term_string}"},"query-input":"required name=search_term_string"}],"inLanguage":"en-US"},{"@type":"WebPage","@id":"https:\/\/dignitynews.eu\/en\/the-leszczynskis-hid-13-jews-from-the-germans\/","url":"https:\/\/dignitynews.eu\/en\/the-leszczynskis-hid-13-jews-from-the-germans\/","name":"The Leszczy\u0144skis hid 13 Jews from the Germans - Dignity - DignityNews.eu","isPartOf":{"@id":"https:\/\/dignitynews.eu\/pl\/#website"},"datePublished":"2023-11-15T17:27:25+00:00","dateModified":"2023-11-15T17:40:53+00:00","author":{"@id":"https:\/\/dignitynews.eu\/pl\/#\/schema\/person\/0b62b762b8174802fabc81a3ecb1bfcb"},"breadcrumb":{"@id":"https:\/\/dignitynews.eu\/en\/the-leszczynskis-hid-13-jews-from-the-germans\/#breadcrumb"},"inLanguage":"en-US","potentialAction":[{"@type":"ReadAction","target":["https:\/\/dignitynews.eu\/en\/the-leszczynskis-hid-13-jews-from-the-germans\/"]}]},{"@type":"BreadcrumbList","@id":"https:\/\/dignitynews.eu\/en\/the-leszczynskis-hid-13-jews-from-the-germans\/#breadcrumb","itemListElement":[{"@type":"ListItem","position":1,"name":"Strona g\u0142\u00f3wna","item":"https:\/\/dignitynews.eu\/en\/"},{"@type":"ListItem","position":2,"name":"The Leszczy\u0144skis hid 13 Jews from the Germans"}]},{"@type":"Person","@id":"https:\/\/dignitynews.eu\/pl\/#\/schema\/person\/0b62b762b8174802fabc81a3ecb1bfcb","name":"Dignity News","image":{"@type":"ImageObject","inLanguage":"en-US","@id":"https:\/\/dignitynews.eu\/pl\/#\/schema\/person\/image\/","url":"https:\/\/secure.gravatar.com\/avatar\/97963171a6d9108f8381bbefb1c6b150c445b6ddd9e3077b96c86cf5892c85dc?s=96&d=mm&r=g","contentUrl":"https:\/\/secure.gravatar.com\/avatar\/97963171a6d9108f8381bbefb1c6b150c445b6ddd9e3077b96c86cf5892c85dc?s=96&d=mm&r=g","caption":"Dignity News"},"url":"https:\/\/dignitynews.eu\/en\/author\/mikolaj-palade\/"}]}},"_links":{"self":[{"href":"https:\/\/dignitynews.eu\/en\/wp-json\/wp\/v2\/posts\/50780","targetHints":{"allow":["GET"]}}],"collection":[{"href":"https:\/\/dignitynews.eu\/en\/wp-json\/wp\/v2\/posts"}],"about":[{"href":"https:\/\/dignitynews.eu\/en\/wp-json\/wp\/v2\/types\/post"}],"author":[{"embeddable":true,"href":"https:\/\/dignitynews.eu\/en\/wp-json\/wp\/v2\/users\/7"}],"replies":[{"embeddable":true,"href":"https:\/\/dignitynews.eu\/en\/wp-json\/wp\/v2\/comments?post=50780"}],"version-history":[{"count":1,"href":"https:\/\/dignitynews.eu\/en\/wp-json\/wp\/v2\/posts\/50780\/revisions"}],"predecessor-version":[{"id":50781,"href":"https:\/\/dignitynews.eu\/en\/wp-json\/wp\/v2\/posts\/50780\/revisions\/50781"}],"wp:featuredmedia":[{"embeddable":true,"href":"https:\/\/dignitynews.eu\/en\/wp-json\/wp\/v2\/media\/50748"}],"wp:attachment":[{"href":"https:\/\/dignitynews.eu\/en\/wp-json\/wp\/v2\/media?parent=50780"}],"wp:term":[{"taxonomy":"category","embeddable":true,"href":"https:\/\/dignitynews.eu\/en\/wp-json\/wp\/v2\/categories?post=50780"},{"taxonomy":"post_tag","embeddable":true,"href":"https:\/\/dignitynews.eu\/en\/wp-json\/wp\/v2\/tags?post=50780"}],"curies":[{"name":"wp","href":"https:\/\/api.w.org\/{rel}","templated":true}]}}