{"id":49871,"date":"2023-11-03T10:32:53","date_gmt":"2023-11-03T09:32:53","guid":{"rendered":"https:\/\/dignitynews.eu\/?p=49871"},"modified":"2023-11-03T17:19:29","modified_gmt":"2023-11-03T16:19:29","slug":"competition-for-the-design-concept-for-the-museum-of-westerplatte-and-the-war-of-1939-concluded","status":"publish","type":"post","link":"https:\/\/dignitynews.eu\/en\/competition-for-the-design-concept-for-the-museum-of-westerplatte-and-the-war-of-1939-concluded\/","title":{"rendered":"Competition for the design concept for the Museum of Westerplatte and the War of 1939 concluded"},"content":{"rendered":"<h5>The concept of three cooperating studios from \u0141\u00f3d\u017a: Muro Architekci, Lachman Pabich Architekci and Pracownia Architektoniczna &#8220;Projektownia&#8221; won the two-stage architectural and urban planning competition to develop a design concept for the Westerplatte and 1939 War Museum &#8211; a branch of the Second World War Museum in Gda\u0144sk at Westerplatte. &#8216;The project is to be completed by 2027&#8243;, reported the Ministry of Culture and National Heritage.<\/h5>\n<p>The winning design by three collaborating studios assumes that the objects to be built on the historic battlefield will evoke the wider context of the 1939 defensive war in addition to the history of the September battles at Westerplatte.<\/p>\n<p>The outdoor nature of the entire premise will, as highlighted, allow for the establishment of an outpost within the historic space. Its centrepiece from November 2022 is the Soldiers of the Polish Army cemetery, where defenders of the Westerplatte Military Transit Depot were buried. Thanks to ongoing archaeological research at the site, more than 60,000 artefacts have already been found.<\/p>\n<p>At a press conference, Deputy Minister of Culture and National Heritage Jaros\u0142aw Sellin stressed that the most complex element of the future work will be the construction of a new museum building, which will be located on the area between the mound with the Monument to the Defenders of the Coast and the inscription &#8216;No More War&#8217;. According to the assumptions, it is to have about 7,500 m\u00b2 of usable space, of which about 3,000 m\u00b2 is planned for the exhibition.<\/p>\n<p>Last week, the Council of Ministers adopted a resolution providing funding for the construction of the Westerplatte and 1939 War Museum for the next five years. &#8220;The programme guarantees funding of 304.5 million PLN for the years 2023-2027. We can proceed calmly and implement the plan. I hope that in 2027 everything or almost everything will be realised&#8221;, said the Deputy Minister.<\/p>\n<p>Adrian Andrzejewski<\/p>\n","protected":false},"excerpt":{"rendered":"<p>The concept of three cooperating studios from \u0141\u00f3d\u017a: Muro Architekci, Lachman Pabich Architekci and Pracownia Architektoniczna &#8220;Projektownia&#8221; won the two-stage architectural and urban planning competition to develop a design concept&hellip;<\/p>\n","protected":false},"author":7,"featured_media":49832,"comment_status":"closed","ping_status":"open","sticky":false,"template":"","format":"standard","meta":{"_mi_skip_tracking":false,"footnotes":""},"categories":[45],"tags":[],"class_list":["post-49871","post","type-post","status-publish","format-standard","has-post-thumbnail","hentry","category-culture"],"yoast_head":"<!-- This site is optimized with the Yoast SEO plugin v19.4 - https:\/\/yoast.com\/wordpress\/plugins\/seo\/ -->\n<title>Competition for the design concept for the Museum of Westerplatte and the War of 1939 concluded - Dignity - DignityNews.eu<\/title>\n<meta name=\"robots\" content=\"index, follow, max-snippet:-1, max-image-preview:large, max-video-preview:-1\" \/>\n<link rel=\"canonical\" href=\"https:\/\/dignitynews.eu\/en\/competition-for-the-design-concept-for-the-museum-of-westerplatte-and-the-war-of-1939-concluded\/\" \/>\n<meta property=\"og:locale\" content=\"en_US\" \/>\n<meta property=\"og:type\" content=\"article\" \/>\n<meta property=\"og:title\" content=\"Competition for the design concept for the Museum of Westerplatte and the War of 1939 concluded - Dignity - DignityNews.eu\" \/>\n<meta property=\"og:description\" content=\"The concept of three cooperating studios from \u0141\u00f3d\u017a: Muro Architekci, Lachman Pabich Architekci and Pracownia Architektoniczna &#8220;Projektownia&#8221; won the two-stage architectural and urban planning competition to develop a design concept&hellip;\" \/>\n<meta property=\"og:url\" content=\"https:\/\/dignitynews.eu\/en\/competition-for-the-design-concept-for-the-museum-of-westerplatte-and-the-war-of-1939-concluded\/\" \/>\n<meta property=\"og:site_name\" content=\"Dignity - DignityNews.eu\" \/>\n<meta property=\"article:published_time\" content=\"2023-11-03T09:32:53+00:00\" \/>\n<meta property=\"article:modified_time\" content=\"2023-11-03T16:19:29+00:00\" \/>\n<meta property=\"og:image\" content=\"https:\/\/dignitynews.eu\/wp-content\/uploads\/2023\/11\/Koncepcja-projektowa-Muzeum-Westerplatte-i-Wojny-1939.-Fot.-Agnieszka-Stawrosiejko-MIIWS.jpg\" \/>\n\t<meta property=\"og:image:width\" content=\"1200\" \/>\n\t<meta property=\"og:image:height\" content=\"800\" \/>\n\t<meta property=\"og:image:type\" content=\"image\/jpeg\" \/>\n<meta name=\"author\" content=\"Dignity News\" \/>\n<meta name=\"twitter:card\" content=\"summary_large_image\" \/>\n<meta name=\"twitter:label1\" content=\"Written by\" \/>\n\t<meta name=\"twitter:data1\" content=\"Dignity News\" \/>\n\t<meta name=\"twitter:label2\" content=\"Est. reading time\" \/>\n\t<meta name=\"twitter:data2\" content=\"2 minutes\" \/>\n<script type=\"application\/ld+json\" class=\"yoast-schema-graph\">{\"@context\":\"https:\/\/schema.org\",\"@graph\":[{\"@type\":\"WebSite\",\"@id\":\"https:\/\/dignitynews.eu\/pl\/#website\",\"url\":\"https:\/\/dignitynews.eu\/pl\/\",\"name\":\"Dignity - DignityNews.eu\",\"description\":\"\",\"potentialAction\":[{\"@type\":\"SearchAction\",\"target\":{\"@type\":\"EntryPoint\",\"urlTemplate\":\"https:\/\/dignitynews.eu\/pl\/?s={search_term_string}\"},\"query-input\":\"required name=search_term_string\"}],\"inLanguage\":\"en-US\"},{\"@type\":\"WebPage\",\"@id\":\"https:\/\/dignitynews.eu\/en\/competition-for-the-design-concept-for-the-museum-of-westerplatte-and-the-war-of-1939-concluded\/\",\"url\":\"https:\/\/dignitynews.eu\/en\/competition-for-the-design-concept-for-the-museum-of-westerplatte-and-the-war-of-1939-concluded\/\",\"name\":\"Competition for the design concept for the Museum of Westerplatte and the War of 1939 concluded - Dignity - DignityNews.eu\",\"isPartOf\":{\"@id\":\"https:\/\/dignitynews.eu\/pl\/#website\"},\"datePublished\":\"2023-11-03T09:32:53+00:00\",\"dateModified\":\"2023-11-03T16:19:29+00:00\",\"author\":{\"@id\":\"https:\/\/dignitynews.eu\/pl\/#\/schema\/person\/0b62b762b8174802fabc81a3ecb1bfcb\"},\"breadcrumb\":{\"@id\":\"https:\/\/dignitynews.eu\/en\/competition-for-the-design-concept-for-the-museum-of-westerplatte-and-the-war-of-1939-concluded\/#breadcrumb\"},\"inLanguage\":\"en-US\",\"potentialAction\":[{\"@type\":\"ReadAction\",\"target\":[\"https:\/\/dignitynews.eu\/en\/competition-for-the-design-concept-for-the-museum-of-westerplatte-and-the-war-of-1939-concluded\/\"]}]},{\"@type\":\"BreadcrumbList\",\"@id\":\"https:\/\/dignitynews.eu\/en\/competition-for-the-design-concept-for-the-museum-of-westerplatte-and-the-war-of-1939-concluded\/#breadcrumb\",\"itemListElement\":[{\"@type\":\"ListItem\",\"position\":1,\"name\":\"Strona g\u0142\u00f3wna\",\"item\":\"https:\/\/dignitynews.eu\/en\/\"},{\"@type\":\"ListItem\",\"position\":2,\"name\":\"Competition for the design concept for the Museum of Westerplatte and the War of 1939 concluded\"}]},{\"@type\":\"Person\",\"@id\":\"https:\/\/dignitynews.eu\/pl\/#\/schema\/person\/0b62b762b8174802fabc81a3ecb1bfcb\",\"name\":\"Dignity News\",\"image\":{\"@type\":\"ImageObject\",\"inLanguage\":\"en-US\",\"@id\":\"https:\/\/dignitynews.eu\/pl\/#\/schema\/person\/image\/\",\"url\":\"https:\/\/secure.gravatar.com\/avatar\/97963171a6d9108f8381bbefb1c6b150c445b6ddd9e3077b96c86cf5892c85dc?s=96&d=mm&r=g\",\"contentUrl\":\"https:\/\/secure.gravatar.com\/avatar\/97963171a6d9108f8381bbefb1c6b150c445b6ddd9e3077b96c86cf5892c85dc?s=96&d=mm&r=g\",\"caption\":\"Dignity News\"},\"url\":\"https:\/\/dignitynews.eu\/en\/author\/mikolaj-palade\/\"}]}<\/script>\n<!-- \/ Yoast SEO plugin. -->","yoast_head_json":{"title":"Competition for the design concept for the Museum of Westerplatte and the War of 1939 concluded - Dignity - DignityNews.eu","robots":{"index":"index","follow":"follow","max-snippet":"max-snippet:-1","max-image-preview":"max-image-preview:large","max-video-preview":"max-video-preview:-1"},"canonical":"https:\/\/dignitynews.eu\/en\/competition-for-the-design-concept-for-the-museum-of-westerplatte-and-the-war-of-1939-concluded\/","og_locale":"en_US","og_type":"article","og_title":"Competition for the design concept for the Museum of Westerplatte and the War of 1939 concluded - Dignity - DignityNews.eu","og_description":"The concept of three cooperating studios from \u0141\u00f3d\u017a: Muro Architekci, Lachman Pabich Architekci and Pracownia Architektoniczna &#8220;Projektownia&#8221; won the two-stage architectural and urban planning competition to develop a design concept&hellip;","og_url":"https:\/\/dignitynews.eu\/en\/competition-for-the-design-concept-for-the-museum-of-westerplatte-and-the-war-of-1939-concluded\/","og_site_name":"Dignity - DignityNews.eu","article_published_time":"2023-11-03T09:32:53+00:00","article_modified_time":"2023-11-03T16:19:29+00:00","og_image":[{"width":1200,"height":800,"url":"https:\/\/dignitynews.eu\/wp-content\/uploads\/2023\/11\/Koncepcja-projektowa-Muzeum-Westerplatte-i-Wojny-1939.-Fot.-Agnieszka-Stawrosiejko-MIIWS.jpg","type":"image\/jpeg"}],"author":"Dignity News","twitter_card":"summary_large_image","twitter_misc":{"Written by":"Dignity News","Est. reading time":"2 minutes"},"schema":{"@context":"https:\/\/schema.org","@graph":[{"@type":"WebSite","@id":"https:\/\/dignitynews.eu\/pl\/#website","url":"https:\/\/dignitynews.eu\/pl\/","name":"Dignity - DignityNews.eu","description":"","potentialAction":[{"@type":"SearchAction","target":{"@type":"EntryPoint","urlTemplate":"https:\/\/dignitynews.eu\/pl\/?s={search_term_string}"},"query-input":"required name=search_term_string"}],"inLanguage":"en-US"},{"@type":"WebPage","@id":"https:\/\/dignitynews.eu\/en\/competition-for-the-design-concept-for-the-museum-of-westerplatte-and-the-war-of-1939-concluded\/","url":"https:\/\/dignitynews.eu\/en\/competition-for-the-design-concept-for-the-museum-of-westerplatte-and-the-war-of-1939-concluded\/","name":"Competition for the design concept for the Museum of Westerplatte and the War of 1939 concluded - Dignity - DignityNews.eu","isPartOf":{"@id":"https:\/\/dignitynews.eu\/pl\/#website"},"datePublished":"2023-11-03T09:32:53+00:00","dateModified":"2023-11-03T16:19:29+00:00","author":{"@id":"https:\/\/dignitynews.eu\/pl\/#\/schema\/person\/0b62b762b8174802fabc81a3ecb1bfcb"},"breadcrumb":{"@id":"https:\/\/dignitynews.eu\/en\/competition-for-the-design-concept-for-the-museum-of-westerplatte-and-the-war-of-1939-concluded\/#breadcrumb"},"inLanguage":"en-US","potentialAction":[{"@type":"ReadAction","target":["https:\/\/dignitynews.eu\/en\/competition-for-the-design-concept-for-the-museum-of-westerplatte-and-the-war-of-1939-concluded\/"]}]},{"@type":"BreadcrumbList","@id":"https:\/\/dignitynews.eu\/en\/competition-for-the-design-concept-for-the-museum-of-westerplatte-and-the-war-of-1939-concluded\/#breadcrumb","itemListElement":[{"@type":"ListItem","position":1,"name":"Strona g\u0142\u00f3wna","item":"https:\/\/dignitynews.eu\/en\/"},{"@type":"ListItem","position":2,"name":"Competition for the design concept for the Museum of Westerplatte and the War of 1939 concluded"}]},{"@type":"Person","@id":"https:\/\/dignitynews.eu\/pl\/#\/schema\/person\/0b62b762b8174802fabc81a3ecb1bfcb","name":"Dignity News","image":{"@type":"ImageObject","inLanguage":"en-US","@id":"https:\/\/dignitynews.eu\/pl\/#\/schema\/person\/image\/","url":"https:\/\/secure.gravatar.com\/avatar\/97963171a6d9108f8381bbefb1c6b150c445b6ddd9e3077b96c86cf5892c85dc?s=96&d=mm&r=g","contentUrl":"https:\/\/secure.gravatar.com\/avatar\/97963171a6d9108f8381bbefb1c6b150c445b6ddd9e3077b96c86cf5892c85dc?s=96&d=mm&r=g","caption":"Dignity News"},"url":"https:\/\/dignitynews.eu\/en\/author\/mikolaj-palade\/"}]}},"_links":{"self":[{"href":"https:\/\/dignitynews.eu\/en\/wp-json\/wp\/v2\/posts\/49871","targetHints":{"allow":["GET"]}}],"collection":[{"href":"https:\/\/dignitynews.eu\/en\/wp-json\/wp\/v2\/posts"}],"about":[{"href":"https:\/\/dignitynews.eu\/en\/wp-json\/wp\/v2\/types\/post"}],"author":[{"embeddable":true,"href":"https:\/\/dignitynews.eu\/en\/wp-json\/wp\/v2\/users\/7"}],"replies":[{"embeddable":true,"href":"https:\/\/dignitynews.eu\/en\/wp-json\/wp\/v2\/comments?post=49871"}],"version-history":[{"count":1,"href":"https:\/\/dignitynews.eu\/en\/wp-json\/wp\/v2\/posts\/49871\/revisions"}],"predecessor-version":[{"id":49872,"href":"https:\/\/dignitynews.eu\/en\/wp-json\/wp\/v2\/posts\/49871\/revisions\/49872"}],"wp:featuredmedia":[{"embeddable":true,"href":"https:\/\/dignitynews.eu\/en\/wp-json\/wp\/v2\/media\/49832"}],"wp:attachment":[{"href":"https:\/\/dignitynews.eu\/en\/wp-json\/wp\/v2\/media?parent=49871"}],"wp:term":[{"taxonomy":"category","embeddable":true,"href":"https:\/\/dignitynews.eu\/en\/wp-json\/wp\/v2\/categories?post=49871"},{"taxonomy":"post_tag","embeddable":true,"href":"https:\/\/dignitynews.eu\/en\/wp-json\/wp\/v2\/tags?post=49871"}],"curies":[{"name":"wp","href":"https:\/\/api.w.org\/{rel}","templated":true}]}}