{"id":23378,"date":"2022-07-07T09:10:00","date_gmt":"2022-07-07T07:10:00","guid":{"rendered":"https:\/\/dignitynews.eu\/?p=23378"},"modified":"2022-07-07T12:03:29","modified_gmt":"2022-07-07T10:03:29","slug":"presidents-of-poland-and-lithuania-meet-in-the-suwalki-gap","status":"publish","type":"post","link":"https:\/\/dignitynews.eu\/en\/presidents-of-poland-and-lithuania-meet-in-the-suwalki-gap\/","title":{"rendered":"Presidents of Poland and Lithuania meet in the Suwa\u0142ki Gap"},"content":{"rendered":"<h5>On Thursday, 7 July 2022, Polish President Andrzej Duda will visit the Mobile Command Post of the Multinational Division North-East located on the Suwa\u0142ki Gap, where he will meet with the Lithuanian President Gitanas Naus\u0117da. The two presidents will then visit the Lithuanian Grand Duke Vytautas Logistics Battalion in Marijampol\u0117.<\/h5>\n<p>The meeting of the Presidents of Poland and Lithuania in the Suwa\u0142ki Gap area has a symbolic dimension. It is an area around Suwa\u0142ki, August\u00f3w and Sejny connecting Poland with Lithuania and the rest of the Baltic States and at the same time separating Russia&#8217;s Kaliningrad Oblast from Belarus.<\/p>\n<p>It is the only land connection between the Baltic States and the rest of NATO and the European Union. In the wake of the war in Ukraine, concerns have been raised that the Suwa\u0142ki Gap at the Polish-Lithuanian border, called the &#8216;NATO bottleneck&#8217;, could be attacked by the Russians.<\/p>\n<p>According to the Ministry of Defence&#8217;s Operations Centre, the gap is mainly the area of responsibility of the 16th Mechanised Division, particularly the 15th Mechanised Brigade, and a multinational battalion battle group under the eFP (enhanced forward presence) initiative with the US as a framework state. In addition, allies from Romania, the UK and Croatia serve there. On a day-to-day basis, the group cooperates with the 15th Brigade. Poland plays a special role in the eFP initiative &#8211; it is one of the host countries, but also a delegating country.<\/p>\n<p>The Ministry of National Defence notes that an important element of building a security system in this part of Poland is cooperation with Lithuania. The NATO Multinational Division-North East Command, which coordinates the activities of the battle groups of the NATO Enhanced High Presence, is located in Elbl\u0105g.<\/p>\n<p>Adrian Andrzejewski<\/p>\n","protected":false},"excerpt":{"rendered":"<p>On Thursday, 7 July 2022, Polish President Andrzej Duda will visit the Mobile Command Post of the Multinational Division North-East located on the Suwa\u0142ki Gap, where he will meet with&hellip;<\/p>\n","protected":false},"author":7,"featured_media":23345,"comment_status":"closed","ping_status":"open","sticky":false,"template":"","format":"standard","meta":{"_mi_skip_tracking":false,"footnotes":""},"categories":[42],"tags":[],"class_list":["post-23378","post","type-post","status-publish","format-standard","has-post-thumbnail","hentry","category-events"],"yoast_head":"<!-- This site is optimized with the Yoast SEO plugin v19.4 - https:\/\/yoast.com\/wordpress\/plugins\/seo\/ -->\n<title>Presidents of Poland and Lithuania meet in the Suwa\u0142ki Gap - Dignity - DignityNews.eu<\/title>\n<meta name=\"robots\" content=\"index, follow, max-snippet:-1, max-image-preview:large, max-video-preview:-1\" \/>\n<link rel=\"canonical\" href=\"https:\/\/dignitynews.eu\/en\/presidents-of-poland-and-lithuania-meet-in-the-suwalki-gap\/\" \/>\n<meta property=\"og:locale\" content=\"en_US\" \/>\n<meta property=\"og:type\" content=\"article\" \/>\n<meta property=\"og:title\" content=\"Presidents of Poland and Lithuania meet in the Suwa\u0142ki Gap - Dignity - DignityNews.eu\" \/>\n<meta property=\"og:description\" content=\"On Thursday, 7 July 2022, Polish President Andrzej Duda will visit the Mobile Command Post of the Multinational Division North-East located on the Suwa\u0142ki Gap, where he will meet with&hellip;\" \/>\n<meta property=\"og:url\" content=\"https:\/\/dignitynews.eu\/en\/presidents-of-poland-and-lithuania-meet-in-the-suwalki-gap\/\" \/>\n<meta property=\"og:site_name\" content=\"Dignity - DignityNews.eu\" \/>\n<meta property=\"article:published_time\" content=\"2022-07-07T07:10:00+00:00\" \/>\n<meta property=\"article:modified_time\" content=\"2022-07-07T10:03:29+00:00\" \/>\n<meta property=\"og:image\" content=\"https:\/\/dignitynews.eu\/wp-content\/uploads\/2022\/07\/Prezydenci-Polski-i-Litwy-fot.-Grzegorz-Bukala-REPORTER.jpg\" \/>\n\t<meta property=\"og:image:width\" content=\"1500\" \/>\n\t<meta property=\"og:image:height\" content=\"1000\" \/>\n\t<meta property=\"og:image:type\" content=\"image\/jpeg\" \/>\n<meta name=\"author\" content=\"Dignity News\" \/>\n<meta name=\"twitter:card\" content=\"summary_large_image\" \/>\n<meta name=\"twitter:label1\" content=\"Written by\" \/>\n\t<meta name=\"twitter:data1\" content=\"Dignity News\" \/>\n\t<meta name=\"twitter:label2\" content=\"Est. reading time\" \/>\n\t<meta name=\"twitter:data2\" content=\"1 minute\" \/>\n<script type=\"application\/ld+json\" class=\"yoast-schema-graph\">{\"@context\":\"https:\/\/schema.org\",\"@graph\":[{\"@type\":\"WebSite\",\"@id\":\"https:\/\/dignitynews.eu\/pl\/#website\",\"url\":\"https:\/\/dignitynews.eu\/pl\/\",\"name\":\"Dignity - DignityNews.eu\",\"description\":\"\",\"potentialAction\":[{\"@type\":\"SearchAction\",\"target\":{\"@type\":\"EntryPoint\",\"urlTemplate\":\"https:\/\/dignitynews.eu\/pl\/?s={search_term_string}\"},\"query-input\":\"required name=search_term_string\"}],\"inLanguage\":\"en-US\"},{\"@type\":\"WebPage\",\"@id\":\"https:\/\/dignitynews.eu\/en\/presidents-of-poland-and-lithuania-meet-in-the-suwalki-gap\/\",\"url\":\"https:\/\/dignitynews.eu\/en\/presidents-of-poland-and-lithuania-meet-in-the-suwalki-gap\/\",\"name\":\"Presidents of Poland and Lithuania meet in the Suwa\u0142ki Gap - Dignity - DignityNews.eu\",\"isPartOf\":{\"@id\":\"https:\/\/dignitynews.eu\/pl\/#website\"},\"datePublished\":\"2022-07-07T07:10:00+00:00\",\"dateModified\":\"2022-07-07T10:03:29+00:00\",\"author\":{\"@id\":\"https:\/\/dignitynews.eu\/pl\/#\/schema\/person\/0b62b762b8174802fabc81a3ecb1bfcb\"},\"breadcrumb\":{\"@id\":\"https:\/\/dignitynews.eu\/en\/presidents-of-poland-and-lithuania-meet-in-the-suwalki-gap\/#breadcrumb\"},\"inLanguage\":\"en-US\",\"potentialAction\":[{\"@type\":\"ReadAction\",\"target\":[\"https:\/\/dignitynews.eu\/en\/presidents-of-poland-and-lithuania-meet-in-the-suwalki-gap\/\"]}]},{\"@type\":\"BreadcrumbList\",\"@id\":\"https:\/\/dignitynews.eu\/en\/presidents-of-poland-and-lithuania-meet-in-the-suwalki-gap\/#breadcrumb\",\"itemListElement\":[{\"@type\":\"ListItem\",\"position\":1,\"name\":\"Strona g\u0142\u00f3wna\",\"item\":\"https:\/\/dignitynews.eu\/en\/\"},{\"@type\":\"ListItem\",\"position\":2,\"name\":\"Presidents of Poland and Lithuania meet in the Suwa\u0142ki Gap\"}]},{\"@type\":\"Person\",\"@id\":\"https:\/\/dignitynews.eu\/pl\/#\/schema\/person\/0b62b762b8174802fabc81a3ecb1bfcb\",\"name\":\"Dignity News\",\"image\":{\"@type\":\"ImageObject\",\"inLanguage\":\"en-US\",\"@id\":\"https:\/\/dignitynews.eu\/pl\/#\/schema\/person\/image\/\",\"url\":\"https:\/\/secure.gravatar.com\/avatar\/97963171a6d9108f8381bbefb1c6b150c445b6ddd9e3077b96c86cf5892c85dc?s=96&d=mm&r=g\",\"contentUrl\":\"https:\/\/secure.gravatar.com\/avatar\/97963171a6d9108f8381bbefb1c6b150c445b6ddd9e3077b96c86cf5892c85dc?s=96&d=mm&r=g\",\"caption\":\"Dignity News\"},\"url\":\"https:\/\/dignitynews.eu\/en\/author\/mikolaj-palade\/\"}]}<\/script>\n<!-- \/ Yoast SEO plugin. -->","yoast_head_json":{"title":"Presidents of Poland and Lithuania meet in the Suwa\u0142ki Gap - Dignity - DignityNews.eu","robots":{"index":"index","follow":"follow","max-snippet":"max-snippet:-1","max-image-preview":"max-image-preview:large","max-video-preview":"max-video-preview:-1"},"canonical":"https:\/\/dignitynews.eu\/en\/presidents-of-poland-and-lithuania-meet-in-the-suwalki-gap\/","og_locale":"en_US","og_type":"article","og_title":"Presidents of Poland and Lithuania meet in the Suwa\u0142ki Gap - Dignity - DignityNews.eu","og_description":"On Thursday, 7 July 2022, Polish President Andrzej Duda will visit the Mobile Command Post of the Multinational Division North-East located on the Suwa\u0142ki Gap, where he will meet with&hellip;","og_url":"https:\/\/dignitynews.eu\/en\/presidents-of-poland-and-lithuania-meet-in-the-suwalki-gap\/","og_site_name":"Dignity - DignityNews.eu","article_published_time":"2022-07-07T07:10:00+00:00","article_modified_time":"2022-07-07T10:03:29+00:00","og_image":[{"width":1500,"height":1000,"url":"https:\/\/dignitynews.eu\/wp-content\/uploads\/2022\/07\/Prezydenci-Polski-i-Litwy-fot.-Grzegorz-Bukala-REPORTER.jpg","type":"image\/jpeg"}],"author":"Dignity News","twitter_card":"summary_large_image","twitter_misc":{"Written by":"Dignity News","Est. reading time":"1 minute"},"schema":{"@context":"https:\/\/schema.org","@graph":[{"@type":"WebSite","@id":"https:\/\/dignitynews.eu\/pl\/#website","url":"https:\/\/dignitynews.eu\/pl\/","name":"Dignity - DignityNews.eu","description":"","potentialAction":[{"@type":"SearchAction","target":{"@type":"EntryPoint","urlTemplate":"https:\/\/dignitynews.eu\/pl\/?s={search_term_string}"},"query-input":"required name=search_term_string"}],"inLanguage":"en-US"},{"@type":"WebPage","@id":"https:\/\/dignitynews.eu\/en\/presidents-of-poland-and-lithuania-meet-in-the-suwalki-gap\/","url":"https:\/\/dignitynews.eu\/en\/presidents-of-poland-and-lithuania-meet-in-the-suwalki-gap\/","name":"Presidents of Poland and Lithuania meet in the Suwa\u0142ki Gap - Dignity - DignityNews.eu","isPartOf":{"@id":"https:\/\/dignitynews.eu\/pl\/#website"},"datePublished":"2022-07-07T07:10:00+00:00","dateModified":"2022-07-07T10:03:29+00:00","author":{"@id":"https:\/\/dignitynews.eu\/pl\/#\/schema\/person\/0b62b762b8174802fabc81a3ecb1bfcb"},"breadcrumb":{"@id":"https:\/\/dignitynews.eu\/en\/presidents-of-poland-and-lithuania-meet-in-the-suwalki-gap\/#breadcrumb"},"inLanguage":"en-US","potentialAction":[{"@type":"ReadAction","target":["https:\/\/dignitynews.eu\/en\/presidents-of-poland-and-lithuania-meet-in-the-suwalki-gap\/"]}]},{"@type":"BreadcrumbList","@id":"https:\/\/dignitynews.eu\/en\/presidents-of-poland-and-lithuania-meet-in-the-suwalki-gap\/#breadcrumb","itemListElement":[{"@type":"ListItem","position":1,"name":"Strona g\u0142\u00f3wna","item":"https:\/\/dignitynews.eu\/en\/"},{"@type":"ListItem","position":2,"name":"Presidents of Poland and Lithuania meet in the Suwa\u0142ki Gap"}]},{"@type":"Person","@id":"https:\/\/dignitynews.eu\/pl\/#\/schema\/person\/0b62b762b8174802fabc81a3ecb1bfcb","name":"Dignity News","image":{"@type":"ImageObject","inLanguage":"en-US","@id":"https:\/\/dignitynews.eu\/pl\/#\/schema\/person\/image\/","url":"https:\/\/secure.gravatar.com\/avatar\/97963171a6d9108f8381bbefb1c6b150c445b6ddd9e3077b96c86cf5892c85dc?s=96&d=mm&r=g","contentUrl":"https:\/\/secure.gravatar.com\/avatar\/97963171a6d9108f8381bbefb1c6b150c445b6ddd9e3077b96c86cf5892c85dc?s=96&d=mm&r=g","caption":"Dignity News"},"url":"https:\/\/dignitynews.eu\/en\/author\/mikolaj-palade\/"}]}},"_links":{"self":[{"href":"https:\/\/dignitynews.eu\/en\/wp-json\/wp\/v2\/posts\/23378","targetHints":{"allow":["GET"]}}],"collection":[{"href":"https:\/\/dignitynews.eu\/en\/wp-json\/wp\/v2\/posts"}],"about":[{"href":"https:\/\/dignitynews.eu\/en\/wp-json\/wp\/v2\/types\/post"}],"author":[{"embeddable":true,"href":"https:\/\/dignitynews.eu\/en\/wp-json\/wp\/v2\/users\/7"}],"replies":[{"embeddable":true,"href":"https:\/\/dignitynews.eu\/en\/wp-json\/wp\/v2\/comments?post=23378"}],"version-history":[{"count":2,"href":"https:\/\/dignitynews.eu\/en\/wp-json\/wp\/v2\/posts\/23378\/revisions"}],"predecessor-version":[{"id":23380,"href":"https:\/\/dignitynews.eu\/en\/wp-json\/wp\/v2\/posts\/23378\/revisions\/23380"}],"wp:featuredmedia":[{"embeddable":true,"href":"https:\/\/dignitynews.eu\/en\/wp-json\/wp\/v2\/media\/23345"}],"wp:attachment":[{"href":"https:\/\/dignitynews.eu\/en\/wp-json\/wp\/v2\/media?parent=23378"}],"wp:term":[{"taxonomy":"category","embeddable":true,"href":"https:\/\/dignitynews.eu\/en\/wp-json\/wp\/v2\/categories?post=23378"},{"taxonomy":"post_tag","embeddable":true,"href":"https:\/\/dignitynews.eu\/en\/wp-json\/wp\/v2\/tags?post=23378"}],"curies":[{"name":"wp","href":"https:\/\/api.w.org\/{rel}","templated":true}]}}