{"id":16821,"date":"2022-05-05T11:36:33","date_gmt":"2022-05-05T09:36:33","guid":{"rendered":"https:\/\/dignitynews.eu\/?p=16821"},"modified":"2022-05-05T15:36:00","modified_gmt":"2022-05-05T13:36:00","slug":"university-library-of-the-university-of-adam-mickiewicz-to-launch-the-archives-of-the-jews-of-poznan-and-wielkopolska","status":"publish","type":"post","link":"https:\/\/dignitynews.eu\/en\/university-library-of-the-university-of-adam-mickiewicz-to-launch-the-archives-of-the-jews-of-poznan-and-wielkopolska\/","title":{"rendered":"University Library of the University of Adam Mickiewicz to launch the &#8220;Archives of the Jews of Pozna\u0144 and Wielkopolska&#8221;"},"content":{"rendered":"<h5><strong>The &#8220;Archives of the Jews of Pozna\u0144 and Wielkopolska&#8221; will be launched at the University Library of the University of Adam Mickiewicz (UAM) in Pozna\u0144. The collection will include documents, memoirs, letters, postcards, photos, sound and film recordings and other memorabilia, creating the traces of the past of Jews living in Pozna\u0144 and in the Wielkopolska region.<\/strong><\/h5>\n<p>The aim of the &#8220;Archives&#8221; is to obtain archival materials from the descendants of Pozna\u0144 and Wielkopolska Jews, develop and digitize them and make them available for scientific and popular science purposes,\u00a0in cooperation with the \u201cTu \u017cyli \u017bydzi\u201d Foundation.<\/p>\n<p>The first material was the legacy of Noach Lasman (1924-2018), a geologist and writer, born in Kalisz (1924-2018), who lived in Pozna\u0144 with his family from 1927 and studied there at the Berger\u00a0Gymnasium.<\/p>\n<p>During the occupation he was in Podlasie, being a prisoner of the labour camp in Siedlce. Lasman also hid in a forest near \u0141osice, and in August 1944 he joined the 2nd Polish People&#8217;s Army.<\/p>\n<p>After the war, from 1948-to 1957 he lived in Pozna\u0144, studied geology and worked as a geologist in the building materials industry. In 1957, he emigrated with his family to Israel and worked as a geologist in Israel, Madagascar, Ethiopia, Colombia and Nicaragua.<\/p>\n<p>After retiring, at the turn of the 1970s and 1980s, he devoted himself to collecting materials on the fate of Pozna\u0144 Jews during and after World War II. He corresponded with people from all over the world, and wrote memoirs and novels based on his experiences. He also organized meetings of Pozna\u0144 Jews. In 2019, the book &#8220;Memories of three worlds&#8221; was published, collecting various published and unpublished memoirs of Lasman, edited by Andrzej Nizio\u0142ek.<\/p>\n<p>Adrian Andrzejewski<\/p>\n","protected":false},"excerpt":{"rendered":"<p>The &#8220;Archives of the Jews of Pozna\u0144 and Wielkopolska&#8221; will be launched at the University Library of the University of Adam Mickiewicz (UAM) in Pozna\u0144. The collection will include documents,&hellip;<\/p>\n","protected":false},"author":7,"featured_media":16740,"comment_status":"closed","ping_status":"open","sticky":false,"template":"","format":"standard","meta":{"_mi_skip_tracking":false,"footnotes":""},"categories":[44],"tags":[],"class_list":["post-16821","post","type-post","status-publish","format-standard","has-post-thumbnail","hentry","category-science"],"yoast_head":"<!-- This site is optimized with the Yoast SEO plugin v19.4 - https:\/\/yoast.com\/wordpress\/plugins\/seo\/ -->\n<title>University Library of the University of Adam Mickiewicz to launch the &quot;Archives of the Jews of Pozna\u0144 and Wielkopolska&quot; - Dignity - DignityNews.eu<\/title>\n<meta name=\"robots\" content=\"index, follow, max-snippet:-1, max-image-preview:large, max-video-preview:-1\" \/>\n<link rel=\"canonical\" href=\"https:\/\/dignitynews.eu\/en\/university-library-of-the-university-of-adam-mickiewicz-to-launch-the-archives-of-the-jews-of-poznan-and-wielkopolska\/\" \/>\n<meta property=\"og:locale\" content=\"en_US\" \/>\n<meta property=\"og:type\" content=\"article\" \/>\n<meta property=\"og:title\" content=\"University Library of the University of Adam Mickiewicz to launch the &quot;Archives of the Jews of Pozna\u0144 and Wielkopolska&quot; - Dignity - DignityNews.eu\" \/>\n<meta property=\"og:description\" content=\"The &#8220;Archives of the Jews of Pozna\u0144 and Wielkopolska&#8221; will be launched at the University Library of the University of Adam Mickiewicz (UAM) in Pozna\u0144. The collection will include documents,&hellip;\" \/>\n<meta property=\"og:url\" content=\"https:\/\/dignitynews.eu\/en\/university-library-of-the-university-of-adam-mickiewicz-to-launch-the-archives-of-the-jews-of-poznan-and-wielkopolska\/\" \/>\n<meta property=\"og:site_name\" content=\"Dignity - DignityNews.eu\" \/>\n<meta property=\"article:published_time\" content=\"2022-05-05T09:36:33+00:00\" \/>\n<meta property=\"article:modified_time\" content=\"2022-05-05T13:36:00+00:00\" \/>\n<meta property=\"og:image\" content=\"https:\/\/dignitynews.eu\/wp-content\/uploads\/2022\/05\/Archiwum-Zydow-Poznania-fot.-J.-Bloch-UAM.jpg\" \/>\n\t<meta property=\"og:image:width\" content=\"899\" \/>\n\t<meta property=\"og:image:height\" content=\"600\" \/>\n\t<meta property=\"og:image:type\" content=\"image\/jpeg\" \/>\n<meta name=\"author\" content=\"Dignity News\" \/>\n<meta name=\"twitter:card\" content=\"summary_large_image\" \/>\n<meta name=\"twitter:label1\" content=\"Written by\" \/>\n\t<meta name=\"twitter:data1\" content=\"Dignity News\" \/>\n\t<meta name=\"twitter:label2\" content=\"Est. reading time\" \/>\n\t<meta name=\"twitter:data2\" content=\"1 minute\" \/>\n<script type=\"application\/ld+json\" class=\"yoast-schema-graph\">{\"@context\":\"https:\/\/schema.org\",\"@graph\":[{\"@type\":\"WebSite\",\"@id\":\"https:\/\/dignitynews.eu\/pl\/#website\",\"url\":\"https:\/\/dignitynews.eu\/pl\/\",\"name\":\"Dignity - DignityNews.eu\",\"description\":\"\",\"potentialAction\":[{\"@type\":\"SearchAction\",\"target\":{\"@type\":\"EntryPoint\",\"urlTemplate\":\"https:\/\/dignitynews.eu\/pl\/?s={search_term_string}\"},\"query-input\":\"required name=search_term_string\"}],\"inLanguage\":\"en-US\"},{\"@type\":\"WebPage\",\"@id\":\"https:\/\/dignitynews.eu\/en\/university-library-of-the-university-of-adam-mickiewicz-to-launch-the-archives-of-the-jews-of-poznan-and-wielkopolska\/\",\"url\":\"https:\/\/dignitynews.eu\/en\/university-library-of-the-university-of-adam-mickiewicz-to-launch-the-archives-of-the-jews-of-poznan-and-wielkopolska\/\",\"name\":\"University Library of the University of Adam Mickiewicz to launch the \\\"Archives of the Jews of Pozna\u0144 and Wielkopolska\\\" - Dignity - DignityNews.eu\",\"isPartOf\":{\"@id\":\"https:\/\/dignitynews.eu\/pl\/#website\"},\"datePublished\":\"2022-05-05T09:36:33+00:00\",\"dateModified\":\"2022-05-05T13:36:00+00:00\",\"author\":{\"@id\":\"https:\/\/dignitynews.eu\/pl\/#\/schema\/person\/0b62b762b8174802fabc81a3ecb1bfcb\"},\"breadcrumb\":{\"@id\":\"https:\/\/dignitynews.eu\/en\/university-library-of-the-university-of-adam-mickiewicz-to-launch-the-archives-of-the-jews-of-poznan-and-wielkopolska\/#breadcrumb\"},\"inLanguage\":\"en-US\",\"potentialAction\":[{\"@type\":\"ReadAction\",\"target\":[\"https:\/\/dignitynews.eu\/en\/university-library-of-the-university-of-adam-mickiewicz-to-launch-the-archives-of-the-jews-of-poznan-and-wielkopolska\/\"]}]},{\"@type\":\"BreadcrumbList\",\"@id\":\"https:\/\/dignitynews.eu\/en\/university-library-of-the-university-of-adam-mickiewicz-to-launch-the-archives-of-the-jews-of-poznan-and-wielkopolska\/#breadcrumb\",\"itemListElement\":[{\"@type\":\"ListItem\",\"position\":1,\"name\":\"Strona g\u0142\u00f3wna\",\"item\":\"https:\/\/dignitynews.eu\/en\/\"},{\"@type\":\"ListItem\",\"position\":2,\"name\":\"University Library of the University of Adam Mickiewicz to launch the &#8222;Archives of the Jews of Pozna\u0144 and Wielkopolska&#8221;\"}]},{\"@type\":\"Person\",\"@id\":\"https:\/\/dignitynews.eu\/pl\/#\/schema\/person\/0b62b762b8174802fabc81a3ecb1bfcb\",\"name\":\"Dignity News\",\"image\":{\"@type\":\"ImageObject\",\"inLanguage\":\"en-US\",\"@id\":\"https:\/\/dignitynews.eu\/pl\/#\/schema\/person\/image\/\",\"url\":\"https:\/\/secure.gravatar.com\/avatar\/97963171a6d9108f8381bbefb1c6b150c445b6ddd9e3077b96c86cf5892c85dc?s=96&d=mm&r=g\",\"contentUrl\":\"https:\/\/secure.gravatar.com\/avatar\/97963171a6d9108f8381bbefb1c6b150c445b6ddd9e3077b96c86cf5892c85dc?s=96&d=mm&r=g\",\"caption\":\"Dignity News\"},\"url\":\"https:\/\/dignitynews.eu\/en\/author\/mikolaj-palade\/\"}]}<\/script>\n<!-- \/ Yoast SEO plugin. -->","yoast_head_json":{"title":"University Library of the University of Adam Mickiewicz to launch the \"Archives of the Jews of Pozna\u0144 and Wielkopolska\" - Dignity - DignityNews.eu","robots":{"index":"index","follow":"follow","max-snippet":"max-snippet:-1","max-image-preview":"max-image-preview:large","max-video-preview":"max-video-preview:-1"},"canonical":"https:\/\/dignitynews.eu\/en\/university-library-of-the-university-of-adam-mickiewicz-to-launch-the-archives-of-the-jews-of-poznan-and-wielkopolska\/","og_locale":"en_US","og_type":"article","og_title":"University Library of the University of Adam Mickiewicz to launch the \"Archives of the Jews of Pozna\u0144 and Wielkopolska\" - Dignity - DignityNews.eu","og_description":"The &#8220;Archives of the Jews of Pozna\u0144 and Wielkopolska&#8221; will be launched at the University Library of the University of Adam Mickiewicz (UAM) in Pozna\u0144. The collection will include documents,&hellip;","og_url":"https:\/\/dignitynews.eu\/en\/university-library-of-the-university-of-adam-mickiewicz-to-launch-the-archives-of-the-jews-of-poznan-and-wielkopolska\/","og_site_name":"Dignity - DignityNews.eu","article_published_time":"2022-05-05T09:36:33+00:00","article_modified_time":"2022-05-05T13:36:00+00:00","og_image":[{"width":899,"height":600,"url":"https:\/\/dignitynews.eu\/wp-content\/uploads\/2022\/05\/Archiwum-Zydow-Poznania-fot.-J.-Bloch-UAM.jpg","type":"image\/jpeg"}],"author":"Dignity News","twitter_card":"summary_large_image","twitter_misc":{"Written by":"Dignity News","Est. reading time":"1 minute"},"schema":{"@context":"https:\/\/schema.org","@graph":[{"@type":"WebSite","@id":"https:\/\/dignitynews.eu\/pl\/#website","url":"https:\/\/dignitynews.eu\/pl\/","name":"Dignity - DignityNews.eu","description":"","potentialAction":[{"@type":"SearchAction","target":{"@type":"EntryPoint","urlTemplate":"https:\/\/dignitynews.eu\/pl\/?s={search_term_string}"},"query-input":"required name=search_term_string"}],"inLanguage":"en-US"},{"@type":"WebPage","@id":"https:\/\/dignitynews.eu\/en\/university-library-of-the-university-of-adam-mickiewicz-to-launch-the-archives-of-the-jews-of-poznan-and-wielkopolska\/","url":"https:\/\/dignitynews.eu\/en\/university-library-of-the-university-of-adam-mickiewicz-to-launch-the-archives-of-the-jews-of-poznan-and-wielkopolska\/","name":"University Library of the University of Adam Mickiewicz to launch the \"Archives of the Jews of Pozna\u0144 and Wielkopolska\" - Dignity - DignityNews.eu","isPartOf":{"@id":"https:\/\/dignitynews.eu\/pl\/#website"},"datePublished":"2022-05-05T09:36:33+00:00","dateModified":"2022-05-05T13:36:00+00:00","author":{"@id":"https:\/\/dignitynews.eu\/pl\/#\/schema\/person\/0b62b762b8174802fabc81a3ecb1bfcb"},"breadcrumb":{"@id":"https:\/\/dignitynews.eu\/en\/university-library-of-the-university-of-adam-mickiewicz-to-launch-the-archives-of-the-jews-of-poznan-and-wielkopolska\/#breadcrumb"},"inLanguage":"en-US","potentialAction":[{"@type":"ReadAction","target":["https:\/\/dignitynews.eu\/en\/university-library-of-the-university-of-adam-mickiewicz-to-launch-the-archives-of-the-jews-of-poznan-and-wielkopolska\/"]}]},{"@type":"BreadcrumbList","@id":"https:\/\/dignitynews.eu\/en\/university-library-of-the-university-of-adam-mickiewicz-to-launch-the-archives-of-the-jews-of-poznan-and-wielkopolska\/#breadcrumb","itemListElement":[{"@type":"ListItem","position":1,"name":"Strona g\u0142\u00f3wna","item":"https:\/\/dignitynews.eu\/en\/"},{"@type":"ListItem","position":2,"name":"University Library of the University of Adam Mickiewicz to launch the &#8222;Archives of the Jews of Pozna\u0144 and Wielkopolska&#8221;"}]},{"@type":"Person","@id":"https:\/\/dignitynews.eu\/pl\/#\/schema\/person\/0b62b762b8174802fabc81a3ecb1bfcb","name":"Dignity News","image":{"@type":"ImageObject","inLanguage":"en-US","@id":"https:\/\/dignitynews.eu\/pl\/#\/schema\/person\/image\/","url":"https:\/\/secure.gravatar.com\/avatar\/97963171a6d9108f8381bbefb1c6b150c445b6ddd9e3077b96c86cf5892c85dc?s=96&d=mm&r=g","contentUrl":"https:\/\/secure.gravatar.com\/avatar\/97963171a6d9108f8381bbefb1c6b150c445b6ddd9e3077b96c86cf5892c85dc?s=96&d=mm&r=g","caption":"Dignity News"},"url":"https:\/\/dignitynews.eu\/en\/author\/mikolaj-palade\/"}]}},"_links":{"self":[{"href":"https:\/\/dignitynews.eu\/en\/wp-json\/wp\/v2\/posts\/16821","targetHints":{"allow":["GET"]}}],"collection":[{"href":"https:\/\/dignitynews.eu\/en\/wp-json\/wp\/v2\/posts"}],"about":[{"href":"https:\/\/dignitynews.eu\/en\/wp-json\/wp\/v2\/types\/post"}],"author":[{"embeddable":true,"href":"https:\/\/dignitynews.eu\/en\/wp-json\/wp\/v2\/users\/7"}],"replies":[{"embeddable":true,"href":"https:\/\/dignitynews.eu\/en\/wp-json\/wp\/v2\/comments?post=16821"}],"version-history":[{"count":1,"href":"https:\/\/dignitynews.eu\/en\/wp-json\/wp\/v2\/posts\/16821\/revisions"}],"predecessor-version":[{"id":16822,"href":"https:\/\/dignitynews.eu\/en\/wp-json\/wp\/v2\/posts\/16821\/revisions\/16822"}],"wp:featuredmedia":[{"embeddable":true,"href":"https:\/\/dignitynews.eu\/en\/wp-json\/wp\/v2\/media\/16740"}],"wp:attachment":[{"href":"https:\/\/dignitynews.eu\/en\/wp-json\/wp\/v2\/media?parent=16821"}],"wp:term":[{"taxonomy":"category","embeddable":true,"href":"https:\/\/dignitynews.eu\/en\/wp-json\/wp\/v2\/categories?post=16821"},{"taxonomy":"post_tag","embeddable":true,"href":"https:\/\/dignitynews.eu\/en\/wp-json\/wp\/v2\/tags?post=16821"}],"curies":[{"name":"wp","href":"https:\/\/api.w.org\/{rel}","templated":true}]}}