{"id":14421,"date":"2022-04-13T11:52:26","date_gmt":"2022-04-13T09:52:26","guid":{"rendered":"https:\/\/dignitynews.eu\/?p=14421"},"modified":"2022-04-13T18:53:11","modified_gmt":"2022-04-13T16:53:11","slug":"the-thieves-stole-his-violins-huberman-a-violinist-who-dreamed-of-a-united-europe","status":"publish","type":"post","link":"https:\/\/dignitynews.eu\/en\/the-thieves-stole-his-violins-huberman-a-violinist-who-dreamed-of-a-united-europe\/","title":{"rendered":"The thieves stole his violins. Huberman &#8211; a violinist who dreamed of a United Europe"},"content":{"rendered":"<h5><strong>A talented Polish violinist of Jewish origin, Bronis\u0142aw Huberman, was extremely unlucky: the thieves loved his violin. Apart from making music, he spread the idea of a United Europe.<\/strong><\/h5>\n<p>Bronis\u0142aw Huberman was born on December 19, 1882 in Cz\u0119stochowa. Already as a young boy, he turned out to be an extremely talented violinist. He made his first public concert at the age of 7.Soon, he and his parents left for Berlin, where he began further education. He performed in European capitals. At that time, the Polish aristocrat, Count Jan Zamoyski, took him under his protection.<\/p>\n<p><strong>An advocate of a United Europe<\/strong><\/p>\n<p>The career of the young artist developed smoothly. At the age of 15, he toured the United States and Russia. He also gave concerts in his homeland, Poland. After World War I, in addition to European countries, he also performed in South America and visited Mandatory Palestine for the first time.<\/p>\n<p>Perhaps his experiences taken from many years of travel resulted in the idea of a United Europe, which he promoted in his political texts. He was undoubtedly ahead of his time in this matter because, as we know, the process of European integration started only after the Second World War.<\/p>\n<p><strong>He created a Jewish orchestra<\/strong><\/p>\n<p>After the German Nazis came to power and created the Third Reich, life in Berlin, where he lived, became more and more difficult for Jews so, he moved to Vienna. He visited Tel Aviv several times and organized the Palestinian Symphony Orchestra there. The group consisted of Jews who escaped from the Nazi regime.<\/p>\n<p><strong>The thieves stole his violins<\/strong><\/p>\n<p>Huberman toured tirelessly. Before the outbreak of World War II in the United States, his 1713-year Stradivarius violin was stolen. The thief understood music and kept the violin until his death. While dying, he told his wife how he had gained it. Huberman experienced a similar situation in \u0141\u00f3d\u017a. There, however, he was helped to recover the violin by the Jewish gangster <a href=\"https:\/\/dignitynews.eu\/en\/bornsztajn-a-gangster-who-helped-poor-jews\/\">Menachem Bornsztajn<\/a>.<\/p>\n<p><strong>He helped Poles<\/strong><\/p>\n<p>Returning from the tour, he had an accident in a plane crash and injured his hands. After rehabilitation, he returned to touring and performed during World War II. He played at a concert of Polish music in New York in 1944. He was also involved in helping Poles who escaped from the aggression of Germany and the Soviet Union. He died on December 16, 1947.<\/p>\n","protected":false},"excerpt":{"rendered":"<p>A talented Polish violinist of Jewish origin, Bronis\u0142aw Huberman, was extremely unlucky: the thieves loved his violin. Apart from making music, he spread the idea of a United Europe. Bronis\u0142aw&hellip;<\/p>\n","protected":false},"author":7,"featured_media":14344,"comment_status":"closed","ping_status":"open","sticky":false,"template":"","format":"standard","meta":{"_mi_skip_tracking":false,"footnotes":""},"categories":[41],"tags":[],"class_list":["post-14421","post","type-post","status-publish","format-standard","has-post-thumbnail","hentry","category-history"],"yoast_head":"<!-- This site is optimized with the Yoast SEO plugin v19.4 - https:\/\/yoast.com\/wordpress\/plugins\/seo\/ -->\n<title>The thieves stole his violins. Huberman - a violinist who dreamed of a United Europe - Dignity - DignityNews.eu<\/title>\n<meta name=\"robots\" content=\"index, follow, max-snippet:-1, max-image-preview:large, max-video-preview:-1\" \/>\n<link rel=\"canonical\" href=\"https:\/\/dignitynews.eu\/en\/the-thieves-stole-his-violins-huberman-a-violinist-who-dreamed-of-a-united-europe\/\" \/>\n<meta property=\"og:locale\" content=\"en_US\" \/>\n<meta property=\"og:type\" content=\"article\" \/>\n<meta property=\"og:title\" content=\"The thieves stole his violins. Huberman - a violinist who dreamed of a United Europe - Dignity - DignityNews.eu\" \/>\n<meta property=\"og:description\" content=\"A talented Polish violinist of Jewish origin, Bronis\u0142aw Huberman, was extremely unlucky: the thieves loved his violin. Apart from making music, he spread the idea of a United Europe. Bronis\u0142aw&hellip;\" \/>\n<meta property=\"og:url\" content=\"https:\/\/dignitynews.eu\/en\/the-thieves-stole-his-violins-huberman-a-violinist-who-dreamed-of-a-united-europe\/\" \/>\n<meta property=\"og:site_name\" content=\"Dignity - DignityNews.eu\" \/>\n<meta property=\"article:published_time\" content=\"2022-04-13T09:52:26+00:00\" \/>\n<meta property=\"article:modified_time\" content=\"2022-04-13T16:53:11+00:00\" \/>\n<meta property=\"og:image\" content=\"https:\/\/dignitynews.eu\/wp-content\/uploads\/2022\/04\/httpscommons.wikimedia.orgwindex.phpcurid1272053-scaled.jpg\" \/>\n\t<meta property=\"og:image:width\" content=\"1775\" \/>\n\t<meta property=\"og:image:height\" content=\"2560\" \/>\n\t<meta property=\"og:image:type\" content=\"image\/jpeg\" \/>\n<meta name=\"author\" content=\"Dignity News\" \/>\n<meta name=\"twitter:card\" content=\"summary_large_image\" \/>\n<meta name=\"twitter:label1\" content=\"Written by\" \/>\n\t<meta name=\"twitter:data1\" content=\"Dignity News\" \/>\n\t<meta name=\"twitter:label2\" content=\"Est. reading time\" \/>\n\t<meta name=\"twitter:data2\" content=\"3 minutes\" \/>\n<script type=\"application\/ld+json\" class=\"yoast-schema-graph\">{\"@context\":\"https:\/\/schema.org\",\"@graph\":[{\"@type\":\"WebSite\",\"@id\":\"https:\/\/dignitynews.eu\/pl\/#website\",\"url\":\"https:\/\/dignitynews.eu\/pl\/\",\"name\":\"Dignity - DignityNews.eu\",\"description\":\"\",\"potentialAction\":[{\"@type\":\"SearchAction\",\"target\":{\"@type\":\"EntryPoint\",\"urlTemplate\":\"https:\/\/dignitynews.eu\/pl\/?s={search_term_string}\"},\"query-input\":\"required name=search_term_string\"}],\"inLanguage\":\"en-US\"},{\"@type\":\"WebPage\",\"@id\":\"https:\/\/dignitynews.eu\/en\/the-thieves-stole-his-violins-huberman-a-violinist-who-dreamed-of-a-united-europe\/\",\"url\":\"https:\/\/dignitynews.eu\/en\/the-thieves-stole-his-violins-huberman-a-violinist-who-dreamed-of-a-united-europe\/\",\"name\":\"The thieves stole his violins. Huberman - a violinist who dreamed of a United Europe - Dignity - DignityNews.eu\",\"isPartOf\":{\"@id\":\"https:\/\/dignitynews.eu\/pl\/#website\"},\"datePublished\":\"2022-04-13T09:52:26+00:00\",\"dateModified\":\"2022-04-13T16:53:11+00:00\",\"author\":{\"@id\":\"https:\/\/dignitynews.eu\/pl\/#\/schema\/person\/0b62b762b8174802fabc81a3ecb1bfcb\"},\"breadcrumb\":{\"@id\":\"https:\/\/dignitynews.eu\/en\/the-thieves-stole-his-violins-huberman-a-violinist-who-dreamed-of-a-united-europe\/#breadcrumb\"},\"inLanguage\":\"en-US\",\"potentialAction\":[{\"@type\":\"ReadAction\",\"target\":[\"https:\/\/dignitynews.eu\/en\/the-thieves-stole-his-violins-huberman-a-violinist-who-dreamed-of-a-united-europe\/\"]}]},{\"@type\":\"BreadcrumbList\",\"@id\":\"https:\/\/dignitynews.eu\/en\/the-thieves-stole-his-violins-huberman-a-violinist-who-dreamed-of-a-united-europe\/#breadcrumb\",\"itemListElement\":[{\"@type\":\"ListItem\",\"position\":1,\"name\":\"Strona g\u0142\u00f3wna\",\"item\":\"https:\/\/dignitynews.eu\/en\/\"},{\"@type\":\"ListItem\",\"position\":2,\"name\":\"The thieves stole his violins. Huberman &#8211; a violinist who dreamed of a United Europe\"}]},{\"@type\":\"Person\",\"@id\":\"https:\/\/dignitynews.eu\/pl\/#\/schema\/person\/0b62b762b8174802fabc81a3ecb1bfcb\",\"name\":\"Dignity News\",\"image\":{\"@type\":\"ImageObject\",\"inLanguage\":\"en-US\",\"@id\":\"https:\/\/dignitynews.eu\/pl\/#\/schema\/person\/image\/\",\"url\":\"https:\/\/secure.gravatar.com\/avatar\/97963171a6d9108f8381bbefb1c6b150c445b6ddd9e3077b96c86cf5892c85dc?s=96&d=mm&r=g\",\"contentUrl\":\"https:\/\/secure.gravatar.com\/avatar\/97963171a6d9108f8381bbefb1c6b150c445b6ddd9e3077b96c86cf5892c85dc?s=96&d=mm&r=g\",\"caption\":\"Dignity News\"},\"url\":\"https:\/\/dignitynews.eu\/en\/author\/mikolaj-palade\/\"}]}<\/script>\n<!-- \/ Yoast SEO plugin. -->","yoast_head_json":{"title":"The thieves stole his violins. Huberman - a violinist who dreamed of a United Europe - Dignity - DignityNews.eu","robots":{"index":"index","follow":"follow","max-snippet":"max-snippet:-1","max-image-preview":"max-image-preview:large","max-video-preview":"max-video-preview:-1"},"canonical":"https:\/\/dignitynews.eu\/en\/the-thieves-stole-his-violins-huberman-a-violinist-who-dreamed-of-a-united-europe\/","og_locale":"en_US","og_type":"article","og_title":"The thieves stole his violins. Huberman - a violinist who dreamed of a United Europe - Dignity - DignityNews.eu","og_description":"A talented Polish violinist of Jewish origin, Bronis\u0142aw Huberman, was extremely unlucky: the thieves loved his violin. Apart from making music, he spread the idea of a United Europe. Bronis\u0142aw&hellip;","og_url":"https:\/\/dignitynews.eu\/en\/the-thieves-stole-his-violins-huberman-a-violinist-who-dreamed-of-a-united-europe\/","og_site_name":"Dignity - DignityNews.eu","article_published_time":"2022-04-13T09:52:26+00:00","article_modified_time":"2022-04-13T16:53:11+00:00","og_image":[{"width":1775,"height":2560,"url":"https:\/\/dignitynews.eu\/wp-content\/uploads\/2022\/04\/httpscommons.wikimedia.orgwindex.phpcurid1272053-scaled.jpg","type":"image\/jpeg"}],"author":"Dignity News","twitter_card":"summary_large_image","twitter_misc":{"Written by":"Dignity News","Est. reading time":"3 minutes"},"schema":{"@context":"https:\/\/schema.org","@graph":[{"@type":"WebSite","@id":"https:\/\/dignitynews.eu\/pl\/#website","url":"https:\/\/dignitynews.eu\/pl\/","name":"Dignity - DignityNews.eu","description":"","potentialAction":[{"@type":"SearchAction","target":{"@type":"EntryPoint","urlTemplate":"https:\/\/dignitynews.eu\/pl\/?s={search_term_string}"},"query-input":"required name=search_term_string"}],"inLanguage":"en-US"},{"@type":"WebPage","@id":"https:\/\/dignitynews.eu\/en\/the-thieves-stole-his-violins-huberman-a-violinist-who-dreamed-of-a-united-europe\/","url":"https:\/\/dignitynews.eu\/en\/the-thieves-stole-his-violins-huberman-a-violinist-who-dreamed-of-a-united-europe\/","name":"The thieves stole his violins. Huberman - a violinist who dreamed of a United Europe - Dignity - DignityNews.eu","isPartOf":{"@id":"https:\/\/dignitynews.eu\/pl\/#website"},"datePublished":"2022-04-13T09:52:26+00:00","dateModified":"2022-04-13T16:53:11+00:00","author":{"@id":"https:\/\/dignitynews.eu\/pl\/#\/schema\/person\/0b62b762b8174802fabc81a3ecb1bfcb"},"breadcrumb":{"@id":"https:\/\/dignitynews.eu\/en\/the-thieves-stole-his-violins-huberman-a-violinist-who-dreamed-of-a-united-europe\/#breadcrumb"},"inLanguage":"en-US","potentialAction":[{"@type":"ReadAction","target":["https:\/\/dignitynews.eu\/en\/the-thieves-stole-his-violins-huberman-a-violinist-who-dreamed-of-a-united-europe\/"]}]},{"@type":"BreadcrumbList","@id":"https:\/\/dignitynews.eu\/en\/the-thieves-stole-his-violins-huberman-a-violinist-who-dreamed-of-a-united-europe\/#breadcrumb","itemListElement":[{"@type":"ListItem","position":1,"name":"Strona g\u0142\u00f3wna","item":"https:\/\/dignitynews.eu\/en\/"},{"@type":"ListItem","position":2,"name":"The thieves stole his violins. Huberman &#8211; a violinist who dreamed of a United Europe"}]},{"@type":"Person","@id":"https:\/\/dignitynews.eu\/pl\/#\/schema\/person\/0b62b762b8174802fabc81a3ecb1bfcb","name":"Dignity News","image":{"@type":"ImageObject","inLanguage":"en-US","@id":"https:\/\/dignitynews.eu\/pl\/#\/schema\/person\/image\/","url":"https:\/\/secure.gravatar.com\/avatar\/97963171a6d9108f8381bbefb1c6b150c445b6ddd9e3077b96c86cf5892c85dc?s=96&d=mm&r=g","contentUrl":"https:\/\/secure.gravatar.com\/avatar\/97963171a6d9108f8381bbefb1c6b150c445b6ddd9e3077b96c86cf5892c85dc?s=96&d=mm&r=g","caption":"Dignity News"},"url":"https:\/\/dignitynews.eu\/en\/author\/mikolaj-palade\/"}]}},"_links":{"self":[{"href":"https:\/\/dignitynews.eu\/en\/wp-json\/wp\/v2\/posts\/14421","targetHints":{"allow":["GET"]}}],"collection":[{"href":"https:\/\/dignitynews.eu\/en\/wp-json\/wp\/v2\/posts"}],"about":[{"href":"https:\/\/dignitynews.eu\/en\/wp-json\/wp\/v2\/types\/post"}],"author":[{"embeddable":true,"href":"https:\/\/dignitynews.eu\/en\/wp-json\/wp\/v2\/users\/7"}],"replies":[{"embeddable":true,"href":"https:\/\/dignitynews.eu\/en\/wp-json\/wp\/v2\/comments?post=14421"}],"version-history":[{"count":4,"href":"https:\/\/dignitynews.eu\/en\/wp-json\/wp\/v2\/posts\/14421\/revisions"}],"predecessor-version":[{"id":14454,"href":"https:\/\/dignitynews.eu\/en\/wp-json\/wp\/v2\/posts\/14421\/revisions\/14454"}],"wp:featuredmedia":[{"embeddable":true,"href":"https:\/\/dignitynews.eu\/en\/wp-json\/wp\/v2\/media\/14344"}],"wp:attachment":[{"href":"https:\/\/dignitynews.eu\/en\/wp-json\/wp\/v2\/media?parent=14421"}],"wp:term":[{"taxonomy":"category","embeddable":true,"href":"https:\/\/dignitynews.eu\/en\/wp-json\/wp\/v2\/categories?post=14421"},{"taxonomy":"post_tag","embeddable":true,"href":"https:\/\/dignitynews.eu\/en\/wp-json\/wp\/v2\/tags?post=14421"}],"curies":[{"name":"wp","href":"https:\/\/api.w.org\/{rel}","templated":true}]}}