{"id":12753,"date":"2022-03-31T17:34:02","date_gmt":"2022-03-31T15:34:02","guid":{"rendered":"https:\/\/dignitynews.eu\/?p=12753"},"modified":"2022-03-31T17:34:02","modified_gmt":"2022-03-31T15:34:02","slug":"deputy-minister-of-interior-and-administration-commenting-on-polands-plans-to-help-refugees","status":"publish","type":"post","link":"https:\/\/dignitynews.eu\/en\/deputy-minister-of-interior-and-administration-commenting-on-polands-plans-to-help-refugees\/","title":{"rendered":"Deputy Minister of Interior and Administration commenting on Poland&#8217;s plans to help refugees"},"content":{"rendered":"<h5>The deputy head of the Ministry of the Interior and Administration, B\u0142a\u017cej Pobo\u017cy, said that Poland would like to obtain EUR 2 billion 200 million from the European Union to help refugees from Ukraine. He emphasized that it is important that this money is not burdened with complicated procedures of obtaining and settling it &#8211; unlike traditional EU funds.<\/h5>\n<p>\u201cWe are calculating the costs at around a thousand euros per person for the first six months. On the day when those needs were reported to the European Commission, this amounted to EUR 2 billion 200 million; the amount we expect to raise. It is important that these funds are so-called easy money when it comes to spending them,\u201d said the deputy interior minister.<\/p>\n<p>Pobo\u017cy stressed that these funds should not be burdened with settlement methods such as traditional EU funds. He added that the current EU recommendations indicate to use of other EU funds such as Cohesion or the Asylum, Migration and Integration Fund.<\/p>\n<p>\u201cIt applies to funds that have not yet been spent. If we reached for such funds subordinate to the Ministry of the Interior, it would make about EUR 16 million, while the needs are much larger\u201d, assessed the deputy minister.<\/p>\n<p>According to data from the United Nations, more than 4 million Ukrainian citizens left their homeland to escape the war. This is more than twice as many people as immigrated to Europe during the great wave of migration in 2015. The largest number of the people who decided to leave Ukraine came to Poland.<\/p>\n<p>According to the data of the Border Guard, over 2,344 million people have crossed the Polish border in Ukraine since the beginning of the war. Not everyone stayed in Poland. In the opinion of Prof. Maciej Duszczyk from the Center for Migration Research of the University of Warsaw, only 1.2 &#8211; 1.3 million Ukrainians will remain in Poland. The others most often decide to move further to the West (800-900 thousand), and the number of people returning to Ukraine is also growing.<\/p>\n<p>Arkadiusz S\u0142omczy\u0144ski<\/p>\n","protected":false},"excerpt":{"rendered":"<p>The deputy head of the Ministry of the Interior and Administration, B\u0142a\u017cej Pobo\u017cy, said that Poland would like to obtain EUR 2 billion 200 million from the European Union to&hellip;<\/p>\n","protected":false},"author":7,"featured_media":12607,"comment_status":"closed","ping_status":"open","sticky":false,"template":"","format":"standard","meta":{"_mi_skip_tracking":false,"footnotes":""},"categories":[42],"tags":[],"class_list":["post-12753","post","type-post","status-publish","format-standard","has-post-thumbnail","hentry","category-events"],"yoast_head":"<!-- This site is optimized with the Yoast SEO plugin v19.4 - https:\/\/yoast.com\/wordpress\/plugins\/seo\/ -->\n<title>Deputy Minister of Interior and Administration commenting on Poland&#039;s plans to help refugees - Dignity - DignityNews.eu<\/title>\n<meta name=\"robots\" content=\"index, follow, max-snippet:-1, max-image-preview:large, max-video-preview:-1\" \/>\n<link rel=\"canonical\" href=\"https:\/\/dignitynews.eu\/en\/deputy-minister-of-interior-and-administration-commenting-on-polands-plans-to-help-refugees\/\" \/>\n<meta property=\"og:locale\" content=\"en_US\" \/>\n<meta property=\"og:type\" content=\"article\" \/>\n<meta property=\"og:title\" content=\"Deputy Minister of Interior and Administration commenting on Poland&#039;s plans to help refugees - Dignity - DignityNews.eu\" \/>\n<meta property=\"og:description\" content=\"The deputy head of the Ministry of the Interior and Administration, B\u0142a\u017cej Pobo\u017cy, said that Poland would like to obtain EUR 2 billion 200 million from the European Union to&hellip;\" \/>\n<meta property=\"og:url\" content=\"https:\/\/dignitynews.eu\/en\/deputy-minister-of-interior-and-administration-commenting-on-polands-plans-to-help-refugees\/\" \/>\n<meta property=\"og:site_name\" content=\"Dignity - DignityNews.eu\" \/>\n<meta property=\"article:published_time\" content=\"2022-03-31T15:34:02+00:00\" \/>\n<meta property=\"og:image\" content=\"https:\/\/dignitynews.eu\/wp-content\/uploads\/2022\/03\/Uchodzcy-\u2013-pieniadze-z-UE-fot.-Piotr-Molecki-East-News.jpg\" \/>\n\t<meta property=\"og:image:width\" content=\"1500\" \/>\n\t<meta property=\"og:image:height\" content=\"931\" \/>\n\t<meta property=\"og:image:type\" content=\"image\/jpeg\" \/>\n<meta name=\"author\" content=\"Dignity News\" \/>\n<meta name=\"twitter:card\" content=\"summary_large_image\" \/>\n<meta name=\"twitter:label1\" content=\"Written by\" \/>\n\t<meta name=\"twitter:data1\" content=\"Dignity News\" \/>\n\t<meta name=\"twitter:label2\" content=\"Est. reading time\" \/>\n\t<meta name=\"twitter:data2\" content=\"2 minutes\" \/>\n<script type=\"application\/ld+json\" class=\"yoast-schema-graph\">{\"@context\":\"https:\/\/schema.org\",\"@graph\":[{\"@type\":\"WebSite\",\"@id\":\"https:\/\/dignitynews.eu\/pl\/#website\",\"url\":\"https:\/\/dignitynews.eu\/pl\/\",\"name\":\"Dignity - DignityNews.eu\",\"description\":\"\",\"potentialAction\":[{\"@type\":\"SearchAction\",\"target\":{\"@type\":\"EntryPoint\",\"urlTemplate\":\"https:\/\/dignitynews.eu\/pl\/?s={search_term_string}\"},\"query-input\":\"required name=search_term_string\"}],\"inLanguage\":\"en-US\"},{\"@type\":\"WebPage\",\"@id\":\"https:\/\/dignitynews.eu\/en\/deputy-minister-of-interior-and-administration-commenting-on-polands-plans-to-help-refugees\/\",\"url\":\"https:\/\/dignitynews.eu\/en\/deputy-minister-of-interior-and-administration-commenting-on-polands-plans-to-help-refugees\/\",\"name\":\"Deputy Minister of Interior and Administration commenting on Poland's plans to help refugees - Dignity - DignityNews.eu\",\"isPartOf\":{\"@id\":\"https:\/\/dignitynews.eu\/pl\/#website\"},\"datePublished\":\"2022-03-31T15:34:02+00:00\",\"dateModified\":\"2022-03-31T15:34:02+00:00\",\"author\":{\"@id\":\"https:\/\/dignitynews.eu\/pl\/#\/schema\/person\/0b62b762b8174802fabc81a3ecb1bfcb\"},\"breadcrumb\":{\"@id\":\"https:\/\/dignitynews.eu\/en\/deputy-minister-of-interior-and-administration-commenting-on-polands-plans-to-help-refugees\/#breadcrumb\"},\"inLanguage\":\"en-US\",\"potentialAction\":[{\"@type\":\"ReadAction\",\"target\":[\"https:\/\/dignitynews.eu\/en\/deputy-minister-of-interior-and-administration-commenting-on-polands-plans-to-help-refugees\/\"]}]},{\"@type\":\"BreadcrumbList\",\"@id\":\"https:\/\/dignitynews.eu\/en\/deputy-minister-of-interior-and-administration-commenting-on-polands-plans-to-help-refugees\/#breadcrumb\",\"itemListElement\":[{\"@type\":\"ListItem\",\"position\":1,\"name\":\"Strona g\u0142\u00f3wna\",\"item\":\"https:\/\/dignitynews.eu\/en\/\"},{\"@type\":\"ListItem\",\"position\":2,\"name\":\"Deputy Minister of Interior and Administration commenting on Poland&#8217;s plans to help refugees\"}]},{\"@type\":\"Person\",\"@id\":\"https:\/\/dignitynews.eu\/pl\/#\/schema\/person\/0b62b762b8174802fabc81a3ecb1bfcb\",\"name\":\"Dignity News\",\"image\":{\"@type\":\"ImageObject\",\"inLanguage\":\"en-US\",\"@id\":\"https:\/\/dignitynews.eu\/pl\/#\/schema\/person\/image\/\",\"url\":\"https:\/\/secure.gravatar.com\/avatar\/97963171a6d9108f8381bbefb1c6b150c445b6ddd9e3077b96c86cf5892c85dc?s=96&d=mm&r=g\",\"contentUrl\":\"https:\/\/secure.gravatar.com\/avatar\/97963171a6d9108f8381bbefb1c6b150c445b6ddd9e3077b96c86cf5892c85dc?s=96&d=mm&r=g\",\"caption\":\"Dignity News\"},\"url\":\"https:\/\/dignitynews.eu\/en\/author\/mikolaj-palade\/\"}]}<\/script>\n<!-- \/ Yoast SEO plugin. -->","yoast_head_json":{"title":"Deputy Minister of Interior and Administration commenting on Poland's plans to help refugees - Dignity - DignityNews.eu","robots":{"index":"index","follow":"follow","max-snippet":"max-snippet:-1","max-image-preview":"max-image-preview:large","max-video-preview":"max-video-preview:-1"},"canonical":"https:\/\/dignitynews.eu\/en\/deputy-minister-of-interior-and-administration-commenting-on-polands-plans-to-help-refugees\/","og_locale":"en_US","og_type":"article","og_title":"Deputy Minister of Interior and Administration commenting on Poland's plans to help refugees - Dignity - DignityNews.eu","og_description":"The deputy head of the Ministry of the Interior and Administration, B\u0142a\u017cej Pobo\u017cy, said that Poland would like to obtain EUR 2 billion 200 million from the European Union to&hellip;","og_url":"https:\/\/dignitynews.eu\/en\/deputy-minister-of-interior-and-administration-commenting-on-polands-plans-to-help-refugees\/","og_site_name":"Dignity - DignityNews.eu","article_published_time":"2022-03-31T15:34:02+00:00","og_image":[{"width":1500,"height":931,"url":"https:\/\/dignitynews.eu\/wp-content\/uploads\/2022\/03\/Uchodzcy-\u2013-pieniadze-z-UE-fot.-Piotr-Molecki-East-News.jpg","type":"image\/jpeg"}],"author":"Dignity News","twitter_card":"summary_large_image","twitter_misc":{"Written by":"Dignity News","Est. reading time":"2 minutes"},"schema":{"@context":"https:\/\/schema.org","@graph":[{"@type":"WebSite","@id":"https:\/\/dignitynews.eu\/pl\/#website","url":"https:\/\/dignitynews.eu\/pl\/","name":"Dignity - DignityNews.eu","description":"","potentialAction":[{"@type":"SearchAction","target":{"@type":"EntryPoint","urlTemplate":"https:\/\/dignitynews.eu\/pl\/?s={search_term_string}"},"query-input":"required name=search_term_string"}],"inLanguage":"en-US"},{"@type":"WebPage","@id":"https:\/\/dignitynews.eu\/en\/deputy-minister-of-interior-and-administration-commenting-on-polands-plans-to-help-refugees\/","url":"https:\/\/dignitynews.eu\/en\/deputy-minister-of-interior-and-administration-commenting-on-polands-plans-to-help-refugees\/","name":"Deputy Minister of Interior and Administration commenting on Poland's plans to help refugees - Dignity - DignityNews.eu","isPartOf":{"@id":"https:\/\/dignitynews.eu\/pl\/#website"},"datePublished":"2022-03-31T15:34:02+00:00","dateModified":"2022-03-31T15:34:02+00:00","author":{"@id":"https:\/\/dignitynews.eu\/pl\/#\/schema\/person\/0b62b762b8174802fabc81a3ecb1bfcb"},"breadcrumb":{"@id":"https:\/\/dignitynews.eu\/en\/deputy-minister-of-interior-and-administration-commenting-on-polands-plans-to-help-refugees\/#breadcrumb"},"inLanguage":"en-US","potentialAction":[{"@type":"ReadAction","target":["https:\/\/dignitynews.eu\/en\/deputy-minister-of-interior-and-administration-commenting-on-polands-plans-to-help-refugees\/"]}]},{"@type":"BreadcrumbList","@id":"https:\/\/dignitynews.eu\/en\/deputy-minister-of-interior-and-administration-commenting-on-polands-plans-to-help-refugees\/#breadcrumb","itemListElement":[{"@type":"ListItem","position":1,"name":"Strona g\u0142\u00f3wna","item":"https:\/\/dignitynews.eu\/en\/"},{"@type":"ListItem","position":2,"name":"Deputy Minister of Interior and Administration commenting on Poland&#8217;s plans to help refugees"}]},{"@type":"Person","@id":"https:\/\/dignitynews.eu\/pl\/#\/schema\/person\/0b62b762b8174802fabc81a3ecb1bfcb","name":"Dignity News","image":{"@type":"ImageObject","inLanguage":"en-US","@id":"https:\/\/dignitynews.eu\/pl\/#\/schema\/person\/image\/","url":"https:\/\/secure.gravatar.com\/avatar\/97963171a6d9108f8381bbefb1c6b150c445b6ddd9e3077b96c86cf5892c85dc?s=96&d=mm&r=g","contentUrl":"https:\/\/secure.gravatar.com\/avatar\/97963171a6d9108f8381bbefb1c6b150c445b6ddd9e3077b96c86cf5892c85dc?s=96&d=mm&r=g","caption":"Dignity News"},"url":"https:\/\/dignitynews.eu\/en\/author\/mikolaj-palade\/"}]}},"_links":{"self":[{"href":"https:\/\/dignitynews.eu\/en\/wp-json\/wp\/v2\/posts\/12753","targetHints":{"allow":["GET"]}}],"collection":[{"href":"https:\/\/dignitynews.eu\/en\/wp-json\/wp\/v2\/posts"}],"about":[{"href":"https:\/\/dignitynews.eu\/en\/wp-json\/wp\/v2\/types\/post"}],"author":[{"embeddable":true,"href":"https:\/\/dignitynews.eu\/en\/wp-json\/wp\/v2\/users\/7"}],"replies":[{"embeddable":true,"href":"https:\/\/dignitynews.eu\/en\/wp-json\/wp\/v2\/comments?post=12753"}],"version-history":[{"count":1,"href":"https:\/\/dignitynews.eu\/en\/wp-json\/wp\/v2\/posts\/12753\/revisions"}],"predecessor-version":[{"id":12754,"href":"https:\/\/dignitynews.eu\/en\/wp-json\/wp\/v2\/posts\/12753\/revisions\/12754"}],"wp:featuredmedia":[{"embeddable":true,"href":"https:\/\/dignitynews.eu\/en\/wp-json\/wp\/v2\/media\/12607"}],"wp:attachment":[{"href":"https:\/\/dignitynews.eu\/en\/wp-json\/wp\/v2\/media?parent=12753"}],"wp:term":[{"taxonomy":"category","embeddable":true,"href":"https:\/\/dignitynews.eu\/en\/wp-json\/wp\/v2\/categories?post=12753"},{"taxonomy":"post_tag","embeddable":true,"href":"https:\/\/dignitynews.eu\/en\/wp-json\/wp\/v2\/tags?post=12753"}],"curies":[{"name":"wp","href":"https:\/\/api.w.org\/{rel}","templated":true}]}}