{"id":7244,"date":"2022-02-14T13:48:41","date_gmt":"2022-02-14T12:48:41","guid":{"rendered":"https:\/\/dignitynews.eu\/?p=7244"},"modified":"2022-02-14T13:48:41","modified_gmt":"2022-02-14T12:48:41","slug":"jahrestag-der-gruendung-der-polnischen-heimatarmee-polnischer-praesident-zollte-den-ak-soldaten-seine-hochachtung","status":"publish","type":"post","link":"https:\/\/dignitynews.eu\/de\/jahrestag-der-gruendung-der-polnischen-heimatarmee-polnischer-praesident-zollte-den-ak-soldaten-seine-hochachtung\/","title":{"rendered":"Jahrestag der Gr\u00fcndung der polnischen Heimatarmee. Polnischer Pr\u00e4sident zollte den AK-Soldaten seine Hochachtung"},"content":{"rendered":"<p><b>Pr\u00e4sident Andrzej Duda zollte den Soldaten der Heimatarmee (polnisch: Armia Krajowa, AK) Anerkennung. Bei den Feierlichkeiten zum 80. Jahrestag der Gr\u00fcndung der Heimatarmee auf dem Milit\u00e4rfriedhof Pow\u0105zki sagte der Pr\u00e4sident, dass die Heimatarmee und der polnische Untergrundstaat ein gro\u00dfes Kapitel unserer Geschichte sind, ein Kapitel, \u00fcber das die Kadetten aller Milit\u00e4runiversit\u00e4ten der Welt lernen.<\/b><\/p>\n<p>\u201eWir sind all jenen dankbar, die damals nicht gez\u00f6gert haben, die keine Angst hatten, die aufgestanden sind, um zu k\u00e4mpfen. Wir ehren sie, vor allem all jene, die gefallen sind und ihr Leben f\u00fcr ihr Heimatland gegeben haben&#8220;, sagte Duda.<\/p>\n<p>\u201eWir verneigen uns in dem tiefen Glauben, dass die Polen nie wieder einen Untergrundstaat gr\u00fcnden m\u00fcssen, dass sie nie wieder f\u00fcr die R\u00fcckeroberung ihrer Heimat k\u00e4mpfen m\u00fcssen, dass dies etwas ist, was unsere Geschichte geworden ist, aber in unserer zuk\u00fcnftigen Geschichte nicht mehr vorkommen wird. Ehre und Ruhm f\u00fcr die Helden, ewiges Gedenken f\u00fcr die Gefallenen\u201d, schloss der Pr\u00e4sident.<\/p>\n<p>Vor achtzig Jahren wurde die Heimatarmee, die gr\u00f6\u00dfte Untergrundorganisation im von Deutschland besetzten Europa, gegr\u00fcndet. Am 14. Februar 1942 unterzeichnete General W\u0142adys\u0142aw Sikorski, der Oberbefehlshaber, einen Befehl zur Umbenennung des Verbandes f\u00fcr den bewaffneten Kampf (polnisch: Zwi\u0105zek Walki Zbrojnej) in Heimatarmee. In diesem Moment entstand eine Organisation, die mehrere hunderttausend Mitglieder im ganzen Land hatte, \u00fcber einen eigenen Nachrichtendienst verf\u00fcgte, in der Lage war, eigene automatische Waffen herzustellen und sogar Vergeltungsma\u00dfnahmen auf deutschem Gebiet durchzuf\u00fchren.<\/p>\n<p>Die gr\u00f6\u00dfte Leistung der Heimatarmee war der Ausbruch des Warschauer Aufstands, bei dem die Einheiten des polnischen Untergrundstaats 63 Tage lang f\u00fcr die Befreiung der Hauptstadt k\u00e4mpften. Au\u00dferdem k\u00e4mpfte die Heimatarmee unter anderem f\u00fcr die Befreiung von Vilnius und Lemberg. Die AK war auch in der Lage, wirksame Angriffe auf starke deutsche Garnisonen durchzuf\u00fchren. Am 1. September 1943 befreite eine Gruppe von 70 Partisanen die von fast zweitausend deutschen Soldaten verteidigte Stadt Ko\u0144skie. Kein einziger polnischer Soldat wurde im Kampf get\u00f6tet.<\/p>\n<p>Arkadiusz S\u0142omczy\u0144ski<\/p>\n","protected":false},"excerpt":{"rendered":"<p>Pr\u00e4sident Andrzej Duda zollte den Soldaten der Heimatarmee (polnisch: Armia Krajowa, AK) Anerkennung. Bei den Feierlichkeiten zum 80. Jahrestag der Gr\u00fcndung der Heimatarmee auf dem Milit\u00e4rfriedhof Pow\u0105zki sagte der Pr\u00e4sident,&hellip;<\/p>\n","protected":false},"author":3,"featured_media":7214,"comment_status":"closed","ping_status":"open","sticky":false,"template":"","format":"standard","meta":{"_mi_skip_tracking":false,"footnotes":""},"categories":[53],"tags":[],"class_list":["post-7244","post","type-post","status-publish","format-standard","has-post-thumbnail","hentry","category-nachrichten"],"yoast_head":"<!-- This site is optimized with the Yoast SEO plugin v19.4 - https:\/\/yoast.com\/wordpress\/plugins\/seo\/ -->\n<title>Jahrestag der Gr\u00fcndung der polnischen Heimatarmee. Polnischer Pr\u00e4sident zollte den AK-Soldaten seine Hochachtung - W\u00fcrde - DignityNews.eu<\/title>\n<meta name=\"robots\" content=\"index, follow, max-snippet:-1, max-image-preview:large, max-video-preview:-1\" \/>\n<link rel=\"canonical\" href=\"https:\/\/dignitynews.eu\/de\/jahrestag-der-gruendung-der-polnischen-heimatarmee-polnischer-praesident-zollte-den-ak-soldaten-seine-hochachtung\/\" \/>\n<meta property=\"og:locale\" content=\"de_DE\" \/>\n<meta property=\"og:type\" content=\"article\" \/>\n<meta property=\"og:title\" content=\"Jahrestag der Gr\u00fcndung der polnischen Heimatarmee. Polnischer Pr\u00e4sident zollte den AK-Soldaten seine Hochachtung - W\u00fcrde - DignityNews.eu\" \/>\n<meta property=\"og:description\" content=\"Pr\u00e4sident Andrzej Duda zollte den Soldaten der Heimatarmee (polnisch: Armia Krajowa, AK) Anerkennung. Bei den Feierlichkeiten zum 80. Jahrestag der Gr\u00fcndung der Heimatarmee auf dem Milit\u00e4rfriedhof Pow\u0105zki sagte der Pr\u00e4sident,&hellip;\" \/>\n<meta property=\"og:url\" content=\"https:\/\/dignitynews.eu\/de\/jahrestag-der-gruendung-der-polnischen-heimatarmee-polnischer-praesident-zollte-den-ak-soldaten-seine-hochachtung\/\" \/>\n<meta property=\"og:site_name\" content=\"W\u00fcrde - DignityNews.eu\" \/>\n<meta property=\"article:published_time\" content=\"2022-02-14T12:48:41+00:00\" \/>\n<meta property=\"og:image\" content=\"https:\/\/dignitynews.eu\/wp-content\/uploads\/2022\/02\/Rocznica-Armii-Krajowej-prezydent-fot-.-Przemek-Wierzchowski-REPORTER.jpg\" \/>\n\t<meta property=\"og:image:width\" content=\"1500\" \/>\n\t<meta property=\"og:image:height\" content=\"1000\" \/>\n\t<meta property=\"og:image:type\" content=\"image\/jpeg\" \/>\n<meta name=\"author\" content=\"DignityNews.eu\" \/>\n<meta name=\"twitter:card\" content=\"summary_large_image\" \/>\n<meta name=\"twitter:label1\" content=\"Verfasst von\" \/>\n\t<meta name=\"twitter:data1\" content=\"DignityNews.eu\" \/>\n\t<meta name=\"twitter:label2\" content=\"Gesch\u00e4tzte Lesezeit\" \/>\n\t<meta name=\"twitter:data2\" content=\"2\u00a0Minuten\" \/>\n<script type=\"application\/ld+json\" class=\"yoast-schema-graph\">{\"@context\":\"https:\/\/schema.org\",\"@graph\":[{\"@type\":\"WebSite\",\"@id\":\"https:\/\/dignitynews.eu\/pl\/#website\",\"url\":\"https:\/\/dignitynews.eu\/pl\/\",\"name\":\"W\u00fcrde - DignityNews.eu\",\"description\":\"\",\"potentialAction\":[{\"@type\":\"SearchAction\",\"target\":{\"@type\":\"EntryPoint\",\"urlTemplate\":\"https:\/\/dignitynews.eu\/pl\/?s={search_term_string}\"},\"query-input\":\"required name=search_term_string\"}],\"inLanguage\":\"de\"},{\"@type\":\"WebPage\",\"@id\":\"https:\/\/dignitynews.eu\/de\/jahrestag-der-gruendung-der-polnischen-heimatarmee-polnischer-praesident-zollte-den-ak-soldaten-seine-hochachtung\/\",\"url\":\"https:\/\/dignitynews.eu\/de\/jahrestag-der-gruendung-der-polnischen-heimatarmee-polnischer-praesident-zollte-den-ak-soldaten-seine-hochachtung\/\",\"name\":\"Jahrestag der Gr\u00fcndung der polnischen Heimatarmee. Polnischer Pr\u00e4sident zollte den AK-Soldaten seine Hochachtung - W\u00fcrde - DignityNews.eu\",\"isPartOf\":{\"@id\":\"https:\/\/dignitynews.eu\/pl\/#website\"},\"datePublished\":\"2022-02-14T12:48:41+00:00\",\"dateModified\":\"2022-02-14T12:48:41+00:00\",\"author\":{\"@id\":\"https:\/\/dignitynews.eu\/pl\/#\/schema\/person\/4d8f570a0fd5c310685d78d9e520982c\"},\"breadcrumb\":{\"@id\":\"https:\/\/dignitynews.eu\/de\/jahrestag-der-gruendung-der-polnischen-heimatarmee-polnischer-praesident-zollte-den-ak-soldaten-seine-hochachtung\/#breadcrumb\"},\"inLanguage\":\"de\",\"potentialAction\":[{\"@type\":\"ReadAction\",\"target\":[\"https:\/\/dignitynews.eu\/de\/jahrestag-der-gruendung-der-polnischen-heimatarmee-polnischer-praesident-zollte-den-ak-soldaten-seine-hochachtung\/\"]}]},{\"@type\":\"BreadcrumbList\",\"@id\":\"https:\/\/dignitynews.eu\/de\/jahrestag-der-gruendung-der-polnischen-heimatarmee-polnischer-praesident-zollte-den-ak-soldaten-seine-hochachtung\/#breadcrumb\",\"itemListElement\":[{\"@type\":\"ListItem\",\"position\":1,\"name\":\"Strona g\u0142\u00f3wna\",\"item\":\"https:\/\/dignitynews.eu\/de\/\"},{\"@type\":\"ListItem\",\"position\":2,\"name\":\"Jahrestag der Gr\u00fcndung der polnischen Heimatarmee. Polnischer Pr\u00e4sident zollte den AK-Soldaten seine Hochachtung\"}]},{\"@type\":\"Person\",\"@id\":\"https:\/\/dignitynews.eu\/pl\/#\/schema\/person\/4d8f570a0fd5c310685d78d9e520982c\",\"name\":\"DignityNews.eu\",\"image\":{\"@type\":\"ImageObject\",\"inLanguage\":\"de\",\"@id\":\"https:\/\/dignitynews.eu\/pl\/#\/schema\/person\/image\/\",\"url\":\"https:\/\/secure.gravatar.com\/avatar\/b9fb3aa3cd2d5d3a6d24e67a6b58bc2980bf0c7f7bd3657a6322b8df227da3d9?s=96&d=mm&r=g\",\"contentUrl\":\"https:\/\/secure.gravatar.com\/avatar\/b9fb3aa3cd2d5d3a6d24e67a6b58bc2980bf0c7f7bd3657a6322b8df227da3d9?s=96&d=mm&r=g\",\"caption\":\"DignityNews.eu\"},\"sameAs\":[\"aleksandra\"],\"url\":\"https:\/\/dignitynews.eu\/de\/author\/aleksandra\/\"}]}<\/script>\n<!-- \/ Yoast SEO plugin. -->","yoast_head_json":{"title":"Jahrestag der Gr\u00fcndung der polnischen Heimatarmee. Polnischer Pr\u00e4sident zollte den AK-Soldaten seine Hochachtung - W\u00fcrde - DignityNews.eu","robots":{"index":"index","follow":"follow","max-snippet":"max-snippet:-1","max-image-preview":"max-image-preview:large","max-video-preview":"max-video-preview:-1"},"canonical":"https:\/\/dignitynews.eu\/de\/jahrestag-der-gruendung-der-polnischen-heimatarmee-polnischer-praesident-zollte-den-ak-soldaten-seine-hochachtung\/","og_locale":"de_DE","og_type":"article","og_title":"Jahrestag der Gr\u00fcndung der polnischen Heimatarmee. Polnischer Pr\u00e4sident zollte den AK-Soldaten seine Hochachtung - W\u00fcrde - DignityNews.eu","og_description":"Pr\u00e4sident Andrzej Duda zollte den Soldaten der Heimatarmee (polnisch: Armia Krajowa, AK) Anerkennung. Bei den Feierlichkeiten zum 80. Jahrestag der Gr\u00fcndung der Heimatarmee auf dem Milit\u00e4rfriedhof Pow\u0105zki sagte der Pr\u00e4sident,&hellip;","og_url":"https:\/\/dignitynews.eu\/de\/jahrestag-der-gruendung-der-polnischen-heimatarmee-polnischer-praesident-zollte-den-ak-soldaten-seine-hochachtung\/","og_site_name":"W\u00fcrde - DignityNews.eu","article_published_time":"2022-02-14T12:48:41+00:00","og_image":[{"width":1500,"height":1000,"url":"https:\/\/dignitynews.eu\/wp-content\/uploads\/2022\/02\/Rocznica-Armii-Krajowej-prezydent-fot-.-Przemek-Wierzchowski-REPORTER.jpg","type":"image\/jpeg"}],"author":"DignityNews.eu","twitter_card":"summary_large_image","twitter_misc":{"Verfasst von":"DignityNews.eu","Gesch\u00e4tzte Lesezeit":"2\u00a0Minuten"},"schema":{"@context":"https:\/\/schema.org","@graph":[{"@type":"WebSite","@id":"https:\/\/dignitynews.eu\/pl\/#website","url":"https:\/\/dignitynews.eu\/pl\/","name":"W\u00fcrde - DignityNews.eu","description":"","potentialAction":[{"@type":"SearchAction","target":{"@type":"EntryPoint","urlTemplate":"https:\/\/dignitynews.eu\/pl\/?s={search_term_string}"},"query-input":"required name=search_term_string"}],"inLanguage":"de"},{"@type":"WebPage","@id":"https:\/\/dignitynews.eu\/de\/jahrestag-der-gruendung-der-polnischen-heimatarmee-polnischer-praesident-zollte-den-ak-soldaten-seine-hochachtung\/","url":"https:\/\/dignitynews.eu\/de\/jahrestag-der-gruendung-der-polnischen-heimatarmee-polnischer-praesident-zollte-den-ak-soldaten-seine-hochachtung\/","name":"Jahrestag der Gr\u00fcndung der polnischen Heimatarmee. Polnischer Pr\u00e4sident zollte den AK-Soldaten seine Hochachtung - W\u00fcrde - DignityNews.eu","isPartOf":{"@id":"https:\/\/dignitynews.eu\/pl\/#website"},"datePublished":"2022-02-14T12:48:41+00:00","dateModified":"2022-02-14T12:48:41+00:00","author":{"@id":"https:\/\/dignitynews.eu\/pl\/#\/schema\/person\/4d8f570a0fd5c310685d78d9e520982c"},"breadcrumb":{"@id":"https:\/\/dignitynews.eu\/de\/jahrestag-der-gruendung-der-polnischen-heimatarmee-polnischer-praesident-zollte-den-ak-soldaten-seine-hochachtung\/#breadcrumb"},"inLanguage":"de","potentialAction":[{"@type":"ReadAction","target":["https:\/\/dignitynews.eu\/de\/jahrestag-der-gruendung-der-polnischen-heimatarmee-polnischer-praesident-zollte-den-ak-soldaten-seine-hochachtung\/"]}]},{"@type":"BreadcrumbList","@id":"https:\/\/dignitynews.eu\/de\/jahrestag-der-gruendung-der-polnischen-heimatarmee-polnischer-praesident-zollte-den-ak-soldaten-seine-hochachtung\/#breadcrumb","itemListElement":[{"@type":"ListItem","position":1,"name":"Strona g\u0142\u00f3wna","item":"https:\/\/dignitynews.eu\/de\/"},{"@type":"ListItem","position":2,"name":"Jahrestag der Gr\u00fcndung der polnischen Heimatarmee. Polnischer Pr\u00e4sident zollte den AK-Soldaten seine Hochachtung"}]},{"@type":"Person","@id":"https:\/\/dignitynews.eu\/pl\/#\/schema\/person\/4d8f570a0fd5c310685d78d9e520982c","name":"DignityNews.eu","image":{"@type":"ImageObject","inLanguage":"de","@id":"https:\/\/dignitynews.eu\/pl\/#\/schema\/person\/image\/","url":"https:\/\/secure.gravatar.com\/avatar\/b9fb3aa3cd2d5d3a6d24e67a6b58bc2980bf0c7f7bd3657a6322b8df227da3d9?s=96&d=mm&r=g","contentUrl":"https:\/\/secure.gravatar.com\/avatar\/b9fb3aa3cd2d5d3a6d24e67a6b58bc2980bf0c7f7bd3657a6322b8df227da3d9?s=96&d=mm&r=g","caption":"DignityNews.eu"},"sameAs":["aleksandra"],"url":"https:\/\/dignitynews.eu\/de\/author\/aleksandra\/"}]}},"_links":{"self":[{"href":"https:\/\/dignitynews.eu\/de\/wp-json\/wp\/v2\/posts\/7244","targetHints":{"allow":["GET"]}}],"collection":[{"href":"https:\/\/dignitynews.eu\/de\/wp-json\/wp\/v2\/posts"}],"about":[{"href":"https:\/\/dignitynews.eu\/de\/wp-json\/wp\/v2\/types\/post"}],"author":[{"embeddable":true,"href":"https:\/\/dignitynews.eu\/de\/wp-json\/wp\/v2\/users\/3"}],"replies":[{"embeddable":true,"href":"https:\/\/dignitynews.eu\/de\/wp-json\/wp\/v2\/comments?post=7244"}],"version-history":[{"count":2,"href":"https:\/\/dignitynews.eu\/de\/wp-json\/wp\/v2\/posts\/7244\/revisions"}],"predecessor-version":[{"id":7248,"href":"https:\/\/dignitynews.eu\/de\/wp-json\/wp\/v2\/posts\/7244\/revisions\/7248"}],"wp:featuredmedia":[{"embeddable":true,"href":"https:\/\/dignitynews.eu\/de\/wp-json\/wp\/v2\/media\/7214"}],"wp:attachment":[{"href":"https:\/\/dignitynews.eu\/de\/wp-json\/wp\/v2\/media?parent=7244"}],"wp:term":[{"taxonomy":"category","embeddable":true,"href":"https:\/\/dignitynews.eu\/de\/wp-json\/wp\/v2\/categories?post=7244"},{"taxonomy":"post_tag","embeddable":true,"href":"https:\/\/dignitynews.eu\/de\/wp-json\/wp\/v2\/tags?post=7244"}],"curies":[{"name":"wp","href":"https:\/\/api.w.org\/{rel}","templated":true}]}}