{"id":6896,"date":"2022-02-10T17:24:51","date_gmt":"2022-02-10T16:24:51","guid":{"rendered":"https:\/\/dignitynews.eu\/?p=6896"},"modified":"2022-02-10T17:24:51","modified_gmt":"2022-02-10T16:24:51","slug":"coronavirus-regierung-verkuerzt-die-isolationszeit-und-beschleunigt-die-rueckkehr-von-schuelern-zum-stationaeren-unterricht","status":"publish","type":"post","link":"https:\/\/dignitynews.eu\/de\/coronavirus-regierung-verkuerzt-die-isolationszeit-und-beschleunigt-die-rueckkehr-von-schuelern-zum-stationaeren-unterricht\/","title":{"rendered":"Coronavirus: Regierung verk\u00fcrzt die Isolationszeit und beschleunigt die R\u00fcckkehr von Sch\u00fclern zum station\u00e4ren Unterricht"},"content":{"rendered":"<p><b>Die Verk\u00fcrzung der Isolationszeit von 10 auf 7 Tage, die vollst\u00e4ndige Abschaffung der Quarant\u00e4ne f\u00fcr Kontaktpersonen und die R\u00fcckkehr aller Sch\u00fcler zur Schule ab dem 21. Februar \u2014 das sind die wichtigsten \u00c4nderungen in der Strategie zur Bek\u00e4mpfung der Covid-19-Pandemie, die die Leiter des Gesundheitsministeriums und des Ministeriums f\u00fcr Bildung und Wissenschaft auf einer gemeinsamen Pressekonferenz bekannt gaben.\u00a0<\/b><\/p>\n<p>Gesundheitsminister Adam Niedzielski k\u00fcndigte die Abschaffung der Kontaktquarant\u00e4ne (d.h. nach Kontakt mit einer infizierten Person) ab dem 11. Februar, die Abschaffung der Ankunftsquarant\u00e4ne f\u00fcr Personen aus Schengen-L\u00e4ndern (ausgenommen Personen ohne Covid-Zertifikat) und eine 7-t\u00e4gige Ankunftsquarant\u00e4ne f\u00fcr Personen von au\u00dferhalb des Schengen-Raums an. Ab dem 15. Februar gilt eine 7-t\u00e4gige Isolierung im Falle einer Infektion und eine Quarant\u00e4ne f\u00fcr Mitbewohner nur w\u00e4hrend der Isolierung eines Familienmitglieds.<\/p>\n<p>Der Leiter des Gesundheitsministeriums k\u00fcndigte au\u00dferdem an, die Zahl der COVID-19-Betten auf etwa 25 000 zu reduzieren und damit etwa 5 000 Betten wieder in das Behandlungssystem aufzunehmen. Auf der gleichen Pressekonferenz k\u00fcndigte der Minister f\u00fcr Bildung und Wissenschaft, Przemys\u0142aw Czarnek, an, dass alle Sch\u00fcler am 21. Februar in den station\u00e4ren Unterricht zur\u00fcckkehren werden.<\/p>\n<p>In einer Pressemitteilung vom Donnerstag meldete das Gesundheitsministerium 42.095 Coronavirus-Infektionen. 4486 F\u00e4lle sind Reinfektionen. Aufgrund von COVID-19 starben 79 Menschen, 183 Menschen starben aufgrund von COVID-19 in Verbindung mit anderen Erkrankungen. Am Vortag wurden 46.872 neue F\u00e4lle gemeldet und 310 Menschen sind gestorben.<\/p>\n<p>Laut Minister Niedzielski liege der H\u00f6hepunkt der f\u00fcnften Welle der Epidemie hinter uns, was sowohl durch die Zahl der Neuinfektionen als auch durch die Zahl der Tests best\u00e4tigt werde, und der Februar werde der Monat sein, in dem die ernste Bedrohung f\u00fcr das Gesundheitssystem beendet sein werde.<\/p>\n<p>\u201eWir stehen in der Tat am Anfang vom Ende der Pandemie. Ich hoffe, dass wir im M\u00e4rz in der Lage sein werden, mutige Entscheidungen \u00fcber die Aufhebung von Beschr\u00e4nkungen (&#8230;) oder die Einf\u00fchrung milderer Vorschriften zu treffen, damit wir im Fr\u00fchjahr normal funktionieren k\u00f6nnten\u201d, betonte er. \u201eSo oft ich auch ein Pessimist war, in dieser Situation bin ich ein Optimist&#8220;, sagte Niedzielski.<\/p>\n<p>Der Minister f\u00fcr Bildung und Wissenschaft, Przemys\u0142aw Czarnek, der bei der Konferenz anwesend war, k\u00fcndigte an, dass eine Woche fr\u00fcher als geplant \u2014 also ab dem 21. Februar \u2014 alle Sch\u00fcler der Grund- und Sekundarstufe in die Klassenr\u00e4ume zur\u00fcckkehren werden. \u201eDies ist das endg\u00fcltige Ende des Fernunterrichts. Ich bin \u00fcberzeugt, dass die Kinder \u2014 nach den aktuellen Daten \u2014 bis zum Ende des Schuljahres in Ruhe lernen k\u00f6nnen\u201d, versicherte der Minister.<\/p>\n<p>Arkadiusz S\u0142omczy\u0144ski<\/p>\n","protected":false},"excerpt":{"rendered":"<p>Die Verk\u00fcrzung der Isolationszeit von 10 auf 7 Tage, die vollst\u00e4ndige Abschaffung der Quarant\u00e4ne f\u00fcr Kontaktpersonen und die R\u00fcckkehr aller Sch\u00fcler zur Schule ab dem 21. Februar \u2014 das sind&hellip;<\/p>\n","protected":false},"author":3,"featured_media":6809,"comment_status":"closed","ping_status":"open","sticky":false,"template":"","format":"standard","meta":{"_mi_skip_tracking":false,"footnotes":""},"categories":[53],"tags":[],"class_list":["post-6896","post","type-post","status-publish","format-standard","has-post-thumbnail","hentry","category-nachrichten"],"yoast_head":"<!-- This site is optimized with the Yoast SEO plugin v19.4 - https:\/\/yoast.com\/wordpress\/plugins\/seo\/ -->\n<title>Coronavirus: Regierung verk\u00fcrzt die Isolationszeit und beschleunigt die R\u00fcckkehr von Sch\u00fclern zum station\u00e4ren Unterricht - W\u00fcrde - DignityNews.eu<\/title>\n<meta name=\"robots\" content=\"index, follow, max-snippet:-1, max-image-preview:large, max-video-preview:-1\" \/>\n<link rel=\"canonical\" href=\"https:\/\/dignitynews.eu\/de\/coronavirus-regierung-verkuerzt-die-isolationszeit-und-beschleunigt-die-rueckkehr-von-schuelern-zum-stationaeren-unterricht\/\" \/>\n<meta property=\"og:locale\" content=\"de_DE\" \/>\n<meta property=\"og:type\" content=\"article\" \/>\n<meta property=\"og:title\" content=\"Coronavirus: Regierung verk\u00fcrzt die Isolationszeit und beschleunigt die R\u00fcckkehr von Sch\u00fclern zum station\u00e4ren Unterricht - W\u00fcrde - DignityNews.eu\" \/>\n<meta property=\"og:description\" content=\"Die Verk\u00fcrzung der Isolationszeit von 10 auf 7 Tage, die vollst\u00e4ndige Abschaffung der Quarant\u00e4ne f\u00fcr Kontaktpersonen und die R\u00fcckkehr aller Sch\u00fcler zur Schule ab dem 21. Februar \u2014 das sind&hellip;\" \/>\n<meta property=\"og:url\" content=\"https:\/\/dignitynews.eu\/de\/coronavirus-regierung-verkuerzt-die-isolationszeit-und-beschleunigt-die-rueckkehr-von-schuelern-zum-stationaeren-unterricht\/\" \/>\n<meta property=\"og:site_name\" content=\"W\u00fcrde - DignityNews.eu\" \/>\n<meta property=\"article:published_time\" content=\"2022-02-10T16:24:51+00:00\" \/>\n<meta property=\"og:image\" content=\"https:\/\/dignitynews.eu\/wp-content\/uploads\/2022\/02\/Koronawirus-restrykcje-fot.-Andrzej-Iwanczuk-REPORTER.jpg\" \/>\n\t<meta property=\"og:image:width\" content=\"1500\" \/>\n\t<meta property=\"og:image:height\" content=\"1000\" \/>\n\t<meta property=\"og:image:type\" content=\"image\/jpeg\" \/>\n<meta name=\"author\" content=\"DignityNews.eu\" \/>\n<meta name=\"twitter:card\" content=\"summary_large_image\" \/>\n<meta name=\"twitter:label1\" content=\"Verfasst von\" \/>\n\t<meta name=\"twitter:data1\" content=\"DignityNews.eu\" \/>\n\t<meta name=\"twitter:label2\" content=\"Gesch\u00e4tzte Lesezeit\" \/>\n\t<meta name=\"twitter:data2\" content=\"3\u00a0Minuten\" \/>\n<script type=\"application\/ld+json\" class=\"yoast-schema-graph\">{\"@context\":\"https:\/\/schema.org\",\"@graph\":[{\"@type\":\"WebSite\",\"@id\":\"https:\/\/dignitynews.eu\/pl\/#website\",\"url\":\"https:\/\/dignitynews.eu\/pl\/\",\"name\":\"W\u00fcrde - DignityNews.eu\",\"description\":\"\",\"potentialAction\":[{\"@type\":\"SearchAction\",\"target\":{\"@type\":\"EntryPoint\",\"urlTemplate\":\"https:\/\/dignitynews.eu\/pl\/?s={search_term_string}\"},\"query-input\":\"required name=search_term_string\"}],\"inLanguage\":\"de\"},{\"@type\":\"WebPage\",\"@id\":\"https:\/\/dignitynews.eu\/de\/coronavirus-regierung-verkuerzt-die-isolationszeit-und-beschleunigt-die-rueckkehr-von-schuelern-zum-stationaeren-unterricht\/\",\"url\":\"https:\/\/dignitynews.eu\/de\/coronavirus-regierung-verkuerzt-die-isolationszeit-und-beschleunigt-die-rueckkehr-von-schuelern-zum-stationaeren-unterricht\/\",\"name\":\"Coronavirus: Regierung verk\u00fcrzt die Isolationszeit und beschleunigt die R\u00fcckkehr von Sch\u00fclern zum station\u00e4ren Unterricht - W\u00fcrde - DignityNews.eu\",\"isPartOf\":{\"@id\":\"https:\/\/dignitynews.eu\/pl\/#website\"},\"datePublished\":\"2022-02-10T16:24:51+00:00\",\"dateModified\":\"2022-02-10T16:24:51+00:00\",\"author\":{\"@id\":\"https:\/\/dignitynews.eu\/pl\/#\/schema\/person\/4d8f570a0fd5c310685d78d9e520982c\"},\"breadcrumb\":{\"@id\":\"https:\/\/dignitynews.eu\/de\/coronavirus-regierung-verkuerzt-die-isolationszeit-und-beschleunigt-die-rueckkehr-von-schuelern-zum-stationaeren-unterricht\/#breadcrumb\"},\"inLanguage\":\"de\",\"potentialAction\":[{\"@type\":\"ReadAction\",\"target\":[\"https:\/\/dignitynews.eu\/de\/coronavirus-regierung-verkuerzt-die-isolationszeit-und-beschleunigt-die-rueckkehr-von-schuelern-zum-stationaeren-unterricht\/\"]}]},{\"@type\":\"BreadcrumbList\",\"@id\":\"https:\/\/dignitynews.eu\/de\/coronavirus-regierung-verkuerzt-die-isolationszeit-und-beschleunigt-die-rueckkehr-von-schuelern-zum-stationaeren-unterricht\/#breadcrumb\",\"itemListElement\":[{\"@type\":\"ListItem\",\"position\":1,\"name\":\"Strona g\u0142\u00f3wna\",\"item\":\"https:\/\/dignitynews.eu\/de\/\"},{\"@type\":\"ListItem\",\"position\":2,\"name\":\"Coronavirus: Regierung verk\u00fcrzt die Isolationszeit und beschleunigt die R\u00fcckkehr von Sch\u00fclern zum station\u00e4ren Unterricht\"}]},{\"@type\":\"Person\",\"@id\":\"https:\/\/dignitynews.eu\/pl\/#\/schema\/person\/4d8f570a0fd5c310685d78d9e520982c\",\"name\":\"DignityNews.eu\",\"image\":{\"@type\":\"ImageObject\",\"inLanguage\":\"de\",\"@id\":\"https:\/\/dignitynews.eu\/pl\/#\/schema\/person\/image\/\",\"url\":\"https:\/\/secure.gravatar.com\/avatar\/b9fb3aa3cd2d5d3a6d24e67a6b58bc2980bf0c7f7bd3657a6322b8df227da3d9?s=96&d=mm&r=g\",\"contentUrl\":\"https:\/\/secure.gravatar.com\/avatar\/b9fb3aa3cd2d5d3a6d24e67a6b58bc2980bf0c7f7bd3657a6322b8df227da3d9?s=96&d=mm&r=g\",\"caption\":\"DignityNews.eu\"},\"sameAs\":[\"aleksandra\"],\"url\":\"https:\/\/dignitynews.eu\/de\/author\/aleksandra\/\"}]}<\/script>\n<!-- \/ Yoast SEO plugin. -->","yoast_head_json":{"title":"Coronavirus: Regierung verk\u00fcrzt die Isolationszeit und beschleunigt die R\u00fcckkehr von Sch\u00fclern zum station\u00e4ren Unterricht - W\u00fcrde - DignityNews.eu","robots":{"index":"index","follow":"follow","max-snippet":"max-snippet:-1","max-image-preview":"max-image-preview:large","max-video-preview":"max-video-preview:-1"},"canonical":"https:\/\/dignitynews.eu\/de\/coronavirus-regierung-verkuerzt-die-isolationszeit-und-beschleunigt-die-rueckkehr-von-schuelern-zum-stationaeren-unterricht\/","og_locale":"de_DE","og_type":"article","og_title":"Coronavirus: Regierung verk\u00fcrzt die Isolationszeit und beschleunigt die R\u00fcckkehr von Sch\u00fclern zum station\u00e4ren Unterricht - W\u00fcrde - DignityNews.eu","og_description":"Die Verk\u00fcrzung der Isolationszeit von 10 auf 7 Tage, die vollst\u00e4ndige Abschaffung der Quarant\u00e4ne f\u00fcr Kontaktpersonen und die R\u00fcckkehr aller Sch\u00fcler zur Schule ab dem 21. Februar \u2014 das sind&hellip;","og_url":"https:\/\/dignitynews.eu\/de\/coronavirus-regierung-verkuerzt-die-isolationszeit-und-beschleunigt-die-rueckkehr-von-schuelern-zum-stationaeren-unterricht\/","og_site_name":"W\u00fcrde - DignityNews.eu","article_published_time":"2022-02-10T16:24:51+00:00","og_image":[{"width":1500,"height":1000,"url":"https:\/\/dignitynews.eu\/wp-content\/uploads\/2022\/02\/Koronawirus-restrykcje-fot.-Andrzej-Iwanczuk-REPORTER.jpg","type":"image\/jpeg"}],"author":"DignityNews.eu","twitter_card":"summary_large_image","twitter_misc":{"Verfasst von":"DignityNews.eu","Gesch\u00e4tzte Lesezeit":"3\u00a0Minuten"},"schema":{"@context":"https:\/\/schema.org","@graph":[{"@type":"WebSite","@id":"https:\/\/dignitynews.eu\/pl\/#website","url":"https:\/\/dignitynews.eu\/pl\/","name":"W\u00fcrde - DignityNews.eu","description":"","potentialAction":[{"@type":"SearchAction","target":{"@type":"EntryPoint","urlTemplate":"https:\/\/dignitynews.eu\/pl\/?s={search_term_string}"},"query-input":"required name=search_term_string"}],"inLanguage":"de"},{"@type":"WebPage","@id":"https:\/\/dignitynews.eu\/de\/coronavirus-regierung-verkuerzt-die-isolationszeit-und-beschleunigt-die-rueckkehr-von-schuelern-zum-stationaeren-unterricht\/","url":"https:\/\/dignitynews.eu\/de\/coronavirus-regierung-verkuerzt-die-isolationszeit-und-beschleunigt-die-rueckkehr-von-schuelern-zum-stationaeren-unterricht\/","name":"Coronavirus: Regierung verk\u00fcrzt die Isolationszeit und beschleunigt die R\u00fcckkehr von Sch\u00fclern zum station\u00e4ren Unterricht - W\u00fcrde - DignityNews.eu","isPartOf":{"@id":"https:\/\/dignitynews.eu\/pl\/#website"},"datePublished":"2022-02-10T16:24:51+00:00","dateModified":"2022-02-10T16:24:51+00:00","author":{"@id":"https:\/\/dignitynews.eu\/pl\/#\/schema\/person\/4d8f570a0fd5c310685d78d9e520982c"},"breadcrumb":{"@id":"https:\/\/dignitynews.eu\/de\/coronavirus-regierung-verkuerzt-die-isolationszeit-und-beschleunigt-die-rueckkehr-von-schuelern-zum-stationaeren-unterricht\/#breadcrumb"},"inLanguage":"de","potentialAction":[{"@type":"ReadAction","target":["https:\/\/dignitynews.eu\/de\/coronavirus-regierung-verkuerzt-die-isolationszeit-und-beschleunigt-die-rueckkehr-von-schuelern-zum-stationaeren-unterricht\/"]}]},{"@type":"BreadcrumbList","@id":"https:\/\/dignitynews.eu\/de\/coronavirus-regierung-verkuerzt-die-isolationszeit-und-beschleunigt-die-rueckkehr-von-schuelern-zum-stationaeren-unterricht\/#breadcrumb","itemListElement":[{"@type":"ListItem","position":1,"name":"Strona g\u0142\u00f3wna","item":"https:\/\/dignitynews.eu\/de\/"},{"@type":"ListItem","position":2,"name":"Coronavirus: Regierung verk\u00fcrzt die Isolationszeit und beschleunigt die R\u00fcckkehr von Sch\u00fclern zum station\u00e4ren Unterricht"}]},{"@type":"Person","@id":"https:\/\/dignitynews.eu\/pl\/#\/schema\/person\/4d8f570a0fd5c310685d78d9e520982c","name":"DignityNews.eu","image":{"@type":"ImageObject","inLanguage":"de","@id":"https:\/\/dignitynews.eu\/pl\/#\/schema\/person\/image\/","url":"https:\/\/secure.gravatar.com\/avatar\/b9fb3aa3cd2d5d3a6d24e67a6b58bc2980bf0c7f7bd3657a6322b8df227da3d9?s=96&d=mm&r=g","contentUrl":"https:\/\/secure.gravatar.com\/avatar\/b9fb3aa3cd2d5d3a6d24e67a6b58bc2980bf0c7f7bd3657a6322b8df227da3d9?s=96&d=mm&r=g","caption":"DignityNews.eu"},"sameAs":["aleksandra"],"url":"https:\/\/dignitynews.eu\/de\/author\/aleksandra\/"}]}},"_links":{"self":[{"href":"https:\/\/dignitynews.eu\/de\/wp-json\/wp\/v2\/posts\/6896","targetHints":{"allow":["GET"]}}],"collection":[{"href":"https:\/\/dignitynews.eu\/de\/wp-json\/wp\/v2\/posts"}],"about":[{"href":"https:\/\/dignitynews.eu\/de\/wp-json\/wp\/v2\/types\/post"}],"author":[{"embeddable":true,"href":"https:\/\/dignitynews.eu\/de\/wp-json\/wp\/v2\/users\/3"}],"replies":[{"embeddable":true,"href":"https:\/\/dignitynews.eu\/de\/wp-json\/wp\/v2\/comments?post=6896"}],"version-history":[{"count":2,"href":"https:\/\/dignitynews.eu\/de\/wp-json\/wp\/v2\/posts\/6896\/revisions"}],"predecessor-version":[{"id":6900,"href":"https:\/\/dignitynews.eu\/de\/wp-json\/wp\/v2\/posts\/6896\/revisions\/6900"}],"wp:featuredmedia":[{"embeddable":true,"href":"https:\/\/dignitynews.eu\/de\/wp-json\/wp\/v2\/media\/6809"}],"wp:attachment":[{"href":"https:\/\/dignitynews.eu\/de\/wp-json\/wp\/v2\/media?parent=6896"}],"wp:term":[{"taxonomy":"category","embeddable":true,"href":"https:\/\/dignitynews.eu\/de\/wp-json\/wp\/v2\/categories?post=6896"},{"taxonomy":"post_tag","embeddable":true,"href":"https:\/\/dignitynews.eu\/de\/wp-json\/wp\/v2\/tags?post=6896"}],"curies":[{"name":"wp","href":"https:\/\/api.w.org\/{rel}","templated":true}]}}