{"id":6744,"date":"2022-02-09T15:46:09","date_gmt":"2022-02-09T14:46:09","guid":{"rendered":"https:\/\/dignitynews.eu\/?p=6744"},"modified":"2022-02-09T15:46:09","modified_gmt":"2022-02-09T14:46:09","slug":"abkommen-ueber-die-kernenergie-zwischen-polen-und-den-usa-naechste-woche-moeglich","status":"publish","type":"post","link":"https:\/\/dignitynews.eu\/de\/abkommen-ueber-die-kernenergie-zwischen-polen-und-den-usa-naechste-woche-moeglich\/","title":{"rendered":"Abkommen \u00fcber die Kernenergie zwischen Polen und den USA n\u00e4chste Woche m\u00f6glich"},"content":{"rendered":"<p><b>Ein Abkommen zwischen Polen und den Vereinigten Staaten \u00fcber den Bau von kleinen Kernreaktoren k\u00f6nnte n\u00e4chste Woche w\u00e4hrend des geplanten Besuchs des stellvertretenden Ministerpr\u00e4sidenten Jacek Sasin und des Ministers f\u00fcr Entwicklung und Technologie Piotr Nowak in den USA unterzeichnet werden, berichtet Business Insider Polska.\u00a0\u00a0<\/b><\/p>\n<p>Nach Informationen von Business Insider Polska k\u00f6nnte in den Vereinigten Staaten ein Abkommen \u00fcber den Bau von kleinen modularen Reaktoren (SMR) unterzeichnet werden. Der Vorstandsvorsitzende der KGHM, Marcin Chludzi\u0144ski, wird ebenfalls in die USA reisen.<\/p>\n<p>Im September letzten Jahres hat KGHM mit NuScale Power in Warschau eine Vereinbarung \u00fcber die Vorbereitung einer Investition zum Bau von Kernenergiequellen mit SMR-Technologie getroffen.<\/p>\n<p>KGHM hatte zuvor in einer Pressemitteilung erkl\u00e4rt, dass der erste SMR-Block im Jahr 2029 in Betrieb gehen w\u00fcrde.\u00a0Wie berichtet, betrifft die Vereinbarung die Entwicklung der Kerntechnik in Form des Repowering bestehender Kohleturbinen oder die Entwicklung neuer Kernkraftquellen in Form von SMR \u2014 von 1 bis 12 Modulen mit je 77 MW.<\/p>\n<p>Karol Manys, Sprecher des Ministeriums f\u00fcr Staatsverm\u00f6gen, best\u00e4tigte gegen\u00fcber Business Insider Polska den geplanten Besuch von Jacek Sasin in den USA. Er wollte sich jedoch nicht zu den Einzelheiten und den Treffen des stellvertretenden Premierministers mit Vertretern der Verwaltung des Wei\u00dfen Hauses \u00e4u\u00dfern.<\/p>\n<p>Die USA haben bereits im November ein \u00e4hnliches Kooperationsabkommen mit der rum\u00e4nischen Regierung unterzeichnet. Als Technologielieferant ist das US-Unternehmen NuScale vorgesehen, das in Rum\u00e4nien einen SMR mit sechs Modulen bauen wird.<\/p>\n<p>Adrian Andrzejewski<\/p>\n","protected":false},"excerpt":{"rendered":"<p>Ein Abkommen zwischen Polen und den Vereinigten Staaten \u00fcber den Bau von kleinen Kernreaktoren k\u00f6nnte n\u00e4chste Woche w\u00e4hrend des geplanten Besuchs des stellvertretenden Ministerpr\u00e4sidenten Jacek Sasin und des Ministers f\u00fcr&hellip;<\/p>\n","protected":false},"author":3,"featured_media":6691,"comment_status":"closed","ping_status":"open","sticky":false,"template":"","format":"standard","meta":{"_mi_skip_tracking":false,"footnotes":""},"categories":[54],"tags":[],"class_list":["post-6744","post","type-post","status-publish","format-standard","has-post-thumbnail","hentry","category-wirtschaft"],"yoast_head":"<!-- This site is optimized with the Yoast SEO plugin v19.4 - https:\/\/yoast.com\/wordpress\/plugins\/seo\/ -->\n<title>Abkommen \u00fcber die Kernenergie zwischen Polen und den USA n\u00e4chste Woche m\u00f6glich - W\u00fcrde - DignityNews.eu<\/title>\n<meta name=\"robots\" content=\"index, follow, max-snippet:-1, max-image-preview:large, max-video-preview:-1\" \/>\n<link rel=\"canonical\" href=\"https:\/\/dignitynews.eu\/de\/abkommen-ueber-die-kernenergie-zwischen-polen-und-den-usa-naechste-woche-moeglich\/\" \/>\n<meta property=\"og:locale\" content=\"de_DE\" \/>\n<meta property=\"og:type\" content=\"article\" \/>\n<meta property=\"og:title\" content=\"Abkommen \u00fcber die Kernenergie zwischen Polen und den USA n\u00e4chste Woche m\u00f6glich - W\u00fcrde - DignityNews.eu\" \/>\n<meta property=\"og:description\" content=\"Ein Abkommen zwischen Polen und den Vereinigten Staaten \u00fcber den Bau von kleinen Kernreaktoren k\u00f6nnte n\u00e4chste Woche w\u00e4hrend des geplanten Besuchs des stellvertretenden Ministerpr\u00e4sidenten Jacek Sasin und des Ministers f\u00fcr&hellip;\" \/>\n<meta property=\"og:url\" content=\"https:\/\/dignitynews.eu\/de\/abkommen-ueber-die-kernenergie-zwischen-polen-und-den-usa-naechste-woche-moeglich\/\" \/>\n<meta property=\"og:site_name\" content=\"W\u00fcrde - DignityNews.eu\" \/>\n<meta property=\"article:published_time\" content=\"2022-02-09T14:46:09+00:00\" \/>\n<meta property=\"og:image\" content=\"https:\/\/dignitynews.eu\/wp-content\/uploads\/2022\/02\/Porozumienie-KGHM-Nu-Scale-fot.-Jakub-Kaminski-East-News.jpg\" \/>\n\t<meta property=\"og:image:width\" content=\"1500\" \/>\n\t<meta property=\"og:image:height\" content=\"1035\" \/>\n\t<meta property=\"og:image:type\" content=\"image\/jpeg\" \/>\n<meta name=\"author\" content=\"DignityNews.eu\" \/>\n<meta name=\"twitter:card\" content=\"summary_large_image\" \/>\n<meta name=\"twitter:label1\" content=\"Verfasst von\" \/>\n\t<meta name=\"twitter:data1\" content=\"DignityNews.eu\" \/>\n\t<meta name=\"twitter:label2\" content=\"Gesch\u00e4tzte Lesezeit\" \/>\n\t<meta name=\"twitter:data2\" content=\"2\u00a0Minuten\" \/>\n<script type=\"application\/ld+json\" class=\"yoast-schema-graph\">{\"@context\":\"https:\/\/schema.org\",\"@graph\":[{\"@type\":\"WebSite\",\"@id\":\"https:\/\/dignitynews.eu\/pl\/#website\",\"url\":\"https:\/\/dignitynews.eu\/pl\/\",\"name\":\"W\u00fcrde - DignityNews.eu\",\"description\":\"\",\"potentialAction\":[{\"@type\":\"SearchAction\",\"target\":{\"@type\":\"EntryPoint\",\"urlTemplate\":\"https:\/\/dignitynews.eu\/pl\/?s={search_term_string}\"},\"query-input\":\"required name=search_term_string\"}],\"inLanguage\":\"de\"},{\"@type\":\"WebPage\",\"@id\":\"https:\/\/dignitynews.eu\/de\/abkommen-ueber-die-kernenergie-zwischen-polen-und-den-usa-naechste-woche-moeglich\/\",\"url\":\"https:\/\/dignitynews.eu\/de\/abkommen-ueber-die-kernenergie-zwischen-polen-und-den-usa-naechste-woche-moeglich\/\",\"name\":\"Abkommen \u00fcber die Kernenergie zwischen Polen und den USA n\u00e4chste Woche m\u00f6glich - W\u00fcrde - DignityNews.eu\",\"isPartOf\":{\"@id\":\"https:\/\/dignitynews.eu\/pl\/#website\"},\"datePublished\":\"2022-02-09T14:46:09+00:00\",\"dateModified\":\"2022-02-09T14:46:09+00:00\",\"author\":{\"@id\":\"https:\/\/dignitynews.eu\/pl\/#\/schema\/person\/4d8f570a0fd5c310685d78d9e520982c\"},\"breadcrumb\":{\"@id\":\"https:\/\/dignitynews.eu\/de\/abkommen-ueber-die-kernenergie-zwischen-polen-und-den-usa-naechste-woche-moeglich\/#breadcrumb\"},\"inLanguage\":\"de\",\"potentialAction\":[{\"@type\":\"ReadAction\",\"target\":[\"https:\/\/dignitynews.eu\/de\/abkommen-ueber-die-kernenergie-zwischen-polen-und-den-usa-naechste-woche-moeglich\/\"]}]},{\"@type\":\"BreadcrumbList\",\"@id\":\"https:\/\/dignitynews.eu\/de\/abkommen-ueber-die-kernenergie-zwischen-polen-und-den-usa-naechste-woche-moeglich\/#breadcrumb\",\"itemListElement\":[{\"@type\":\"ListItem\",\"position\":1,\"name\":\"Strona g\u0142\u00f3wna\",\"item\":\"https:\/\/dignitynews.eu\/de\/\"},{\"@type\":\"ListItem\",\"position\":2,\"name\":\"Abkommen \u00fcber die Kernenergie zwischen Polen und den USA n\u00e4chste Woche m\u00f6glich\"}]},{\"@type\":\"Person\",\"@id\":\"https:\/\/dignitynews.eu\/pl\/#\/schema\/person\/4d8f570a0fd5c310685d78d9e520982c\",\"name\":\"DignityNews.eu\",\"image\":{\"@type\":\"ImageObject\",\"inLanguage\":\"de\",\"@id\":\"https:\/\/dignitynews.eu\/pl\/#\/schema\/person\/image\/\",\"url\":\"https:\/\/secure.gravatar.com\/avatar\/b9fb3aa3cd2d5d3a6d24e67a6b58bc2980bf0c7f7bd3657a6322b8df227da3d9?s=96&d=mm&r=g\",\"contentUrl\":\"https:\/\/secure.gravatar.com\/avatar\/b9fb3aa3cd2d5d3a6d24e67a6b58bc2980bf0c7f7bd3657a6322b8df227da3d9?s=96&d=mm&r=g\",\"caption\":\"DignityNews.eu\"},\"sameAs\":[\"aleksandra\"],\"url\":\"https:\/\/dignitynews.eu\/de\/author\/aleksandra\/\"}]}<\/script>\n<!-- \/ Yoast SEO plugin. -->","yoast_head_json":{"title":"Abkommen \u00fcber die Kernenergie zwischen Polen und den USA n\u00e4chste Woche m\u00f6glich - W\u00fcrde - DignityNews.eu","robots":{"index":"index","follow":"follow","max-snippet":"max-snippet:-1","max-image-preview":"max-image-preview:large","max-video-preview":"max-video-preview:-1"},"canonical":"https:\/\/dignitynews.eu\/de\/abkommen-ueber-die-kernenergie-zwischen-polen-und-den-usa-naechste-woche-moeglich\/","og_locale":"de_DE","og_type":"article","og_title":"Abkommen \u00fcber die Kernenergie zwischen Polen und den USA n\u00e4chste Woche m\u00f6glich - W\u00fcrde - DignityNews.eu","og_description":"Ein Abkommen zwischen Polen und den Vereinigten Staaten \u00fcber den Bau von kleinen Kernreaktoren k\u00f6nnte n\u00e4chste Woche w\u00e4hrend des geplanten Besuchs des stellvertretenden Ministerpr\u00e4sidenten Jacek Sasin und des Ministers f\u00fcr&hellip;","og_url":"https:\/\/dignitynews.eu\/de\/abkommen-ueber-die-kernenergie-zwischen-polen-und-den-usa-naechste-woche-moeglich\/","og_site_name":"W\u00fcrde - DignityNews.eu","article_published_time":"2022-02-09T14:46:09+00:00","og_image":[{"width":1500,"height":1035,"url":"https:\/\/dignitynews.eu\/wp-content\/uploads\/2022\/02\/Porozumienie-KGHM-Nu-Scale-fot.-Jakub-Kaminski-East-News.jpg","type":"image\/jpeg"}],"author":"DignityNews.eu","twitter_card":"summary_large_image","twitter_misc":{"Verfasst von":"DignityNews.eu","Gesch\u00e4tzte Lesezeit":"2\u00a0Minuten"},"schema":{"@context":"https:\/\/schema.org","@graph":[{"@type":"WebSite","@id":"https:\/\/dignitynews.eu\/pl\/#website","url":"https:\/\/dignitynews.eu\/pl\/","name":"W\u00fcrde - DignityNews.eu","description":"","potentialAction":[{"@type":"SearchAction","target":{"@type":"EntryPoint","urlTemplate":"https:\/\/dignitynews.eu\/pl\/?s={search_term_string}"},"query-input":"required name=search_term_string"}],"inLanguage":"de"},{"@type":"WebPage","@id":"https:\/\/dignitynews.eu\/de\/abkommen-ueber-die-kernenergie-zwischen-polen-und-den-usa-naechste-woche-moeglich\/","url":"https:\/\/dignitynews.eu\/de\/abkommen-ueber-die-kernenergie-zwischen-polen-und-den-usa-naechste-woche-moeglich\/","name":"Abkommen \u00fcber die Kernenergie zwischen Polen und den USA n\u00e4chste Woche m\u00f6glich - W\u00fcrde - DignityNews.eu","isPartOf":{"@id":"https:\/\/dignitynews.eu\/pl\/#website"},"datePublished":"2022-02-09T14:46:09+00:00","dateModified":"2022-02-09T14:46:09+00:00","author":{"@id":"https:\/\/dignitynews.eu\/pl\/#\/schema\/person\/4d8f570a0fd5c310685d78d9e520982c"},"breadcrumb":{"@id":"https:\/\/dignitynews.eu\/de\/abkommen-ueber-die-kernenergie-zwischen-polen-und-den-usa-naechste-woche-moeglich\/#breadcrumb"},"inLanguage":"de","potentialAction":[{"@type":"ReadAction","target":["https:\/\/dignitynews.eu\/de\/abkommen-ueber-die-kernenergie-zwischen-polen-und-den-usa-naechste-woche-moeglich\/"]}]},{"@type":"BreadcrumbList","@id":"https:\/\/dignitynews.eu\/de\/abkommen-ueber-die-kernenergie-zwischen-polen-und-den-usa-naechste-woche-moeglich\/#breadcrumb","itemListElement":[{"@type":"ListItem","position":1,"name":"Strona g\u0142\u00f3wna","item":"https:\/\/dignitynews.eu\/de\/"},{"@type":"ListItem","position":2,"name":"Abkommen \u00fcber die Kernenergie zwischen Polen und den USA n\u00e4chste Woche m\u00f6glich"}]},{"@type":"Person","@id":"https:\/\/dignitynews.eu\/pl\/#\/schema\/person\/4d8f570a0fd5c310685d78d9e520982c","name":"DignityNews.eu","image":{"@type":"ImageObject","inLanguage":"de","@id":"https:\/\/dignitynews.eu\/pl\/#\/schema\/person\/image\/","url":"https:\/\/secure.gravatar.com\/avatar\/b9fb3aa3cd2d5d3a6d24e67a6b58bc2980bf0c7f7bd3657a6322b8df227da3d9?s=96&d=mm&r=g","contentUrl":"https:\/\/secure.gravatar.com\/avatar\/b9fb3aa3cd2d5d3a6d24e67a6b58bc2980bf0c7f7bd3657a6322b8df227da3d9?s=96&d=mm&r=g","caption":"DignityNews.eu"},"sameAs":["aleksandra"],"url":"https:\/\/dignitynews.eu\/de\/author\/aleksandra\/"}]}},"_links":{"self":[{"href":"https:\/\/dignitynews.eu\/de\/wp-json\/wp\/v2\/posts\/6744","targetHints":{"allow":["GET"]}}],"collection":[{"href":"https:\/\/dignitynews.eu\/de\/wp-json\/wp\/v2\/posts"}],"about":[{"href":"https:\/\/dignitynews.eu\/de\/wp-json\/wp\/v2\/types\/post"}],"author":[{"embeddable":true,"href":"https:\/\/dignitynews.eu\/de\/wp-json\/wp\/v2\/users\/3"}],"replies":[{"embeddable":true,"href":"https:\/\/dignitynews.eu\/de\/wp-json\/wp\/v2\/comments?post=6744"}],"version-history":[{"count":1,"href":"https:\/\/dignitynews.eu\/de\/wp-json\/wp\/v2\/posts\/6744\/revisions"}],"predecessor-version":[{"id":6745,"href":"https:\/\/dignitynews.eu\/de\/wp-json\/wp\/v2\/posts\/6744\/revisions\/6745"}],"wp:featuredmedia":[{"embeddable":true,"href":"https:\/\/dignitynews.eu\/de\/wp-json\/wp\/v2\/media\/6691"}],"wp:attachment":[{"href":"https:\/\/dignitynews.eu\/de\/wp-json\/wp\/v2\/media?parent=6744"}],"wp:term":[{"taxonomy":"category","embeddable":true,"href":"https:\/\/dignitynews.eu\/de\/wp-json\/wp\/v2\/categories?post=6744"},{"taxonomy":"post_tag","embeddable":true,"href":"https:\/\/dignitynews.eu\/de\/wp-json\/wp\/v2\/tags?post=6744"}],"curies":[{"name":"wp","href":"https:\/\/api.w.org\/{rel}","templated":true}]}}