{"id":6735,"date":"2022-02-09T15:42:49","date_gmt":"2022-02-09T14:42:49","guid":{"rendered":"https:\/\/dignitynews.eu\/?p=6735"},"modified":"2022-02-09T15:44:50","modified_gmt":"2022-02-09T14:44:50","slug":"treffen-des-weimarer-dreiecks-zur-sicherheit-in-mittel-und-osteuropa","status":"publish","type":"post","link":"https:\/\/dignitynews.eu\/de\/treffen-des-weimarer-dreiecks-zur-sicherheit-in-mittel-und-osteuropa\/","title":{"rendered":"Treffen des Weimarer Dreiecks zur Sicherheit in Mittel- und Osteuropa"},"content":{"rendered":"<p><b>\u201eWir m\u00fcssen eine solche L\u00f6sung finden, um einen Krieg zu vermeiden. Ich glaube, dass wir es schaffen werden\u201d, sagte der polnische Pr\u00e4sident Andrzej Duda in Berlin auf einer Konferenz im Vorfeld des ersten Treffens des Weimarer Dreiecks, an dem die Staatschefs Polens, Frankreichs und Deutschlands teilnahmen. Der polnische Pr\u00e4sident Andrzej Duda, der franz\u00f6sische Pr\u00e4sident Emanuel Macron und der deutsche Bundeskanzler Olaf Scholz diskutierten am Dienstag, dem 8. Februar, \u00fcber die Sicherheit in der mittel- und osteurop\u00e4ischen Region angesichts der Gefahr eines russischen Einmarsches in der Ukraine.<\/b><\/p>\n<p>\u201eHeute sind Einigkeit und Solidarit\u00e4t das Wichtigste. Wir m\u00fcssen zeigen, dass wir mit einer Stimme sprechen. Wir m\u00fcssen zeigen, dass wir eine Gemeinschaft sind. Wir m\u00fcssen zeigen, dass man uns nicht zerbrechen kann, und wir m\u00fcssen auch zeigen, dass wir nicht nachgeben werden. Es ist nicht so, dass wir nachgeben und jemanden zur\u00fccklassen, nur weil wir Angst haben, dass wir keinen Frieden erreichen k\u00f6nnen\u201d, sagte Pr\u00e4sident Duda.<\/p>\n<p>Der Pr\u00e4sident betonte, dass die Aufgabe der L\u00e4nder des Weimarer Dreiecks darin bestehe, \u201eden Frieden f\u00fcr unsere Gesellschaften und Nationen zu sichern, das V\u00f6lkerrecht zu sch\u00fctzen und die territoriale Integrit\u00e4t zu wahren, auch in L\u00e4ndern, die nicht Mitglied der Europ\u00e4ischen Union oder der NATO, aber unsere Verb\u00fcndeten sind\u201d.<\/p>\n<p>Bundeskanzler Olaf Scholz wiederum betonte, dass eine weitere Verletzung der territorialen Integrit\u00e4t und Souver\u00e4nit\u00e4t der Ukraine inakzeptabel sei und weitreichende Folgen f\u00fcr Russland in politischer, wirtschaftlicher und wahrscheinlich auch geostrategischer Hinsicht haben werde.<\/p>\n<p>\u201eIn diesem Halbjahr hat Frankreich den Vorsitz im Rat der Europ\u00e4ischen Union \u00fcbernommen, Polen den Vorsitz in der OSZE und Deutschland den Vorsitz in der G7. Damit tragen wir drei eine besondere Verantwortung f\u00fcr globale europ\u00e4ische Sicherheitsfragen\u201d, sagte Scholz.<\/p>\n<p>Pr\u00e4sident Macron erkl\u00e4rte, dass die Staats- und Regierungschefs der L\u00e4nder des Weimarer Dreiecks in den kommenden Wochen weiter gemeinsam auf eine Deeskalation hinarbeiten werden. \u201eWir wollen geschlossen mit Russland zusammenarbeiten, um jede M\u00f6glichkeit einer Eskalation zu verringern und ein System zu schaffen, das die Sicherheit und den Frieden in Europa gew\u00e4hrleisten wird\u201d, sagte der franz\u00f6sische Pr\u00e4sident.<\/p>\n<p>Der britische Premierminister Boris Johnson wird am Donnerstag, dem 10. Februar, nach Polen reisen. Nach Angaben von Reuters wird der britische Premierminister mit Pr\u00e4sident Andrzej Duda und Ministerpr\u00e4sident Mateusz Morawiecki zusammentreffen.\u00a0Im Mittelpunkt der Gespr\u00e4che wird die Lage in der Ukraine stehen.<\/p>\n<p>Adrian Andrzejewski<\/p>\n","protected":false},"excerpt":{"rendered":"<p>\u201eWir m\u00fcssen eine solche L\u00f6sung finden, um einen Krieg zu vermeiden. Ich glaube, dass wir es schaffen werden\u201d, sagte der polnische Pr\u00e4sident Andrzej Duda in Berlin auf einer Konferenz im&hellip;<\/p>\n","protected":false},"author":3,"featured_media":6676,"comment_status":"closed","ping_status":"open","sticky":false,"template":"","format":"standard","meta":{"_mi_skip_tracking":false,"footnotes":""},"categories":[53],"tags":[],"class_list":["post-6735","post","type-post","status-publish","format-standard","has-post-thumbnail","hentry","category-nachrichten"],"yoast_head":"<!-- This site is optimized with the Yoast SEO plugin v19.4 - https:\/\/yoast.com\/wordpress\/plugins\/seo\/ -->\n<title>Treffen des Weimarer Dreiecks zur Sicherheit in Mittel- und Osteuropa - W\u00fcrde - DignityNews.eu<\/title>\n<meta name=\"robots\" content=\"index, follow, max-snippet:-1, max-image-preview:large, max-video-preview:-1\" \/>\n<link rel=\"canonical\" href=\"https:\/\/dignitynews.eu\/de\/treffen-des-weimarer-dreiecks-zur-sicherheit-in-mittel-und-osteuropa\/\" \/>\n<meta property=\"og:locale\" content=\"de_DE\" \/>\n<meta property=\"og:type\" content=\"article\" \/>\n<meta property=\"og:title\" content=\"Treffen des Weimarer Dreiecks zur Sicherheit in Mittel- und Osteuropa - W\u00fcrde - DignityNews.eu\" \/>\n<meta property=\"og:description\" content=\"\u201eWir m\u00fcssen eine solche L\u00f6sung finden, um einen Krieg zu vermeiden. Ich glaube, dass wir es schaffen werden\u201d, sagte der polnische Pr\u00e4sident Andrzej Duda in Berlin auf einer Konferenz im&hellip;\" \/>\n<meta property=\"og:url\" content=\"https:\/\/dignitynews.eu\/de\/treffen-des-weimarer-dreiecks-zur-sicherheit-in-mittel-und-osteuropa\/\" \/>\n<meta property=\"og:site_name\" content=\"W\u00fcrde - DignityNews.eu\" \/>\n<meta property=\"article:published_time\" content=\"2022-02-09T14:42:49+00:00\" \/>\n<meta property=\"article:modified_time\" content=\"2022-02-09T14:44:50+00:00\" \/>\n<meta property=\"og:image\" content=\"https:\/\/dignitynews.eu\/wp-content\/uploads\/2022\/02\/Duda-Scholz-Macron-fot.-THIBAULT-CAMUS-AFP-East-News.jpg\" \/>\n\t<meta property=\"og:image:width\" content=\"1500\" \/>\n\t<meta property=\"og:image:height\" content=\"1000\" \/>\n\t<meta property=\"og:image:type\" content=\"image\/jpeg\" \/>\n<meta name=\"author\" content=\"DignityNews.eu\" \/>\n<meta name=\"twitter:card\" content=\"summary_large_image\" \/>\n<meta name=\"twitter:label1\" content=\"Verfasst von\" \/>\n\t<meta name=\"twitter:data1\" content=\"DignityNews.eu\" \/>\n\t<meta name=\"twitter:label2\" content=\"Gesch\u00e4tzte Lesezeit\" \/>\n\t<meta name=\"twitter:data2\" content=\"3\u00a0Minuten\" \/>\n<script type=\"application\/ld+json\" class=\"yoast-schema-graph\">{\"@context\":\"https:\/\/schema.org\",\"@graph\":[{\"@type\":\"WebSite\",\"@id\":\"https:\/\/dignitynews.eu\/pl\/#website\",\"url\":\"https:\/\/dignitynews.eu\/pl\/\",\"name\":\"W\u00fcrde - DignityNews.eu\",\"description\":\"\",\"potentialAction\":[{\"@type\":\"SearchAction\",\"target\":{\"@type\":\"EntryPoint\",\"urlTemplate\":\"https:\/\/dignitynews.eu\/pl\/?s={search_term_string}\"},\"query-input\":\"required name=search_term_string\"}],\"inLanguage\":\"de\"},{\"@type\":\"WebPage\",\"@id\":\"https:\/\/dignitynews.eu\/de\/treffen-des-weimarer-dreiecks-zur-sicherheit-in-mittel-und-osteuropa\/\",\"url\":\"https:\/\/dignitynews.eu\/de\/treffen-des-weimarer-dreiecks-zur-sicherheit-in-mittel-und-osteuropa\/\",\"name\":\"Treffen des Weimarer Dreiecks zur Sicherheit in Mittel- und Osteuropa - W\u00fcrde - DignityNews.eu\",\"isPartOf\":{\"@id\":\"https:\/\/dignitynews.eu\/pl\/#website\"},\"datePublished\":\"2022-02-09T14:42:49+00:00\",\"dateModified\":\"2022-02-09T14:44:50+00:00\",\"author\":{\"@id\":\"https:\/\/dignitynews.eu\/pl\/#\/schema\/person\/4d8f570a0fd5c310685d78d9e520982c\"},\"breadcrumb\":{\"@id\":\"https:\/\/dignitynews.eu\/de\/treffen-des-weimarer-dreiecks-zur-sicherheit-in-mittel-und-osteuropa\/#breadcrumb\"},\"inLanguage\":\"de\",\"potentialAction\":[{\"@type\":\"ReadAction\",\"target\":[\"https:\/\/dignitynews.eu\/de\/treffen-des-weimarer-dreiecks-zur-sicherheit-in-mittel-und-osteuropa\/\"]}]},{\"@type\":\"BreadcrumbList\",\"@id\":\"https:\/\/dignitynews.eu\/de\/treffen-des-weimarer-dreiecks-zur-sicherheit-in-mittel-und-osteuropa\/#breadcrumb\",\"itemListElement\":[{\"@type\":\"ListItem\",\"position\":1,\"name\":\"Strona g\u0142\u00f3wna\",\"item\":\"https:\/\/dignitynews.eu\/de\/\"},{\"@type\":\"ListItem\",\"position\":2,\"name\":\"Treffen des Weimarer Dreiecks zur Sicherheit in Mittel- und Osteuropa\"}]},{\"@type\":\"Person\",\"@id\":\"https:\/\/dignitynews.eu\/pl\/#\/schema\/person\/4d8f570a0fd5c310685d78d9e520982c\",\"name\":\"DignityNews.eu\",\"image\":{\"@type\":\"ImageObject\",\"inLanguage\":\"de\",\"@id\":\"https:\/\/dignitynews.eu\/pl\/#\/schema\/person\/image\/\",\"url\":\"https:\/\/secure.gravatar.com\/avatar\/b9fb3aa3cd2d5d3a6d24e67a6b58bc2980bf0c7f7bd3657a6322b8df227da3d9?s=96&d=mm&r=g\",\"contentUrl\":\"https:\/\/secure.gravatar.com\/avatar\/b9fb3aa3cd2d5d3a6d24e67a6b58bc2980bf0c7f7bd3657a6322b8df227da3d9?s=96&d=mm&r=g\",\"caption\":\"DignityNews.eu\"},\"sameAs\":[\"aleksandra\"],\"url\":\"https:\/\/dignitynews.eu\/de\/author\/aleksandra\/\"}]}<\/script>\n<!-- \/ Yoast SEO plugin. -->","yoast_head_json":{"title":"Treffen des Weimarer Dreiecks zur Sicherheit in Mittel- und Osteuropa - W\u00fcrde - DignityNews.eu","robots":{"index":"index","follow":"follow","max-snippet":"max-snippet:-1","max-image-preview":"max-image-preview:large","max-video-preview":"max-video-preview:-1"},"canonical":"https:\/\/dignitynews.eu\/de\/treffen-des-weimarer-dreiecks-zur-sicherheit-in-mittel-und-osteuropa\/","og_locale":"de_DE","og_type":"article","og_title":"Treffen des Weimarer Dreiecks zur Sicherheit in Mittel- und Osteuropa - W\u00fcrde - DignityNews.eu","og_description":"\u201eWir m\u00fcssen eine solche L\u00f6sung finden, um einen Krieg zu vermeiden. Ich glaube, dass wir es schaffen werden\u201d, sagte der polnische Pr\u00e4sident Andrzej Duda in Berlin auf einer Konferenz im&hellip;","og_url":"https:\/\/dignitynews.eu\/de\/treffen-des-weimarer-dreiecks-zur-sicherheit-in-mittel-und-osteuropa\/","og_site_name":"W\u00fcrde - DignityNews.eu","article_published_time":"2022-02-09T14:42:49+00:00","article_modified_time":"2022-02-09T14:44:50+00:00","og_image":[{"width":1500,"height":1000,"url":"https:\/\/dignitynews.eu\/wp-content\/uploads\/2022\/02\/Duda-Scholz-Macron-fot.-THIBAULT-CAMUS-AFP-East-News.jpg","type":"image\/jpeg"}],"author":"DignityNews.eu","twitter_card":"summary_large_image","twitter_misc":{"Verfasst von":"DignityNews.eu","Gesch\u00e4tzte Lesezeit":"3\u00a0Minuten"},"schema":{"@context":"https:\/\/schema.org","@graph":[{"@type":"WebSite","@id":"https:\/\/dignitynews.eu\/pl\/#website","url":"https:\/\/dignitynews.eu\/pl\/","name":"W\u00fcrde - DignityNews.eu","description":"","potentialAction":[{"@type":"SearchAction","target":{"@type":"EntryPoint","urlTemplate":"https:\/\/dignitynews.eu\/pl\/?s={search_term_string}"},"query-input":"required name=search_term_string"}],"inLanguage":"de"},{"@type":"WebPage","@id":"https:\/\/dignitynews.eu\/de\/treffen-des-weimarer-dreiecks-zur-sicherheit-in-mittel-und-osteuropa\/","url":"https:\/\/dignitynews.eu\/de\/treffen-des-weimarer-dreiecks-zur-sicherheit-in-mittel-und-osteuropa\/","name":"Treffen des Weimarer Dreiecks zur Sicherheit in Mittel- und Osteuropa - W\u00fcrde - DignityNews.eu","isPartOf":{"@id":"https:\/\/dignitynews.eu\/pl\/#website"},"datePublished":"2022-02-09T14:42:49+00:00","dateModified":"2022-02-09T14:44:50+00:00","author":{"@id":"https:\/\/dignitynews.eu\/pl\/#\/schema\/person\/4d8f570a0fd5c310685d78d9e520982c"},"breadcrumb":{"@id":"https:\/\/dignitynews.eu\/de\/treffen-des-weimarer-dreiecks-zur-sicherheit-in-mittel-und-osteuropa\/#breadcrumb"},"inLanguage":"de","potentialAction":[{"@type":"ReadAction","target":["https:\/\/dignitynews.eu\/de\/treffen-des-weimarer-dreiecks-zur-sicherheit-in-mittel-und-osteuropa\/"]}]},{"@type":"BreadcrumbList","@id":"https:\/\/dignitynews.eu\/de\/treffen-des-weimarer-dreiecks-zur-sicherheit-in-mittel-und-osteuropa\/#breadcrumb","itemListElement":[{"@type":"ListItem","position":1,"name":"Strona g\u0142\u00f3wna","item":"https:\/\/dignitynews.eu\/de\/"},{"@type":"ListItem","position":2,"name":"Treffen des Weimarer Dreiecks zur Sicherheit in Mittel- und Osteuropa"}]},{"@type":"Person","@id":"https:\/\/dignitynews.eu\/pl\/#\/schema\/person\/4d8f570a0fd5c310685d78d9e520982c","name":"DignityNews.eu","image":{"@type":"ImageObject","inLanguage":"de","@id":"https:\/\/dignitynews.eu\/pl\/#\/schema\/person\/image\/","url":"https:\/\/secure.gravatar.com\/avatar\/b9fb3aa3cd2d5d3a6d24e67a6b58bc2980bf0c7f7bd3657a6322b8df227da3d9?s=96&d=mm&r=g","contentUrl":"https:\/\/secure.gravatar.com\/avatar\/b9fb3aa3cd2d5d3a6d24e67a6b58bc2980bf0c7f7bd3657a6322b8df227da3d9?s=96&d=mm&r=g","caption":"DignityNews.eu"},"sameAs":["aleksandra"],"url":"https:\/\/dignitynews.eu\/de\/author\/aleksandra\/"}]}},"_links":{"self":[{"href":"https:\/\/dignitynews.eu\/de\/wp-json\/wp\/v2\/posts\/6735","targetHints":{"allow":["GET"]}}],"collection":[{"href":"https:\/\/dignitynews.eu\/de\/wp-json\/wp\/v2\/posts"}],"about":[{"href":"https:\/\/dignitynews.eu\/de\/wp-json\/wp\/v2\/types\/post"}],"author":[{"embeddable":true,"href":"https:\/\/dignitynews.eu\/de\/wp-json\/wp\/v2\/users\/3"}],"replies":[{"embeddable":true,"href":"https:\/\/dignitynews.eu\/de\/wp-json\/wp\/v2\/comments?post=6735"}],"version-history":[{"count":1,"href":"https:\/\/dignitynews.eu\/de\/wp-json\/wp\/v2\/posts\/6735\/revisions"}],"predecessor-version":[{"id":6736,"href":"https:\/\/dignitynews.eu\/de\/wp-json\/wp\/v2\/posts\/6735\/revisions\/6736"}],"wp:featuredmedia":[{"embeddable":true,"href":"https:\/\/dignitynews.eu\/de\/wp-json\/wp\/v2\/media\/6676"}],"wp:attachment":[{"href":"https:\/\/dignitynews.eu\/de\/wp-json\/wp\/v2\/media?parent=6735"}],"wp:term":[{"taxonomy":"category","embeddable":true,"href":"https:\/\/dignitynews.eu\/de\/wp-json\/wp\/v2\/categories?post=6735"},{"taxonomy":"post_tag","embeddable":true,"href":"https:\/\/dignitynews.eu\/de\/wp-json\/wp\/v2\/tags?post=6735"}],"curies":[{"name":"wp","href":"https:\/\/api.w.org\/{rel}","templated":true}]}}