{"id":60084,"date":"2024-03-25T17:14:10","date_gmt":"2024-03-25T16:14:10","guid":{"rendered":"https:\/\/dignitynews.eu\/?p=60084"},"modified":"2024-12-03T17:15:30","modified_gmt":"2024-12-03T16:15:30","slug":"emil-sommerstein-war-sejm-abgeordneter-mehrerer-wahlperioden-in-der-zweiten-polnischen-republik","status":"publish","type":"post","link":"https:\/\/dignitynews.eu\/de\/emil-sommerstein-war-sejm-abgeordneter-mehrerer-wahlperioden-in-der-zweiten-polnischen-republik\/","title":{"rendered":"Emil Sommerstein war Sejm-Abgeordneter mehrerer Wahlperioden in der Zweiten Polnischen Republik"},"content":{"rendered":"<p><b>Prominenter Zionist, Politiker, Doktor der Rechtswissenschaften und sozialer Aktivist. W\u00e4hrend der Zweiten Polnischen Republik sammelte er als Sejm-Abgeordneter der ersten, dritten, vierten und f\u00fcnften Legislaturperiode einen reichen Erfahrungsschatz.\u00a0\u00a0<\/b><\/p>\n<p>Der aus Hleszczewo bei Terebowlja (ehemaliges Ostpolen) stammende Emil Sommerstein benutzte seinen Nachnamen nicht nach seinem Vater Braude, sondern nach seiner Mutter. Der Grund daf\u00fcr war, dass seine Eltern ihre Ehe nicht in das Personenstandsregister eingetragen hatten, was in der j\u00fcdischen Gemeinde nicht ungew\u00f6hnlich war. Nach dem Besuch des Cheders besuchte er das H\u00f6here Gymnasium in Ternopil und anschlie\u00dfend das nach Hetman \u017b\u00f3\u0142kiewski benannte V. Gymnasium, was von den Assimilationstendenzen seiner Familie zeugte.<\/p>\n<p>Als er sein Studium an der juristischen Fakult\u00e4t der Jan-Kazimierz-Universit\u00e4t Lemberg aufnahm, lernte er das j\u00fcdische Milieu kennen, das den Zionismus f\u00f6rderte, und dieser politischen Idee verpflichtete er sich zeitlebens. Nach seinem Abschluss praktizierte er als Rechtsanwalt in Lemberg.<\/p>\n<p>Nach 1918, als der polnische Staat seine Unabh\u00e4ngigkeit wiedererlangte, gewann Sommersteins politische Karriere an Schwung. Zun\u00e4chst fand er sich in der F\u00fchrung der Zionistischen Organisation Ostgaliziens wieder und war gleichzeitig Mitglied der Zionistischen Organisation in Polen, was er mit seiner T\u00e4tigkeit in der zionistisch-demokratischen Gruppierung \u201eIchud\u201d in Galizien verband.<\/p>\n<p>Politische Erfolge schlugen sich in beruflichen Ambitionen nieder \u2014 Sommerstein war Vizepr\u00e4sident der Lemberger Anwaltskammer und engagierte sich im Obersten Rat der Anw\u00e4lte. Er vernachl\u00e4ssigte auch seine sozialen Aktivit\u00e4ten nicht, z.\u00a0B. in Organisationen wie der Gesellschaft Haus der Gesundheit f\u00fcr j\u00fcdische Akademiker, dem Rat Auxilium Academicum Judaicum oder dem Keren ha-Jesod in Ostkleinpolen.<\/p>\n<p>Seine gr\u00f6\u00dfte Leistung in seiner politischen Laufbahn war seine T\u00e4tigkeit als Sejm-Abgeordneter zwischen 1922 und 1927 sowie zwischen 1930 und 1939. Er \u00fcbte dieses Amt fast w\u00e4hrend der gesamten friedlichen Zeit der Zweiten Polnischen Republik aus und sammelte auf diesem Gebiet zahlreiche Erfahrungen.<\/p>\n<p>Bei Ausbruch des Zweiten Weltkriegs wurde er in Lemberg verhaftet und war nacheinander in folgenden Gef\u00e4ngnissen untergebracht: Lemberg, Kiew, Moskau, Saratow, Balaschow. Er fiel nicht unter die Amnestie von 1941. Erst 1942 gelang es ihm, einen Briefkontakt mit Stanis\u0142aw Kot, dem polnischen Botschafter in der UdSSR, herzustellen, dank dessen die sowjetischen Beh\u00f6rden ihn nach zweij\u00e4hrigen Bem\u00fchungen 1944 in die Freiheit entlie\u00dfen und ihm die Ausreise nach Polen erm\u00f6glichten. Auch Wanda Wasilewska setzte sich f\u00fcr ihn ein und lud ihn ein, dem Bund Polnischer Patrioten (<i>Zwi\u0105zek Patriot\u00f3w Polskich<\/i>) beizutreten.<\/p>\n<p>Sommerstein wurde im Juli 1944 Mitglied des Polnischen Komitees der Nationalen Befreiung und geh\u00f6rte zu den Unterzeichnern des Manifests, obwohl es zweifelhaft ist, dass er ein offener Bef\u00fcrworter des kommunistischen Systems wurde.<\/p>\n<p>Er verlie\u00df das Land 1946 und kehrte nie wieder zur\u00fcck.<\/p>\n<p>&nbsp;<\/p>\n","protected":false},"excerpt":{"rendered":"<p>Prominenter Zionist, Politiker, Doktor der Rechtswissenschaften und sozialer Aktivist. W\u00e4hrend der Zweiten Polnischen Republik sammelte er als Sejm-Abgeordneter der ersten, dritten, vierten und f\u00fcnften Legislaturperiode einen reichen Erfahrungsschatz.\u00a0\u00a0 Der aus&hellip;<\/p>\n","protected":false},"author":7,"featured_media":59685,"comment_status":"closed","ping_status":"closed","sticky":false,"template":"","format":"standard","meta":{"_mi_skip_tracking":false,"footnotes":""},"categories":[53],"tags":[],"class_list":["post-60084","post","type-post","status-publish","format-standard","has-post-thumbnail","hentry","category-nachrichten"],"yoast_head":"<!-- This site is optimized with the Yoast SEO plugin v19.4 - https:\/\/yoast.com\/wordpress\/plugins\/seo\/ -->\n<title>Emil Sommerstein war Sejm-Abgeordneter mehrerer Wahlperioden in der Zweiten Polnischen Republik - W\u00fcrde - DignityNews.eu<\/title>\n<meta name=\"robots\" content=\"index, follow, max-snippet:-1, max-image-preview:large, max-video-preview:-1\" \/>\n<link rel=\"canonical\" href=\"https:\/\/dignitynews.eu\/de\/emil-sommerstein-war-sejm-abgeordneter-mehrerer-wahlperioden-in-der-zweiten-polnischen-republik\/\" \/>\n<meta property=\"og:locale\" content=\"de_DE\" \/>\n<meta property=\"og:type\" content=\"article\" \/>\n<meta property=\"og:title\" content=\"Emil Sommerstein war Sejm-Abgeordneter mehrerer Wahlperioden in der Zweiten Polnischen Republik - W\u00fcrde - DignityNews.eu\" \/>\n<meta property=\"og:description\" content=\"Prominenter Zionist, Politiker, Doktor der Rechtswissenschaften und sozialer Aktivist. W\u00e4hrend der Zweiten Polnischen Republik sammelte er als Sejm-Abgeordneter der ersten, dritten, vierten und f\u00fcnften Legislaturperiode einen reichen Erfahrungsschatz.\u00a0\u00a0 Der aus&hellip;\" \/>\n<meta property=\"og:url\" content=\"https:\/\/dignitynews.eu\/de\/emil-sommerstein-war-sejm-abgeordneter-mehrerer-wahlperioden-in-der-zweiten-polnischen-republik\/\" \/>\n<meta property=\"og:site_name\" content=\"W\u00fcrde - DignityNews.eu\" \/>\n<meta property=\"article:published_time\" content=\"2024-03-25T16:14:10+00:00\" \/>\n<meta property=\"article:modified_time\" content=\"2024-12-03T16:15:30+00:00\" \/>\n<meta property=\"og:image\" content=\"https:\/\/dignitynews.eu\/wp-content\/uploads\/2024\/10\/Emil_Sommerstein_1945.jpg\" \/>\n\t<meta property=\"og:image:width\" content=\"328\" \/>\n\t<meta property=\"og:image:height\" content=\"441\" \/>\n\t<meta property=\"og:image:type\" content=\"image\/jpeg\" \/>\n<meta name=\"author\" content=\"Dignity News\" \/>\n<meta name=\"twitter:card\" content=\"summary_large_image\" \/>\n<meta name=\"twitter:label1\" content=\"Verfasst von\" \/>\n\t<meta name=\"twitter:data1\" content=\"Dignity News\" \/>\n\t<meta name=\"twitter:label2\" content=\"Gesch\u00e4tzte Lesezeit\" \/>\n\t<meta name=\"twitter:data2\" content=\"2\u00a0Minuten\" \/>\n<script type=\"application\/ld+json\" class=\"yoast-schema-graph\">{\"@context\":\"https:\/\/schema.org\",\"@graph\":[{\"@type\":\"WebSite\",\"@id\":\"https:\/\/dignitynews.eu\/pl\/#website\",\"url\":\"https:\/\/dignitynews.eu\/pl\/\",\"name\":\"W\u00fcrde - DignityNews.eu\",\"description\":\"\",\"potentialAction\":[{\"@type\":\"SearchAction\",\"target\":{\"@type\":\"EntryPoint\",\"urlTemplate\":\"https:\/\/dignitynews.eu\/pl\/?s={search_term_string}\"},\"query-input\":\"required name=search_term_string\"}],\"inLanguage\":\"de\"},{\"@type\":\"WebPage\",\"@id\":\"https:\/\/dignitynews.eu\/de\/emil-sommerstein-war-sejm-abgeordneter-mehrerer-wahlperioden-in-der-zweiten-polnischen-republik\/\",\"url\":\"https:\/\/dignitynews.eu\/de\/emil-sommerstein-war-sejm-abgeordneter-mehrerer-wahlperioden-in-der-zweiten-polnischen-republik\/\",\"name\":\"Emil Sommerstein war Sejm-Abgeordneter mehrerer Wahlperioden in der Zweiten Polnischen Republik - W\u00fcrde - DignityNews.eu\",\"isPartOf\":{\"@id\":\"https:\/\/dignitynews.eu\/pl\/#website\"},\"datePublished\":\"2024-03-25T16:14:10+00:00\",\"dateModified\":\"2024-12-03T16:15:30+00:00\",\"author\":{\"@id\":\"https:\/\/dignitynews.eu\/pl\/#\/schema\/person\/0b62b762b8174802fabc81a3ecb1bfcb\"},\"breadcrumb\":{\"@id\":\"https:\/\/dignitynews.eu\/de\/emil-sommerstein-war-sejm-abgeordneter-mehrerer-wahlperioden-in-der-zweiten-polnischen-republik\/#breadcrumb\"},\"inLanguage\":\"de\",\"potentialAction\":[{\"@type\":\"ReadAction\",\"target\":[\"https:\/\/dignitynews.eu\/de\/emil-sommerstein-war-sejm-abgeordneter-mehrerer-wahlperioden-in-der-zweiten-polnischen-republik\/\"]}]},{\"@type\":\"BreadcrumbList\",\"@id\":\"https:\/\/dignitynews.eu\/de\/emil-sommerstein-war-sejm-abgeordneter-mehrerer-wahlperioden-in-der-zweiten-polnischen-republik\/#breadcrumb\",\"itemListElement\":[{\"@type\":\"ListItem\",\"position\":1,\"name\":\"Strona g\u0142\u00f3wna\",\"item\":\"https:\/\/dignitynews.eu\/de\/\"},{\"@type\":\"ListItem\",\"position\":2,\"name\":\"Emil Sommerstein war Sejm-Abgeordneter mehrerer Wahlperioden in der Zweiten Polnischen Republik\"}]},{\"@type\":\"Person\",\"@id\":\"https:\/\/dignitynews.eu\/pl\/#\/schema\/person\/0b62b762b8174802fabc81a3ecb1bfcb\",\"name\":\"Dignity News\",\"image\":{\"@type\":\"ImageObject\",\"inLanguage\":\"de\",\"@id\":\"https:\/\/dignitynews.eu\/pl\/#\/schema\/person\/image\/\",\"url\":\"https:\/\/secure.gravatar.com\/avatar\/97963171a6d9108f8381bbefb1c6b150c445b6ddd9e3077b96c86cf5892c85dc?s=96&d=mm&r=g\",\"contentUrl\":\"https:\/\/secure.gravatar.com\/avatar\/97963171a6d9108f8381bbefb1c6b150c445b6ddd9e3077b96c86cf5892c85dc?s=96&d=mm&r=g\",\"caption\":\"Dignity News\"},\"url\":\"https:\/\/dignitynews.eu\/de\/author\/mikolaj-palade\/\"}]}<\/script>\n<!-- \/ Yoast SEO plugin. -->","yoast_head_json":{"title":"Emil Sommerstein war Sejm-Abgeordneter mehrerer Wahlperioden in der Zweiten Polnischen Republik - W\u00fcrde - DignityNews.eu","robots":{"index":"index","follow":"follow","max-snippet":"max-snippet:-1","max-image-preview":"max-image-preview:large","max-video-preview":"max-video-preview:-1"},"canonical":"https:\/\/dignitynews.eu\/de\/emil-sommerstein-war-sejm-abgeordneter-mehrerer-wahlperioden-in-der-zweiten-polnischen-republik\/","og_locale":"de_DE","og_type":"article","og_title":"Emil Sommerstein war Sejm-Abgeordneter mehrerer Wahlperioden in der Zweiten Polnischen Republik - W\u00fcrde - DignityNews.eu","og_description":"Prominenter Zionist, Politiker, Doktor der Rechtswissenschaften und sozialer Aktivist. W\u00e4hrend der Zweiten Polnischen Republik sammelte er als Sejm-Abgeordneter der ersten, dritten, vierten und f\u00fcnften Legislaturperiode einen reichen Erfahrungsschatz.\u00a0\u00a0 Der aus&hellip;","og_url":"https:\/\/dignitynews.eu\/de\/emil-sommerstein-war-sejm-abgeordneter-mehrerer-wahlperioden-in-der-zweiten-polnischen-republik\/","og_site_name":"W\u00fcrde - DignityNews.eu","article_published_time":"2024-03-25T16:14:10+00:00","article_modified_time":"2024-12-03T16:15:30+00:00","og_image":[{"width":328,"height":441,"url":"https:\/\/dignitynews.eu\/wp-content\/uploads\/2024\/10\/Emil_Sommerstein_1945.jpg","type":"image\/jpeg"}],"author":"Dignity News","twitter_card":"summary_large_image","twitter_misc":{"Verfasst von":"Dignity News","Gesch\u00e4tzte Lesezeit":"2\u00a0Minuten"},"schema":{"@context":"https:\/\/schema.org","@graph":[{"@type":"WebSite","@id":"https:\/\/dignitynews.eu\/pl\/#website","url":"https:\/\/dignitynews.eu\/pl\/","name":"W\u00fcrde - DignityNews.eu","description":"","potentialAction":[{"@type":"SearchAction","target":{"@type":"EntryPoint","urlTemplate":"https:\/\/dignitynews.eu\/pl\/?s={search_term_string}"},"query-input":"required name=search_term_string"}],"inLanguage":"de"},{"@type":"WebPage","@id":"https:\/\/dignitynews.eu\/de\/emil-sommerstein-war-sejm-abgeordneter-mehrerer-wahlperioden-in-der-zweiten-polnischen-republik\/","url":"https:\/\/dignitynews.eu\/de\/emil-sommerstein-war-sejm-abgeordneter-mehrerer-wahlperioden-in-der-zweiten-polnischen-republik\/","name":"Emil Sommerstein war Sejm-Abgeordneter mehrerer Wahlperioden in der Zweiten Polnischen Republik - W\u00fcrde - DignityNews.eu","isPartOf":{"@id":"https:\/\/dignitynews.eu\/pl\/#website"},"datePublished":"2024-03-25T16:14:10+00:00","dateModified":"2024-12-03T16:15:30+00:00","author":{"@id":"https:\/\/dignitynews.eu\/pl\/#\/schema\/person\/0b62b762b8174802fabc81a3ecb1bfcb"},"breadcrumb":{"@id":"https:\/\/dignitynews.eu\/de\/emil-sommerstein-war-sejm-abgeordneter-mehrerer-wahlperioden-in-der-zweiten-polnischen-republik\/#breadcrumb"},"inLanguage":"de","potentialAction":[{"@type":"ReadAction","target":["https:\/\/dignitynews.eu\/de\/emil-sommerstein-war-sejm-abgeordneter-mehrerer-wahlperioden-in-der-zweiten-polnischen-republik\/"]}]},{"@type":"BreadcrumbList","@id":"https:\/\/dignitynews.eu\/de\/emil-sommerstein-war-sejm-abgeordneter-mehrerer-wahlperioden-in-der-zweiten-polnischen-republik\/#breadcrumb","itemListElement":[{"@type":"ListItem","position":1,"name":"Strona g\u0142\u00f3wna","item":"https:\/\/dignitynews.eu\/de\/"},{"@type":"ListItem","position":2,"name":"Emil Sommerstein war Sejm-Abgeordneter mehrerer Wahlperioden in der Zweiten Polnischen Republik"}]},{"@type":"Person","@id":"https:\/\/dignitynews.eu\/pl\/#\/schema\/person\/0b62b762b8174802fabc81a3ecb1bfcb","name":"Dignity News","image":{"@type":"ImageObject","inLanguage":"de","@id":"https:\/\/dignitynews.eu\/pl\/#\/schema\/person\/image\/","url":"https:\/\/secure.gravatar.com\/avatar\/97963171a6d9108f8381bbefb1c6b150c445b6ddd9e3077b96c86cf5892c85dc?s=96&d=mm&r=g","contentUrl":"https:\/\/secure.gravatar.com\/avatar\/97963171a6d9108f8381bbefb1c6b150c445b6ddd9e3077b96c86cf5892c85dc?s=96&d=mm&r=g","caption":"Dignity News"},"url":"https:\/\/dignitynews.eu\/de\/author\/mikolaj-palade\/"}]}},"_links":{"self":[{"href":"https:\/\/dignitynews.eu\/de\/wp-json\/wp\/v2\/posts\/60084","targetHints":{"allow":["GET"]}}],"collection":[{"href":"https:\/\/dignitynews.eu\/de\/wp-json\/wp\/v2\/posts"}],"about":[{"href":"https:\/\/dignitynews.eu\/de\/wp-json\/wp\/v2\/types\/post"}],"author":[{"embeddable":true,"href":"https:\/\/dignitynews.eu\/de\/wp-json\/wp\/v2\/users\/7"}],"replies":[{"embeddable":true,"href":"https:\/\/dignitynews.eu\/de\/wp-json\/wp\/v2\/comments?post=60084"}],"version-history":[{"count":1,"href":"https:\/\/dignitynews.eu\/de\/wp-json\/wp\/v2\/posts\/60084\/revisions"}],"predecessor-version":[{"id":60085,"href":"https:\/\/dignitynews.eu\/de\/wp-json\/wp\/v2\/posts\/60084\/revisions\/60085"}],"wp:featuredmedia":[{"embeddable":true,"href":"https:\/\/dignitynews.eu\/de\/wp-json\/wp\/v2\/media\/59685"}],"wp:attachment":[{"href":"https:\/\/dignitynews.eu\/de\/wp-json\/wp\/v2\/media?parent=60084"}],"wp:term":[{"taxonomy":"category","embeddable":true,"href":"https:\/\/dignitynews.eu\/de\/wp-json\/wp\/v2\/categories?post=60084"},{"taxonomy":"post_tag","embeddable":true,"href":"https:\/\/dignitynews.eu\/de\/wp-json\/wp\/v2\/tags?post=60084"}],"curies":[{"name":"wp","href":"https:\/\/api.w.org\/{rel}","templated":true}]}}