{"id":60082,"date":"2024-03-25T17:11:10","date_gmt":"2024-03-25T16:11:10","guid":{"rendered":"https:\/\/dignitynews.eu\/?p=60082"},"modified":"2024-12-03T17:16:16","modified_gmt":"2024-12-03T16:16:16","slug":"nationaler-gedenktag-fuer-polen-die-juden-unter-der-deutschen-besatzung-gerettet-haben","status":"publish","type":"post","link":"https:\/\/dignitynews.eu\/de\/nationaler-gedenktag-fuer-polen-die-juden-unter-der-deutschen-besatzung-gerettet-haben\/","title":{"rendered":"Nationaler Gedenktag f\u00fcr Polen, die Juden unter der deutschen Besatzung gerettet haben\u00a0"},"content":{"rendered":"<p><b>Der Flughafen Rzesz\u00f3w-Jasionka wurde offiziell nach der Familie Ulma \u2014 polnischer Familie, die acht Juden auf ihrem Bauernhof versteckte, wof\u00fcr sie am 24. M\u00e4rz 1944 von den Deutschen ermordet wurden, benannt. Der Jahrestag dieses Verbrechens ist der nationale Gedenktag f\u00fcr die Polen, die Juden unter der deutschen Besatzung gerettet haben. An den Feierlichkeiten nahm der Pr\u00e4sident Polens Andrzej Duda teil.<\/b><\/p>\n<p>\u201eWir danken Ihnen, dass Sie sich entschieden haben, den Flughafen nach dieser Familie zu benennen. Es ist ein besonderer Flughafen, der ein Fenster zur Welt ist, ein Ort, an den Menschen kommen \u2014 in letzter Zeit sogar aus der ganzen Welt. Seit der russischen Aggression gegen die Ukraine ist der Flughafen in Jasionka zu einem Zentrum der Unterst\u00fctzung f\u00fcr die Ukraine geworden, und zwar in jeder Hinsicht: milit\u00e4rische Unterst\u00fctzung, humanit\u00e4re Unterst\u00fctzung und politische Unterst\u00fctzung, denn hier kommen Politiker aus aller Welt an, die dann ihre Reise nach Kiew fortsetzen\u201d, sagte der Pr\u00e4sident und f\u00fcgte hinzu, dass dank dieser Initiative diese \u00e4u\u00dferst wichtige Geschichte \u00fcber Polen in die Welt hinausgehen werde.<\/p>\n<p>Die Familie Ulma versteckte acht Juden auf ihrem Bauernhof, wof\u00fcr sie am 24. M\u00e4rz 1944 von den Deutschen ermordet wurden. Zuerst wurden die versteckten Juden umgebracht, dann J\u00f3zef, Wiktoria und die sieben Ulma-Kinder (die Geburt des J\u00fcngsten begann im Moment der Hinrichtung).<\/p>\n<p>Ebenfalls am Sonntag legte der Pr\u00e4sident in Markowa im Gedenkgarten vor dem Denkmal, das an den Tod der Familie Ulma erinnert, einen Kranz nieder. \u201eObwohl die Hilfe f\u00fcr Juden in Polen wie nirgendwo sonst in Westeuropa mit dem Tode bestraft wurde, gab es etwa eine Million Polen, die ihren j\u00fcdischen Mitb\u00fcrgern Hilfe brachten\u201d, sagte Andrzej Duda.<\/p>\n<p>Im Jahr 1995 wurde die Familie Ulma f\u00fcr ihre Taten mit dem Titel \u201eGerechte unter den V\u00f6lkern\u201d geehrt. Im Jahr 2022 best\u00e4tigte Papst Franziskus das Dekret \u00fcber das Martyrium der ehrw\u00fcrdigen Diener Gottes und erm\u00f6glichte damit ihre Seligsprechung, die am 10. September 2023 in Markowa stattfand. Dies war das erste Mal in der Geschichte, dass eine ganze Familie zur Ehre der Alt\u00e4re erhoben wurde.<\/p>\n<p>Arkadiusz S\u0142omczy\u0144ski<\/p>\n","protected":false},"excerpt":{"rendered":"<p>Der Flughafen Rzesz\u00f3w-Jasionka wurde offiziell nach der Familie Ulma \u2014 polnischer Familie, die acht Juden auf ihrem Bauernhof versteckte, wof\u00fcr sie am 24. M\u00e4rz 1944 von den Deutschen ermordet wurden,&hellip;<\/p>\n","protected":false},"author":7,"featured_media":59193,"comment_status":"closed","ping_status":"closed","sticky":false,"template":"","format":"standard","meta":{"_mi_skip_tracking":false,"footnotes":""},"categories":[53],"tags":[],"class_list":["post-60082","post","type-post","status-publish","format-standard","has-post-thumbnail","hentry","category-nachrichten"],"yoast_head":"<!-- This site is optimized with the Yoast SEO plugin v19.4 - https:\/\/yoast.com\/wordpress\/plugins\/seo\/ -->\n<title>Nationaler Gedenktag f\u00fcr Polen, die Juden unter der deutschen Besatzung gerettet haben\u00a0 - W\u00fcrde - DignityNews.eu<\/title>\n<meta name=\"robots\" content=\"index, follow, max-snippet:-1, max-image-preview:large, max-video-preview:-1\" \/>\n<link rel=\"canonical\" href=\"https:\/\/dignitynews.eu\/de\/nationaler-gedenktag-fuer-polen-die-juden-unter-der-deutschen-besatzung-gerettet-haben\/\" \/>\n<meta property=\"og:locale\" content=\"de_DE\" \/>\n<meta property=\"og:type\" content=\"article\" \/>\n<meta property=\"og:title\" content=\"Nationaler Gedenktag f\u00fcr Polen, die Juden unter der deutschen Besatzung gerettet haben\u00a0 - W\u00fcrde - DignityNews.eu\" \/>\n<meta property=\"og:description\" content=\"Der Flughafen Rzesz\u00f3w-Jasionka wurde offiziell nach der Familie Ulma \u2014 polnischer Familie, die acht Juden auf ihrem Bauernhof versteckte, wof\u00fcr sie am 24. M\u00e4rz 1944 von den Deutschen ermordet wurden,&hellip;\" \/>\n<meta property=\"og:url\" content=\"https:\/\/dignitynews.eu\/de\/nationaler-gedenktag-fuer-polen-die-juden-unter-der-deutschen-besatzung-gerettet-haben\/\" \/>\n<meta property=\"og:site_name\" content=\"W\u00fcrde - DignityNews.eu\" \/>\n<meta property=\"article:published_time\" content=\"2024-03-25T16:11:10+00:00\" \/>\n<meta property=\"article:modified_time\" content=\"2024-12-03T16:16:16+00:00\" \/>\n<meta property=\"og:image\" content=\"https:\/\/dignitynews.eu\/wp-content\/uploads\/2024\/03\/uroczystosci-narodowego-fot.-Polska-Press-East-News.jpg\" \/>\n\t<meta property=\"og:image:width\" content=\"1500\" \/>\n\t<meta property=\"og:image:height\" content=\"1013\" \/>\n\t<meta property=\"og:image:type\" content=\"image\/jpeg\" \/>\n<meta name=\"author\" content=\"Dignity News\" \/>\n<meta name=\"twitter:card\" content=\"summary_large_image\" \/>\n<meta name=\"twitter:label1\" content=\"Verfasst von\" \/>\n\t<meta name=\"twitter:data1\" content=\"Dignity News\" \/>\n\t<meta name=\"twitter:label2\" content=\"Gesch\u00e4tzte Lesezeit\" \/>\n\t<meta name=\"twitter:data2\" content=\"2\u00a0Minuten\" \/>\n<script type=\"application\/ld+json\" class=\"yoast-schema-graph\">{\"@context\":\"https:\/\/schema.org\",\"@graph\":[{\"@type\":\"WebSite\",\"@id\":\"https:\/\/dignitynews.eu\/pl\/#website\",\"url\":\"https:\/\/dignitynews.eu\/pl\/\",\"name\":\"W\u00fcrde - DignityNews.eu\",\"description\":\"\",\"potentialAction\":[{\"@type\":\"SearchAction\",\"target\":{\"@type\":\"EntryPoint\",\"urlTemplate\":\"https:\/\/dignitynews.eu\/pl\/?s={search_term_string}\"},\"query-input\":\"required name=search_term_string\"}],\"inLanguage\":\"de\"},{\"@type\":\"WebPage\",\"@id\":\"https:\/\/dignitynews.eu\/de\/nationaler-gedenktag-fuer-polen-die-juden-unter-der-deutschen-besatzung-gerettet-haben\/\",\"url\":\"https:\/\/dignitynews.eu\/de\/nationaler-gedenktag-fuer-polen-die-juden-unter-der-deutschen-besatzung-gerettet-haben\/\",\"name\":\"Nationaler Gedenktag f\u00fcr Polen, die Juden unter der deutschen Besatzung gerettet haben\u00a0 - W\u00fcrde - DignityNews.eu\",\"isPartOf\":{\"@id\":\"https:\/\/dignitynews.eu\/pl\/#website\"},\"datePublished\":\"2024-03-25T16:11:10+00:00\",\"dateModified\":\"2024-12-03T16:16:16+00:00\",\"author\":{\"@id\":\"https:\/\/dignitynews.eu\/pl\/#\/schema\/person\/0b62b762b8174802fabc81a3ecb1bfcb\"},\"breadcrumb\":{\"@id\":\"https:\/\/dignitynews.eu\/de\/nationaler-gedenktag-fuer-polen-die-juden-unter-der-deutschen-besatzung-gerettet-haben\/#breadcrumb\"},\"inLanguage\":\"de\",\"potentialAction\":[{\"@type\":\"ReadAction\",\"target\":[\"https:\/\/dignitynews.eu\/de\/nationaler-gedenktag-fuer-polen-die-juden-unter-der-deutschen-besatzung-gerettet-haben\/\"]}]},{\"@type\":\"BreadcrumbList\",\"@id\":\"https:\/\/dignitynews.eu\/de\/nationaler-gedenktag-fuer-polen-die-juden-unter-der-deutschen-besatzung-gerettet-haben\/#breadcrumb\",\"itemListElement\":[{\"@type\":\"ListItem\",\"position\":1,\"name\":\"Strona g\u0142\u00f3wna\",\"item\":\"https:\/\/dignitynews.eu\/de\/\"},{\"@type\":\"ListItem\",\"position\":2,\"name\":\"Nationaler Gedenktag f\u00fcr Polen, die Juden unter der deutschen Besatzung gerettet haben\u00a0\"}]},{\"@type\":\"Person\",\"@id\":\"https:\/\/dignitynews.eu\/pl\/#\/schema\/person\/0b62b762b8174802fabc81a3ecb1bfcb\",\"name\":\"Dignity News\",\"image\":{\"@type\":\"ImageObject\",\"inLanguage\":\"de\",\"@id\":\"https:\/\/dignitynews.eu\/pl\/#\/schema\/person\/image\/\",\"url\":\"https:\/\/secure.gravatar.com\/avatar\/97963171a6d9108f8381bbefb1c6b150c445b6ddd9e3077b96c86cf5892c85dc?s=96&d=mm&r=g\",\"contentUrl\":\"https:\/\/secure.gravatar.com\/avatar\/97963171a6d9108f8381bbefb1c6b150c445b6ddd9e3077b96c86cf5892c85dc?s=96&d=mm&r=g\",\"caption\":\"Dignity News\"},\"url\":\"https:\/\/dignitynews.eu\/de\/author\/mikolaj-palade\/\"}]}<\/script>\n<!-- \/ Yoast SEO plugin. -->","yoast_head_json":{"title":"Nationaler Gedenktag f\u00fcr Polen, die Juden unter der deutschen Besatzung gerettet haben\u00a0 - W\u00fcrde - DignityNews.eu","robots":{"index":"index","follow":"follow","max-snippet":"max-snippet:-1","max-image-preview":"max-image-preview:large","max-video-preview":"max-video-preview:-1"},"canonical":"https:\/\/dignitynews.eu\/de\/nationaler-gedenktag-fuer-polen-die-juden-unter-der-deutschen-besatzung-gerettet-haben\/","og_locale":"de_DE","og_type":"article","og_title":"Nationaler Gedenktag f\u00fcr Polen, die Juden unter der deutschen Besatzung gerettet haben\u00a0 - W\u00fcrde - DignityNews.eu","og_description":"Der Flughafen Rzesz\u00f3w-Jasionka wurde offiziell nach der Familie Ulma \u2014 polnischer Familie, die acht Juden auf ihrem Bauernhof versteckte, wof\u00fcr sie am 24. M\u00e4rz 1944 von den Deutschen ermordet wurden,&hellip;","og_url":"https:\/\/dignitynews.eu\/de\/nationaler-gedenktag-fuer-polen-die-juden-unter-der-deutschen-besatzung-gerettet-haben\/","og_site_name":"W\u00fcrde - DignityNews.eu","article_published_time":"2024-03-25T16:11:10+00:00","article_modified_time":"2024-12-03T16:16:16+00:00","og_image":[{"width":1500,"height":1013,"url":"https:\/\/dignitynews.eu\/wp-content\/uploads\/2024\/03\/uroczystosci-narodowego-fot.-Polska-Press-East-News.jpg","type":"image\/jpeg"}],"author":"Dignity News","twitter_card":"summary_large_image","twitter_misc":{"Verfasst von":"Dignity News","Gesch\u00e4tzte Lesezeit":"2\u00a0Minuten"},"schema":{"@context":"https:\/\/schema.org","@graph":[{"@type":"WebSite","@id":"https:\/\/dignitynews.eu\/pl\/#website","url":"https:\/\/dignitynews.eu\/pl\/","name":"W\u00fcrde - DignityNews.eu","description":"","potentialAction":[{"@type":"SearchAction","target":{"@type":"EntryPoint","urlTemplate":"https:\/\/dignitynews.eu\/pl\/?s={search_term_string}"},"query-input":"required name=search_term_string"}],"inLanguage":"de"},{"@type":"WebPage","@id":"https:\/\/dignitynews.eu\/de\/nationaler-gedenktag-fuer-polen-die-juden-unter-der-deutschen-besatzung-gerettet-haben\/","url":"https:\/\/dignitynews.eu\/de\/nationaler-gedenktag-fuer-polen-die-juden-unter-der-deutschen-besatzung-gerettet-haben\/","name":"Nationaler Gedenktag f\u00fcr Polen, die Juden unter der deutschen Besatzung gerettet haben\u00a0 - W\u00fcrde - DignityNews.eu","isPartOf":{"@id":"https:\/\/dignitynews.eu\/pl\/#website"},"datePublished":"2024-03-25T16:11:10+00:00","dateModified":"2024-12-03T16:16:16+00:00","author":{"@id":"https:\/\/dignitynews.eu\/pl\/#\/schema\/person\/0b62b762b8174802fabc81a3ecb1bfcb"},"breadcrumb":{"@id":"https:\/\/dignitynews.eu\/de\/nationaler-gedenktag-fuer-polen-die-juden-unter-der-deutschen-besatzung-gerettet-haben\/#breadcrumb"},"inLanguage":"de","potentialAction":[{"@type":"ReadAction","target":["https:\/\/dignitynews.eu\/de\/nationaler-gedenktag-fuer-polen-die-juden-unter-der-deutschen-besatzung-gerettet-haben\/"]}]},{"@type":"BreadcrumbList","@id":"https:\/\/dignitynews.eu\/de\/nationaler-gedenktag-fuer-polen-die-juden-unter-der-deutschen-besatzung-gerettet-haben\/#breadcrumb","itemListElement":[{"@type":"ListItem","position":1,"name":"Strona g\u0142\u00f3wna","item":"https:\/\/dignitynews.eu\/de\/"},{"@type":"ListItem","position":2,"name":"Nationaler Gedenktag f\u00fcr Polen, die Juden unter der deutschen Besatzung gerettet haben\u00a0"}]},{"@type":"Person","@id":"https:\/\/dignitynews.eu\/pl\/#\/schema\/person\/0b62b762b8174802fabc81a3ecb1bfcb","name":"Dignity News","image":{"@type":"ImageObject","inLanguage":"de","@id":"https:\/\/dignitynews.eu\/pl\/#\/schema\/person\/image\/","url":"https:\/\/secure.gravatar.com\/avatar\/97963171a6d9108f8381bbefb1c6b150c445b6ddd9e3077b96c86cf5892c85dc?s=96&d=mm&r=g","contentUrl":"https:\/\/secure.gravatar.com\/avatar\/97963171a6d9108f8381bbefb1c6b150c445b6ddd9e3077b96c86cf5892c85dc?s=96&d=mm&r=g","caption":"Dignity News"},"url":"https:\/\/dignitynews.eu\/de\/author\/mikolaj-palade\/"}]}},"_links":{"self":[{"href":"https:\/\/dignitynews.eu\/de\/wp-json\/wp\/v2\/posts\/60082","targetHints":{"allow":["GET"]}}],"collection":[{"href":"https:\/\/dignitynews.eu\/de\/wp-json\/wp\/v2\/posts"}],"about":[{"href":"https:\/\/dignitynews.eu\/de\/wp-json\/wp\/v2\/types\/post"}],"author":[{"embeddable":true,"href":"https:\/\/dignitynews.eu\/de\/wp-json\/wp\/v2\/users\/7"}],"replies":[{"embeddable":true,"href":"https:\/\/dignitynews.eu\/de\/wp-json\/wp\/v2\/comments?post=60082"}],"version-history":[{"count":1,"href":"https:\/\/dignitynews.eu\/de\/wp-json\/wp\/v2\/posts\/60082\/revisions"}],"predecessor-version":[{"id":60087,"href":"https:\/\/dignitynews.eu\/de\/wp-json\/wp\/v2\/posts\/60082\/revisions\/60087"}],"wp:featuredmedia":[{"embeddable":true,"href":"https:\/\/dignitynews.eu\/de\/wp-json\/wp\/v2\/media\/59193"}],"wp:attachment":[{"href":"https:\/\/dignitynews.eu\/de\/wp-json\/wp\/v2\/media?parent=60082"}],"wp:term":[{"taxonomy":"category","embeddable":true,"href":"https:\/\/dignitynews.eu\/de\/wp-json\/wp\/v2\/categories?post=60082"},{"taxonomy":"post_tag","embeddable":true,"href":"https:\/\/dignitynews.eu\/de\/wp-json\/wp\/v2\/tags?post=60082"}],"curies":[{"name":"wp","href":"https:\/\/api.w.org\/{rel}","templated":true}]}}