{"id":59901,"date":"2024-03-06T14:06:30","date_gmt":"2024-03-06T13:06:30","guid":{"rendered":"https:\/\/dignitynews.eu\/?p=59901"},"modified":"2024-12-31T18:10:37","modified_gmt":"2024-12-31T17:10:37","slug":"roman-rybarski-herausragender-wirtschaftswissenschaftler-opfer-von-auschwitz","status":"publish","type":"post","link":"https:\/\/dignitynews.eu\/de\/roman-rybarski-herausragender-wirtschaftswissenschaftler-opfer-von-auschwitz\/","title":{"rendered":"Roman Rybarski \u2014 herausragender Wirtschaftswissenschaftler, Opfer von Auschwitz"},"content":{"rendered":"<p><strong>Es ist schwierig, in der Zweiten Polnischen Republik einen anderen Wissenschaftler mit einem so breiten Spektrum an Interessen und Forschungsaktivit\u00e4<\/strong><strong>ten zu nennen, der gleichzeitig ein aktiver Politiker und Ideologe der von ihm vertretenen Partei war. Rybarski war eine der f\u00fc<\/strong><strong>hrenden Pers<\/strong><strong>\u00f6<\/strong><strong>nlichkeiten in der Geschichte der polnischen Wirtschaftswissenschaften. <\/strong><strong>Er war aktives Mitglied der Nationalen Partei (<em>Stronnictw<\/em><\/strong><strong><em>o Narodowe<\/em><\/strong><strong>), Sejm<\/strong><strong>-Abgeordneter, Verfechter des parlamentarischen Systems und der Einhaltung der Rechtsstaatlichkeit, auch in wirtschaftlicher Hinsicht. <\/strong><\/p>\n<p>Roman Rybarski wurde am 3. August 1887 in Zator in den von \u00d6sterreich vereinnahmten Gebieten geboren. Bereits w\u00e4hrend seines Studiums an der juristischen Fakult\u00e4t der Jagiellonen-Universit\u00e4t engagierte er sich f\u00fcr die polnische Nationalbewegung. Er beteiligte sich an den Aktivit\u00e4ten der geheimen Jugendorganisation \u201eZet\u201d und sp\u00e4ter der Nationalen Liga (<em>Liga Narodowa<\/em>). Nach der Wiedererlangung der Unabh\u00e4ngigkeit Polens war er ein enger Mitarbeiter von W\u0142adys\u0142aw Grabski, dem Reformer des polnischen Finanzwesens. Er beteiligte sich an den Vorbereitungen zur Gr\u00fcndung der Polnischen Bank (<em>Bank Polski<\/em>). Er war Professor an der Jagiellonen-Universit\u00e4t, dann an der Technischen Universit\u00e4t Warschau und leitete ab 1924 den Lehrstuhl f\u00fcr Finanzwesen an der Juristischen Fakult\u00e4t der Universit\u00e4t Warschau. In den Jahren 1928-1935 war er Abgeordneter des Sejm der Republik Polen, sp\u00e4ter war er Aktivist des Gro\u00dfpolnischen Lagers (<em>Ob<\/em><em>\u00f3z Wielkiej Polski<\/em>) und der Nationalen Partei (<em>Stronnictwo Narodowe<\/em>). Als Wirtschaftswissenschaftler und Autor von fast 30 B\u00fcchern besch\u00e4ftigte sich Rybarski mit theoretischer \u00d6konomie, Wirtschaftspolitik und Wirtschaftsgeschichte.<\/p>\n<p>Nach dem \u00dcberfall des Dritten Reichs und der Sowjetunion auf Polen blieb er in Warschau. Er beteiligte sich am Aufbau der politischen Beh\u00f6rden des polnischen Untergrundstaates (er war Direktor des Finanzministeriums) und war Mitbegr\u00fcnder der juristischen Fakult\u00e4t der geheimen Universit\u00e4t Warschau. Im Mai 1941 wurde er verhaftet und in das Pawiak-Gef\u00e4ngnis gebracht, von wo aus er am 24. Juli nach Auschwitz deportiert wurde. Die Nationale Partei wurde als Partei mit einem antideutschen Programm von den deutschen Besatzern besonders verfolgt und vernichtet. Bereits zur Jahreswende 1940\/41 zerschlugen die Deutschen durch Verhaftungen die Strukturen der Nationalen Partei in Gro\u00dfpolen und Pommern, f\u00fcgten ihr in den Bezirken \u0141\u00f3d\u017a, Kalisz, Zag\u0142\u0119bie D\u0105browskie und in Warschau schwere Verluste zu. Abgesehen von Rybarski wurden die meisten Mitglieder der obersten Parteif\u00fchrung verhaftet; sie starben in Auschwitz oder wurden in Palmiry erschossen. Unter der sowjetischen Besatzung war die Situation \u00e4hnlich \u2014 der blo\u00dfe Verdacht auf Verbindungen zur Vorkriegs-Nationaldemokratie drohte mit Verhaftung, Todesurteil oder Deportation in ein Gulag und f\u00fcr die Familie die Deportation tief in die UdSSR.<\/p>\n<p>In Auschwitz wurde Rybarski, wie auch andere Vertreter nationaler Organisationen (darunter Jan Mosdorf vom Nationalradikalen Lager), in die von Hauptmann Witold Pilecki geschaffenen konspirativen Strukturen des Lagers und in den Prozess der Vereinheitlichung der polnischen politischen und milit\u00e4rischen Verschw\u00f6rung im Lager einbezogen.<\/p>\n<p>Er starb in Auschwitz am 6. M\u00e4rz 1942.<\/p>\n","protected":false},"excerpt":{"rendered":"<p>Es ist schwierig, in der Zweiten Polnischen Republik einen anderen Wissenschaftler mit einem so breiten Spektrum an Interessen und Forschungsaktivit\u00e4ten zu nennen, der gleichzeitig ein aktiver Politiker und Ideologe der&hellip;<\/p>\n","protected":false},"author":7,"featured_media":59594,"comment_status":"closed","ping_status":"closed","sticky":false,"template":"","format":"standard","meta":{"_mi_skip_tracking":false,"footnotes":""},"categories":[52],"tags":[],"class_list":["post-59901","post","type-post","status-publish","format-standard","has-post-thumbnail","hentry","category-geschichte"],"yoast_head":"<!-- This site is optimized with the Yoast SEO plugin v19.4 - https:\/\/yoast.com\/wordpress\/plugins\/seo\/ -->\n<title>Roman Rybarski \u2014 herausragender Wirtschaftswissenschaftler, Opfer von Auschwitz - W\u00fcrde - DignityNews.eu<\/title>\n<meta name=\"robots\" content=\"index, follow, max-snippet:-1, max-image-preview:large, max-video-preview:-1\" \/>\n<link rel=\"canonical\" href=\"https:\/\/dignitynews.eu\/de\/roman-rybarski-herausragender-wirtschaftswissenschaftler-opfer-von-auschwitz\/\" \/>\n<meta property=\"og:locale\" content=\"de_DE\" \/>\n<meta property=\"og:type\" content=\"article\" \/>\n<meta property=\"og:title\" content=\"Roman Rybarski \u2014 herausragender Wirtschaftswissenschaftler, Opfer von Auschwitz - W\u00fcrde - DignityNews.eu\" \/>\n<meta property=\"og:description\" content=\"Es ist schwierig, in der Zweiten Polnischen Republik einen anderen Wissenschaftler mit einem so breiten Spektrum an Interessen und Forschungsaktivit\u00e4ten zu nennen, der gleichzeitig ein aktiver Politiker und Ideologe der&hellip;\" \/>\n<meta property=\"og:url\" content=\"https:\/\/dignitynews.eu\/de\/roman-rybarski-herausragender-wirtschaftswissenschaftler-opfer-von-auschwitz\/\" \/>\n<meta property=\"og:site_name\" content=\"W\u00fcrde - DignityNews.eu\" \/>\n<meta property=\"article:published_time\" content=\"2024-03-06T13:06:30+00:00\" \/>\n<meta property=\"article:modified_time\" content=\"2024-12-31T17:10:37+00:00\" \/>\n<meta property=\"og:image\" content=\"https:\/\/dignitynews.eu\/wp-content\/uploads\/2024\/10\/Roman_Rybarski_-_Boleslaw_Barbacki.jpg\" \/>\n\t<meta property=\"og:image:width\" content=\"252\" \/>\n\t<meta property=\"og:image:height\" content=\"360\" \/>\n\t<meta property=\"og:image:type\" content=\"image\/jpeg\" \/>\n<meta name=\"author\" content=\"Dignity News\" \/>\n<meta name=\"twitter:card\" content=\"summary_large_image\" \/>\n<meta name=\"twitter:label1\" content=\"Verfasst von\" \/>\n\t<meta name=\"twitter:data1\" content=\"Dignity News\" \/>\n\t<meta name=\"twitter:label2\" content=\"Gesch\u00e4tzte Lesezeit\" \/>\n\t<meta name=\"twitter:data2\" content=\"2\u00a0Minuten\" \/>\n<script type=\"application\/ld+json\" class=\"yoast-schema-graph\">{\"@context\":\"https:\/\/schema.org\",\"@graph\":[{\"@type\":\"WebSite\",\"@id\":\"https:\/\/dignitynews.eu\/pl\/#website\",\"url\":\"https:\/\/dignitynews.eu\/pl\/\",\"name\":\"W\u00fcrde - DignityNews.eu\",\"description\":\"\",\"potentialAction\":[{\"@type\":\"SearchAction\",\"target\":{\"@type\":\"EntryPoint\",\"urlTemplate\":\"https:\/\/dignitynews.eu\/pl\/?s={search_term_string}\"},\"query-input\":\"required name=search_term_string\"}],\"inLanguage\":\"de\"},{\"@type\":\"WebPage\",\"@id\":\"https:\/\/dignitynews.eu\/de\/roman-rybarski-herausragender-wirtschaftswissenschaftler-opfer-von-auschwitz\/\",\"url\":\"https:\/\/dignitynews.eu\/de\/roman-rybarski-herausragender-wirtschaftswissenschaftler-opfer-von-auschwitz\/\",\"name\":\"Roman Rybarski \u2014 herausragender Wirtschaftswissenschaftler, Opfer von Auschwitz - W\u00fcrde - DignityNews.eu\",\"isPartOf\":{\"@id\":\"https:\/\/dignitynews.eu\/pl\/#website\"},\"datePublished\":\"2024-03-06T13:06:30+00:00\",\"dateModified\":\"2024-12-31T17:10:37+00:00\",\"author\":{\"@id\":\"https:\/\/dignitynews.eu\/pl\/#\/schema\/person\/0b62b762b8174802fabc81a3ecb1bfcb\"},\"breadcrumb\":{\"@id\":\"https:\/\/dignitynews.eu\/de\/roman-rybarski-herausragender-wirtschaftswissenschaftler-opfer-von-auschwitz\/#breadcrumb\"},\"inLanguage\":\"de\",\"potentialAction\":[{\"@type\":\"ReadAction\",\"target\":[\"https:\/\/dignitynews.eu\/de\/roman-rybarski-herausragender-wirtschaftswissenschaftler-opfer-von-auschwitz\/\"]}]},{\"@type\":\"BreadcrumbList\",\"@id\":\"https:\/\/dignitynews.eu\/de\/roman-rybarski-herausragender-wirtschaftswissenschaftler-opfer-von-auschwitz\/#breadcrumb\",\"itemListElement\":[{\"@type\":\"ListItem\",\"position\":1,\"name\":\"Strona g\u0142\u00f3wna\",\"item\":\"https:\/\/dignitynews.eu\/de\/\"},{\"@type\":\"ListItem\",\"position\":2,\"name\":\"Roman Rybarski \u2014 herausragender Wirtschaftswissenschaftler, Opfer von Auschwitz\"}]},{\"@type\":\"Person\",\"@id\":\"https:\/\/dignitynews.eu\/pl\/#\/schema\/person\/0b62b762b8174802fabc81a3ecb1bfcb\",\"name\":\"Dignity News\",\"image\":{\"@type\":\"ImageObject\",\"inLanguage\":\"de\",\"@id\":\"https:\/\/dignitynews.eu\/pl\/#\/schema\/person\/image\/\",\"url\":\"https:\/\/secure.gravatar.com\/avatar\/97963171a6d9108f8381bbefb1c6b150c445b6ddd9e3077b96c86cf5892c85dc?s=96&d=mm&r=g\",\"contentUrl\":\"https:\/\/secure.gravatar.com\/avatar\/97963171a6d9108f8381bbefb1c6b150c445b6ddd9e3077b96c86cf5892c85dc?s=96&d=mm&r=g\",\"caption\":\"Dignity News\"},\"url\":\"https:\/\/dignitynews.eu\/de\/author\/mikolaj-palade\/\"}]}<\/script>\n<!-- \/ Yoast SEO plugin. -->","yoast_head_json":{"title":"Roman Rybarski \u2014 herausragender Wirtschaftswissenschaftler, Opfer von Auschwitz - W\u00fcrde - DignityNews.eu","robots":{"index":"index","follow":"follow","max-snippet":"max-snippet:-1","max-image-preview":"max-image-preview:large","max-video-preview":"max-video-preview:-1"},"canonical":"https:\/\/dignitynews.eu\/de\/roman-rybarski-herausragender-wirtschaftswissenschaftler-opfer-von-auschwitz\/","og_locale":"de_DE","og_type":"article","og_title":"Roman Rybarski \u2014 herausragender Wirtschaftswissenschaftler, Opfer von Auschwitz - W\u00fcrde - DignityNews.eu","og_description":"Es ist schwierig, in der Zweiten Polnischen Republik einen anderen Wissenschaftler mit einem so breiten Spektrum an Interessen und Forschungsaktivit\u00e4ten zu nennen, der gleichzeitig ein aktiver Politiker und Ideologe der&hellip;","og_url":"https:\/\/dignitynews.eu\/de\/roman-rybarski-herausragender-wirtschaftswissenschaftler-opfer-von-auschwitz\/","og_site_name":"W\u00fcrde - DignityNews.eu","article_published_time":"2024-03-06T13:06:30+00:00","article_modified_time":"2024-12-31T17:10:37+00:00","og_image":[{"width":252,"height":360,"url":"https:\/\/dignitynews.eu\/wp-content\/uploads\/2024\/10\/Roman_Rybarski_-_Boleslaw_Barbacki.jpg","type":"image\/jpeg"}],"author":"Dignity News","twitter_card":"summary_large_image","twitter_misc":{"Verfasst von":"Dignity News","Gesch\u00e4tzte Lesezeit":"2\u00a0Minuten"},"schema":{"@context":"https:\/\/schema.org","@graph":[{"@type":"WebSite","@id":"https:\/\/dignitynews.eu\/pl\/#website","url":"https:\/\/dignitynews.eu\/pl\/","name":"W\u00fcrde - DignityNews.eu","description":"","potentialAction":[{"@type":"SearchAction","target":{"@type":"EntryPoint","urlTemplate":"https:\/\/dignitynews.eu\/pl\/?s={search_term_string}"},"query-input":"required name=search_term_string"}],"inLanguage":"de"},{"@type":"WebPage","@id":"https:\/\/dignitynews.eu\/de\/roman-rybarski-herausragender-wirtschaftswissenschaftler-opfer-von-auschwitz\/","url":"https:\/\/dignitynews.eu\/de\/roman-rybarski-herausragender-wirtschaftswissenschaftler-opfer-von-auschwitz\/","name":"Roman Rybarski \u2014 herausragender Wirtschaftswissenschaftler, Opfer von Auschwitz - W\u00fcrde - DignityNews.eu","isPartOf":{"@id":"https:\/\/dignitynews.eu\/pl\/#website"},"datePublished":"2024-03-06T13:06:30+00:00","dateModified":"2024-12-31T17:10:37+00:00","author":{"@id":"https:\/\/dignitynews.eu\/pl\/#\/schema\/person\/0b62b762b8174802fabc81a3ecb1bfcb"},"breadcrumb":{"@id":"https:\/\/dignitynews.eu\/de\/roman-rybarski-herausragender-wirtschaftswissenschaftler-opfer-von-auschwitz\/#breadcrumb"},"inLanguage":"de","potentialAction":[{"@type":"ReadAction","target":["https:\/\/dignitynews.eu\/de\/roman-rybarski-herausragender-wirtschaftswissenschaftler-opfer-von-auschwitz\/"]}]},{"@type":"BreadcrumbList","@id":"https:\/\/dignitynews.eu\/de\/roman-rybarski-herausragender-wirtschaftswissenschaftler-opfer-von-auschwitz\/#breadcrumb","itemListElement":[{"@type":"ListItem","position":1,"name":"Strona g\u0142\u00f3wna","item":"https:\/\/dignitynews.eu\/de\/"},{"@type":"ListItem","position":2,"name":"Roman Rybarski \u2014 herausragender Wirtschaftswissenschaftler, Opfer von Auschwitz"}]},{"@type":"Person","@id":"https:\/\/dignitynews.eu\/pl\/#\/schema\/person\/0b62b762b8174802fabc81a3ecb1bfcb","name":"Dignity News","image":{"@type":"ImageObject","inLanguage":"de","@id":"https:\/\/dignitynews.eu\/pl\/#\/schema\/person\/image\/","url":"https:\/\/secure.gravatar.com\/avatar\/97963171a6d9108f8381bbefb1c6b150c445b6ddd9e3077b96c86cf5892c85dc?s=96&d=mm&r=g","contentUrl":"https:\/\/secure.gravatar.com\/avatar\/97963171a6d9108f8381bbefb1c6b150c445b6ddd9e3077b96c86cf5892c85dc?s=96&d=mm&r=g","caption":"Dignity News"},"url":"https:\/\/dignitynews.eu\/de\/author\/mikolaj-palade\/"}]}},"_links":{"self":[{"href":"https:\/\/dignitynews.eu\/de\/wp-json\/wp\/v2\/posts\/59901","targetHints":{"allow":["GET"]}}],"collection":[{"href":"https:\/\/dignitynews.eu\/de\/wp-json\/wp\/v2\/posts"}],"about":[{"href":"https:\/\/dignitynews.eu\/de\/wp-json\/wp\/v2\/types\/post"}],"author":[{"embeddable":true,"href":"https:\/\/dignitynews.eu\/de\/wp-json\/wp\/v2\/users\/7"}],"replies":[{"embeddable":true,"href":"https:\/\/dignitynews.eu\/de\/wp-json\/wp\/v2\/comments?post=59901"}],"version-history":[{"count":1,"href":"https:\/\/dignitynews.eu\/de\/wp-json\/wp\/v2\/posts\/59901\/revisions"}],"predecessor-version":[{"id":59902,"href":"https:\/\/dignitynews.eu\/de\/wp-json\/wp\/v2\/posts\/59901\/revisions\/59902"}],"wp:featuredmedia":[{"embeddable":true,"href":"https:\/\/dignitynews.eu\/de\/wp-json\/wp\/v2\/media\/59594"}],"wp:attachment":[{"href":"https:\/\/dignitynews.eu\/de\/wp-json\/wp\/v2\/media?parent=59901"}],"wp:term":[{"taxonomy":"category","embeddable":true,"href":"https:\/\/dignitynews.eu\/de\/wp-json\/wp\/v2\/categories?post=59901"},{"taxonomy":"post_tag","embeddable":true,"href":"https:\/\/dignitynews.eu\/de\/wp-json\/wp\/v2\/tags?post=59901"}],"curies":[{"name":"wp","href":"https:\/\/api.w.org\/{rel}","templated":true}]}}