{"id":59797,"date":"2024-03-26T08:14:46","date_gmt":"2024-03-26T07:14:46","guid":{"rendered":"https:\/\/dignitynews.eu\/?p=59797"},"modified":"2024-10-16T08:15:01","modified_gmt":"2024-10-16T06:15:01","slug":"aktion-arsenal","status":"publish","type":"post","link":"https:\/\/dignitynews.eu\/de\/aktion-arsenal\/","title":{"rendered":"Aktion Arsenal"},"content":{"rendered":"<p><strong>Die Aktion Arsenal <\/strong><strong>war eine der ber\u00fchmtesten <\/strong><strong>Operationen des polnischen Untergrunds. <\/strong><strong>An der Aktion nahmen die <\/strong><strong>Pfadfinder der Sturm<\/strong><strong>gruppen der Grauen R<\/strong><strong>eihen (<em>Szare Szeregi<\/em><\/strong><strong>), einer konspirativen Organisation der Polnischen Pfadfinder<\/strong><strong>bewegung (ZHP)<\/strong><strong>, teil. Die Aktion, die unter anderem in <\/strong><strong>dem Buch von Aleksander Kami\u0144ski <\/strong><strong>\u201eKamienie na szaniec<\/strong><strong>\u201d (<\/strong><strong>dt. <em>Steine auf <\/em><\/strong><strong><em>die Schanze<\/em>) beschrieben w<\/strong><strong>urde, ist den Polen bis heute in Erinnerung geblieben.<\/strong><\/p>\n<p>Im M\u00e4rz 1943 wurde Henryk Ostrowski \u201eHeniek\u201d, Kommandeur der Pfadfindereinheit \u201ePraga\u201d der Warschauer Sturmgruppen, verhaftet. Eine Durchsuchung seiner Wohnung brachte die Deutschen auf die Spur von Jan Bytnar \u201eRudy\u201d, dem hoch angesehenen Kommandeur der Pfadfindereinheit \u201ePo\u0142udnie\u201d. Bytnar wurde am 23. M\u00e4rz 1943 verhaftet und brutal gefoltert. Die Nachricht von der Verhaftung verbreitete sich unter den Pfadfindern. Bereits am Tag seiner Verhaftung stellte Tadeusz Zawadzki \u201eZo\u015bka\u201d eine Gruppe zusammen, deren Aufgabe es war, den transportierten Untergrundsoldaten zu befreien. Die Aktion mit dem Decknamen \u201eMeksyk I\u201d kam jedoch nicht zustande. Es fehlte die Zustimmung des Kommandos.<\/p>\n<p>Die Soldaten der Grauen Reihen beschlossen, einen weiteren Hinterhalt vorzubereiten. F\u00fcr den Entwurf des Plans war \u201eZo\u015bka\u201d verantwortlich. Neunundzwanzig junge Soldaten waren an der Aktion beteiligt, au\u00dferdem organisierten sie das Personal eines Sanit\u00e4tspostens, der sich um \u201eRudy\u201d und die m\u00f6glichen Verwundeten k\u00fcmmern sollte. Au\u00dferdem wurde ein Informant engagiert, der \u00fcber den Zeitpunkt der Abreise berichten sollte.<\/p>\n<p>Die Aktion \u201eMeksyk II\u201d fand am 26. M\u00e4rz 1943 statt. Stanis\u0142aw Broniewski \u201eOrsza\u201d, der damalige Kommandeur der Warschauer Pfadfinderbewegung, wurde zum Kommandeur ernannt. Die Aktion begann um 17:30 Uhr, kurz darauf fielen die ersten Sch\u00fcsse \u2014 \u201eZo\u015bka\u201d verwundete einen Polizisten, der nach seiner Waffe griff. Die beiden Begleitsch\u00fctzer, die unter der Plane sa\u00dfen, er\u00f6ffneten das Feuer. Der Wagen, dessen Besatzung neutralisiert wurde, bremste in der N\u00e4he des Arsenals. \u201eZo\u015bka\u201d lief mit seinen Kameraden auf den Gefangenen zu. W\u00e4hrend des Schusswechsels wurden beide Begleitersch\u00fctzer get\u00f6tet, und eine der transportierten weiblichen Gefangenen wurde versehentlich get\u00f6tet. Einundzwanzig Personen wurden befreit, von denen die meisten entkamen. Die Verwundeten wurden in Autos abtransportiert. W\u00e4hrend des R\u00fcckzugs kam es zu Scharm\u00fctzeln mit einzelnen Deutschen und Truppen eines vorbeifahrenden Lastwagens sowie mit denen des Arbeitsamtes. Dabei bew\u00e4hrte sich \u201eAlek\u201d, der den Feind zweimal mit einer pr\u00e4zise geworfenen Granate aufhielt. Anschlie\u00dfend wurde er schwer verwundet.<\/p>\n<p>Die Aktion war erfolgreich, aber sowohl der gerettete \u201eRudy\u201d als auch \u201eAlek\u201d starben an ihren Wunden, au\u00dferdem wurde der gefangen genommene \u201eHubert\u201d totgeschlagen und 3 andere Polen wurden verwundet.<\/p>\n","protected":false},"excerpt":{"rendered":"<p>Die Aktion Arsenal war eine der ber\u00fchmtesten Operationen des polnischen Untergrunds. An der Aktion nahmen die Pfadfinder der Sturmgruppen der Grauen Reihen (Szare Szeregi), einer konspirativen Organisation der Polnischen Pfadfinderbewegung&hellip;<\/p>\n","protected":false},"author":7,"featured_media":59692,"comment_status":"closed","ping_status":"closed","sticky":false,"template":"","format":"standard","meta":{"_mi_skip_tracking":false,"footnotes":""},"categories":[52],"tags":[],"class_list":["post-59797","post","type-post","status-publish","format-standard","has-post-thumbnail","hentry","category-geschichte"],"yoast_head":"<!-- This site is optimized with the Yoast SEO plugin v19.4 - https:\/\/yoast.com\/wordpress\/plugins\/seo\/ -->\n<title>Aktion Arsenal - W\u00fcrde - DignityNews.eu<\/title>\n<meta name=\"robots\" content=\"index, follow, max-snippet:-1, max-image-preview:large, max-video-preview:-1\" \/>\n<link rel=\"canonical\" href=\"https:\/\/dignitynews.eu\/de\/aktion-arsenal\/\" \/>\n<meta property=\"og:locale\" content=\"de_DE\" \/>\n<meta property=\"og:type\" content=\"article\" \/>\n<meta property=\"og:title\" content=\"Aktion Arsenal - W\u00fcrde - DignityNews.eu\" \/>\n<meta property=\"og:description\" content=\"Die Aktion Arsenal war eine der ber\u00fchmtesten Operationen des polnischen Untergrunds. An der Aktion nahmen die Pfadfinder der Sturmgruppen der Grauen Reihen (Szare Szeregi), einer konspirativen Organisation der Polnischen Pfadfinderbewegung&hellip;\" \/>\n<meta property=\"og:url\" content=\"https:\/\/dignitynews.eu\/de\/aktion-arsenal\/\" \/>\n<meta property=\"og:site_name\" content=\"W\u00fcrde - DignityNews.eu\" \/>\n<meta property=\"article:published_time\" content=\"2024-03-26T07:14:46+00:00\" \/>\n<meta property=\"article:modified_time\" content=\"2024-10-16T06:15:01+00:00\" \/>\n<meta property=\"og:image\" content=\"https:\/\/dignitynews.eu\/wp-content\/uploads\/2024\/10\/1200px-Zdjecie_z_planu_filmu_Akcja_pod_Arsenalem.jpg\" \/>\n\t<meta property=\"og:image:width\" content=\"1200\" \/>\n\t<meta property=\"og:image:height\" content=\"887\" \/>\n\t<meta property=\"og:image:type\" content=\"image\/jpeg\" \/>\n<meta name=\"author\" content=\"Dignity News\" \/>\n<meta name=\"twitter:card\" content=\"summary_large_image\" \/>\n<meta name=\"twitter:label1\" content=\"Verfasst von\" \/>\n\t<meta name=\"twitter:data1\" content=\"Dignity News\" \/>\n\t<meta name=\"twitter:label2\" content=\"Gesch\u00e4tzte Lesezeit\" \/>\n\t<meta name=\"twitter:data2\" content=\"2\u00a0Minuten\" \/>\n<script type=\"application\/ld+json\" class=\"yoast-schema-graph\">{\"@context\":\"https:\/\/schema.org\",\"@graph\":[{\"@type\":\"WebSite\",\"@id\":\"https:\/\/dignitynews.eu\/pl\/#website\",\"url\":\"https:\/\/dignitynews.eu\/pl\/\",\"name\":\"W\u00fcrde - DignityNews.eu\",\"description\":\"\",\"potentialAction\":[{\"@type\":\"SearchAction\",\"target\":{\"@type\":\"EntryPoint\",\"urlTemplate\":\"https:\/\/dignitynews.eu\/pl\/?s={search_term_string}\"},\"query-input\":\"required name=search_term_string\"}],\"inLanguage\":\"de\"},{\"@type\":\"WebPage\",\"@id\":\"https:\/\/dignitynews.eu\/de\/aktion-arsenal\/\",\"url\":\"https:\/\/dignitynews.eu\/de\/aktion-arsenal\/\",\"name\":\"Aktion Arsenal - W\u00fcrde - DignityNews.eu\",\"isPartOf\":{\"@id\":\"https:\/\/dignitynews.eu\/pl\/#website\"},\"datePublished\":\"2024-03-26T07:14:46+00:00\",\"dateModified\":\"2024-10-16T06:15:01+00:00\",\"author\":{\"@id\":\"https:\/\/dignitynews.eu\/pl\/#\/schema\/person\/0b62b762b8174802fabc81a3ecb1bfcb\"},\"breadcrumb\":{\"@id\":\"https:\/\/dignitynews.eu\/de\/aktion-arsenal\/#breadcrumb\"},\"inLanguage\":\"de\",\"potentialAction\":[{\"@type\":\"ReadAction\",\"target\":[\"https:\/\/dignitynews.eu\/de\/aktion-arsenal\/\"]}]},{\"@type\":\"BreadcrumbList\",\"@id\":\"https:\/\/dignitynews.eu\/de\/aktion-arsenal\/#breadcrumb\",\"itemListElement\":[{\"@type\":\"ListItem\",\"position\":1,\"name\":\"Strona g\u0142\u00f3wna\",\"item\":\"https:\/\/dignitynews.eu\/de\/\"},{\"@type\":\"ListItem\",\"position\":2,\"name\":\"Aktion Arsenal\"}]},{\"@type\":\"Person\",\"@id\":\"https:\/\/dignitynews.eu\/pl\/#\/schema\/person\/0b62b762b8174802fabc81a3ecb1bfcb\",\"name\":\"Dignity News\",\"image\":{\"@type\":\"ImageObject\",\"inLanguage\":\"de\",\"@id\":\"https:\/\/dignitynews.eu\/pl\/#\/schema\/person\/image\/\",\"url\":\"https:\/\/secure.gravatar.com\/avatar\/97963171a6d9108f8381bbefb1c6b150c445b6ddd9e3077b96c86cf5892c85dc?s=96&d=mm&r=g\",\"contentUrl\":\"https:\/\/secure.gravatar.com\/avatar\/97963171a6d9108f8381bbefb1c6b150c445b6ddd9e3077b96c86cf5892c85dc?s=96&d=mm&r=g\",\"caption\":\"Dignity News\"},\"url\":\"https:\/\/dignitynews.eu\/de\/author\/mikolaj-palade\/\"}]}<\/script>\n<!-- \/ Yoast SEO plugin. -->","yoast_head_json":{"title":"Aktion Arsenal - W\u00fcrde - DignityNews.eu","robots":{"index":"index","follow":"follow","max-snippet":"max-snippet:-1","max-image-preview":"max-image-preview:large","max-video-preview":"max-video-preview:-1"},"canonical":"https:\/\/dignitynews.eu\/de\/aktion-arsenal\/","og_locale":"de_DE","og_type":"article","og_title":"Aktion Arsenal - W\u00fcrde - DignityNews.eu","og_description":"Die Aktion Arsenal war eine der ber\u00fchmtesten Operationen des polnischen Untergrunds. An der Aktion nahmen die Pfadfinder der Sturmgruppen der Grauen Reihen (Szare Szeregi), einer konspirativen Organisation der Polnischen Pfadfinderbewegung&hellip;","og_url":"https:\/\/dignitynews.eu\/de\/aktion-arsenal\/","og_site_name":"W\u00fcrde - DignityNews.eu","article_published_time":"2024-03-26T07:14:46+00:00","article_modified_time":"2024-10-16T06:15:01+00:00","og_image":[{"width":1200,"height":887,"url":"https:\/\/dignitynews.eu\/wp-content\/uploads\/2024\/10\/1200px-Zdjecie_z_planu_filmu_Akcja_pod_Arsenalem.jpg","type":"image\/jpeg"}],"author":"Dignity News","twitter_card":"summary_large_image","twitter_misc":{"Verfasst von":"Dignity News","Gesch\u00e4tzte Lesezeit":"2\u00a0Minuten"},"schema":{"@context":"https:\/\/schema.org","@graph":[{"@type":"WebSite","@id":"https:\/\/dignitynews.eu\/pl\/#website","url":"https:\/\/dignitynews.eu\/pl\/","name":"W\u00fcrde - DignityNews.eu","description":"","potentialAction":[{"@type":"SearchAction","target":{"@type":"EntryPoint","urlTemplate":"https:\/\/dignitynews.eu\/pl\/?s={search_term_string}"},"query-input":"required name=search_term_string"}],"inLanguage":"de"},{"@type":"WebPage","@id":"https:\/\/dignitynews.eu\/de\/aktion-arsenal\/","url":"https:\/\/dignitynews.eu\/de\/aktion-arsenal\/","name":"Aktion Arsenal - W\u00fcrde - DignityNews.eu","isPartOf":{"@id":"https:\/\/dignitynews.eu\/pl\/#website"},"datePublished":"2024-03-26T07:14:46+00:00","dateModified":"2024-10-16T06:15:01+00:00","author":{"@id":"https:\/\/dignitynews.eu\/pl\/#\/schema\/person\/0b62b762b8174802fabc81a3ecb1bfcb"},"breadcrumb":{"@id":"https:\/\/dignitynews.eu\/de\/aktion-arsenal\/#breadcrumb"},"inLanguage":"de","potentialAction":[{"@type":"ReadAction","target":["https:\/\/dignitynews.eu\/de\/aktion-arsenal\/"]}]},{"@type":"BreadcrumbList","@id":"https:\/\/dignitynews.eu\/de\/aktion-arsenal\/#breadcrumb","itemListElement":[{"@type":"ListItem","position":1,"name":"Strona g\u0142\u00f3wna","item":"https:\/\/dignitynews.eu\/de\/"},{"@type":"ListItem","position":2,"name":"Aktion Arsenal"}]},{"@type":"Person","@id":"https:\/\/dignitynews.eu\/pl\/#\/schema\/person\/0b62b762b8174802fabc81a3ecb1bfcb","name":"Dignity News","image":{"@type":"ImageObject","inLanguage":"de","@id":"https:\/\/dignitynews.eu\/pl\/#\/schema\/person\/image\/","url":"https:\/\/secure.gravatar.com\/avatar\/97963171a6d9108f8381bbefb1c6b150c445b6ddd9e3077b96c86cf5892c85dc?s=96&d=mm&r=g","contentUrl":"https:\/\/secure.gravatar.com\/avatar\/97963171a6d9108f8381bbefb1c6b150c445b6ddd9e3077b96c86cf5892c85dc?s=96&d=mm&r=g","caption":"Dignity News"},"url":"https:\/\/dignitynews.eu\/de\/author\/mikolaj-palade\/"}]}},"_links":{"self":[{"href":"https:\/\/dignitynews.eu\/de\/wp-json\/wp\/v2\/posts\/59797","targetHints":{"allow":["GET"]}}],"collection":[{"href":"https:\/\/dignitynews.eu\/de\/wp-json\/wp\/v2\/posts"}],"about":[{"href":"https:\/\/dignitynews.eu\/de\/wp-json\/wp\/v2\/types\/post"}],"author":[{"embeddable":true,"href":"https:\/\/dignitynews.eu\/de\/wp-json\/wp\/v2\/users\/7"}],"replies":[{"embeddable":true,"href":"https:\/\/dignitynews.eu\/de\/wp-json\/wp\/v2\/comments?post=59797"}],"version-history":[{"count":2,"href":"https:\/\/dignitynews.eu\/de\/wp-json\/wp\/v2\/posts\/59797\/revisions"}],"predecessor-version":[{"id":59799,"href":"https:\/\/dignitynews.eu\/de\/wp-json\/wp\/v2\/posts\/59797\/revisions\/59799"}],"wp:featuredmedia":[{"embeddable":true,"href":"https:\/\/dignitynews.eu\/de\/wp-json\/wp\/v2\/media\/59692"}],"wp:attachment":[{"href":"https:\/\/dignitynews.eu\/de\/wp-json\/wp\/v2\/media?parent=59797"}],"wp:term":[{"taxonomy":"category","embeddable":true,"href":"https:\/\/dignitynews.eu\/de\/wp-json\/wp\/v2\/categories?post=59797"},{"taxonomy":"post_tag","embeddable":true,"href":"https:\/\/dignitynews.eu\/de\/wp-json\/wp\/v2\/tags?post=59797"}],"curies":[{"name":"wp","href":"https:\/\/api.w.org\/{rel}","templated":true}]}}