{"id":59058,"date":"2024-03-19T14:59:00","date_gmt":"2024-03-19T13:59:00","guid":{"rendered":"https:\/\/dignitynews.eu\/?p=59058"},"modified":"2024-03-21T16:35:29","modified_gmt":"2024-03-21T15:35:29","slug":"porzellankabinett-neue-dauerausstellung-im-koenigsschloss-wawel","status":"publish","type":"post","link":"https:\/\/dignitynews.eu\/de\/porzellankabinett-neue-dauerausstellung-im-koenigsschloss-wawel\/","title":{"rendered":"Porzellankabinett \u2014 neue Dauerausstellung im K\u00f6nigsschloss Wawel"},"content":{"rendered":"<h5><strong>Im K<\/strong><strong>\u00f6<\/strong><strong>nigsschloss Wawel wurde das Porzellankabinett er<\/strong><strong>\u00f6<\/strong><strong>ffnet. Die neue Dauerausstellung pr\u00e4<\/strong><strong>sentiert nicht nur die herausragendsten, kunstvollen Porzellanarbeiten aus der von K<\/strong><strong>\u00f6<\/strong><strong>nig August II. gegr\u00fc<\/strong><strong>ndeten Porzellan-Manufaktur Meissen, sondern auch ein breites Spektrum der materiellen Kultur des 18. Jahrhunderts. <\/strong><\/h5>\n<p>Zu sehen ist unter anderem ein \u201eKr\u00f6nungsservice\u201d mit polnisch-s\u00e4chsischen Wappen, das im Jahr der Kr\u00f6nung Augusts III. zum K\u00f6nig von Polen entstand. Dieses Service bildete den Auftakt zu einer Reihe von Wappenservices, die von W\u00fcrdentr\u00e4gern des Hofes in Auftrag gegeben wurden.<\/p>\n<p>Die neue Dauerausstellung im Wawel-Schloss besteht aus drei R\u00e4umen, die auf moderne und \u00fcberraschende Weise in den R\u00e4umen der k\u00f6niglichen Privatgem\u00e4cher angeordnet sind. Die Palastinterieurs der ersten Galerie, deren W\u00e4nde mit ph\u00e4nomenalen Teppichen bedeckt und mit pr\u00e4chtigen Rokoko-Elementen verziert sind, lassen die Atmosph\u00e4re des 18. Jahrhunderts sp\u00fcren. Hier sind Beispiele des feinsten Augsburger Silbers sowie herausragende Gem\u00e4lde und M\u00f6bel zu sehen, die ein umfassendes Kunsterlebnis der Extraklasse bieten.<\/p>\n<p>Der zweite Raum ist dem Meissener Porzellan gewidmet. Er ist in Form eines Spiegelkabinetts gestaltet, in dem sich die ausgestellten Objekte spiegeln und durch effektvolle Pr\u00e4sentationsl\u00f6sungen buchst\u00e4blich in den Vitrinen schweben. Hier werden auch einige der wertvollsten Erwerbungen pr\u00e4sentiert, die im vergangenen Jahr die Sammlung des Schlosses bereichert haben. Dazu geh\u00f6ren ein lebensgro\u00dfer Fuchs mit einem Huhn im Maul (44,5 cm gro\u00df) von Johann Gottlieb Kirchner (einer von nur vier weltweit erhaltenen) sowie eine Schar lieblicher M\u00f6pse.<\/p>\n<p>Die dritte Galerie der neuen Ausstellung geh\u00f6rt den Meisterwerken von Johann Joachim Kaendler, dem Chefmodellierer der K\u00f6niglichen Manufaktur in Meissen im 18. Jahrhundert. Hier sehen wir die Kreuzigung (auch Golgatha genannt) \u2014 eine monumentale Porzellanplastik mit religi\u00f6sem Thema, die durch ihre Detailgenauigkeit und Ausdruckskraft besticht. Weltweit sind nur zwei Objekte dieser Art aus dem 18. Jahrhundert erhalten. Das zweite befindet sich in Dresden.<\/p>\n<p>Arkadiusz S\u0142omczy\u0144ski<\/p>\n","protected":false},"excerpt":{"rendered":"<p>Im K\u00f6nigsschloss Wawel wurde das Porzellankabinett er\u00f6ffnet. Die neue Dauerausstellung pr\u00e4sentiert nicht nur die herausragendsten, kunstvollen Porzellanarbeiten aus der von K\u00f6nig August II. gegr\u00fcndeten Porzellan-Manufaktur Meissen, sondern auch ein breites&hellip;<\/p>\n","protected":false},"author":7,"featured_media":58791,"comment_status":"closed","ping_status":"open","sticky":false,"template":"","format":"standard","meta":{"_mi_skip_tracking":false,"footnotes":""},"categories":[56],"tags":[],"class_list":["post-59058","post","type-post","status-publish","format-standard","has-post-thumbnail","hentry","category-kultur"],"yoast_head":"<!-- This site is optimized with the Yoast SEO plugin v19.4 - https:\/\/yoast.com\/wordpress\/plugins\/seo\/ -->\n<title>Porzellankabinett \u2014 neue Dauerausstellung im K\u00f6nigsschloss Wawel - W\u00fcrde - DignityNews.eu<\/title>\n<meta name=\"robots\" content=\"index, follow, max-snippet:-1, max-image-preview:large, max-video-preview:-1\" \/>\n<link rel=\"canonical\" href=\"https:\/\/dignitynews.eu\/de\/porzellankabinett-neue-dauerausstellung-im-koenigsschloss-wawel\/\" \/>\n<meta property=\"og:locale\" content=\"de_DE\" \/>\n<meta property=\"og:type\" content=\"article\" \/>\n<meta property=\"og:title\" content=\"Porzellankabinett \u2014 neue Dauerausstellung im K\u00f6nigsschloss Wawel - W\u00fcrde - DignityNews.eu\" \/>\n<meta property=\"og:description\" content=\"Im K\u00f6nigsschloss Wawel wurde das Porzellankabinett er\u00f6ffnet. Die neue Dauerausstellung pr\u00e4sentiert nicht nur die herausragendsten, kunstvollen Porzellanarbeiten aus der von K\u00f6nig August II. gegr\u00fcndeten Porzellan-Manufaktur Meissen, sondern auch ein breites&hellip;\" \/>\n<meta property=\"og:url\" content=\"https:\/\/dignitynews.eu\/de\/porzellankabinett-neue-dauerausstellung-im-koenigsschloss-wawel\/\" \/>\n<meta property=\"og:site_name\" content=\"W\u00fcrde - DignityNews.eu\" \/>\n<meta property=\"article:published_time\" content=\"2024-03-19T13:59:00+00:00\" \/>\n<meta property=\"article:modified_time\" content=\"2024-03-21T15:35:29+00:00\" \/>\n<meta property=\"og:image\" content=\"https:\/\/dignitynews.eu\/wp-content\/uploads\/2024\/03\/gabinet-porcelanowy-fot.-Zamek-Krolewski-na-Wawelu.jpg\" \/>\n\t<meta property=\"og:image:width\" content=\"788\" \/>\n\t<meta property=\"og:image:height\" content=\"526\" \/>\n\t<meta property=\"og:image:type\" content=\"image\/jpeg\" \/>\n<meta name=\"author\" content=\"Dignity News\" \/>\n<meta name=\"twitter:card\" content=\"summary_large_image\" \/>\n<meta name=\"twitter:label1\" content=\"Verfasst von\" \/>\n\t<meta name=\"twitter:data1\" content=\"Dignity News\" \/>\n\t<meta name=\"twitter:label2\" content=\"Gesch\u00e4tzte Lesezeit\" \/>\n\t<meta name=\"twitter:data2\" content=\"2\u00a0Minuten\" \/>\n<script type=\"application\/ld+json\" class=\"yoast-schema-graph\">{\"@context\":\"https:\/\/schema.org\",\"@graph\":[{\"@type\":\"WebSite\",\"@id\":\"https:\/\/dignitynews.eu\/pl\/#website\",\"url\":\"https:\/\/dignitynews.eu\/pl\/\",\"name\":\"W\u00fcrde - DignityNews.eu\",\"description\":\"\",\"potentialAction\":[{\"@type\":\"SearchAction\",\"target\":{\"@type\":\"EntryPoint\",\"urlTemplate\":\"https:\/\/dignitynews.eu\/pl\/?s={search_term_string}\"},\"query-input\":\"required name=search_term_string\"}],\"inLanguage\":\"de\"},{\"@type\":\"WebPage\",\"@id\":\"https:\/\/dignitynews.eu\/de\/porzellankabinett-neue-dauerausstellung-im-koenigsschloss-wawel\/\",\"url\":\"https:\/\/dignitynews.eu\/de\/porzellankabinett-neue-dauerausstellung-im-koenigsschloss-wawel\/\",\"name\":\"Porzellankabinett \u2014 neue Dauerausstellung im K\u00f6nigsschloss Wawel - W\u00fcrde - DignityNews.eu\",\"isPartOf\":{\"@id\":\"https:\/\/dignitynews.eu\/pl\/#website\"},\"datePublished\":\"2024-03-19T13:59:00+00:00\",\"dateModified\":\"2024-03-21T15:35:29+00:00\",\"author\":{\"@id\":\"https:\/\/dignitynews.eu\/pl\/#\/schema\/person\/0b62b762b8174802fabc81a3ecb1bfcb\"},\"breadcrumb\":{\"@id\":\"https:\/\/dignitynews.eu\/de\/porzellankabinett-neue-dauerausstellung-im-koenigsschloss-wawel\/#breadcrumb\"},\"inLanguage\":\"de\",\"potentialAction\":[{\"@type\":\"ReadAction\",\"target\":[\"https:\/\/dignitynews.eu\/de\/porzellankabinett-neue-dauerausstellung-im-koenigsschloss-wawel\/\"]}]},{\"@type\":\"BreadcrumbList\",\"@id\":\"https:\/\/dignitynews.eu\/de\/porzellankabinett-neue-dauerausstellung-im-koenigsschloss-wawel\/#breadcrumb\",\"itemListElement\":[{\"@type\":\"ListItem\",\"position\":1,\"name\":\"Strona g\u0142\u00f3wna\",\"item\":\"https:\/\/dignitynews.eu\/de\/\"},{\"@type\":\"ListItem\",\"position\":2,\"name\":\"Porzellankabinett \u2014 neue Dauerausstellung im K\u00f6nigsschloss Wawel\"}]},{\"@type\":\"Person\",\"@id\":\"https:\/\/dignitynews.eu\/pl\/#\/schema\/person\/0b62b762b8174802fabc81a3ecb1bfcb\",\"name\":\"Dignity News\",\"image\":{\"@type\":\"ImageObject\",\"inLanguage\":\"de\",\"@id\":\"https:\/\/dignitynews.eu\/pl\/#\/schema\/person\/image\/\",\"url\":\"https:\/\/secure.gravatar.com\/avatar\/97963171a6d9108f8381bbefb1c6b150c445b6ddd9e3077b96c86cf5892c85dc?s=96&d=mm&r=g\",\"contentUrl\":\"https:\/\/secure.gravatar.com\/avatar\/97963171a6d9108f8381bbefb1c6b150c445b6ddd9e3077b96c86cf5892c85dc?s=96&d=mm&r=g\",\"caption\":\"Dignity News\"},\"url\":\"https:\/\/dignitynews.eu\/de\/author\/mikolaj-palade\/\"}]}<\/script>\n<!-- \/ Yoast SEO plugin. -->","yoast_head_json":{"title":"Porzellankabinett \u2014 neue Dauerausstellung im K\u00f6nigsschloss Wawel - W\u00fcrde - DignityNews.eu","robots":{"index":"index","follow":"follow","max-snippet":"max-snippet:-1","max-image-preview":"max-image-preview:large","max-video-preview":"max-video-preview:-1"},"canonical":"https:\/\/dignitynews.eu\/de\/porzellankabinett-neue-dauerausstellung-im-koenigsschloss-wawel\/","og_locale":"de_DE","og_type":"article","og_title":"Porzellankabinett \u2014 neue Dauerausstellung im K\u00f6nigsschloss Wawel - W\u00fcrde - DignityNews.eu","og_description":"Im K\u00f6nigsschloss Wawel wurde das Porzellankabinett er\u00f6ffnet. Die neue Dauerausstellung pr\u00e4sentiert nicht nur die herausragendsten, kunstvollen Porzellanarbeiten aus der von K\u00f6nig August II. gegr\u00fcndeten Porzellan-Manufaktur Meissen, sondern auch ein breites&hellip;","og_url":"https:\/\/dignitynews.eu\/de\/porzellankabinett-neue-dauerausstellung-im-koenigsschloss-wawel\/","og_site_name":"W\u00fcrde - DignityNews.eu","article_published_time":"2024-03-19T13:59:00+00:00","article_modified_time":"2024-03-21T15:35:29+00:00","og_image":[{"width":788,"height":526,"url":"https:\/\/dignitynews.eu\/wp-content\/uploads\/2024\/03\/gabinet-porcelanowy-fot.-Zamek-Krolewski-na-Wawelu.jpg","type":"image\/jpeg"}],"author":"Dignity News","twitter_card":"summary_large_image","twitter_misc":{"Verfasst von":"Dignity News","Gesch\u00e4tzte Lesezeit":"2\u00a0Minuten"},"schema":{"@context":"https:\/\/schema.org","@graph":[{"@type":"WebSite","@id":"https:\/\/dignitynews.eu\/pl\/#website","url":"https:\/\/dignitynews.eu\/pl\/","name":"W\u00fcrde - DignityNews.eu","description":"","potentialAction":[{"@type":"SearchAction","target":{"@type":"EntryPoint","urlTemplate":"https:\/\/dignitynews.eu\/pl\/?s={search_term_string}"},"query-input":"required name=search_term_string"}],"inLanguage":"de"},{"@type":"WebPage","@id":"https:\/\/dignitynews.eu\/de\/porzellankabinett-neue-dauerausstellung-im-koenigsschloss-wawel\/","url":"https:\/\/dignitynews.eu\/de\/porzellankabinett-neue-dauerausstellung-im-koenigsschloss-wawel\/","name":"Porzellankabinett \u2014 neue Dauerausstellung im K\u00f6nigsschloss Wawel - W\u00fcrde - DignityNews.eu","isPartOf":{"@id":"https:\/\/dignitynews.eu\/pl\/#website"},"datePublished":"2024-03-19T13:59:00+00:00","dateModified":"2024-03-21T15:35:29+00:00","author":{"@id":"https:\/\/dignitynews.eu\/pl\/#\/schema\/person\/0b62b762b8174802fabc81a3ecb1bfcb"},"breadcrumb":{"@id":"https:\/\/dignitynews.eu\/de\/porzellankabinett-neue-dauerausstellung-im-koenigsschloss-wawel\/#breadcrumb"},"inLanguage":"de","potentialAction":[{"@type":"ReadAction","target":["https:\/\/dignitynews.eu\/de\/porzellankabinett-neue-dauerausstellung-im-koenigsschloss-wawel\/"]}]},{"@type":"BreadcrumbList","@id":"https:\/\/dignitynews.eu\/de\/porzellankabinett-neue-dauerausstellung-im-koenigsschloss-wawel\/#breadcrumb","itemListElement":[{"@type":"ListItem","position":1,"name":"Strona g\u0142\u00f3wna","item":"https:\/\/dignitynews.eu\/de\/"},{"@type":"ListItem","position":2,"name":"Porzellankabinett \u2014 neue Dauerausstellung im K\u00f6nigsschloss Wawel"}]},{"@type":"Person","@id":"https:\/\/dignitynews.eu\/pl\/#\/schema\/person\/0b62b762b8174802fabc81a3ecb1bfcb","name":"Dignity News","image":{"@type":"ImageObject","inLanguage":"de","@id":"https:\/\/dignitynews.eu\/pl\/#\/schema\/person\/image\/","url":"https:\/\/secure.gravatar.com\/avatar\/97963171a6d9108f8381bbefb1c6b150c445b6ddd9e3077b96c86cf5892c85dc?s=96&d=mm&r=g","contentUrl":"https:\/\/secure.gravatar.com\/avatar\/97963171a6d9108f8381bbefb1c6b150c445b6ddd9e3077b96c86cf5892c85dc?s=96&d=mm&r=g","caption":"Dignity News"},"url":"https:\/\/dignitynews.eu\/de\/author\/mikolaj-palade\/"}]}},"_links":{"self":[{"href":"https:\/\/dignitynews.eu\/de\/wp-json\/wp\/v2\/posts\/59058","targetHints":{"allow":["GET"]}}],"collection":[{"href":"https:\/\/dignitynews.eu\/de\/wp-json\/wp\/v2\/posts"}],"about":[{"href":"https:\/\/dignitynews.eu\/de\/wp-json\/wp\/v2\/types\/post"}],"author":[{"embeddable":true,"href":"https:\/\/dignitynews.eu\/de\/wp-json\/wp\/v2\/users\/7"}],"replies":[{"embeddable":true,"href":"https:\/\/dignitynews.eu\/de\/wp-json\/wp\/v2\/comments?post=59058"}],"version-history":[{"count":1,"href":"https:\/\/dignitynews.eu\/de\/wp-json\/wp\/v2\/posts\/59058\/revisions"}],"predecessor-version":[{"id":59059,"href":"https:\/\/dignitynews.eu\/de\/wp-json\/wp\/v2\/posts\/59058\/revisions\/59059"}],"wp:featuredmedia":[{"embeddable":true,"href":"https:\/\/dignitynews.eu\/de\/wp-json\/wp\/v2\/media\/58791"}],"wp:attachment":[{"href":"https:\/\/dignitynews.eu\/de\/wp-json\/wp\/v2\/media?parent=59058"}],"wp:term":[{"taxonomy":"category","embeddable":true,"href":"https:\/\/dignitynews.eu\/de\/wp-json\/wp\/v2\/categories?post=59058"},{"taxonomy":"post_tag","embeddable":true,"href":"https:\/\/dignitynews.eu\/de\/wp-json\/wp\/v2\/tags?post=59058"}],"curies":[{"name":"wp","href":"https:\/\/api.w.org\/{rel}","templated":true}]}}