{"id":58974,"date":"2024-03-20T09:08:08","date_gmt":"2024-03-20T08:08:08","guid":{"rendered":"https:\/\/dignitynews.eu\/?p=58974"},"modified":"2024-03-21T15:59:57","modified_gmt":"2024-03-21T14:59:57","slug":"ausstellung-ueber-tadeusz-kosciuszko-im-nationalmuseum-krakau","status":"publish","type":"post","link":"https:\/\/dignitynews.eu\/de\/ausstellung-ueber-tadeusz-kosciuszko-im-nationalmuseum-krakau\/","title":{"rendered":"Ausstellung \u00fcber Tadeusz Ko\u015bciuszko im Nationalmuseum Krakau"},"content":{"rendered":"<h5><strong>Am 24. M\u00e4<\/strong><strong>rz 2024 j<\/strong><strong>\u00e4hrt sich zum 230. Mal der Eid von Tadeusz Ko\u015bciuszko auf dem Krakauer Marktplatz, mit dem der Ko\u015bciuszko-Aufstand \u2014 ein patriotischer Aufstand zur Verteidigung der Freiheit der Nation und der Souver\u00e4nit\u00e4t des polnischen Staates \u2014 begann. Aus diesem Anlass l\u00e4dt das Nationalmuseum Krakau (MNK) vom 25. M\u00e4rz bis zum 11. August 2024 zu der Sonderausstellung \u201eTadeusz Ko\u015bciuszko. Gut und tapfer, aber ungl\u00fccklich\u201d.<\/strong><\/h5>\n<p>\u201eTadeusz Ko\u015bciuszko (1746-1817) \u2014 ein Absolvent der Ritterschule, Ingenieur und Milit\u00e4rarchitekt, Held des Amerikanischen Unabh\u00e4ngigkeitskrieges, k\u00e4mpfte auch f\u00fcr die Verteidigung der Verfassung vom 3. Mai. Nach dem Sieg der russischen Armee und ihrer Besetzung des polnischen Territoriums ging er nach Sachsen ins Exil, wo er zusammen mit anderen Patrioten \u2014 Reformern aus der Zeit des Gro\u00dfen Sejm (1788-1792) \u2014 einen Aufstand vorbereitete\u201d, erinnert das Nationalmuseum.<\/p>\n<p>Ziel der Ausstellung ist es, nicht nur die politische T\u00e4tigkeit von Tadeusz Ko\u015bciuszko, sondern vor allem seine k\u00fcnstlerische Seele und seinen romantischen Charakter zu zeigen. In den Sammlungen der Czartoryski-Bibliothek und des Czartoryski-Museums sind zahlreiche Dokumente erhalten geblieben, dank deren wir die verschiedenen Gesichter unseres Helden kennenlernen k\u00f6nnen.Die Gestalt von Tadeusz Ko\u015bciuszko ist untrennbar mit Krakau verbunden. Von hier aus brach er zu seiner Reise durch Europa auf, um dann zur\u00fcckzukehren und hier den Aufstand zu beginnen. Mit diesem Aufstand sind die ausgestellten Dokumente verbunden: die Proklamation von Po\u0142aniec (poln. <em>Uniwersa\u0142 po\u0142aniecki<\/em>) und die Gr\u00fcndung des Obersten Nationalen Rats. Au\u00dferdem werden zwei Karten zu sehen sein, die sich auf diese Phase im Leben von Ko\u015bciuszko beziehen.<\/p>\n<p>Der sp\u00e4tere Anf\u00fchrer des Aufstandes war ein hervorragender Zeichner, der nicht nur milit\u00e4rische Befestigungen, sondern auch malerische Landschaften und Portr\u00e4ts verewigte. Deshalb werden in der Ausstellung auch zwei Zeichnungen zu sehen sein, die sich auf seine Reisen beziehen. Die Ausstellung pr\u00e4sentiert auch die umfangreiche Korrespondenz von Ko\u015bciuszko mit bedeutenden Politikern der zweiten H\u00e4lfte des 18. Jahrhunderts: George Washington, Charles Talleyrand, Adam Jerzy Czartoryski, aber auch private Korrespondenz, zum Beispiel mit seiner langj\u00e4hrigen Freundin und treuen Vertrauten Konstancja Zamoyska, geborene Czartoryska, teilt das Museum mit.<\/p>\n<p>Adrian Andrzejewski<\/p>\n","protected":false},"excerpt":{"rendered":"<p>Am 24. M\u00e4rz 2024 j\u00e4hrt sich zum 230. Mal der Eid von Tadeusz Ko\u015bciuszko auf dem Krakauer Marktplatz, mit dem der Ko\u015bciuszko-Aufstand \u2014 ein patriotischer Aufstand zur Verteidigung der Freiheit&hellip;<\/p>\n","protected":false},"author":7,"featured_media":58840,"comment_status":"closed","ping_status":"open","sticky":false,"template":"","format":"standard","meta":{"_mi_skip_tracking":false,"footnotes":""},"categories":[56],"tags":[],"class_list":["post-58974","post","type-post","status-publish","format-standard","has-post-thumbnail","hentry","category-kultur"],"yoast_head":"<!-- This site is optimized with the Yoast SEO plugin v19.4 - https:\/\/yoast.com\/wordpress\/plugins\/seo\/ -->\n<title>Ausstellung \u00fcber Tadeusz Ko\u015bciuszko im Nationalmuseum Krakau - W\u00fcrde - DignityNews.eu<\/title>\n<meta name=\"robots\" content=\"index, follow, max-snippet:-1, max-image-preview:large, max-video-preview:-1\" \/>\n<link rel=\"canonical\" href=\"https:\/\/dignitynews.eu\/de\/ausstellung-ueber-tadeusz-kosciuszko-im-nationalmuseum-krakau\/\" \/>\n<meta property=\"og:locale\" content=\"de_DE\" \/>\n<meta property=\"og:type\" content=\"article\" \/>\n<meta property=\"og:title\" content=\"Ausstellung \u00fcber Tadeusz Ko\u015bciuszko im Nationalmuseum Krakau - W\u00fcrde - DignityNews.eu\" \/>\n<meta property=\"og:description\" content=\"Am 24. M\u00e4rz 2024 j\u00e4hrt sich zum 230. Mal der Eid von Tadeusz Ko\u015bciuszko auf dem Krakauer Marktplatz, mit dem der Ko\u015bciuszko-Aufstand \u2014 ein patriotischer Aufstand zur Verteidigung der Freiheit&hellip;\" \/>\n<meta property=\"og:url\" content=\"https:\/\/dignitynews.eu\/de\/ausstellung-ueber-tadeusz-kosciuszko-im-nationalmuseum-krakau\/\" \/>\n<meta property=\"og:site_name\" content=\"W\u00fcrde - DignityNews.eu\" \/>\n<meta property=\"article:published_time\" content=\"2024-03-20T08:08:08+00:00\" \/>\n<meta property=\"article:modified_time\" content=\"2024-03-21T14:59:57+00:00\" \/>\n<meta property=\"og:image\" content=\"https:\/\/dignitynews.eu\/wp-content\/uploads\/2024\/03\/W-krakowskim-Muzeum-Narodowym-wystawa-poswiecona-Tadeuszowi-Kosciuszce-fot.-Muzeum-Narodowe-w-Krakowie.jpg\" \/>\n\t<meta property=\"og:image:width\" content=\"607\" \/>\n\t<meta property=\"og:image:height\" content=\"850\" \/>\n\t<meta property=\"og:image:type\" content=\"image\/jpeg\" \/>\n<meta name=\"author\" content=\"Dignity News\" \/>\n<meta name=\"twitter:card\" content=\"summary_large_image\" \/>\n<meta name=\"twitter:label1\" content=\"Verfasst von\" \/>\n\t<meta name=\"twitter:data1\" content=\"Dignity News\" \/>\n\t<meta name=\"twitter:label2\" content=\"Gesch\u00e4tzte Lesezeit\" \/>\n\t<meta name=\"twitter:data2\" content=\"2\u00a0Minuten\" \/>\n<script type=\"application\/ld+json\" class=\"yoast-schema-graph\">{\"@context\":\"https:\/\/schema.org\",\"@graph\":[{\"@type\":\"WebSite\",\"@id\":\"https:\/\/dignitynews.eu\/pl\/#website\",\"url\":\"https:\/\/dignitynews.eu\/pl\/\",\"name\":\"W\u00fcrde - DignityNews.eu\",\"description\":\"\",\"potentialAction\":[{\"@type\":\"SearchAction\",\"target\":{\"@type\":\"EntryPoint\",\"urlTemplate\":\"https:\/\/dignitynews.eu\/pl\/?s={search_term_string}\"},\"query-input\":\"required name=search_term_string\"}],\"inLanguage\":\"de\"},{\"@type\":\"WebPage\",\"@id\":\"https:\/\/dignitynews.eu\/de\/ausstellung-ueber-tadeusz-kosciuszko-im-nationalmuseum-krakau\/\",\"url\":\"https:\/\/dignitynews.eu\/de\/ausstellung-ueber-tadeusz-kosciuszko-im-nationalmuseum-krakau\/\",\"name\":\"Ausstellung \u00fcber Tadeusz Ko\u015bciuszko im Nationalmuseum Krakau - W\u00fcrde - DignityNews.eu\",\"isPartOf\":{\"@id\":\"https:\/\/dignitynews.eu\/pl\/#website\"},\"datePublished\":\"2024-03-20T08:08:08+00:00\",\"dateModified\":\"2024-03-21T14:59:57+00:00\",\"author\":{\"@id\":\"https:\/\/dignitynews.eu\/pl\/#\/schema\/person\/0b62b762b8174802fabc81a3ecb1bfcb\"},\"breadcrumb\":{\"@id\":\"https:\/\/dignitynews.eu\/de\/ausstellung-ueber-tadeusz-kosciuszko-im-nationalmuseum-krakau\/#breadcrumb\"},\"inLanguage\":\"de\",\"potentialAction\":[{\"@type\":\"ReadAction\",\"target\":[\"https:\/\/dignitynews.eu\/de\/ausstellung-ueber-tadeusz-kosciuszko-im-nationalmuseum-krakau\/\"]}]},{\"@type\":\"BreadcrumbList\",\"@id\":\"https:\/\/dignitynews.eu\/de\/ausstellung-ueber-tadeusz-kosciuszko-im-nationalmuseum-krakau\/#breadcrumb\",\"itemListElement\":[{\"@type\":\"ListItem\",\"position\":1,\"name\":\"Strona g\u0142\u00f3wna\",\"item\":\"https:\/\/dignitynews.eu\/de\/\"},{\"@type\":\"ListItem\",\"position\":2,\"name\":\"Ausstellung \u00fcber Tadeusz Ko\u015bciuszko im Nationalmuseum Krakau\"}]},{\"@type\":\"Person\",\"@id\":\"https:\/\/dignitynews.eu\/pl\/#\/schema\/person\/0b62b762b8174802fabc81a3ecb1bfcb\",\"name\":\"Dignity News\",\"image\":{\"@type\":\"ImageObject\",\"inLanguage\":\"de\",\"@id\":\"https:\/\/dignitynews.eu\/pl\/#\/schema\/person\/image\/\",\"url\":\"https:\/\/secure.gravatar.com\/avatar\/97963171a6d9108f8381bbefb1c6b150c445b6ddd9e3077b96c86cf5892c85dc?s=96&d=mm&r=g\",\"contentUrl\":\"https:\/\/secure.gravatar.com\/avatar\/97963171a6d9108f8381bbefb1c6b150c445b6ddd9e3077b96c86cf5892c85dc?s=96&d=mm&r=g\",\"caption\":\"Dignity News\"},\"url\":\"https:\/\/dignitynews.eu\/de\/author\/mikolaj-palade\/\"}]}<\/script>\n<!-- \/ Yoast SEO plugin. -->","yoast_head_json":{"title":"Ausstellung \u00fcber Tadeusz Ko\u015bciuszko im Nationalmuseum Krakau - W\u00fcrde - DignityNews.eu","robots":{"index":"index","follow":"follow","max-snippet":"max-snippet:-1","max-image-preview":"max-image-preview:large","max-video-preview":"max-video-preview:-1"},"canonical":"https:\/\/dignitynews.eu\/de\/ausstellung-ueber-tadeusz-kosciuszko-im-nationalmuseum-krakau\/","og_locale":"de_DE","og_type":"article","og_title":"Ausstellung \u00fcber Tadeusz Ko\u015bciuszko im Nationalmuseum Krakau - W\u00fcrde - DignityNews.eu","og_description":"Am 24. M\u00e4rz 2024 j\u00e4hrt sich zum 230. Mal der Eid von Tadeusz Ko\u015bciuszko auf dem Krakauer Marktplatz, mit dem der Ko\u015bciuszko-Aufstand \u2014 ein patriotischer Aufstand zur Verteidigung der Freiheit&hellip;","og_url":"https:\/\/dignitynews.eu\/de\/ausstellung-ueber-tadeusz-kosciuszko-im-nationalmuseum-krakau\/","og_site_name":"W\u00fcrde - DignityNews.eu","article_published_time":"2024-03-20T08:08:08+00:00","article_modified_time":"2024-03-21T14:59:57+00:00","og_image":[{"width":607,"height":850,"url":"https:\/\/dignitynews.eu\/wp-content\/uploads\/2024\/03\/W-krakowskim-Muzeum-Narodowym-wystawa-poswiecona-Tadeuszowi-Kosciuszce-fot.-Muzeum-Narodowe-w-Krakowie.jpg","type":"image\/jpeg"}],"author":"Dignity News","twitter_card":"summary_large_image","twitter_misc":{"Verfasst von":"Dignity News","Gesch\u00e4tzte Lesezeit":"2\u00a0Minuten"},"schema":{"@context":"https:\/\/schema.org","@graph":[{"@type":"WebSite","@id":"https:\/\/dignitynews.eu\/pl\/#website","url":"https:\/\/dignitynews.eu\/pl\/","name":"W\u00fcrde - DignityNews.eu","description":"","potentialAction":[{"@type":"SearchAction","target":{"@type":"EntryPoint","urlTemplate":"https:\/\/dignitynews.eu\/pl\/?s={search_term_string}"},"query-input":"required name=search_term_string"}],"inLanguage":"de"},{"@type":"WebPage","@id":"https:\/\/dignitynews.eu\/de\/ausstellung-ueber-tadeusz-kosciuszko-im-nationalmuseum-krakau\/","url":"https:\/\/dignitynews.eu\/de\/ausstellung-ueber-tadeusz-kosciuszko-im-nationalmuseum-krakau\/","name":"Ausstellung \u00fcber Tadeusz Ko\u015bciuszko im Nationalmuseum Krakau - W\u00fcrde - DignityNews.eu","isPartOf":{"@id":"https:\/\/dignitynews.eu\/pl\/#website"},"datePublished":"2024-03-20T08:08:08+00:00","dateModified":"2024-03-21T14:59:57+00:00","author":{"@id":"https:\/\/dignitynews.eu\/pl\/#\/schema\/person\/0b62b762b8174802fabc81a3ecb1bfcb"},"breadcrumb":{"@id":"https:\/\/dignitynews.eu\/de\/ausstellung-ueber-tadeusz-kosciuszko-im-nationalmuseum-krakau\/#breadcrumb"},"inLanguage":"de","potentialAction":[{"@type":"ReadAction","target":["https:\/\/dignitynews.eu\/de\/ausstellung-ueber-tadeusz-kosciuszko-im-nationalmuseum-krakau\/"]}]},{"@type":"BreadcrumbList","@id":"https:\/\/dignitynews.eu\/de\/ausstellung-ueber-tadeusz-kosciuszko-im-nationalmuseum-krakau\/#breadcrumb","itemListElement":[{"@type":"ListItem","position":1,"name":"Strona g\u0142\u00f3wna","item":"https:\/\/dignitynews.eu\/de\/"},{"@type":"ListItem","position":2,"name":"Ausstellung \u00fcber Tadeusz Ko\u015bciuszko im Nationalmuseum Krakau"}]},{"@type":"Person","@id":"https:\/\/dignitynews.eu\/pl\/#\/schema\/person\/0b62b762b8174802fabc81a3ecb1bfcb","name":"Dignity News","image":{"@type":"ImageObject","inLanguage":"de","@id":"https:\/\/dignitynews.eu\/pl\/#\/schema\/person\/image\/","url":"https:\/\/secure.gravatar.com\/avatar\/97963171a6d9108f8381bbefb1c6b150c445b6ddd9e3077b96c86cf5892c85dc?s=96&d=mm&r=g","contentUrl":"https:\/\/secure.gravatar.com\/avatar\/97963171a6d9108f8381bbefb1c6b150c445b6ddd9e3077b96c86cf5892c85dc?s=96&d=mm&r=g","caption":"Dignity News"},"url":"https:\/\/dignitynews.eu\/de\/author\/mikolaj-palade\/"}]}},"_links":{"self":[{"href":"https:\/\/dignitynews.eu\/de\/wp-json\/wp\/v2\/posts\/58974","targetHints":{"allow":["GET"]}}],"collection":[{"href":"https:\/\/dignitynews.eu\/de\/wp-json\/wp\/v2\/posts"}],"about":[{"href":"https:\/\/dignitynews.eu\/de\/wp-json\/wp\/v2\/types\/post"}],"author":[{"embeddable":true,"href":"https:\/\/dignitynews.eu\/de\/wp-json\/wp\/v2\/users\/7"}],"replies":[{"embeddable":true,"href":"https:\/\/dignitynews.eu\/de\/wp-json\/wp\/v2\/comments?post=58974"}],"version-history":[{"count":1,"href":"https:\/\/dignitynews.eu\/de\/wp-json\/wp\/v2\/posts\/58974\/revisions"}],"predecessor-version":[{"id":58975,"href":"https:\/\/dignitynews.eu\/de\/wp-json\/wp\/v2\/posts\/58974\/revisions\/58975"}],"wp:featuredmedia":[{"embeddable":true,"href":"https:\/\/dignitynews.eu\/de\/wp-json\/wp\/v2\/media\/58840"}],"wp:attachment":[{"href":"https:\/\/dignitynews.eu\/de\/wp-json\/wp\/v2\/media?parent=58974"}],"wp:term":[{"taxonomy":"category","embeddable":true,"href":"https:\/\/dignitynews.eu\/de\/wp-json\/wp\/v2\/categories?post=58974"},{"taxonomy":"post_tag","embeddable":true,"href":"https:\/\/dignitynews.eu\/de\/wp-json\/wp\/v2\/tags?post=58974"}],"curies":[{"name":"wp","href":"https:\/\/api.w.org\/{rel}","templated":true}]}}