{"id":56625,"date":"2024-01-31T12:35:47","date_gmt":"2024-01-31T11:35:47","guid":{"rendered":"https:\/\/dignitynews.eu\/?p=56625"},"modified":"2024-02-04T22:49:42","modified_gmt":"2024-02-04T21:49:42","slug":"marek-arczynski-war-schatzmeister-des-rates-fuer-die-unterstuetzung-von-juden-zegota","status":"publish","type":"post","link":"https:\/\/dignitynews.eu\/de\/marek-arczynski-war-schatzmeister-des-rates-fuer-die-unterstuetzung-von-juden-zegota\/","title":{"rendered":"Marek Arczy\u0144ski war Schatzmeister des Rates f\u00fcr die Unterst\u00fctzung von Juden \u201e\u017begota\u201d"},"content":{"rendered":"<h5><strong>Im Untergrund hatte er drei Decknamen \u2014<\/strong> <strong>\u201e<\/strong><strong>Janek<\/strong><strong>\u201d<\/strong><strong>, <\/strong><strong>\u201e<\/strong><strong>Marek<\/strong><strong>\u201d und \u201e<\/strong><strong>\u0141ukowski<\/strong><strong>\u201d. W<\/strong><strong>\u00e4<\/strong><strong>hrend des Zweiten Weltkriegs geh<\/strong><strong>\u00f6<\/strong><strong>rte Marek Arczy\u0144<\/strong><strong>ski zu den Gr<\/strong><strong>\u00fc<\/strong><strong>ndern des R<\/strong><strong>ates f<\/strong><strong>\u00fc<\/strong><strong>r die Unterst<\/strong><strong>\u00fc<\/strong><strong>tzung von Juden \u201e<\/strong><strong>\u017b<\/strong><strong>egota<\/strong><strong>\u201d und war dessen Schatzmeister. Au\u00dferdem leitete er die Legalisierungsabteilung, deren Aufgabe es war, falsche Dokumente f<\/strong><strong>\u00fc<\/strong><strong>r Juden zu erstellen. <\/strong><\/h5>\n<p>Er wurde im Jahr 1900 in einer Krakauer Arbeiterfamilie geboren. \u00dcber sein Leben bis zum Ausbruch des Zweiten Weltkriegs ist wenig bekannt. Im Jahr 1921 nahm er am Dritten Schlesischen Aufstand teil, arbeitete dann bei der Eisenbahn und trat Ende der 1930er Jahre der Demokratischen Partei (<em>Stronnictw<\/em><em>o<\/em><em> Demokratyczn<\/em><em>e<\/em>) bei.<\/p>\n<p>W\u00e4hrend der deutschen Besatzung war er Vorsitzender der Demokratischen Partei in der ehemaligen Woiwodschaft Krakau und Chefredakteur der Tageszeitung \u201eDziennik Polski\u201d\u2014 einer der Partei angeschlossenen Untergrundzeitung. Die Zeitung wurde von 1940 bis 1945 herausgegeben. 1943 verlie\u00df Arczy\u0144ski seine Mutterpartei, da er Anh\u00e4nger des linken Fl\u00fcgels war, der in eine neue Gruppierung \u2014 die Partei der Polnischen Demokratie (<em>Stronnictwo Polskiej Demokracji<\/em>) \u2014 umgewandelt wurde.<\/p>\n<p>Parallel zu seiner Partei- und Untergrundt\u00e4tigkeit engagierte er sich f\u00fcr die Rettung der j\u00fcdischen Bev\u00f6lkerung. Im Jahr 1942 wurde er Mitglied des Pr\u00e4sidiums des Rates f\u00fcr die Unterst\u00fctzung von Juden \u201e\u017begota\u201d und fungierte als dessen Schatzmeister. Im Rahmen seiner Aufgaben legte er dem Pr\u00fcfungsausschuss monatliche Berichte \u00fcber die Verwendung der Mittel f\u00fcr die untergetauchten Juden vor. Er war auch zust\u00e4ndig f\u00fcr die Legalisierungsstelle, wo die notwendigen Dokumente f\u00fcr die Juden gef\u00e4lscht wurden \u2014 Kennkarten, Heiratsurkunden, P\u00e4sse, Arbeitsgenehmigungen usw. Diese Gruppe bestand aus sechs Personen. Die Drucke wurden in einer geheimen Druckerei in der Nowy \u015awiat Stra\u00dfe 41 hergestellt, wo auch Parteimaterialien produziert wurden. Um nicht erkannt zu werden, befand sich in diesem Raum ein Geschirrladen.<\/p>\n<p>1965 wurde Arczy\u0144ski f\u00fcr seine Arbeit in \u201e\u017begota\u201d mit dem Titel \u201eGerechter unter den V\u00f6lkern\u201d ausgezeichnet. In der Volksrepublik Polen ver\u00f6ffentlichte er (zusammen mit dem Historiker Wies\u0142aw Balcerak) ein Buch dar\u00fcber. Diese heute etwas in Vergessenheit geratene Studie beruhte auf reichhaltigem Archiv von Arczy\u0144ski aus der Kriegszeit.<\/p>\n<p>Nach dem Krieg spielte der Schatzmeister der \u201e\u017begota\u201d keine bedeutende Rolle im politischen und gesellschaftlichen Leben, obwohl er f\u00fcr kurze Zeit Abgeordneter des KRN (<em>Krajowa Rada Narodowa<\/em>) und des Sejm war. In der zweiten H\u00e4lfte der 1950er Jahre wurde er aus der Demokratischen Partei ausgeschlossen, weil er versucht hatte, eine interne Opposition innerhalb der Partei, die so genannte \u201eErneuerungsgruppe\u201d, zu gr\u00fcnden.<\/p>\n<p>Er starb 1979 in Warschau.<\/p>\n","protected":false},"excerpt":{"rendered":"<p>Im Untergrund hatte er drei Decknamen \u2014 \u201eJanek\u201d, \u201eMarek\u201d und \u201e\u0141ukowski\u201d. W\u00e4hrend des Zweiten Weltkriegs geh\u00f6rte Marek Arczy\u0144ski zu den Gr\u00fcndern des Rates f\u00fcr die Unterst\u00fctzung von Juden \u201e\u017begota\u201d und&hellip;<\/p>\n","protected":false},"author":7,"featured_media":56618,"comment_status":"closed","ping_status":"open","sticky":false,"template":"","format":"standard","meta":{"_mi_skip_tracking":false,"footnotes":""},"categories":[52],"tags":[],"class_list":["post-56625","post","type-post","status-publish","format-standard","has-post-thumbnail","hentry","category-geschichte"],"yoast_head":"<!-- This site is optimized with the Yoast SEO plugin v19.4 - https:\/\/yoast.com\/wordpress\/plugins\/seo\/ -->\n<title>Marek Arczy\u0144ski war Schatzmeister des Rates f\u00fcr die Unterst\u00fctzung von Juden \u201e\u017begota\u201d - W\u00fcrde - DignityNews.eu<\/title>\n<meta name=\"robots\" content=\"index, follow, max-snippet:-1, max-image-preview:large, max-video-preview:-1\" \/>\n<link rel=\"canonical\" href=\"https:\/\/dignitynews.eu\/de\/marek-arczynski-war-schatzmeister-des-rates-fuer-die-unterstuetzung-von-juden-zegota\/\" \/>\n<meta property=\"og:locale\" content=\"de_DE\" \/>\n<meta property=\"og:type\" content=\"article\" \/>\n<meta property=\"og:title\" content=\"Marek Arczy\u0144ski war Schatzmeister des Rates f\u00fcr die Unterst\u00fctzung von Juden \u201e\u017begota\u201d - W\u00fcrde - DignityNews.eu\" \/>\n<meta property=\"og:description\" content=\"Im Untergrund hatte er drei Decknamen \u2014 \u201eJanek\u201d, \u201eMarek\u201d und \u201e\u0141ukowski\u201d. W\u00e4hrend des Zweiten Weltkriegs geh\u00f6rte Marek Arczy\u0144ski zu den Gr\u00fcndern des Rates f\u00fcr die Unterst\u00fctzung von Juden \u201e\u017begota\u201d und&hellip;\" \/>\n<meta property=\"og:url\" content=\"https:\/\/dignitynews.eu\/de\/marek-arczynski-war-schatzmeister-des-rates-fuer-die-unterstuetzung-von-juden-zegota\/\" \/>\n<meta property=\"og:site_name\" content=\"W\u00fcrde - DignityNews.eu\" \/>\n<meta property=\"article:published_time\" content=\"2024-01-31T11:35:47+00:00\" \/>\n<meta property=\"article:modified_time\" content=\"2024-02-04T21:49:42+00:00\" \/>\n<meta property=\"og:image\" content=\"https:\/\/dignitynews.eu\/wp-content\/uploads\/2024\/01\/Ferdynand_Marek_Arczynski-scaled.jpg\" \/>\n\t<meta property=\"og:image:width\" content=\"1794\" \/>\n\t<meta property=\"og:image:height\" content=\"2560\" \/>\n\t<meta property=\"og:image:type\" content=\"image\/jpeg\" \/>\n<meta name=\"author\" content=\"Dignity News\" \/>\n<meta name=\"twitter:card\" content=\"summary_large_image\" \/>\n<meta name=\"twitter:label1\" content=\"Verfasst von\" \/>\n\t<meta name=\"twitter:data1\" content=\"Dignity News\" \/>\n\t<meta name=\"twitter:label2\" content=\"Gesch\u00e4tzte Lesezeit\" \/>\n\t<meta name=\"twitter:data2\" content=\"2\u00a0Minuten\" \/>\n<script type=\"application\/ld+json\" class=\"yoast-schema-graph\">{\"@context\":\"https:\/\/schema.org\",\"@graph\":[{\"@type\":\"WebSite\",\"@id\":\"https:\/\/dignitynews.eu\/pl\/#website\",\"url\":\"https:\/\/dignitynews.eu\/pl\/\",\"name\":\"W\u00fcrde - DignityNews.eu\",\"description\":\"\",\"potentialAction\":[{\"@type\":\"SearchAction\",\"target\":{\"@type\":\"EntryPoint\",\"urlTemplate\":\"https:\/\/dignitynews.eu\/pl\/?s={search_term_string}\"},\"query-input\":\"required name=search_term_string\"}],\"inLanguage\":\"de\"},{\"@type\":\"WebPage\",\"@id\":\"https:\/\/dignitynews.eu\/de\/marek-arczynski-war-schatzmeister-des-rates-fuer-die-unterstuetzung-von-juden-zegota\/\",\"url\":\"https:\/\/dignitynews.eu\/de\/marek-arczynski-war-schatzmeister-des-rates-fuer-die-unterstuetzung-von-juden-zegota\/\",\"name\":\"Marek Arczy\u0144ski war Schatzmeister des Rates f\u00fcr die Unterst\u00fctzung von Juden \u201e\u017begota\u201d - W\u00fcrde - DignityNews.eu\",\"isPartOf\":{\"@id\":\"https:\/\/dignitynews.eu\/pl\/#website\"},\"datePublished\":\"2024-01-31T11:35:47+00:00\",\"dateModified\":\"2024-02-04T21:49:42+00:00\",\"author\":{\"@id\":\"https:\/\/dignitynews.eu\/pl\/#\/schema\/person\/0b62b762b8174802fabc81a3ecb1bfcb\"},\"breadcrumb\":{\"@id\":\"https:\/\/dignitynews.eu\/de\/marek-arczynski-war-schatzmeister-des-rates-fuer-die-unterstuetzung-von-juden-zegota\/#breadcrumb\"},\"inLanguage\":\"de\",\"potentialAction\":[{\"@type\":\"ReadAction\",\"target\":[\"https:\/\/dignitynews.eu\/de\/marek-arczynski-war-schatzmeister-des-rates-fuer-die-unterstuetzung-von-juden-zegota\/\"]}]},{\"@type\":\"BreadcrumbList\",\"@id\":\"https:\/\/dignitynews.eu\/de\/marek-arczynski-war-schatzmeister-des-rates-fuer-die-unterstuetzung-von-juden-zegota\/#breadcrumb\",\"itemListElement\":[{\"@type\":\"ListItem\",\"position\":1,\"name\":\"Strona g\u0142\u00f3wna\",\"item\":\"https:\/\/dignitynews.eu\/de\/\"},{\"@type\":\"ListItem\",\"position\":2,\"name\":\"Marek Arczy\u0144ski war Schatzmeister des Rates f\u00fcr die Unterst\u00fctzung von Juden \u201e\u017begota\u201d\"}]},{\"@type\":\"Person\",\"@id\":\"https:\/\/dignitynews.eu\/pl\/#\/schema\/person\/0b62b762b8174802fabc81a3ecb1bfcb\",\"name\":\"Dignity News\",\"image\":{\"@type\":\"ImageObject\",\"inLanguage\":\"de\",\"@id\":\"https:\/\/dignitynews.eu\/pl\/#\/schema\/person\/image\/\",\"url\":\"https:\/\/secure.gravatar.com\/avatar\/97963171a6d9108f8381bbefb1c6b150c445b6ddd9e3077b96c86cf5892c85dc?s=96&d=mm&r=g\",\"contentUrl\":\"https:\/\/secure.gravatar.com\/avatar\/97963171a6d9108f8381bbefb1c6b150c445b6ddd9e3077b96c86cf5892c85dc?s=96&d=mm&r=g\",\"caption\":\"Dignity News\"},\"url\":\"https:\/\/dignitynews.eu\/de\/author\/mikolaj-palade\/\"}]}<\/script>\n<!-- \/ Yoast SEO plugin. -->","yoast_head_json":{"title":"Marek Arczy\u0144ski war Schatzmeister des Rates f\u00fcr die Unterst\u00fctzung von Juden \u201e\u017begota\u201d - W\u00fcrde - DignityNews.eu","robots":{"index":"index","follow":"follow","max-snippet":"max-snippet:-1","max-image-preview":"max-image-preview:large","max-video-preview":"max-video-preview:-1"},"canonical":"https:\/\/dignitynews.eu\/de\/marek-arczynski-war-schatzmeister-des-rates-fuer-die-unterstuetzung-von-juden-zegota\/","og_locale":"de_DE","og_type":"article","og_title":"Marek Arczy\u0144ski war Schatzmeister des Rates f\u00fcr die Unterst\u00fctzung von Juden \u201e\u017begota\u201d - W\u00fcrde - DignityNews.eu","og_description":"Im Untergrund hatte er drei Decknamen \u2014 \u201eJanek\u201d, \u201eMarek\u201d und \u201e\u0141ukowski\u201d. W\u00e4hrend des Zweiten Weltkriegs geh\u00f6rte Marek Arczy\u0144ski zu den Gr\u00fcndern des Rates f\u00fcr die Unterst\u00fctzung von Juden \u201e\u017begota\u201d und&hellip;","og_url":"https:\/\/dignitynews.eu\/de\/marek-arczynski-war-schatzmeister-des-rates-fuer-die-unterstuetzung-von-juden-zegota\/","og_site_name":"W\u00fcrde - DignityNews.eu","article_published_time":"2024-01-31T11:35:47+00:00","article_modified_time":"2024-02-04T21:49:42+00:00","og_image":[{"width":1794,"height":2560,"url":"https:\/\/dignitynews.eu\/wp-content\/uploads\/2024\/01\/Ferdynand_Marek_Arczynski-scaled.jpg","type":"image\/jpeg"}],"author":"Dignity News","twitter_card":"summary_large_image","twitter_misc":{"Verfasst von":"Dignity News","Gesch\u00e4tzte Lesezeit":"2\u00a0Minuten"},"schema":{"@context":"https:\/\/schema.org","@graph":[{"@type":"WebSite","@id":"https:\/\/dignitynews.eu\/pl\/#website","url":"https:\/\/dignitynews.eu\/pl\/","name":"W\u00fcrde - DignityNews.eu","description":"","potentialAction":[{"@type":"SearchAction","target":{"@type":"EntryPoint","urlTemplate":"https:\/\/dignitynews.eu\/pl\/?s={search_term_string}"},"query-input":"required name=search_term_string"}],"inLanguage":"de"},{"@type":"WebPage","@id":"https:\/\/dignitynews.eu\/de\/marek-arczynski-war-schatzmeister-des-rates-fuer-die-unterstuetzung-von-juden-zegota\/","url":"https:\/\/dignitynews.eu\/de\/marek-arczynski-war-schatzmeister-des-rates-fuer-die-unterstuetzung-von-juden-zegota\/","name":"Marek Arczy\u0144ski war Schatzmeister des Rates f\u00fcr die Unterst\u00fctzung von Juden \u201e\u017begota\u201d - W\u00fcrde - DignityNews.eu","isPartOf":{"@id":"https:\/\/dignitynews.eu\/pl\/#website"},"datePublished":"2024-01-31T11:35:47+00:00","dateModified":"2024-02-04T21:49:42+00:00","author":{"@id":"https:\/\/dignitynews.eu\/pl\/#\/schema\/person\/0b62b762b8174802fabc81a3ecb1bfcb"},"breadcrumb":{"@id":"https:\/\/dignitynews.eu\/de\/marek-arczynski-war-schatzmeister-des-rates-fuer-die-unterstuetzung-von-juden-zegota\/#breadcrumb"},"inLanguage":"de","potentialAction":[{"@type":"ReadAction","target":["https:\/\/dignitynews.eu\/de\/marek-arczynski-war-schatzmeister-des-rates-fuer-die-unterstuetzung-von-juden-zegota\/"]}]},{"@type":"BreadcrumbList","@id":"https:\/\/dignitynews.eu\/de\/marek-arczynski-war-schatzmeister-des-rates-fuer-die-unterstuetzung-von-juden-zegota\/#breadcrumb","itemListElement":[{"@type":"ListItem","position":1,"name":"Strona g\u0142\u00f3wna","item":"https:\/\/dignitynews.eu\/de\/"},{"@type":"ListItem","position":2,"name":"Marek Arczy\u0144ski war Schatzmeister des Rates f\u00fcr die Unterst\u00fctzung von Juden \u201e\u017begota\u201d"}]},{"@type":"Person","@id":"https:\/\/dignitynews.eu\/pl\/#\/schema\/person\/0b62b762b8174802fabc81a3ecb1bfcb","name":"Dignity News","image":{"@type":"ImageObject","inLanguage":"de","@id":"https:\/\/dignitynews.eu\/pl\/#\/schema\/person\/image\/","url":"https:\/\/secure.gravatar.com\/avatar\/97963171a6d9108f8381bbefb1c6b150c445b6ddd9e3077b96c86cf5892c85dc?s=96&d=mm&r=g","contentUrl":"https:\/\/secure.gravatar.com\/avatar\/97963171a6d9108f8381bbefb1c6b150c445b6ddd9e3077b96c86cf5892c85dc?s=96&d=mm&r=g","caption":"Dignity News"},"url":"https:\/\/dignitynews.eu\/de\/author\/mikolaj-palade\/"}]}},"_links":{"self":[{"href":"https:\/\/dignitynews.eu\/de\/wp-json\/wp\/v2\/posts\/56625","targetHints":{"allow":["GET"]}}],"collection":[{"href":"https:\/\/dignitynews.eu\/de\/wp-json\/wp\/v2\/posts"}],"about":[{"href":"https:\/\/dignitynews.eu\/de\/wp-json\/wp\/v2\/types\/post"}],"author":[{"embeddable":true,"href":"https:\/\/dignitynews.eu\/de\/wp-json\/wp\/v2\/users\/7"}],"replies":[{"embeddable":true,"href":"https:\/\/dignitynews.eu\/de\/wp-json\/wp\/v2\/comments?post=56625"}],"version-history":[{"count":2,"href":"https:\/\/dignitynews.eu\/de\/wp-json\/wp\/v2\/posts\/56625\/revisions"}],"predecessor-version":[{"id":56627,"href":"https:\/\/dignitynews.eu\/de\/wp-json\/wp\/v2\/posts\/56625\/revisions\/56627"}],"wp:featuredmedia":[{"embeddable":true,"href":"https:\/\/dignitynews.eu\/de\/wp-json\/wp\/v2\/media\/56618"}],"wp:attachment":[{"href":"https:\/\/dignitynews.eu\/de\/wp-json\/wp\/v2\/media?parent=56625"}],"wp:term":[{"taxonomy":"category","embeddable":true,"href":"https:\/\/dignitynews.eu\/de\/wp-json\/wp\/v2\/categories?post=56625"},{"taxonomy":"post_tag","embeddable":true,"href":"https:\/\/dignitynews.eu\/de\/wp-json\/wp\/v2\/tags?post=56625"}],"curies":[{"name":"wp","href":"https:\/\/api.w.org\/{rel}","templated":true}]}}