{"id":56599,"date":"2024-01-30T13:05:55","date_gmt":"2024-01-30T12:05:55","guid":{"rendered":"https:\/\/dignitynews.eu\/?p=56599"},"modified":"2024-02-04T22:34:31","modified_gmt":"2024-02-04T21:34:31","slug":"stefan-baluk-mitglied-der-cichociemni-und-photograph","status":"publish","type":"post","link":"https:\/\/dignitynews.eu\/de\/stefan-baluk-mitglied-der-cichociemni-und-photograph\/","title":{"rendered":"Stefan Ba\u0142uk \u2014 Mitglied der \u201eCichociemni\u201d und Photograph"},"content":{"rendered":"<h5><strong>Mitglied der \u201e<\/strong><strong>Cichociemn<\/strong><strong>i\u201d<\/strong><strong>, <\/strong><strong>Ph<\/strong><strong>otogra<\/strong><strong>ph, Mitarbeiter eines B\u00fcros f\u00fcr Legalisierung, das sich mit der Fa<\/strong><strong>\u0308<\/strong><strong>lschung von konspirativen Dokumenten bescha<\/strong><strong>\u0308<\/strong><strong>ftigte, Teilnehmer des Warschauer Aufstands. Er dokumentierte professionell die Kriegsanstrengungen der Hauptstadt und erinnerte an die Aufst<\/strong><strong>\u00e4<\/strong><strong>ndischen.<\/strong><\/h5>\n<p>Stefan Ba\u0142uk wurde am 15. Januar 1914 in Warschau geboren. 1933 trat er in die F\u00e4hnrichschule der Kavallerie-Reserve in Grudzi\u0105dz ein, doch seine Teilnahme an der Ausbildung wurde aus gesundheitlichen Gr\u00fcnden vorzeitig beendet. Trotzdem setzte er sein Ausbildung fort, zun\u00e4chst an der Hochschule f\u00fcr Politikwissenschaften Warschau und dann an der Universit\u00e4t Warschau, wo er Jura studierte. Der deutsche Angriff auf Polen im Jahr 1939 weckte in Ba\u0142uk erneut den Wunsch nach dem Milit\u00e4rdienst. Er meldete sich zum 9. Panzerbataillon in Lublin, doch die Einheit nahm nicht an den K\u00e4mpfen teil. Nach russischer Gefangenschaft und vielen schwierigen Erlebnissen, darunter auch die Flucht aus der Gefangenschaft, gelangte Ba\u0142uk durch S\u00fcdeuropa und Beirut in den Westen. In Frankreich trat er in die polnische Armee ein und diente in der 10. Kavalleriebrigade von General Maczek.<\/p>\n<p>Er begann seine Karriere als Mitglied von \u201eCichociemni\u201d, einer Gruppe polnischer Soldaten, die als Fallschirmagenten der polnischen Exilstreitkr\u00e4fte im besetzten Polen operierten, im Jahr 1942. Von Mai bis November nahm er an einer nachrichtendienstlichen Ausbildung teil, die auch die Legalisierung von Dokumenten umfasste, und wurde anschlie\u00dfend zum Leutnant bef\u00f6rdert. In der Nacht vom 9. auf den 10. April 1944 wurde er im besetzten Polen abgesetzt. Er begab sich nach Warschau und begann seine Arbeit in der Unterabteilung f\u00fcr Legalisierung und Technologie der Abteilung II. der Hauptkommandantur der Heimatarmee (<em>Armia Krajowa<\/em>). Dort konzentrierte er sich auf die Mikrofotografie und machte nebenbei Bilder vom besetzten Warschau und fotografierte deutsche Stellungen. Bald darauf brach der Warschauer Aufstand aus, an dem er in der Gruppierung \u201eRados\u0142aw\u201d k\u00e4mpfte. W\u00e4hrend des Aufstands nahm er an mehreren waghalsigen Aktionen teil, f\u00fcr die er mit dem Orden Virtuti Militari und zweimal mit dem Tapferkeitskreuz ausgezeichnet wurde.<\/p>\n<p>Nach der Niederschlagung des Aufstands entkam der Photograph aus einem Kriegsgefangenenlager und engagierte sich bald im Untergrund. Daf\u00fcr landete er in einem kommunistischen Gef\u00e4ngnis. In seinen sp\u00e4teren Jahren arbeitete Ba\u0142uk als Photograph und Kunstfotograf und erinnerte an die Zeit des Aufstandes. Er war auch in Veteranenorganisationen aktiv und initiierte unter anderem den Bau mehrerer Denkm\u00e4ler.<\/p>\n<p>Er starb am 30. Januar 2014 im Rang eines Brigadegenerals im Alter von mehr als 100 Jahren.<\/p>\n","protected":false},"excerpt":{"rendered":"<p>Mitglied der \u201eCichociemni\u201d, Photograph, Mitarbeiter eines B\u00fcros f\u00fcr Legalisierung, das sich mit der Fa\u0308lschung von konspirativen Dokumenten bescha\u0308ftigte, Teilnehmer des Warschauer Aufstands. Er dokumentierte professionell die Kriegsanstrengungen der Hauptstadt und&hellip;<\/p>\n","protected":false},"author":7,"featured_media":56562,"comment_status":"closed","ping_status":"open","sticky":false,"template":"","format":"standard","meta":{"_mi_skip_tracking":false,"footnotes":""},"categories":[52],"tags":[],"class_list":["post-56599","post","type-post","status-publish","format-standard","has-post-thumbnail","hentry","category-geschichte"],"yoast_head":"<!-- This site is optimized with the Yoast SEO plugin v19.4 - https:\/\/yoast.com\/wordpress\/plugins\/seo\/ -->\n<title>Stefan Ba\u0142uk \u2014 Mitglied der \u201eCichociemni\u201d und Photograph - W\u00fcrde - DignityNews.eu<\/title>\n<meta name=\"robots\" content=\"index, follow, max-snippet:-1, max-image-preview:large, max-video-preview:-1\" \/>\n<link rel=\"canonical\" href=\"https:\/\/dignitynews.eu\/de\/stefan-baluk-mitglied-der-cichociemni-und-photograph\/\" \/>\n<meta property=\"og:locale\" content=\"de_DE\" \/>\n<meta property=\"og:type\" content=\"article\" \/>\n<meta property=\"og:title\" content=\"Stefan Ba\u0142uk \u2014 Mitglied der \u201eCichociemni\u201d und Photograph - W\u00fcrde - DignityNews.eu\" \/>\n<meta property=\"og:description\" content=\"Mitglied der \u201eCichociemni\u201d, Photograph, Mitarbeiter eines B\u00fcros f\u00fcr Legalisierung, das sich mit der Fa\u0308lschung von konspirativen Dokumenten bescha\u0308ftigte, Teilnehmer des Warschauer Aufstands. Er dokumentierte professionell die Kriegsanstrengungen der Hauptstadt und&hellip;\" \/>\n<meta property=\"og:url\" content=\"https:\/\/dignitynews.eu\/de\/stefan-baluk-mitglied-der-cichociemni-und-photograph\/\" \/>\n<meta property=\"og:site_name\" content=\"W\u00fcrde - DignityNews.eu\" \/>\n<meta property=\"article:published_time\" content=\"2024-01-30T12:05:55+00:00\" \/>\n<meta property=\"article:modified_time\" content=\"2024-02-04T21:34:31+00:00\" \/>\n<meta property=\"og:image\" content=\"https:\/\/dignitynews.eu\/wp-content\/uploads\/2024\/02\/Stefan_Baluk_-__Kubus_.jpg\" \/>\n\t<meta property=\"og:image:width\" content=\"553\" \/>\n\t<meta property=\"og:image:height\" content=\"709\" \/>\n\t<meta property=\"og:image:type\" content=\"image\/jpeg\" \/>\n<meta name=\"author\" content=\"Dignity News\" \/>\n<meta name=\"twitter:card\" content=\"summary_large_image\" \/>\n<meta name=\"twitter:label1\" content=\"Verfasst von\" \/>\n\t<meta name=\"twitter:data1\" content=\"Dignity News\" \/>\n\t<meta name=\"twitter:label2\" content=\"Gesch\u00e4tzte Lesezeit\" \/>\n\t<meta name=\"twitter:data2\" content=\"2\u00a0Minuten\" \/>\n<script type=\"application\/ld+json\" class=\"yoast-schema-graph\">{\"@context\":\"https:\/\/schema.org\",\"@graph\":[{\"@type\":\"WebSite\",\"@id\":\"https:\/\/dignitynews.eu\/pl\/#website\",\"url\":\"https:\/\/dignitynews.eu\/pl\/\",\"name\":\"W\u00fcrde - DignityNews.eu\",\"description\":\"\",\"potentialAction\":[{\"@type\":\"SearchAction\",\"target\":{\"@type\":\"EntryPoint\",\"urlTemplate\":\"https:\/\/dignitynews.eu\/pl\/?s={search_term_string}\"},\"query-input\":\"required name=search_term_string\"}],\"inLanguage\":\"de\"},{\"@type\":\"WebPage\",\"@id\":\"https:\/\/dignitynews.eu\/de\/stefan-baluk-mitglied-der-cichociemni-und-photograph\/\",\"url\":\"https:\/\/dignitynews.eu\/de\/stefan-baluk-mitglied-der-cichociemni-und-photograph\/\",\"name\":\"Stefan Ba\u0142uk \u2014 Mitglied der \u201eCichociemni\u201d und Photograph - W\u00fcrde - DignityNews.eu\",\"isPartOf\":{\"@id\":\"https:\/\/dignitynews.eu\/pl\/#website\"},\"datePublished\":\"2024-01-30T12:05:55+00:00\",\"dateModified\":\"2024-02-04T21:34:31+00:00\",\"author\":{\"@id\":\"https:\/\/dignitynews.eu\/pl\/#\/schema\/person\/0b62b762b8174802fabc81a3ecb1bfcb\"},\"breadcrumb\":{\"@id\":\"https:\/\/dignitynews.eu\/de\/stefan-baluk-mitglied-der-cichociemni-und-photograph\/#breadcrumb\"},\"inLanguage\":\"de\",\"potentialAction\":[{\"@type\":\"ReadAction\",\"target\":[\"https:\/\/dignitynews.eu\/de\/stefan-baluk-mitglied-der-cichociemni-und-photograph\/\"]}]},{\"@type\":\"BreadcrumbList\",\"@id\":\"https:\/\/dignitynews.eu\/de\/stefan-baluk-mitglied-der-cichociemni-und-photograph\/#breadcrumb\",\"itemListElement\":[{\"@type\":\"ListItem\",\"position\":1,\"name\":\"Strona g\u0142\u00f3wna\",\"item\":\"https:\/\/dignitynews.eu\/de\/\"},{\"@type\":\"ListItem\",\"position\":2,\"name\":\"Stefan Ba\u0142uk \u2014 Mitglied der \u201eCichociemni\u201d und Photograph\"}]},{\"@type\":\"Person\",\"@id\":\"https:\/\/dignitynews.eu\/pl\/#\/schema\/person\/0b62b762b8174802fabc81a3ecb1bfcb\",\"name\":\"Dignity News\",\"image\":{\"@type\":\"ImageObject\",\"inLanguage\":\"de\",\"@id\":\"https:\/\/dignitynews.eu\/pl\/#\/schema\/person\/image\/\",\"url\":\"https:\/\/secure.gravatar.com\/avatar\/97963171a6d9108f8381bbefb1c6b150c445b6ddd9e3077b96c86cf5892c85dc?s=96&d=mm&r=g\",\"contentUrl\":\"https:\/\/secure.gravatar.com\/avatar\/97963171a6d9108f8381bbefb1c6b150c445b6ddd9e3077b96c86cf5892c85dc?s=96&d=mm&r=g\",\"caption\":\"Dignity News\"},\"url\":\"https:\/\/dignitynews.eu\/de\/author\/mikolaj-palade\/\"}]}<\/script>\n<!-- \/ Yoast SEO plugin. -->","yoast_head_json":{"title":"Stefan Ba\u0142uk \u2014 Mitglied der \u201eCichociemni\u201d und Photograph - W\u00fcrde - DignityNews.eu","robots":{"index":"index","follow":"follow","max-snippet":"max-snippet:-1","max-image-preview":"max-image-preview:large","max-video-preview":"max-video-preview:-1"},"canonical":"https:\/\/dignitynews.eu\/de\/stefan-baluk-mitglied-der-cichociemni-und-photograph\/","og_locale":"de_DE","og_type":"article","og_title":"Stefan Ba\u0142uk \u2014 Mitglied der \u201eCichociemni\u201d und Photograph - W\u00fcrde - DignityNews.eu","og_description":"Mitglied der \u201eCichociemni\u201d, Photograph, Mitarbeiter eines B\u00fcros f\u00fcr Legalisierung, das sich mit der Fa\u0308lschung von konspirativen Dokumenten bescha\u0308ftigte, Teilnehmer des Warschauer Aufstands. Er dokumentierte professionell die Kriegsanstrengungen der Hauptstadt und&hellip;","og_url":"https:\/\/dignitynews.eu\/de\/stefan-baluk-mitglied-der-cichociemni-und-photograph\/","og_site_name":"W\u00fcrde - DignityNews.eu","article_published_time":"2024-01-30T12:05:55+00:00","article_modified_time":"2024-02-04T21:34:31+00:00","og_image":[{"width":553,"height":709,"url":"https:\/\/dignitynews.eu\/wp-content\/uploads\/2024\/02\/Stefan_Baluk_-__Kubus_.jpg","type":"image\/jpeg"}],"author":"Dignity News","twitter_card":"summary_large_image","twitter_misc":{"Verfasst von":"Dignity News","Gesch\u00e4tzte Lesezeit":"2\u00a0Minuten"},"schema":{"@context":"https:\/\/schema.org","@graph":[{"@type":"WebSite","@id":"https:\/\/dignitynews.eu\/pl\/#website","url":"https:\/\/dignitynews.eu\/pl\/","name":"W\u00fcrde - DignityNews.eu","description":"","potentialAction":[{"@type":"SearchAction","target":{"@type":"EntryPoint","urlTemplate":"https:\/\/dignitynews.eu\/pl\/?s={search_term_string}"},"query-input":"required name=search_term_string"}],"inLanguage":"de"},{"@type":"WebPage","@id":"https:\/\/dignitynews.eu\/de\/stefan-baluk-mitglied-der-cichociemni-und-photograph\/","url":"https:\/\/dignitynews.eu\/de\/stefan-baluk-mitglied-der-cichociemni-und-photograph\/","name":"Stefan Ba\u0142uk \u2014 Mitglied der \u201eCichociemni\u201d und Photograph - W\u00fcrde - DignityNews.eu","isPartOf":{"@id":"https:\/\/dignitynews.eu\/pl\/#website"},"datePublished":"2024-01-30T12:05:55+00:00","dateModified":"2024-02-04T21:34:31+00:00","author":{"@id":"https:\/\/dignitynews.eu\/pl\/#\/schema\/person\/0b62b762b8174802fabc81a3ecb1bfcb"},"breadcrumb":{"@id":"https:\/\/dignitynews.eu\/de\/stefan-baluk-mitglied-der-cichociemni-und-photograph\/#breadcrumb"},"inLanguage":"de","potentialAction":[{"@type":"ReadAction","target":["https:\/\/dignitynews.eu\/de\/stefan-baluk-mitglied-der-cichociemni-und-photograph\/"]}]},{"@type":"BreadcrumbList","@id":"https:\/\/dignitynews.eu\/de\/stefan-baluk-mitglied-der-cichociemni-und-photograph\/#breadcrumb","itemListElement":[{"@type":"ListItem","position":1,"name":"Strona g\u0142\u00f3wna","item":"https:\/\/dignitynews.eu\/de\/"},{"@type":"ListItem","position":2,"name":"Stefan Ba\u0142uk \u2014 Mitglied der \u201eCichociemni\u201d und Photograph"}]},{"@type":"Person","@id":"https:\/\/dignitynews.eu\/pl\/#\/schema\/person\/0b62b762b8174802fabc81a3ecb1bfcb","name":"Dignity News","image":{"@type":"ImageObject","inLanguage":"de","@id":"https:\/\/dignitynews.eu\/pl\/#\/schema\/person\/image\/","url":"https:\/\/secure.gravatar.com\/avatar\/97963171a6d9108f8381bbefb1c6b150c445b6ddd9e3077b96c86cf5892c85dc?s=96&d=mm&r=g","contentUrl":"https:\/\/secure.gravatar.com\/avatar\/97963171a6d9108f8381bbefb1c6b150c445b6ddd9e3077b96c86cf5892c85dc?s=96&d=mm&r=g","caption":"Dignity News"},"url":"https:\/\/dignitynews.eu\/de\/author\/mikolaj-palade\/"}]}},"_links":{"self":[{"href":"https:\/\/dignitynews.eu\/de\/wp-json\/wp\/v2\/posts\/56599","targetHints":{"allow":["GET"]}}],"collection":[{"href":"https:\/\/dignitynews.eu\/de\/wp-json\/wp\/v2\/posts"}],"about":[{"href":"https:\/\/dignitynews.eu\/de\/wp-json\/wp\/v2\/types\/post"}],"author":[{"embeddable":true,"href":"https:\/\/dignitynews.eu\/de\/wp-json\/wp\/v2\/users\/7"}],"replies":[{"embeddable":true,"href":"https:\/\/dignitynews.eu\/de\/wp-json\/wp\/v2\/comments?post=56599"}],"version-history":[{"count":1,"href":"https:\/\/dignitynews.eu\/de\/wp-json\/wp\/v2\/posts\/56599\/revisions"}],"predecessor-version":[{"id":56600,"href":"https:\/\/dignitynews.eu\/de\/wp-json\/wp\/v2\/posts\/56599\/revisions\/56600"}],"wp:featuredmedia":[{"embeddable":true,"href":"https:\/\/dignitynews.eu\/de\/wp-json\/wp\/v2\/media\/56562"}],"wp:attachment":[{"href":"https:\/\/dignitynews.eu\/de\/wp-json\/wp\/v2\/media?parent=56599"}],"wp:term":[{"taxonomy":"category","embeddable":true,"href":"https:\/\/dignitynews.eu\/de\/wp-json\/wp\/v2\/categories?post=56599"},{"taxonomy":"post_tag","embeddable":true,"href":"https:\/\/dignitynews.eu\/de\/wp-json\/wp\/v2\/tags?post=56599"}],"curies":[{"name":"wp","href":"https:\/\/api.w.org\/{rel}","templated":true}]}}