{"id":56345,"date":"2024-01-27T09:15:06","date_gmt":"2024-01-27T08:15:06","guid":{"rendered":"https:\/\/dignitynews.eu\/?p=56345"},"modified":"2024-01-31T08:43:19","modified_gmt":"2024-01-31T07:43:19","slug":"henryk-wohl-finanzminister-der-nationalen-regierung-waehrend-des-januaraufstands","status":"publish","type":"post","link":"https:\/\/dignitynews.eu\/de\/henryk-wohl-finanzminister-der-nationalen-regierung-waehrend-des-januaraufstands\/","title":{"rendered":"Henryk Wohl \u2014 \u201eFinanzminister\u201d der Nationalen Regierung w\u00e4hrend des Januaraufstands"},"content":{"rendered":"<h5><strong>Henryk Wohl war w\u00e4hrend des Januaraufstandes Leiter der Finanzabteilung der Nationalen Regierung. Wegen seiner Beteiligung am Aufstand wurde er von den Russen zu einer langj\u00e4hrigen Verbannung verurteilt. In seinem Testament vermachte er sein Verm<\/strong><strong>\u00f6<\/strong><strong>gen patriotischen Organisationen, die sowohl Polen als auch Juden unterst\u00fctzten. <\/strong><\/h5>\n<p>Henryk Wohl wurde 1836, wahrscheinlich in Warschau, geboren. Er stammte aus einer j\u00fcdischen Familie. Er entstammte dem Milieu der Warschauer Rabbinerschule. Die Einrichtung bereitete Kandidaten auf das Amt des Rabbiners oder Lehrers an j\u00fcdischen Schulen vor, doch in der Praxis arbeiteten viele ihrer Absolventen in anderen Berufen oder nahmen ein Universit\u00e4tsstudium auf. Die Schule richtete sich an assimilierte oder assimilierende Juden. Die Vorlesungen wurden auf Polnisch gehalten, und die Lehrer waren nicht nur Juden, sondern auch Christen.<\/p>\n<p>Nach seinem Abschluss begann Wohl als Buchhalter in einer Warschauer Bank, die Samuel Antoni Frenkel geh\u00f6rte, zu arbeiten. In dieser Zeit kn\u00fcpfte er als 20-J\u00e4hriger Kontakte zum Untergrund. Im Jahr 1859 geh\u00f6rte er einer Jugendgruppe an und nahm an patriotischen Versammlungen teil. Diese wurden von dem Gutsbesitzer Narcyz Jankowski geleitet, der 1858 nach Warschau gekommen war, nachdem er zuvor sein Gut in der Region Kiew verkauft hatte. Der Gutsbesitzer nutzte die ihm zur Verf\u00fcgung stehenden Mittel, um junge Menschen, insbesondere Studierende, f\u00fcr patriotische Aktivit\u00e4ten zu gewinnen. Seine Absichten waren sehr ernst und f\u00fchrten zur Organisation eines aufst\u00e4ndischen Kampfes. Zu diesem Zweck wurde innerhalb der Gruppe ein Komitee gebildet, dem auch Wohl angeh\u00f6rte.<\/p>\n<p>Die Erfahrung der Zusammenarbeit mit Jankowski f\u00fchrte dazu, dass Wohl beschloss, die Idee des aktiven Kampfes aufzugeben und sich der so genannten J\u00fcrgens-Gruppe (Millener) anschloss, die eher die Idee der organischen Arbeit als des bewaffneten Aufstands vertrat. Wie Wohl war auch Edward J\u00fcrgens Jude. Er wurde als F\u00fchrer des Warschauer liberalen B\u00fcrgertums bezeichnet. Schlie\u00dflich schloss sich der k\u00fcnftige \u201eFinanzminister\u201d der Nationalen Regierung den \u201eWei\u00dfen\u201d an. Mit diesem umgangssprachlichen Begriff wurde die gem\u00e4\u00dfigte (konservativ-liberale) Fraktion innerhalb der polnischen Nationalbewegung bezeichnet, die vor dem Januaraufstand gegr\u00fcndet wurde und w\u00e4hrend dessen Dauer aktiv war. Diesem Lager geh\u00f6rten Gutsbesitzer, Vertreter des B\u00fcrgertums und die Warschauer intellektuelle Elite an. Den linken Fl\u00fcgel bildeten die Mitglieder der Millener-Gruppe, zu denen auch Wohl geh\u00f6rte. Die \u201eWei\u00dfen\u201d bef\u00fcrworteten keinen offenen, bewaffneten Kampf gegen die Teilungsm\u00e4chte sondern vertraten die Ansicht, dass dieser durch organische Arbeit, Verhandlungen mit dem Zaren oder die Teilnahme an friedlichen Demonstrationen ersetzt werden k\u00f6nne.<\/p>\n<p>Leider hat bisher noch kein Forscher herausgefunden, warum Wohl sich letztendlich entschloss, sich dem Aufstand anzuschlie\u00dfen. Wir wissen nur, dass er dies nicht unmittelbar nach dem Ausbruch des Aufstandes getan hat. Wahrscheinlich trat er im Fr\u00fchjahr oder Sommer 1863 in die Finanzabteilung der Nationalen Regierung des Januaraufstandes ein.<\/p>\n<p>Als er seine Arbeit in der Finanzabteilung begann, kam er auf die Idee, einen Aufruf an die Warschauer Bev\u00f6lkerung zu richten und sie um finanzielle Unterst\u00fctzung f\u00fcr die Regierung zu bitten. Die Aktion war ein unerwarteter Erfolg \u2014 es kamen sechs Millionen Rubel zusammen, von denen eine halbe Million von dem Warschauer Bankier Leopold Kronenberg (1812-1879) gespendet wurde. Henryk Wohl war pers\u00f6nlich nicht von dem aktiven Kampf \u00fcberzeugt und verk\u00fcndete \u00fcberall, dass das Geld nach der Niederlage zur Rettung der Menschen verwendet werden k\u00f6nne.<\/p>\n<p>Im August 1863 \u00fcbernahm Wohl die Leitung der Abteilung, die er unter Romuald Traugutt (1826-1864) innehatte. Leider wurde er bereits im November von den Teilungsbeh\u00f6rden verhaftet. Dem \u201eMinister\u201d wurde jedoch weder die Zugeh\u00f6rigkeit zu einer bewaffneten noch zu einer konspirativen Organisation nachgewiesen, und nach einem Monat Haft in der Zitadelle wurde er nach Sibirien verbannt. Wohl landete in Solikamsk im Gouvernement Perm. Dort gelangten jedoch Nachrichten \u00fcber seine tats\u00e4chliche Rolle bei dem Aufstand, so dass die Ermittlungen in seinem Fall wieder aufgenommen und in Wladimir fortgesetzt wurden. Laut dem Historiker Marek Ga\u0142\u0119zowski f\u00fchrte dies zu Wohls Verurteilung, doch wurde er nicht zum Tode verurteilt, wie in verschiedenen Studien zu lesen ist, sondern erhielt eine Strafe von zehn Jahren Zwangsarbeit in Ussolje.<\/p>\n<p>Im Jahr 1866 zog er in das Haus eines Verbannten aus Wolhynien, Wac\u0142aw Lasocki, ein Arzt von Beruf. Unter seinen Leidensgenossen genoss Wohl einen sehr guten Ruf. Er galt auch als ein Mann, der sich sehr f\u00fcr die nationale Sache einsetzte. Als in Ussolje ein Selbsthilfeverein gegr\u00fcndet wurde, wurde er in dessen Vorstand gew\u00e4hlt und fungierte als Schatzmeister der Organisation.<\/p>\n<p>Als die erste Amnestie f\u00fcr die Aufst\u00e4ndischen verk\u00fcndet wurde, ging Wohl 1868 nach Irkutsk. Er fand sich schnell unter den dort lebenden Polen zurecht. Im Jahr 1872 erhielt er eine Anstellung in einer Filiale der Sibirischen Handelsbank in Irkutsk. W\u00e4hrend dieser Zeit interessierte er sich weiterhin f\u00fcr die polnischen Angelegenheiten.<\/p>\n<p>Der Flei\u00df und die Gewissenhaftigkeit von Wohl wurden belohnt \u2014 man bot ihm den Posten des Direktors dieser Bank an. Allerdings starb in dieser Zeit Zar Alexander II. und mit seinem Tod bot sich die M\u00f6glichkeit, nach Warschau zur\u00fcckzukehren, so dass Wohl \u00fcberlegen musste, ob er den Posten annehmen oder ablehnen und in die polnischen Gebiete zur\u00fcckkehren sollte. Er entschied sich f\u00fcr die zweite M\u00f6glichkeit.<\/p>\n<p>Nach seiner R\u00fcckkehr erhielt er die Stelle eines Buchhalters im Vorstand der Eisenstra\u00dfe \u0141\u00f3d\u017a Fabryczna und engagierte sich in wohlt\u00e4tige, patriotische Aktivit\u00e4ten. In seinem Testament vermachte er sein gesamtes Verm\u00f6gen polnischen Organisationen. Damit finanzierte er unter anderem Stipendien f\u00fcr j\u00fcdische Studenten oder Bauern, die in polnischer Sprache \u00fcber Polen schrieben.<\/p>\n<p>Wohl starb im Jahr 1907. Bei seiner Beerdigung sagte Shimon Ashkenazy, der seine Verdienste um die polnische Sache hervorheben wollte, dass: \u201eWenn man sich diese Versammlung ansieht, wei\u00df man nicht, ob die Polen einen Juden begraben oder umgekehrt\u201d.<\/p>\n","protected":false},"excerpt":{"rendered":"<p>Henryk Wohl war w\u00e4hrend des Januaraufstandes Leiter der Finanzabteilung der Nationalen Regierung. Wegen seiner Beteiligung am Aufstand wurde er von den Russen zu einer langj\u00e4hrigen Verbannung verurteilt. In seinem Testament&hellip;<\/p>\n","protected":false},"author":7,"featured_media":56341,"comment_status":"closed","ping_status":"open","sticky":false,"template":"","format":"standard","meta":{"_mi_skip_tracking":false,"footnotes":""},"categories":[52],"tags":[],"class_list":["post-56345","post","type-post","status-publish","format-standard","has-post-thumbnail","hentry","category-geschichte"],"yoast_head":"<!-- This site is optimized with the Yoast SEO plugin v19.4 - https:\/\/yoast.com\/wordpress\/plugins\/seo\/ -->\n<title>Henryk Wohl \u2014 \u201eFinanzminister\u201d der Nationalen Regierung w\u00e4hrend des Januaraufstands - W\u00fcrde - DignityNews.eu<\/title>\n<meta name=\"robots\" content=\"index, follow, max-snippet:-1, max-image-preview:large, max-video-preview:-1\" \/>\n<link rel=\"canonical\" href=\"https:\/\/dignitynews.eu\/de\/henryk-wohl-finanzminister-der-nationalen-regierung-waehrend-des-januaraufstands\/\" \/>\n<meta property=\"og:locale\" content=\"de_DE\" \/>\n<meta property=\"og:type\" content=\"article\" \/>\n<meta property=\"og:title\" content=\"Henryk Wohl \u2014 \u201eFinanzminister\u201d der Nationalen Regierung w\u00e4hrend des Januaraufstands - W\u00fcrde - DignityNews.eu\" \/>\n<meta property=\"og:description\" content=\"Henryk Wohl war w\u00e4hrend des Januaraufstandes Leiter der Finanzabteilung der Nationalen Regierung. Wegen seiner Beteiligung am Aufstand wurde er von den Russen zu einer langj\u00e4hrigen Verbannung verurteilt. In seinem Testament&hellip;\" \/>\n<meta property=\"og:url\" content=\"https:\/\/dignitynews.eu\/de\/henryk-wohl-finanzminister-der-nationalen-regierung-waehrend-des-januaraufstands\/\" \/>\n<meta property=\"og:site_name\" content=\"W\u00fcrde - DignityNews.eu\" \/>\n<meta property=\"article:published_time\" content=\"2024-01-27T08:15:06+00:00\" \/>\n<meta property=\"article:modified_time\" content=\"2024-01-31T07:43:19+00:00\" \/>\n<meta property=\"og:image\" content=\"https:\/\/dignitynews.eu\/wp-content\/uploads\/2024\/01\/Henryk_Wohl.jpg\" \/>\n\t<meta property=\"og:image:width\" content=\"449\" \/>\n\t<meta property=\"og:image:height\" content=\"640\" \/>\n\t<meta property=\"og:image:type\" content=\"image\/jpeg\" \/>\n<meta name=\"author\" content=\"Dignity News\" \/>\n<meta name=\"twitter:card\" content=\"summary_large_image\" \/>\n<meta name=\"twitter:label1\" content=\"Verfasst von\" \/>\n\t<meta name=\"twitter:data1\" content=\"Dignity News\" \/>\n\t<meta name=\"twitter:label2\" content=\"Gesch\u00e4tzte Lesezeit\" \/>\n\t<meta name=\"twitter:data2\" content=\"5\u00a0Minuten\" \/>\n<script type=\"application\/ld+json\" class=\"yoast-schema-graph\">{\"@context\":\"https:\/\/schema.org\",\"@graph\":[{\"@type\":\"WebSite\",\"@id\":\"https:\/\/dignitynews.eu\/pl\/#website\",\"url\":\"https:\/\/dignitynews.eu\/pl\/\",\"name\":\"W\u00fcrde - DignityNews.eu\",\"description\":\"\",\"potentialAction\":[{\"@type\":\"SearchAction\",\"target\":{\"@type\":\"EntryPoint\",\"urlTemplate\":\"https:\/\/dignitynews.eu\/pl\/?s={search_term_string}\"},\"query-input\":\"required name=search_term_string\"}],\"inLanguage\":\"de\"},{\"@type\":\"WebPage\",\"@id\":\"https:\/\/dignitynews.eu\/de\/henryk-wohl-finanzminister-der-nationalen-regierung-waehrend-des-januaraufstands\/\",\"url\":\"https:\/\/dignitynews.eu\/de\/henryk-wohl-finanzminister-der-nationalen-regierung-waehrend-des-januaraufstands\/\",\"name\":\"Henryk Wohl \u2014 \u201eFinanzminister\u201d der Nationalen Regierung w\u00e4hrend des Januaraufstands - W\u00fcrde - DignityNews.eu\",\"isPartOf\":{\"@id\":\"https:\/\/dignitynews.eu\/pl\/#website\"},\"datePublished\":\"2024-01-27T08:15:06+00:00\",\"dateModified\":\"2024-01-31T07:43:19+00:00\",\"author\":{\"@id\":\"https:\/\/dignitynews.eu\/pl\/#\/schema\/person\/0b62b762b8174802fabc81a3ecb1bfcb\"},\"breadcrumb\":{\"@id\":\"https:\/\/dignitynews.eu\/de\/henryk-wohl-finanzminister-der-nationalen-regierung-waehrend-des-januaraufstands\/#breadcrumb\"},\"inLanguage\":\"de\",\"potentialAction\":[{\"@type\":\"ReadAction\",\"target\":[\"https:\/\/dignitynews.eu\/de\/henryk-wohl-finanzminister-der-nationalen-regierung-waehrend-des-januaraufstands\/\"]}]},{\"@type\":\"BreadcrumbList\",\"@id\":\"https:\/\/dignitynews.eu\/de\/henryk-wohl-finanzminister-der-nationalen-regierung-waehrend-des-januaraufstands\/#breadcrumb\",\"itemListElement\":[{\"@type\":\"ListItem\",\"position\":1,\"name\":\"Strona g\u0142\u00f3wna\",\"item\":\"https:\/\/dignitynews.eu\/de\/\"},{\"@type\":\"ListItem\",\"position\":2,\"name\":\"Henryk Wohl \u2014 \u201eFinanzminister\u201d der Nationalen Regierung w\u00e4hrend des Januaraufstands\"}]},{\"@type\":\"Person\",\"@id\":\"https:\/\/dignitynews.eu\/pl\/#\/schema\/person\/0b62b762b8174802fabc81a3ecb1bfcb\",\"name\":\"Dignity News\",\"image\":{\"@type\":\"ImageObject\",\"inLanguage\":\"de\",\"@id\":\"https:\/\/dignitynews.eu\/pl\/#\/schema\/person\/image\/\",\"url\":\"https:\/\/secure.gravatar.com\/avatar\/97963171a6d9108f8381bbefb1c6b150c445b6ddd9e3077b96c86cf5892c85dc?s=96&d=mm&r=g\",\"contentUrl\":\"https:\/\/secure.gravatar.com\/avatar\/97963171a6d9108f8381bbefb1c6b150c445b6ddd9e3077b96c86cf5892c85dc?s=96&d=mm&r=g\",\"caption\":\"Dignity News\"},\"url\":\"https:\/\/dignitynews.eu\/de\/author\/mikolaj-palade\/\"}]}<\/script>\n<!-- \/ Yoast SEO plugin. -->","yoast_head_json":{"title":"Henryk Wohl \u2014 \u201eFinanzminister\u201d der Nationalen Regierung w\u00e4hrend des Januaraufstands - W\u00fcrde - DignityNews.eu","robots":{"index":"index","follow":"follow","max-snippet":"max-snippet:-1","max-image-preview":"max-image-preview:large","max-video-preview":"max-video-preview:-1"},"canonical":"https:\/\/dignitynews.eu\/de\/henryk-wohl-finanzminister-der-nationalen-regierung-waehrend-des-januaraufstands\/","og_locale":"de_DE","og_type":"article","og_title":"Henryk Wohl \u2014 \u201eFinanzminister\u201d der Nationalen Regierung w\u00e4hrend des Januaraufstands - W\u00fcrde - DignityNews.eu","og_description":"Henryk Wohl war w\u00e4hrend des Januaraufstandes Leiter der Finanzabteilung der Nationalen Regierung. Wegen seiner Beteiligung am Aufstand wurde er von den Russen zu einer langj\u00e4hrigen Verbannung verurteilt. In seinem Testament&hellip;","og_url":"https:\/\/dignitynews.eu\/de\/henryk-wohl-finanzminister-der-nationalen-regierung-waehrend-des-januaraufstands\/","og_site_name":"W\u00fcrde - DignityNews.eu","article_published_time":"2024-01-27T08:15:06+00:00","article_modified_time":"2024-01-31T07:43:19+00:00","og_image":[{"width":449,"height":640,"url":"https:\/\/dignitynews.eu\/wp-content\/uploads\/2024\/01\/Henryk_Wohl.jpg","type":"image\/jpeg"}],"author":"Dignity News","twitter_card":"summary_large_image","twitter_misc":{"Verfasst von":"Dignity News","Gesch\u00e4tzte Lesezeit":"5\u00a0Minuten"},"schema":{"@context":"https:\/\/schema.org","@graph":[{"@type":"WebSite","@id":"https:\/\/dignitynews.eu\/pl\/#website","url":"https:\/\/dignitynews.eu\/pl\/","name":"W\u00fcrde - DignityNews.eu","description":"","potentialAction":[{"@type":"SearchAction","target":{"@type":"EntryPoint","urlTemplate":"https:\/\/dignitynews.eu\/pl\/?s={search_term_string}"},"query-input":"required name=search_term_string"}],"inLanguage":"de"},{"@type":"WebPage","@id":"https:\/\/dignitynews.eu\/de\/henryk-wohl-finanzminister-der-nationalen-regierung-waehrend-des-januaraufstands\/","url":"https:\/\/dignitynews.eu\/de\/henryk-wohl-finanzminister-der-nationalen-regierung-waehrend-des-januaraufstands\/","name":"Henryk Wohl \u2014 \u201eFinanzminister\u201d der Nationalen Regierung w\u00e4hrend des Januaraufstands - W\u00fcrde - DignityNews.eu","isPartOf":{"@id":"https:\/\/dignitynews.eu\/pl\/#website"},"datePublished":"2024-01-27T08:15:06+00:00","dateModified":"2024-01-31T07:43:19+00:00","author":{"@id":"https:\/\/dignitynews.eu\/pl\/#\/schema\/person\/0b62b762b8174802fabc81a3ecb1bfcb"},"breadcrumb":{"@id":"https:\/\/dignitynews.eu\/de\/henryk-wohl-finanzminister-der-nationalen-regierung-waehrend-des-januaraufstands\/#breadcrumb"},"inLanguage":"de","potentialAction":[{"@type":"ReadAction","target":["https:\/\/dignitynews.eu\/de\/henryk-wohl-finanzminister-der-nationalen-regierung-waehrend-des-januaraufstands\/"]}]},{"@type":"BreadcrumbList","@id":"https:\/\/dignitynews.eu\/de\/henryk-wohl-finanzminister-der-nationalen-regierung-waehrend-des-januaraufstands\/#breadcrumb","itemListElement":[{"@type":"ListItem","position":1,"name":"Strona g\u0142\u00f3wna","item":"https:\/\/dignitynews.eu\/de\/"},{"@type":"ListItem","position":2,"name":"Henryk Wohl \u2014 \u201eFinanzminister\u201d der Nationalen Regierung w\u00e4hrend des Januaraufstands"}]},{"@type":"Person","@id":"https:\/\/dignitynews.eu\/pl\/#\/schema\/person\/0b62b762b8174802fabc81a3ecb1bfcb","name":"Dignity News","image":{"@type":"ImageObject","inLanguage":"de","@id":"https:\/\/dignitynews.eu\/pl\/#\/schema\/person\/image\/","url":"https:\/\/secure.gravatar.com\/avatar\/97963171a6d9108f8381bbefb1c6b150c445b6ddd9e3077b96c86cf5892c85dc?s=96&d=mm&r=g","contentUrl":"https:\/\/secure.gravatar.com\/avatar\/97963171a6d9108f8381bbefb1c6b150c445b6ddd9e3077b96c86cf5892c85dc?s=96&d=mm&r=g","caption":"Dignity News"},"url":"https:\/\/dignitynews.eu\/de\/author\/mikolaj-palade\/"}]}},"_links":{"self":[{"href":"https:\/\/dignitynews.eu\/de\/wp-json\/wp\/v2\/posts\/56345","targetHints":{"allow":["GET"]}}],"collection":[{"href":"https:\/\/dignitynews.eu\/de\/wp-json\/wp\/v2\/posts"}],"about":[{"href":"https:\/\/dignitynews.eu\/de\/wp-json\/wp\/v2\/types\/post"}],"author":[{"embeddable":true,"href":"https:\/\/dignitynews.eu\/de\/wp-json\/wp\/v2\/users\/7"}],"replies":[{"embeddable":true,"href":"https:\/\/dignitynews.eu\/de\/wp-json\/wp\/v2\/comments?post=56345"}],"version-history":[{"count":1,"href":"https:\/\/dignitynews.eu\/de\/wp-json\/wp\/v2\/posts\/56345\/revisions"}],"predecessor-version":[{"id":56346,"href":"https:\/\/dignitynews.eu\/de\/wp-json\/wp\/v2\/posts\/56345\/revisions\/56346"}],"wp:featuredmedia":[{"embeddable":true,"href":"https:\/\/dignitynews.eu\/de\/wp-json\/wp\/v2\/media\/56341"}],"wp:attachment":[{"href":"https:\/\/dignitynews.eu\/de\/wp-json\/wp\/v2\/media?parent=56345"}],"wp:term":[{"taxonomy":"category","embeddable":true,"href":"https:\/\/dignitynews.eu\/de\/wp-json\/wp\/v2\/categories?post=56345"},{"taxonomy":"post_tag","embeddable":true,"href":"https:\/\/dignitynews.eu\/de\/wp-json\/wp\/v2\/tags?post=56345"}],"curies":[{"name":"wp","href":"https:\/\/api.w.org\/{rel}","templated":true}]}}