{"id":55309,"date":"2024-01-16T11:58:35","date_gmt":"2024-01-16T10:58:35","guid":{"rendered":"https:\/\/dignitynews.eu\/?p=55309"},"modified":"2024-01-17T10:32:13","modified_gmt":"2024-01-17T09:32:13","slug":"kommunistische-morde-an-psl-aktivisten-in-den-jahren-1944-1947","status":"publish","type":"post","link":"https:\/\/dignitynews.eu\/de\/kommunistische-morde-an-psl-aktivisten-in-den-jahren-1944-1947\/","title":{"rendered":"Kommunistische Morde an PSL-Aktivisten in den Jahren 1944-1947"},"content":{"rendered":"<h5><strong>Das von der Roten Armee besetzte und politisch den Sowjets unterstellte Polen konnte in den Grenzen von vor 1939 nicht als unabh\u00e4ngiger Staat wiedergeboren werden. Zwischen Bug und Oder entstand ein \u201e<\/strong><strong>Volks\u201d-Polen, das in die H\u00e4nde der Kommunisten fiel, die sowjetische Befehle ausf\u00fchrten und jeden Widerstand und jede politische Opposition brutal unterdr\u00fcckten. Eine der wichtigsten Methoden, um gegen politische Gegner vorzugehen, war ihre Ermordung durch \u201eunbekannte T\u00e4ter\u201d. <\/strong><\/h5>\n<p>Die Kommunisten, die allm\u00e4hlich die totale Macht in Polen erlangten, \u00fcbernahmen nicht nur die Namen der Vorkriegsparteien, sondern schleusten auch prokommunistische Aktivisten in unabh\u00e4ngige Gruppierungen ein, die sie von innen heraus spalten und ihnen die Arbeit erschweren sollten. In der Polnischen Volkspartei (<em>Polskie Stronnictwo Ludowe<\/em>, PSL) spielte diese Rolle W\u0142adys\u0142aw Kiernik, ein Vorkriegs-Mitglied der Volkspartei, der ein B\u00fcndnis mit der Polnischen Arbeiterpartei (<em>Polska Partia Robotnicza<\/em>) angestrebt hatte. Trotz der Bem\u00fchungen der Kommunisten wurde die PSL nach dem Ende des Zweiten Weltkriegs zur gr\u00f6\u00dften politischen Partei, was nicht so sehr auf die enthusiastische Unterst\u00fctzung der polnischen Gesellschaft f\u00fcr die Bauern zur\u00fcckzuf\u00fchren war, sondern auf die Tatsache, dass die Partei von Miko\u0142ajczyk, dem Ministerpr\u00e4sidenten der polnischen Exilregierung, die einzige legale, f\u00fcr die Unabh\u00e4ngigkeit eintretende politische Kraft war, die das Monopol der Kommunisten bedrohen konnte.<\/p>\n<p>Die Zukunft Polens sollte durch Parlamentswahlen entschieden werden. Die Unabh\u00e4ngigkeitsbef\u00fcrworter hofften, dass die Westm\u00e4chte daf\u00fcr sorgen w\u00fcrden, dass bei den Wahlen wie versprochen demokratische Verfahren eingehalten w\u00fcrden. Die Kommunisten verz\u00f6gerten die Wahlen absichtlich, um ihre Macht zu festigen und den Widerstand des Volkes zu brechen, indem sie den Repressionsapparat ausbauten. Tausende von Menschen wurden inhaftiert und zum Tode verurteilt. Man versuchte, die Handlungsf\u00e4higkeit der PSL einzuschr\u00e4nken, und versch\u00e4rfte die Zensur. PSL-Aktivisten wurden ebenso wie andere Mitglieder von Unabh\u00e4ngigkeitsorganisationen verhaftet, das Funktionieren der Parteistrukturen wurde behindert, und es kam zu Einsch\u00fcchterungen, Schl\u00e4gen und Morden an Politikern dieser Partei.<\/p>\n<p>PSL-Politiker starben durch die Hand von K\u00e4mpfern der Polnischen Arbeiterpartei, Funktion\u00e4ren des Sicherheitsdienstes (<em>Urz\u0105d Bezpiecze\u0144stwa<\/em>) und der B\u00fcrgermiliz (<em>Milicja Obywatelska<\/em>) sowie von Mitgliedern der Freiwilligen Reserve der B\u00fcrgermiliz (<em>Ochotnicza Rezerwa Milicji Obywatelskiej<\/em>, kurz ORMO). So wurde beispielsweise Andrzej Starzy\u0144ski aus Borki in der Woiwodschaft Lublin am 15. November 1946 von MO-Offizieren beim Verteilen von Wahlflugbl\u00e4ttern ermordet. Ein Foto, das in die Exilpresse gelangte, dokumentierte die Ermordung von J\u00f3zef Hachlica, der einige Tage zuvor bei der Beerdigung von zwei von einer Kampfgruppe der Polnischen Arbeiterpartei ermordeten Aktivisten eine Rede gehalten hatte. W\u00e4hrend des Vorwahlkampfes wurden etwa 140 PSL-Aktivisten heimlich ermordet, etwa 10\u00a0000 Personen verhaftet, Mitglieder vieler Bezirksstrukturen wurden ausgeschlossen und die Listen der PSL-Kandidaten in zehn Wahlbezirken f\u00fcr ung\u00fcltig erkl\u00e4rt. Fast \u00fcberall wurden die Vertrauensleute der PSL daran gehindert, die Stimmabgabe zu kontrollieren, was es den Kommunisten erleichterte, die Wahl zum Gesetzgebenden Sejm am 19. Januar 1947 zu f\u00e4lschen.<\/p>\n","protected":false},"excerpt":{"rendered":"<p>Das von der Roten Armee besetzte und politisch den Sowjets unterstellte Polen konnte in den Grenzen von vor 1939 nicht als unabh\u00e4ngiger Staat wiedergeboren werden. Zwischen Bug und Oder entstand&hellip;<\/p>\n","protected":false},"author":7,"featured_media":55305,"comment_status":"closed","ping_status":"open","sticky":false,"template":"","format":"standard","meta":{"_mi_skip_tracking":false,"footnotes":""},"categories":[52],"tags":[],"class_list":["post-55309","post","type-post","status-publish","format-standard","has-post-thumbnail","hentry","category-geschichte"],"yoast_head":"<!-- This site is optimized with the Yoast SEO plugin v19.4 - https:\/\/yoast.com\/wordpress\/plugins\/seo\/ -->\n<title>Kommunistische Morde an PSL-Aktivisten in den Jahren 1944-1947 - W\u00fcrde - DignityNews.eu<\/title>\n<meta name=\"robots\" content=\"index, follow, max-snippet:-1, max-image-preview:large, max-video-preview:-1\" \/>\n<link rel=\"canonical\" href=\"https:\/\/dignitynews.eu\/de\/kommunistische-morde-an-psl-aktivisten-in-den-jahren-1944-1947\/\" \/>\n<meta property=\"og:locale\" content=\"de_DE\" \/>\n<meta property=\"og:type\" content=\"article\" \/>\n<meta property=\"og:title\" content=\"Kommunistische Morde an PSL-Aktivisten in den Jahren 1944-1947 - W\u00fcrde - DignityNews.eu\" \/>\n<meta property=\"og:description\" content=\"Das von der Roten Armee besetzte und politisch den Sowjets unterstellte Polen konnte in den Grenzen von vor 1939 nicht als unabh\u00e4ngiger Staat wiedergeboren werden. Zwischen Bug und Oder entstand&hellip;\" \/>\n<meta property=\"og:url\" content=\"https:\/\/dignitynews.eu\/de\/kommunistische-morde-an-psl-aktivisten-in-den-jahren-1944-1947\/\" \/>\n<meta property=\"og:site_name\" content=\"W\u00fcrde - DignityNews.eu\" \/>\n<meta property=\"article:published_time\" content=\"2024-01-16T10:58:35+00:00\" \/>\n<meta property=\"article:modified_time\" content=\"2024-01-17T09:32:13+00:00\" \/>\n<meta property=\"og:image\" content=\"https:\/\/dignitynews.eu\/wp-content\/uploads\/2024\/01\/598px-Odezwa_wyborcza_PSL_1946.jpg\" \/>\n\t<meta property=\"og:image:width\" content=\"598\" \/>\n\t<meta property=\"og:image:height\" content=\"898\" \/>\n\t<meta property=\"og:image:type\" content=\"image\/jpeg\" \/>\n<meta name=\"author\" content=\"Dignity News\" \/>\n<meta name=\"twitter:card\" content=\"summary_large_image\" \/>\n<meta name=\"twitter:label1\" content=\"Verfasst von\" \/>\n\t<meta name=\"twitter:data1\" content=\"Dignity News\" \/>\n\t<meta name=\"twitter:label2\" content=\"Gesch\u00e4tzte Lesezeit\" \/>\n\t<meta name=\"twitter:data2\" content=\"2\u00a0Minuten\" \/>\n<script type=\"application\/ld+json\" class=\"yoast-schema-graph\">{\"@context\":\"https:\/\/schema.org\",\"@graph\":[{\"@type\":\"WebSite\",\"@id\":\"https:\/\/dignitynews.eu\/pl\/#website\",\"url\":\"https:\/\/dignitynews.eu\/pl\/\",\"name\":\"W\u00fcrde - DignityNews.eu\",\"description\":\"\",\"potentialAction\":[{\"@type\":\"SearchAction\",\"target\":{\"@type\":\"EntryPoint\",\"urlTemplate\":\"https:\/\/dignitynews.eu\/pl\/?s={search_term_string}\"},\"query-input\":\"required name=search_term_string\"}],\"inLanguage\":\"de\"},{\"@type\":\"WebPage\",\"@id\":\"https:\/\/dignitynews.eu\/de\/kommunistische-morde-an-psl-aktivisten-in-den-jahren-1944-1947\/\",\"url\":\"https:\/\/dignitynews.eu\/de\/kommunistische-morde-an-psl-aktivisten-in-den-jahren-1944-1947\/\",\"name\":\"Kommunistische Morde an PSL-Aktivisten in den Jahren 1944-1947 - W\u00fcrde - DignityNews.eu\",\"isPartOf\":{\"@id\":\"https:\/\/dignitynews.eu\/pl\/#website\"},\"datePublished\":\"2024-01-16T10:58:35+00:00\",\"dateModified\":\"2024-01-17T09:32:13+00:00\",\"author\":{\"@id\":\"https:\/\/dignitynews.eu\/pl\/#\/schema\/person\/0b62b762b8174802fabc81a3ecb1bfcb\"},\"breadcrumb\":{\"@id\":\"https:\/\/dignitynews.eu\/de\/kommunistische-morde-an-psl-aktivisten-in-den-jahren-1944-1947\/#breadcrumb\"},\"inLanguage\":\"de\",\"potentialAction\":[{\"@type\":\"ReadAction\",\"target\":[\"https:\/\/dignitynews.eu\/de\/kommunistische-morde-an-psl-aktivisten-in-den-jahren-1944-1947\/\"]}]},{\"@type\":\"BreadcrumbList\",\"@id\":\"https:\/\/dignitynews.eu\/de\/kommunistische-morde-an-psl-aktivisten-in-den-jahren-1944-1947\/#breadcrumb\",\"itemListElement\":[{\"@type\":\"ListItem\",\"position\":1,\"name\":\"Strona g\u0142\u00f3wna\",\"item\":\"https:\/\/dignitynews.eu\/de\/\"},{\"@type\":\"ListItem\",\"position\":2,\"name\":\"Kommunistische Morde an PSL-Aktivisten in den Jahren 1944-1947\"}]},{\"@type\":\"Person\",\"@id\":\"https:\/\/dignitynews.eu\/pl\/#\/schema\/person\/0b62b762b8174802fabc81a3ecb1bfcb\",\"name\":\"Dignity News\",\"image\":{\"@type\":\"ImageObject\",\"inLanguage\":\"de\",\"@id\":\"https:\/\/dignitynews.eu\/pl\/#\/schema\/person\/image\/\",\"url\":\"https:\/\/secure.gravatar.com\/avatar\/97963171a6d9108f8381bbefb1c6b150c445b6ddd9e3077b96c86cf5892c85dc?s=96&d=mm&r=g\",\"contentUrl\":\"https:\/\/secure.gravatar.com\/avatar\/97963171a6d9108f8381bbefb1c6b150c445b6ddd9e3077b96c86cf5892c85dc?s=96&d=mm&r=g\",\"caption\":\"Dignity News\"},\"url\":\"https:\/\/dignitynews.eu\/de\/author\/mikolaj-palade\/\"}]}<\/script>\n<!-- \/ Yoast SEO plugin. -->","yoast_head_json":{"title":"Kommunistische Morde an PSL-Aktivisten in den Jahren 1944-1947 - W\u00fcrde - DignityNews.eu","robots":{"index":"index","follow":"follow","max-snippet":"max-snippet:-1","max-image-preview":"max-image-preview:large","max-video-preview":"max-video-preview:-1"},"canonical":"https:\/\/dignitynews.eu\/de\/kommunistische-morde-an-psl-aktivisten-in-den-jahren-1944-1947\/","og_locale":"de_DE","og_type":"article","og_title":"Kommunistische Morde an PSL-Aktivisten in den Jahren 1944-1947 - W\u00fcrde - DignityNews.eu","og_description":"Das von der Roten Armee besetzte und politisch den Sowjets unterstellte Polen konnte in den Grenzen von vor 1939 nicht als unabh\u00e4ngiger Staat wiedergeboren werden. Zwischen Bug und Oder entstand&hellip;","og_url":"https:\/\/dignitynews.eu\/de\/kommunistische-morde-an-psl-aktivisten-in-den-jahren-1944-1947\/","og_site_name":"W\u00fcrde - DignityNews.eu","article_published_time":"2024-01-16T10:58:35+00:00","article_modified_time":"2024-01-17T09:32:13+00:00","og_image":[{"width":598,"height":898,"url":"https:\/\/dignitynews.eu\/wp-content\/uploads\/2024\/01\/598px-Odezwa_wyborcza_PSL_1946.jpg","type":"image\/jpeg"}],"author":"Dignity News","twitter_card":"summary_large_image","twitter_misc":{"Verfasst von":"Dignity News","Gesch\u00e4tzte Lesezeit":"2\u00a0Minuten"},"schema":{"@context":"https:\/\/schema.org","@graph":[{"@type":"WebSite","@id":"https:\/\/dignitynews.eu\/pl\/#website","url":"https:\/\/dignitynews.eu\/pl\/","name":"W\u00fcrde - DignityNews.eu","description":"","potentialAction":[{"@type":"SearchAction","target":{"@type":"EntryPoint","urlTemplate":"https:\/\/dignitynews.eu\/pl\/?s={search_term_string}"},"query-input":"required name=search_term_string"}],"inLanguage":"de"},{"@type":"WebPage","@id":"https:\/\/dignitynews.eu\/de\/kommunistische-morde-an-psl-aktivisten-in-den-jahren-1944-1947\/","url":"https:\/\/dignitynews.eu\/de\/kommunistische-morde-an-psl-aktivisten-in-den-jahren-1944-1947\/","name":"Kommunistische Morde an PSL-Aktivisten in den Jahren 1944-1947 - W\u00fcrde - DignityNews.eu","isPartOf":{"@id":"https:\/\/dignitynews.eu\/pl\/#website"},"datePublished":"2024-01-16T10:58:35+00:00","dateModified":"2024-01-17T09:32:13+00:00","author":{"@id":"https:\/\/dignitynews.eu\/pl\/#\/schema\/person\/0b62b762b8174802fabc81a3ecb1bfcb"},"breadcrumb":{"@id":"https:\/\/dignitynews.eu\/de\/kommunistische-morde-an-psl-aktivisten-in-den-jahren-1944-1947\/#breadcrumb"},"inLanguage":"de","potentialAction":[{"@type":"ReadAction","target":["https:\/\/dignitynews.eu\/de\/kommunistische-morde-an-psl-aktivisten-in-den-jahren-1944-1947\/"]}]},{"@type":"BreadcrumbList","@id":"https:\/\/dignitynews.eu\/de\/kommunistische-morde-an-psl-aktivisten-in-den-jahren-1944-1947\/#breadcrumb","itemListElement":[{"@type":"ListItem","position":1,"name":"Strona g\u0142\u00f3wna","item":"https:\/\/dignitynews.eu\/de\/"},{"@type":"ListItem","position":2,"name":"Kommunistische Morde an PSL-Aktivisten in den Jahren 1944-1947"}]},{"@type":"Person","@id":"https:\/\/dignitynews.eu\/pl\/#\/schema\/person\/0b62b762b8174802fabc81a3ecb1bfcb","name":"Dignity News","image":{"@type":"ImageObject","inLanguage":"de","@id":"https:\/\/dignitynews.eu\/pl\/#\/schema\/person\/image\/","url":"https:\/\/secure.gravatar.com\/avatar\/97963171a6d9108f8381bbefb1c6b150c445b6ddd9e3077b96c86cf5892c85dc?s=96&d=mm&r=g","contentUrl":"https:\/\/secure.gravatar.com\/avatar\/97963171a6d9108f8381bbefb1c6b150c445b6ddd9e3077b96c86cf5892c85dc?s=96&d=mm&r=g","caption":"Dignity News"},"url":"https:\/\/dignitynews.eu\/de\/author\/mikolaj-palade\/"}]}},"_links":{"self":[{"href":"https:\/\/dignitynews.eu\/de\/wp-json\/wp\/v2\/posts\/55309","targetHints":{"allow":["GET"]}}],"collection":[{"href":"https:\/\/dignitynews.eu\/de\/wp-json\/wp\/v2\/posts"}],"about":[{"href":"https:\/\/dignitynews.eu\/de\/wp-json\/wp\/v2\/types\/post"}],"author":[{"embeddable":true,"href":"https:\/\/dignitynews.eu\/de\/wp-json\/wp\/v2\/users\/7"}],"replies":[{"embeddable":true,"href":"https:\/\/dignitynews.eu\/de\/wp-json\/wp\/v2\/comments?post=55309"}],"version-history":[{"count":1,"href":"https:\/\/dignitynews.eu\/de\/wp-json\/wp\/v2\/posts\/55309\/revisions"}],"predecessor-version":[{"id":55310,"href":"https:\/\/dignitynews.eu\/de\/wp-json\/wp\/v2\/posts\/55309\/revisions\/55310"}],"wp:featuredmedia":[{"embeddable":true,"href":"https:\/\/dignitynews.eu\/de\/wp-json\/wp\/v2\/media\/55305"}],"wp:attachment":[{"href":"https:\/\/dignitynews.eu\/de\/wp-json\/wp\/v2\/media?parent=55309"}],"wp:term":[{"taxonomy":"category","embeddable":true,"href":"https:\/\/dignitynews.eu\/de\/wp-json\/wp\/v2\/categories?post=55309"},{"taxonomy":"post_tag","embeddable":true,"href":"https:\/\/dignitynews.eu\/de\/wp-json\/wp\/v2\/tags?post=55309"}],"curies":[{"name":"wp","href":"https:\/\/api.w.org\/{rel}","templated":true}]}}