{"id":5457,"date":"2022-01-27T15:11:39","date_gmt":"2022-01-27T14:11:39","guid":{"rendered":"https:\/\/dignitynews.eu\/?p=5457"},"modified":"2022-01-29T11:47:51","modified_gmt":"2022-01-29T10:47:51","slug":"fernunterricht-ab-der-5-klasse-der-grundschule-und-fuer-alle-klassen-der-sekundarschule","status":"publish","type":"post","link":"https:\/\/dignitynews.eu\/de\/fernunterricht-ab-der-5-klasse-der-grundschule-und-fuer-alle-klassen-der-sekundarschule\/","title":{"rendered":"Fernunterricht ab der 5. Klasse der Grundschule und f\u00fcr alle Klassen der Sekundarschule"},"content":{"rendered":"<p><b>Die Sch\u00fclerinnen und Sch\u00fcler der Klassen 5 bis 8 der Grundschulen und alle Klassen der weiterf\u00fchrenden Schulen werden ab Donnerstag von zu Hause aus lernen. Der Minister f\u00fcr Bildung und Wissenschaft, Przemys\u0142aw Czarnek, unterzeichnete eine Verordnung zur Einf\u00fchrung des Fernunterrichts bis zum Ende der Ferien, d. h. bis zum 27. Februar. Die Kinder der Klassen 1 bis 4 in den Grundschulen werden weiterhin zur Schule gehen. Die Entscheidung \u00fcber die Funktionsweise der Sonderschulen soll von den Schulleitern zusammen mit den Eltern der Sch\u00fcler getroffen werden.<\/b><\/p>\n<p>&#8211; Die Einf\u00fchrung der Einschr\u00e4nkung des Betriebs von Schulen und Schuleinrichtungen war aufgrund der steigenden Zahl von Coronavirus-Erkrankungen in den letzten Tagen notwendig. Die Termine f\u00fcr den Beginn und das Ende der Winterferien bleiben jedoch unver\u00e4ndert \u2014 erkl\u00e4rt Anna Ostrowska, Sprecherin des Ministeriums f\u00fcr Bildung und Wissenschaft, zitiert von PolskieRadio24.pl.<\/p>\n<p>Sie f\u00fcgte hinzu, dass trotz des Fernunterrichts Abiturienten und Achtkl\u00e4ssler f\u00fcr Beratungen vor Pr\u00fcfungen in die Schule kommen k\u00f6nnen. Der Schulleiter kann in der Schule Einzel- oder Gruppenkonsultationen in dem Fach, in dem der Sch\u00fcler die Pr\u00fcfung f\u00fcr die achte Klasse oder die Reifepr\u00fcfung ablegt, organisieren. Die Organisation dieser Beratungen h\u00e4ngt von den Bed\u00fcrfnissen der Sch\u00fcler und den Arbeitsbedingungen der Schulen ab, und die Teilnahme der Sch\u00fcler an den Beratungen ist freiwillig.<\/p>\n<p>Die Kinderg\u00e4rten und Internate werden ohne \u00c4nderungen funktionieren.Es wird auch die M\u00f6glichkeit bestehen, eine praktische Berufsausbildung fortzusetzen. An der Funktionsweise der Jugendbildungszentren, Jugendsoziotherapiezentren, Rehabilitations- und Bildungszentren, Sonderp\u00e4dagogischen Zentren und psychologisch-p\u00e4dagogischen Beratungszentren \u00e4ndert sich ebenfalls nichts.<\/p>\n<p>Arkadiusz S\u0142omczy\u0144ski<\/p>\n","protected":false},"excerpt":{"rendered":"<p>Die Sch\u00fclerinnen und Sch\u00fcler der Klassen 5 bis 8 der Grundschulen und alle Klassen der weiterf\u00fchrenden Schulen werden ab Donnerstag von zu Hause aus lernen. Der Minister f\u00fcr Bildung und&hellip;<\/p>\n","protected":false},"author":3,"featured_media":5653,"comment_status":"closed","ping_status":"open","sticky":false,"template":"","format":"standard","meta":{"_mi_skip_tracking":false,"footnotes":""},"categories":[53],"tags":[],"class_list":["post-5457","post","type-post","status-publish","format-standard","has-post-thumbnail","hentry","category-nachrichten"],"yoast_head":"<!-- This site is optimized with the Yoast SEO plugin v19.4 - https:\/\/yoast.com\/wordpress\/plugins\/seo\/ -->\n<title>Fernunterricht ab der 5. Klasse der Grundschule und f\u00fcr alle Klassen der Sekundarschule - W\u00fcrde - DignityNews.eu<\/title>\n<meta name=\"robots\" content=\"index, follow, max-snippet:-1, max-image-preview:large, max-video-preview:-1\" \/>\n<link rel=\"canonical\" href=\"https:\/\/dignitynews.eu\/de\/fernunterricht-ab-der-5-klasse-der-grundschule-und-fuer-alle-klassen-der-sekundarschule\/\" \/>\n<meta property=\"og:locale\" content=\"de_DE\" \/>\n<meta property=\"og:type\" content=\"article\" \/>\n<meta property=\"og:title\" content=\"Fernunterricht ab der 5. Klasse der Grundschule und f\u00fcr alle Klassen der Sekundarschule - W\u00fcrde - DignityNews.eu\" \/>\n<meta property=\"og:description\" content=\"Die Sch\u00fclerinnen und Sch\u00fcler der Klassen 5 bis 8 der Grundschulen und alle Klassen der weiterf\u00fchrenden Schulen werden ab Donnerstag von zu Hause aus lernen. Der Minister f\u00fcr Bildung und&hellip;\" \/>\n<meta property=\"og:url\" content=\"https:\/\/dignitynews.eu\/de\/fernunterricht-ab-der-5-klasse-der-grundschule-und-fuer-alle-klassen-der-sekundarschule\/\" \/>\n<meta property=\"og:site_name\" content=\"W\u00fcrde - DignityNews.eu\" \/>\n<meta property=\"article:published_time\" content=\"2022-01-27T14:11:39+00:00\" \/>\n<meta property=\"article:modified_time\" content=\"2022-01-29T10:47:51+00:00\" \/>\n<meta property=\"og:image\" content=\"https:\/\/dignitynews.eu\/wp-content\/uploads\/2022\/01\/Home_office_2-scaled.jpg\" \/>\n\t<meta property=\"og:image:width\" content=\"2560\" \/>\n\t<meta property=\"og:image:height\" content=\"1707\" \/>\n\t<meta property=\"og:image:type\" content=\"image\/jpeg\" \/>\n<meta name=\"author\" content=\"DignityNews.eu\" \/>\n<meta name=\"twitter:card\" content=\"summary_large_image\" \/>\n<meta name=\"twitter:label1\" content=\"Verfasst von\" \/>\n\t<meta name=\"twitter:data1\" content=\"DignityNews.eu\" \/>\n\t<meta name=\"twitter:label2\" content=\"Gesch\u00e4tzte Lesezeit\" \/>\n\t<meta name=\"twitter:data2\" content=\"1\u00a0Minute\" \/>\n<script type=\"application\/ld+json\" class=\"yoast-schema-graph\">{\"@context\":\"https:\/\/schema.org\",\"@graph\":[{\"@type\":\"WebSite\",\"@id\":\"https:\/\/dignitynews.eu\/pl\/#website\",\"url\":\"https:\/\/dignitynews.eu\/pl\/\",\"name\":\"W\u00fcrde - DignityNews.eu\",\"description\":\"\",\"potentialAction\":[{\"@type\":\"SearchAction\",\"target\":{\"@type\":\"EntryPoint\",\"urlTemplate\":\"https:\/\/dignitynews.eu\/pl\/?s={search_term_string}\"},\"query-input\":\"required name=search_term_string\"}],\"inLanguage\":\"de\"},{\"@type\":\"WebPage\",\"@id\":\"https:\/\/dignitynews.eu\/de\/fernunterricht-ab-der-5-klasse-der-grundschule-und-fuer-alle-klassen-der-sekundarschule\/\",\"url\":\"https:\/\/dignitynews.eu\/de\/fernunterricht-ab-der-5-klasse-der-grundschule-und-fuer-alle-klassen-der-sekundarschule\/\",\"name\":\"Fernunterricht ab der 5. Klasse der Grundschule und f\u00fcr alle Klassen der Sekundarschule - W\u00fcrde - DignityNews.eu\",\"isPartOf\":{\"@id\":\"https:\/\/dignitynews.eu\/pl\/#website\"},\"datePublished\":\"2022-01-27T14:11:39+00:00\",\"dateModified\":\"2022-01-29T10:47:51+00:00\",\"author\":{\"@id\":\"https:\/\/dignitynews.eu\/pl\/#\/schema\/person\/4d8f570a0fd5c310685d78d9e520982c\"},\"breadcrumb\":{\"@id\":\"https:\/\/dignitynews.eu\/de\/fernunterricht-ab-der-5-klasse-der-grundschule-und-fuer-alle-klassen-der-sekundarschule\/#breadcrumb\"},\"inLanguage\":\"de\",\"potentialAction\":[{\"@type\":\"ReadAction\",\"target\":[\"https:\/\/dignitynews.eu\/de\/fernunterricht-ab-der-5-klasse-der-grundschule-und-fuer-alle-klassen-der-sekundarschule\/\"]}]},{\"@type\":\"BreadcrumbList\",\"@id\":\"https:\/\/dignitynews.eu\/de\/fernunterricht-ab-der-5-klasse-der-grundschule-und-fuer-alle-klassen-der-sekundarschule\/#breadcrumb\",\"itemListElement\":[{\"@type\":\"ListItem\",\"position\":1,\"name\":\"Strona g\u0142\u00f3wna\",\"item\":\"https:\/\/dignitynews.eu\/de\/\"},{\"@type\":\"ListItem\",\"position\":2,\"name\":\"Fernunterricht ab der 5. Klasse der Grundschule und f\u00fcr alle Klassen der Sekundarschule\"}]},{\"@type\":\"Person\",\"@id\":\"https:\/\/dignitynews.eu\/pl\/#\/schema\/person\/4d8f570a0fd5c310685d78d9e520982c\",\"name\":\"DignityNews.eu\",\"image\":{\"@type\":\"ImageObject\",\"inLanguage\":\"de\",\"@id\":\"https:\/\/dignitynews.eu\/pl\/#\/schema\/person\/image\/\",\"url\":\"https:\/\/secure.gravatar.com\/avatar\/b9fb3aa3cd2d5d3a6d24e67a6b58bc2980bf0c7f7bd3657a6322b8df227da3d9?s=96&d=mm&r=g\",\"contentUrl\":\"https:\/\/secure.gravatar.com\/avatar\/b9fb3aa3cd2d5d3a6d24e67a6b58bc2980bf0c7f7bd3657a6322b8df227da3d9?s=96&d=mm&r=g\",\"caption\":\"DignityNews.eu\"},\"sameAs\":[\"aleksandra\"],\"url\":\"https:\/\/dignitynews.eu\/de\/author\/aleksandra\/\"}]}<\/script>\n<!-- \/ Yoast SEO plugin. -->","yoast_head_json":{"title":"Fernunterricht ab der 5. Klasse der Grundschule und f\u00fcr alle Klassen der Sekundarschule - W\u00fcrde - DignityNews.eu","robots":{"index":"index","follow":"follow","max-snippet":"max-snippet:-1","max-image-preview":"max-image-preview:large","max-video-preview":"max-video-preview:-1"},"canonical":"https:\/\/dignitynews.eu\/de\/fernunterricht-ab-der-5-klasse-der-grundschule-und-fuer-alle-klassen-der-sekundarschule\/","og_locale":"de_DE","og_type":"article","og_title":"Fernunterricht ab der 5. Klasse der Grundschule und f\u00fcr alle Klassen der Sekundarschule - W\u00fcrde - DignityNews.eu","og_description":"Die Sch\u00fclerinnen und Sch\u00fcler der Klassen 5 bis 8 der Grundschulen und alle Klassen der weiterf\u00fchrenden Schulen werden ab Donnerstag von zu Hause aus lernen. Der Minister f\u00fcr Bildung und&hellip;","og_url":"https:\/\/dignitynews.eu\/de\/fernunterricht-ab-der-5-klasse-der-grundschule-und-fuer-alle-klassen-der-sekundarschule\/","og_site_name":"W\u00fcrde - DignityNews.eu","article_published_time":"2022-01-27T14:11:39+00:00","article_modified_time":"2022-01-29T10:47:51+00:00","og_image":[{"width":2560,"height":1707,"url":"https:\/\/dignitynews.eu\/wp-content\/uploads\/2022\/01\/Home_office_2-scaled.jpg","type":"image\/jpeg"}],"author":"DignityNews.eu","twitter_card":"summary_large_image","twitter_misc":{"Verfasst von":"DignityNews.eu","Gesch\u00e4tzte Lesezeit":"1\u00a0Minute"},"schema":{"@context":"https:\/\/schema.org","@graph":[{"@type":"WebSite","@id":"https:\/\/dignitynews.eu\/pl\/#website","url":"https:\/\/dignitynews.eu\/pl\/","name":"W\u00fcrde - DignityNews.eu","description":"","potentialAction":[{"@type":"SearchAction","target":{"@type":"EntryPoint","urlTemplate":"https:\/\/dignitynews.eu\/pl\/?s={search_term_string}"},"query-input":"required name=search_term_string"}],"inLanguage":"de"},{"@type":"WebPage","@id":"https:\/\/dignitynews.eu\/de\/fernunterricht-ab-der-5-klasse-der-grundschule-und-fuer-alle-klassen-der-sekundarschule\/","url":"https:\/\/dignitynews.eu\/de\/fernunterricht-ab-der-5-klasse-der-grundschule-und-fuer-alle-klassen-der-sekundarschule\/","name":"Fernunterricht ab der 5. Klasse der Grundschule und f\u00fcr alle Klassen der Sekundarschule - W\u00fcrde - DignityNews.eu","isPartOf":{"@id":"https:\/\/dignitynews.eu\/pl\/#website"},"datePublished":"2022-01-27T14:11:39+00:00","dateModified":"2022-01-29T10:47:51+00:00","author":{"@id":"https:\/\/dignitynews.eu\/pl\/#\/schema\/person\/4d8f570a0fd5c310685d78d9e520982c"},"breadcrumb":{"@id":"https:\/\/dignitynews.eu\/de\/fernunterricht-ab-der-5-klasse-der-grundschule-und-fuer-alle-klassen-der-sekundarschule\/#breadcrumb"},"inLanguage":"de","potentialAction":[{"@type":"ReadAction","target":["https:\/\/dignitynews.eu\/de\/fernunterricht-ab-der-5-klasse-der-grundschule-und-fuer-alle-klassen-der-sekundarschule\/"]}]},{"@type":"BreadcrumbList","@id":"https:\/\/dignitynews.eu\/de\/fernunterricht-ab-der-5-klasse-der-grundschule-und-fuer-alle-klassen-der-sekundarschule\/#breadcrumb","itemListElement":[{"@type":"ListItem","position":1,"name":"Strona g\u0142\u00f3wna","item":"https:\/\/dignitynews.eu\/de\/"},{"@type":"ListItem","position":2,"name":"Fernunterricht ab der 5. Klasse der Grundschule und f\u00fcr alle Klassen der Sekundarschule"}]},{"@type":"Person","@id":"https:\/\/dignitynews.eu\/pl\/#\/schema\/person\/4d8f570a0fd5c310685d78d9e520982c","name":"DignityNews.eu","image":{"@type":"ImageObject","inLanguage":"de","@id":"https:\/\/dignitynews.eu\/pl\/#\/schema\/person\/image\/","url":"https:\/\/secure.gravatar.com\/avatar\/b9fb3aa3cd2d5d3a6d24e67a6b58bc2980bf0c7f7bd3657a6322b8df227da3d9?s=96&d=mm&r=g","contentUrl":"https:\/\/secure.gravatar.com\/avatar\/b9fb3aa3cd2d5d3a6d24e67a6b58bc2980bf0c7f7bd3657a6322b8df227da3d9?s=96&d=mm&r=g","caption":"DignityNews.eu"},"sameAs":["aleksandra"],"url":"https:\/\/dignitynews.eu\/de\/author\/aleksandra\/"}]}},"_links":{"self":[{"href":"https:\/\/dignitynews.eu\/de\/wp-json\/wp\/v2\/posts\/5457","targetHints":{"allow":["GET"]}}],"collection":[{"href":"https:\/\/dignitynews.eu\/de\/wp-json\/wp\/v2\/posts"}],"about":[{"href":"https:\/\/dignitynews.eu\/de\/wp-json\/wp\/v2\/types\/post"}],"author":[{"embeddable":true,"href":"https:\/\/dignitynews.eu\/de\/wp-json\/wp\/v2\/users\/3"}],"replies":[{"embeddable":true,"href":"https:\/\/dignitynews.eu\/de\/wp-json\/wp\/v2\/comments?post=5457"}],"version-history":[{"count":1,"href":"https:\/\/dignitynews.eu\/de\/wp-json\/wp\/v2\/posts\/5457\/revisions"}],"predecessor-version":[{"id":5458,"href":"https:\/\/dignitynews.eu\/de\/wp-json\/wp\/v2\/posts\/5457\/revisions\/5458"}],"wp:featuredmedia":[{"embeddable":true,"href":"https:\/\/dignitynews.eu\/de\/wp-json\/wp\/v2\/media\/5653"}],"wp:attachment":[{"href":"https:\/\/dignitynews.eu\/de\/wp-json\/wp\/v2\/media?parent=5457"}],"wp:term":[{"taxonomy":"category","embeddable":true,"href":"https:\/\/dignitynews.eu\/de\/wp-json\/wp\/v2\/categories?post=5457"},{"taxonomy":"post_tag","embeddable":true,"href":"https:\/\/dignitynews.eu\/de\/wp-json\/wp\/v2\/tags?post=5457"}],"curies":[{"name":"wp","href":"https:\/\/api.w.org\/{rel}","templated":true}]}}