{"id":54218,"date":"2024-01-01T11:06:16","date_gmt":"2024-01-01T10:06:16","guid":{"rendered":"https:\/\/dignitynews.eu\/?p=54218"},"modified":"2024-01-02T21:22:46","modified_gmt":"2024-01-02T20:22:46","slug":"ein-polnischer-priester-der-einem-jungen-juden-aus-dem-warschauer-ghetto-geholfen-hat","status":"publish","type":"post","link":"https:\/\/dignitynews.eu\/de\/ein-polnischer-priester-der-einem-jungen-juden-aus-dem-warschauer-ghetto-geholfen-hat\/","title":{"rendered":"Ein polnischer Priester, der einem jungen Juden aus dem Warschauer Ghetto geholfen hat"},"content":{"rendered":"<h5><strong>W\u00e4hrend des Zweiten Weltkriegs riskierte Pfarrer Stanislaw Falkowski sein eigenes Leben, um die von den deutschen Besatzern Verfolgten zu retten. Seine bemerkenswerte Geschichte ist eng mit den Erlebnissen von J<\/strong><strong>\u00f3<\/strong><strong>zef Fajwiszys, einem jungen j\u00fcdischen \u00dcberlebenden des Holocaust, verkn\u00fcpft.<\/strong><\/h5>\n<p>Im Alter von 12 Jahren wurde J\u00f3zef Fajwishis zusammen mit seinen Eltern und seiner Schwester in das Warschauer Ghetto, das 1940 von den Deutschen errichtet wurde, umgesiedelt. Dort herrschten Hunger und Krankheiten, was zu einer hohen j\u00fcdischen Sterberate f\u00fchrte.<\/p>\n<p>Der Vater \u00a0von J\u00f3zef Izrael, ein Musiker und Dirigent, setzte seine Leidenschaft im Ghetto fort und gr\u00fcndete und leitete dort einen Chor. Leider f\u00fchrten die Deutschen im Juli 1942 eine grausame Liquidierungsaktion des Ghettos durch. Izrael und Perla (\u00e4ltere Schwester von <strong>\u00a0<\/strong>J\u00f3zef) wurden nach Poniatowa bei Lublin deportiert und dort von den deutschen Nazis ermordet.<\/p>\n<p>Als J\u00f3zef 14 Jahre alt war, wurde er, wie die meisten Warschauer Juden, auf den Weg in das deutsche Vernichtungslager Treblinka gebracht. Gl\u00fccklicherweise gelang es ihm, aus dem Zug zu springen. In den n\u00e4chsten zwei Monaten irrte er durch D\u00f6rfer in der N\u00e4he und in der Ferne des Lagers, wobei er gelegentlich Hilfe von polnischen Bauern und Partisaneneinheiten erhielt. Doch der Winter kam, und der Junge brauchte eine warme Unterkunft. Er erreichte Hodyszewo (heute Woiwodschaft Podlachien), wo ihn ein \u00f6rtlicher Bauer an das Haus von Pfarrer J\u00f3zef Perkowski verwies. Da dieser jedoch nicht in der Lage war, sich um ihn zu k\u00fcmmern, \u00fcbergab er ihn an Pfarrer Stanis\u0142aw Falkowski, der in dem nahegelegenen Dorf Nowe Piekuty in der N\u00e4he von Szepietowo t\u00e4tig war und sich durch seinen au\u00dfergew\u00f6hnlichen Mut und sein Einf\u00fchlungsverm\u00f6gen auszeichnete. Er versorgte ihn nicht nur mit warmer Kleidung und einem sicheren Unterschlupf, sondern half ihm auch, falsche Papiere auf den Namen J\u00f3zef Kutrzeba zu bekommen, so dass der Junge den Krieg \u00fcberleben konnte. Es ist daran zu erinnern, dass Polen damals das einzige von den Nazis besetzte Gebiet war, in dem die Deutschen die Todesstrafe f\u00fcr die Hilfe f\u00fcr Juden einf\u00fchrten.<\/p>\n<p>Nach dem Ende des Zweiten Weltkriegs ging J\u00f3zef in die Vereinigten Staaten, aber er verga\u00df seinen Retter nicht. Er begann, Pfarrer Falkowski regelm\u00e4\u00dfig Pakete mit Lebensmitteln und Medikamenten zu schicken, was eine unsch\u00e4tzbare Hilfe war, zumal der Geistliche unter den Repressionen der kommunistischen Beh\u00f6rden zu leiden hatte, die nach dem Einmarsch der Roten Armee in Polen mit der Besetzung des Landes begannen.<\/p>\n<p>Trotz der Verfolgung setzte Pfarrer Falkowski seinen pastoralen Dienst in verschiedenen Gemeinden fort. Sein unbeugsamer Geist und seine Hingabe wurden am 1. Januar 1977 gew\u00fcrdigt, als das Institut Yad Vashem dem polnischen Geistlichen den Titel \u201eGerechter unter den V\u00f6lkern\u201d verlieh.<\/p>\n<p>J\u00f3zef Kutrzeba (Fajwiszys) beschrieb seine Erfahrungen in seinem Buch \u201eKontrakt. \u017bycie za \u017cycie\u201d (dt. <em>Der Vertrag. Leben f\u00fcr Leben<\/em>).<\/p>\n<p>Pfarrer Stanis\u0142aw Falkowski starb am 1. April 2004 in \u0141om\u017ca.<\/p>\n","protected":false},"excerpt":{"rendered":"<p>W\u00e4hrend des Zweiten Weltkriegs riskierte Pfarrer Stanislaw Falkowski sein eigenes Leben, um die von den deutschen Besatzern Verfolgten zu retten. Seine bemerkenswerte Geschichte ist eng mit den Erlebnissen von J\u00f3zef&hellip;<\/p>\n","protected":false},"author":7,"featured_media":54214,"comment_status":"closed","ping_status":"open","sticky":false,"template":"","format":"standard","meta":{"_mi_skip_tracking":false,"footnotes":""},"categories":[52],"tags":[],"class_list":["post-54218","post","type-post","status-publish","format-standard","has-post-thumbnail","hentry","category-geschichte"],"yoast_head":"<!-- This site is optimized with the Yoast SEO plugin v19.4 - https:\/\/yoast.com\/wordpress\/plugins\/seo\/ -->\n<title>Ein polnischer Priester, der einem jungen Juden aus dem Warschauer Ghetto geholfen hat - W\u00fcrde - DignityNews.eu<\/title>\n<meta name=\"robots\" content=\"index, follow, max-snippet:-1, max-image-preview:large, max-video-preview:-1\" \/>\n<link rel=\"canonical\" href=\"https:\/\/dignitynews.eu\/de\/ein-polnischer-priester-der-einem-jungen-juden-aus-dem-warschauer-ghetto-geholfen-hat\/\" \/>\n<meta property=\"og:locale\" content=\"de_DE\" \/>\n<meta property=\"og:type\" content=\"article\" \/>\n<meta property=\"og:title\" content=\"Ein polnischer Priester, der einem jungen Juden aus dem Warschauer Ghetto geholfen hat - W\u00fcrde - DignityNews.eu\" \/>\n<meta property=\"og:description\" content=\"W\u00e4hrend des Zweiten Weltkriegs riskierte Pfarrer Stanislaw Falkowski sein eigenes Leben, um die von den deutschen Besatzern Verfolgten zu retten. Seine bemerkenswerte Geschichte ist eng mit den Erlebnissen von J\u00f3zef&hellip;\" \/>\n<meta property=\"og:url\" content=\"https:\/\/dignitynews.eu\/de\/ein-polnischer-priester-der-einem-jungen-juden-aus-dem-warschauer-ghetto-geholfen-hat\/\" \/>\n<meta property=\"og:site_name\" content=\"W\u00fcrde - DignityNews.eu\" \/>\n<meta property=\"article:published_time\" content=\"2024-01-01T10:06:16+00:00\" \/>\n<meta property=\"article:modified_time\" content=\"2024-01-02T20:22:46+00:00\" \/>\n<meta property=\"og:image\" content=\"https:\/\/dignitynews.eu\/wp-content\/uploads\/2024\/01\/Medal-scaled.jpeg\" \/>\n\t<meta property=\"og:image:width\" content=\"1920\" \/>\n\t<meta property=\"og:image:height\" content=\"2560\" \/>\n\t<meta property=\"og:image:type\" content=\"image\/jpeg\" \/>\n<meta name=\"author\" content=\"Dignity News\" \/>\n<meta name=\"twitter:card\" content=\"summary_large_image\" \/>\n<meta name=\"twitter:label1\" content=\"Verfasst von\" \/>\n\t<meta name=\"twitter:data1\" content=\"Dignity News\" \/>\n\t<meta name=\"twitter:label2\" content=\"Gesch\u00e4tzte Lesezeit\" \/>\n\t<meta name=\"twitter:data2\" content=\"2\u00a0Minuten\" \/>\n<script type=\"application\/ld+json\" class=\"yoast-schema-graph\">{\"@context\":\"https:\/\/schema.org\",\"@graph\":[{\"@type\":\"WebSite\",\"@id\":\"https:\/\/dignitynews.eu\/pl\/#website\",\"url\":\"https:\/\/dignitynews.eu\/pl\/\",\"name\":\"W\u00fcrde - DignityNews.eu\",\"description\":\"\",\"potentialAction\":[{\"@type\":\"SearchAction\",\"target\":{\"@type\":\"EntryPoint\",\"urlTemplate\":\"https:\/\/dignitynews.eu\/pl\/?s={search_term_string}\"},\"query-input\":\"required name=search_term_string\"}],\"inLanguage\":\"de\"},{\"@type\":\"WebPage\",\"@id\":\"https:\/\/dignitynews.eu\/de\/ein-polnischer-priester-der-einem-jungen-juden-aus-dem-warschauer-ghetto-geholfen-hat\/\",\"url\":\"https:\/\/dignitynews.eu\/de\/ein-polnischer-priester-der-einem-jungen-juden-aus-dem-warschauer-ghetto-geholfen-hat\/\",\"name\":\"Ein polnischer Priester, der einem jungen Juden aus dem Warschauer Ghetto geholfen hat - W\u00fcrde - DignityNews.eu\",\"isPartOf\":{\"@id\":\"https:\/\/dignitynews.eu\/pl\/#website\"},\"datePublished\":\"2024-01-01T10:06:16+00:00\",\"dateModified\":\"2024-01-02T20:22:46+00:00\",\"author\":{\"@id\":\"https:\/\/dignitynews.eu\/pl\/#\/schema\/person\/0b62b762b8174802fabc81a3ecb1bfcb\"},\"breadcrumb\":{\"@id\":\"https:\/\/dignitynews.eu\/de\/ein-polnischer-priester-der-einem-jungen-juden-aus-dem-warschauer-ghetto-geholfen-hat\/#breadcrumb\"},\"inLanguage\":\"de\",\"potentialAction\":[{\"@type\":\"ReadAction\",\"target\":[\"https:\/\/dignitynews.eu\/de\/ein-polnischer-priester-der-einem-jungen-juden-aus-dem-warschauer-ghetto-geholfen-hat\/\"]}]},{\"@type\":\"BreadcrumbList\",\"@id\":\"https:\/\/dignitynews.eu\/de\/ein-polnischer-priester-der-einem-jungen-juden-aus-dem-warschauer-ghetto-geholfen-hat\/#breadcrumb\",\"itemListElement\":[{\"@type\":\"ListItem\",\"position\":1,\"name\":\"Strona g\u0142\u00f3wna\",\"item\":\"https:\/\/dignitynews.eu\/de\/\"},{\"@type\":\"ListItem\",\"position\":2,\"name\":\"Ein polnischer Priester, der einem jungen Juden aus dem Warschauer Ghetto geholfen hat\"}]},{\"@type\":\"Person\",\"@id\":\"https:\/\/dignitynews.eu\/pl\/#\/schema\/person\/0b62b762b8174802fabc81a3ecb1bfcb\",\"name\":\"Dignity News\",\"image\":{\"@type\":\"ImageObject\",\"inLanguage\":\"de\",\"@id\":\"https:\/\/dignitynews.eu\/pl\/#\/schema\/person\/image\/\",\"url\":\"https:\/\/secure.gravatar.com\/avatar\/97963171a6d9108f8381bbefb1c6b150c445b6ddd9e3077b96c86cf5892c85dc?s=96&d=mm&r=g\",\"contentUrl\":\"https:\/\/secure.gravatar.com\/avatar\/97963171a6d9108f8381bbefb1c6b150c445b6ddd9e3077b96c86cf5892c85dc?s=96&d=mm&r=g\",\"caption\":\"Dignity News\"},\"url\":\"https:\/\/dignitynews.eu\/de\/author\/mikolaj-palade\/\"}]}<\/script>\n<!-- \/ Yoast SEO plugin. -->","yoast_head_json":{"title":"Ein polnischer Priester, der einem jungen Juden aus dem Warschauer Ghetto geholfen hat - W\u00fcrde - DignityNews.eu","robots":{"index":"index","follow":"follow","max-snippet":"max-snippet:-1","max-image-preview":"max-image-preview:large","max-video-preview":"max-video-preview:-1"},"canonical":"https:\/\/dignitynews.eu\/de\/ein-polnischer-priester-der-einem-jungen-juden-aus-dem-warschauer-ghetto-geholfen-hat\/","og_locale":"de_DE","og_type":"article","og_title":"Ein polnischer Priester, der einem jungen Juden aus dem Warschauer Ghetto geholfen hat - W\u00fcrde - DignityNews.eu","og_description":"W\u00e4hrend des Zweiten Weltkriegs riskierte Pfarrer Stanislaw Falkowski sein eigenes Leben, um die von den deutschen Besatzern Verfolgten zu retten. Seine bemerkenswerte Geschichte ist eng mit den Erlebnissen von J\u00f3zef&hellip;","og_url":"https:\/\/dignitynews.eu\/de\/ein-polnischer-priester-der-einem-jungen-juden-aus-dem-warschauer-ghetto-geholfen-hat\/","og_site_name":"W\u00fcrde - DignityNews.eu","article_published_time":"2024-01-01T10:06:16+00:00","article_modified_time":"2024-01-02T20:22:46+00:00","og_image":[{"width":1920,"height":2560,"url":"https:\/\/dignitynews.eu\/wp-content\/uploads\/2024\/01\/Medal-scaled.jpeg","type":"image\/jpeg"}],"author":"Dignity News","twitter_card":"summary_large_image","twitter_misc":{"Verfasst von":"Dignity News","Gesch\u00e4tzte Lesezeit":"2\u00a0Minuten"},"schema":{"@context":"https:\/\/schema.org","@graph":[{"@type":"WebSite","@id":"https:\/\/dignitynews.eu\/pl\/#website","url":"https:\/\/dignitynews.eu\/pl\/","name":"W\u00fcrde - DignityNews.eu","description":"","potentialAction":[{"@type":"SearchAction","target":{"@type":"EntryPoint","urlTemplate":"https:\/\/dignitynews.eu\/pl\/?s={search_term_string}"},"query-input":"required name=search_term_string"}],"inLanguage":"de"},{"@type":"WebPage","@id":"https:\/\/dignitynews.eu\/de\/ein-polnischer-priester-der-einem-jungen-juden-aus-dem-warschauer-ghetto-geholfen-hat\/","url":"https:\/\/dignitynews.eu\/de\/ein-polnischer-priester-der-einem-jungen-juden-aus-dem-warschauer-ghetto-geholfen-hat\/","name":"Ein polnischer Priester, der einem jungen Juden aus dem Warschauer Ghetto geholfen hat - W\u00fcrde - DignityNews.eu","isPartOf":{"@id":"https:\/\/dignitynews.eu\/pl\/#website"},"datePublished":"2024-01-01T10:06:16+00:00","dateModified":"2024-01-02T20:22:46+00:00","author":{"@id":"https:\/\/dignitynews.eu\/pl\/#\/schema\/person\/0b62b762b8174802fabc81a3ecb1bfcb"},"breadcrumb":{"@id":"https:\/\/dignitynews.eu\/de\/ein-polnischer-priester-der-einem-jungen-juden-aus-dem-warschauer-ghetto-geholfen-hat\/#breadcrumb"},"inLanguage":"de","potentialAction":[{"@type":"ReadAction","target":["https:\/\/dignitynews.eu\/de\/ein-polnischer-priester-der-einem-jungen-juden-aus-dem-warschauer-ghetto-geholfen-hat\/"]}]},{"@type":"BreadcrumbList","@id":"https:\/\/dignitynews.eu\/de\/ein-polnischer-priester-der-einem-jungen-juden-aus-dem-warschauer-ghetto-geholfen-hat\/#breadcrumb","itemListElement":[{"@type":"ListItem","position":1,"name":"Strona g\u0142\u00f3wna","item":"https:\/\/dignitynews.eu\/de\/"},{"@type":"ListItem","position":2,"name":"Ein polnischer Priester, der einem jungen Juden aus dem Warschauer Ghetto geholfen hat"}]},{"@type":"Person","@id":"https:\/\/dignitynews.eu\/pl\/#\/schema\/person\/0b62b762b8174802fabc81a3ecb1bfcb","name":"Dignity News","image":{"@type":"ImageObject","inLanguage":"de","@id":"https:\/\/dignitynews.eu\/pl\/#\/schema\/person\/image\/","url":"https:\/\/secure.gravatar.com\/avatar\/97963171a6d9108f8381bbefb1c6b150c445b6ddd9e3077b96c86cf5892c85dc?s=96&d=mm&r=g","contentUrl":"https:\/\/secure.gravatar.com\/avatar\/97963171a6d9108f8381bbefb1c6b150c445b6ddd9e3077b96c86cf5892c85dc?s=96&d=mm&r=g","caption":"Dignity News"},"url":"https:\/\/dignitynews.eu\/de\/author\/mikolaj-palade\/"}]}},"_links":{"self":[{"href":"https:\/\/dignitynews.eu\/de\/wp-json\/wp\/v2\/posts\/54218","targetHints":{"allow":["GET"]}}],"collection":[{"href":"https:\/\/dignitynews.eu\/de\/wp-json\/wp\/v2\/posts"}],"about":[{"href":"https:\/\/dignitynews.eu\/de\/wp-json\/wp\/v2\/types\/post"}],"author":[{"embeddable":true,"href":"https:\/\/dignitynews.eu\/de\/wp-json\/wp\/v2\/users\/7"}],"replies":[{"embeddable":true,"href":"https:\/\/dignitynews.eu\/de\/wp-json\/wp\/v2\/comments?post=54218"}],"version-history":[{"count":1,"href":"https:\/\/dignitynews.eu\/de\/wp-json\/wp\/v2\/posts\/54218\/revisions"}],"predecessor-version":[{"id":54219,"href":"https:\/\/dignitynews.eu\/de\/wp-json\/wp\/v2\/posts\/54218\/revisions\/54219"}],"wp:featuredmedia":[{"embeddable":true,"href":"https:\/\/dignitynews.eu\/de\/wp-json\/wp\/v2\/media\/54214"}],"wp:attachment":[{"href":"https:\/\/dignitynews.eu\/de\/wp-json\/wp\/v2\/media?parent=54218"}],"wp:term":[{"taxonomy":"category","embeddable":true,"href":"https:\/\/dignitynews.eu\/de\/wp-json\/wp\/v2\/categories?post=54218"},{"taxonomy":"post_tag","embeddable":true,"href":"https:\/\/dignitynews.eu\/de\/wp-json\/wp\/v2\/tags?post=54218"}],"curies":[{"name":"wp","href":"https:\/\/api.w.org\/{rel}","templated":true}]}}