{"id":52865,"date":"2023-12-11T11:30:14","date_gmt":"2023-12-11T10:30:14","guid":{"rendered":"https:\/\/dignitynews.eu\/?p=52865"},"modified":"2023-12-12T18:05:28","modified_gmt":"2023-12-12T17:05:28","slug":"the-peasants-wird-in-mehreren-kategorien-um-die-oscars-kaempfen","status":"publish","type":"post","link":"https:\/\/dignitynews.eu\/de\/the-peasants-wird-in-mehreren-kategorien-um-die-oscars-kaempfen\/","title":{"rendered":"\u201eThe Peasants\u201d wird in mehreren Kategorien um die Oscars k\u00e4mpfen"},"content":{"rendered":"<h5><strong>Der US-amerikanische Filmverleih von \u201eThe <\/strong><strong>Peasants<\/strong><strong>\u201d (poln. <em>\u201eCh\u0142opi\u201d<\/em>), Sony Pictures Classics, hat den polnischen Film in allen m<\/strong><strong>\u00f6<\/strong><strong>glichen Kategorien f\u00fcr den Kampf um die Oscars angemeldet. Damit hat der Film, bei dem DK Welchman und Hugh Welchman Regie f\u00fchrten, eine Chance auf mehr Nominierungen. Die Kategorien sind: Bester Film, Bester internationaler Spielfilm, Bester Animationsfilm, Bestes adaptiertes Drehbuch, Beste Filmmusik (Lukasz L.U.C Rostkowski) und Bester Originalsong (\u201e<\/strong><strong>End of Summer<\/strong><strong>\u201d). Am 23. Januar 2024 werden die offiziellen Nominierungen bekannt gegeben. D<\/strong><strong>ie Oscar-Gala <\/strong><strong>wird <\/strong><strong>am 10. M<\/strong><strong>\u00e4rz stattfinden. <\/strong><\/h5>\n<p>Der neueste Film der Macher von \u201eLoving Vincent\u201d wurde in Polen bereits von mehr als 1,5 Millionen Zuschauern gesehen und ist der beste polnische Film an den Kinokassen seit vier Jahren. Seit dem 8. Dezember ist \u201eThe Peasants\u201d auch in anderen L\u00e4ndern, darunter Gro\u00dfbritannien und Irland, im Verleih. Speziell f\u00fcr die polnische Gemeinschaft in diesen L\u00e4ndern haben die Verleiher Vorf\u00fchrungen in polnischer Sprache mit englischen Untertiteln geplant. Am selben Tag begannen auch die Vorf\u00fchrungen des Films in New York und Los Angeles, die bis zum 14. Dezember andauern werden. Dies ist eine wichtige Etappe der Oscar-Kampagne, da sowohl die Mitglieder der American Academy of Motion Picture Arts and Sciences als auch einflussreiche Kritiker zu den Vorf\u00fchrungen eingeladen werden.<\/p>\n<p>\u201eThe Peasants\u201d wird bereits von den wichtigsten ausl\u00e4ndischen Redakteuren zu den Titeln gez\u00e4hlt, die die besten Chancen auf eine Nominierung in der Kategorie \u201eBester Animationsfilm\u201d haben. Variety h\u00e4lt den polnischen Film f\u00fcr den Kandidaten f\u00fcr die so genannte Shortlist, w\u00e4hrend The Hollywood Reporter den Film als einen \u201eaufregenden visuellen Triumph\u201d bezeichnete.<\/p>\n<p>\u201eDer Film \u201aThe Peasants\u2019 ist ein Projekt, das verschiedene Bereiche der Kunst miteinander verbindet. Literatur, Malerei und Musik bilden ein koh\u00e4rentes Ganzes, das den Zuschauer in eine Welt tiefer Gef\u00fchle eintauchen l\u00e4sst. Im Jahr 2024 j\u00e4hrt sich zum 100. Mal die Verleihung des Nobelpreises an W\u0142adys\u0142aw Reymont f\u00fcr seinen Roman \u201aCh\u0142opi\u2019 (dt. \u201a<em>Die Bauern\u2019<\/em>). Wir freuen uns sehr, der Welt diese bewegende Geschichte jetzt, zum nahenden Jahrestag, pr\u00e4sentieren zu k\u00f6nnen und in allen Kategorien um den Oscar zu konkurrieren\u201d, so Sean Bobbitt, der Produzent des Films.<\/p>\n<p>Adrian Andrzejewski<\/p>\n","protected":false},"excerpt":{"rendered":"<p>Der US-amerikanische Filmverleih von \u201eThe Peasants\u201d (poln. \u201eCh\u0142opi\u201d), Sony Pictures Classics, hat den polnischen Film in allen m\u00f6glichen Kategorien f\u00fcr den Kampf um die Oscars angemeldet. Damit hat der Film,&hellip;<\/p>\n","protected":false},"author":7,"featured_media":52726,"comment_status":"closed","ping_status":"open","sticky":false,"template":"","format":"standard","meta":{"_mi_skip_tracking":false,"footnotes":""},"categories":[56],"tags":[],"class_list":["post-52865","post","type-post","status-publish","format-standard","has-post-thumbnail","hentry","category-kultur"],"yoast_head":"<!-- This site is optimized with the Yoast SEO plugin v19.4 - https:\/\/yoast.com\/wordpress\/plugins\/seo\/ -->\n<title>\u201eThe Peasants\u201d wird in mehreren Kategorien um die Oscars k\u00e4mpfen - W\u00fcrde - DignityNews.eu<\/title>\n<meta name=\"robots\" content=\"index, follow, max-snippet:-1, max-image-preview:large, max-video-preview:-1\" \/>\n<link rel=\"canonical\" href=\"https:\/\/dignitynews.eu\/de\/the-peasants-wird-in-mehreren-kategorien-um-die-oscars-kaempfen\/\" \/>\n<meta property=\"og:locale\" content=\"de_DE\" \/>\n<meta property=\"og:type\" content=\"article\" \/>\n<meta property=\"og:title\" content=\"\u201eThe Peasants\u201d wird in mehreren Kategorien um die Oscars k\u00e4mpfen - W\u00fcrde - DignityNews.eu\" \/>\n<meta property=\"og:description\" content=\"Der US-amerikanische Filmverleih von \u201eThe Peasants\u201d (poln. \u201eCh\u0142opi\u201d), Sony Pictures Classics, hat den polnischen Film in allen m\u00f6glichen Kategorien f\u00fcr den Kampf um die Oscars angemeldet. Damit hat der Film,&hellip;\" \/>\n<meta property=\"og:url\" content=\"https:\/\/dignitynews.eu\/de\/the-peasants-wird-in-mehreren-kategorien-um-die-oscars-kaempfen\/\" \/>\n<meta property=\"og:site_name\" content=\"W\u00fcrde - DignityNews.eu\" \/>\n<meta property=\"article:published_time\" content=\"2023-12-11T10:30:14+00:00\" \/>\n<meta property=\"article:modified_time\" content=\"2023-12-12T17:05:28+00:00\" \/>\n<meta property=\"og:image\" content=\"https:\/\/dignitynews.eu\/wp-content\/uploads\/2023\/12\/\u201eChlopi-powalcza-o-Oscary-w-kilku-kategoriach-fot.-PISF.jpg\" \/>\n\t<meta property=\"og:image:width\" content=\"1600\" \/>\n\t<meta property=\"og:image:height\" content=\"864\" \/>\n\t<meta property=\"og:image:type\" content=\"image\/jpeg\" \/>\n<meta name=\"author\" content=\"Dignity News\" \/>\n<meta name=\"twitter:card\" content=\"summary_large_image\" \/>\n<meta name=\"twitter:label1\" content=\"Verfasst von\" \/>\n\t<meta name=\"twitter:data1\" content=\"Dignity News\" \/>\n\t<meta name=\"twitter:label2\" content=\"Gesch\u00e4tzte Lesezeit\" \/>\n\t<meta name=\"twitter:data2\" content=\"2\u00a0Minuten\" \/>\n<script type=\"application\/ld+json\" class=\"yoast-schema-graph\">{\"@context\":\"https:\/\/schema.org\",\"@graph\":[{\"@type\":\"WebSite\",\"@id\":\"https:\/\/dignitynews.eu\/pl\/#website\",\"url\":\"https:\/\/dignitynews.eu\/pl\/\",\"name\":\"W\u00fcrde - DignityNews.eu\",\"description\":\"\",\"potentialAction\":[{\"@type\":\"SearchAction\",\"target\":{\"@type\":\"EntryPoint\",\"urlTemplate\":\"https:\/\/dignitynews.eu\/pl\/?s={search_term_string}\"},\"query-input\":\"required name=search_term_string\"}],\"inLanguage\":\"de\"},{\"@type\":\"WebPage\",\"@id\":\"https:\/\/dignitynews.eu\/de\/the-peasants-wird-in-mehreren-kategorien-um-die-oscars-kaempfen\/\",\"url\":\"https:\/\/dignitynews.eu\/de\/the-peasants-wird-in-mehreren-kategorien-um-die-oscars-kaempfen\/\",\"name\":\"\u201eThe Peasants\u201d wird in mehreren Kategorien um die Oscars k\u00e4mpfen - W\u00fcrde - DignityNews.eu\",\"isPartOf\":{\"@id\":\"https:\/\/dignitynews.eu\/pl\/#website\"},\"datePublished\":\"2023-12-11T10:30:14+00:00\",\"dateModified\":\"2023-12-12T17:05:28+00:00\",\"author\":{\"@id\":\"https:\/\/dignitynews.eu\/pl\/#\/schema\/person\/0b62b762b8174802fabc81a3ecb1bfcb\"},\"breadcrumb\":{\"@id\":\"https:\/\/dignitynews.eu\/de\/the-peasants-wird-in-mehreren-kategorien-um-die-oscars-kaempfen\/#breadcrumb\"},\"inLanguage\":\"de\",\"potentialAction\":[{\"@type\":\"ReadAction\",\"target\":[\"https:\/\/dignitynews.eu\/de\/the-peasants-wird-in-mehreren-kategorien-um-die-oscars-kaempfen\/\"]}]},{\"@type\":\"BreadcrumbList\",\"@id\":\"https:\/\/dignitynews.eu\/de\/the-peasants-wird-in-mehreren-kategorien-um-die-oscars-kaempfen\/#breadcrumb\",\"itemListElement\":[{\"@type\":\"ListItem\",\"position\":1,\"name\":\"Strona g\u0142\u00f3wna\",\"item\":\"https:\/\/dignitynews.eu\/de\/\"},{\"@type\":\"ListItem\",\"position\":2,\"name\":\"\u201eThe Peasants\u201d wird in mehreren Kategorien um die Oscars k\u00e4mpfen\"}]},{\"@type\":\"Person\",\"@id\":\"https:\/\/dignitynews.eu\/pl\/#\/schema\/person\/0b62b762b8174802fabc81a3ecb1bfcb\",\"name\":\"Dignity News\",\"image\":{\"@type\":\"ImageObject\",\"inLanguage\":\"de\",\"@id\":\"https:\/\/dignitynews.eu\/pl\/#\/schema\/person\/image\/\",\"url\":\"https:\/\/secure.gravatar.com\/avatar\/97963171a6d9108f8381bbefb1c6b150c445b6ddd9e3077b96c86cf5892c85dc?s=96&d=mm&r=g\",\"contentUrl\":\"https:\/\/secure.gravatar.com\/avatar\/97963171a6d9108f8381bbefb1c6b150c445b6ddd9e3077b96c86cf5892c85dc?s=96&d=mm&r=g\",\"caption\":\"Dignity News\"},\"url\":\"https:\/\/dignitynews.eu\/de\/author\/mikolaj-palade\/\"}]}<\/script>\n<!-- \/ Yoast SEO plugin. -->","yoast_head_json":{"title":"\u201eThe Peasants\u201d wird in mehreren Kategorien um die Oscars k\u00e4mpfen - W\u00fcrde - DignityNews.eu","robots":{"index":"index","follow":"follow","max-snippet":"max-snippet:-1","max-image-preview":"max-image-preview:large","max-video-preview":"max-video-preview:-1"},"canonical":"https:\/\/dignitynews.eu\/de\/the-peasants-wird-in-mehreren-kategorien-um-die-oscars-kaempfen\/","og_locale":"de_DE","og_type":"article","og_title":"\u201eThe Peasants\u201d wird in mehreren Kategorien um die Oscars k\u00e4mpfen - W\u00fcrde - DignityNews.eu","og_description":"Der US-amerikanische Filmverleih von \u201eThe Peasants\u201d (poln. \u201eCh\u0142opi\u201d), Sony Pictures Classics, hat den polnischen Film in allen m\u00f6glichen Kategorien f\u00fcr den Kampf um die Oscars angemeldet. Damit hat der Film,&hellip;","og_url":"https:\/\/dignitynews.eu\/de\/the-peasants-wird-in-mehreren-kategorien-um-die-oscars-kaempfen\/","og_site_name":"W\u00fcrde - DignityNews.eu","article_published_time":"2023-12-11T10:30:14+00:00","article_modified_time":"2023-12-12T17:05:28+00:00","og_image":[{"width":1600,"height":864,"url":"https:\/\/dignitynews.eu\/wp-content\/uploads\/2023\/12\/\u201eChlopi-powalcza-o-Oscary-w-kilku-kategoriach-fot.-PISF.jpg","type":"image\/jpeg"}],"author":"Dignity News","twitter_card":"summary_large_image","twitter_misc":{"Verfasst von":"Dignity News","Gesch\u00e4tzte Lesezeit":"2\u00a0Minuten"},"schema":{"@context":"https:\/\/schema.org","@graph":[{"@type":"WebSite","@id":"https:\/\/dignitynews.eu\/pl\/#website","url":"https:\/\/dignitynews.eu\/pl\/","name":"W\u00fcrde - DignityNews.eu","description":"","potentialAction":[{"@type":"SearchAction","target":{"@type":"EntryPoint","urlTemplate":"https:\/\/dignitynews.eu\/pl\/?s={search_term_string}"},"query-input":"required name=search_term_string"}],"inLanguage":"de"},{"@type":"WebPage","@id":"https:\/\/dignitynews.eu\/de\/the-peasants-wird-in-mehreren-kategorien-um-die-oscars-kaempfen\/","url":"https:\/\/dignitynews.eu\/de\/the-peasants-wird-in-mehreren-kategorien-um-die-oscars-kaempfen\/","name":"\u201eThe Peasants\u201d wird in mehreren Kategorien um die Oscars k\u00e4mpfen - W\u00fcrde - DignityNews.eu","isPartOf":{"@id":"https:\/\/dignitynews.eu\/pl\/#website"},"datePublished":"2023-12-11T10:30:14+00:00","dateModified":"2023-12-12T17:05:28+00:00","author":{"@id":"https:\/\/dignitynews.eu\/pl\/#\/schema\/person\/0b62b762b8174802fabc81a3ecb1bfcb"},"breadcrumb":{"@id":"https:\/\/dignitynews.eu\/de\/the-peasants-wird-in-mehreren-kategorien-um-die-oscars-kaempfen\/#breadcrumb"},"inLanguage":"de","potentialAction":[{"@type":"ReadAction","target":["https:\/\/dignitynews.eu\/de\/the-peasants-wird-in-mehreren-kategorien-um-die-oscars-kaempfen\/"]}]},{"@type":"BreadcrumbList","@id":"https:\/\/dignitynews.eu\/de\/the-peasants-wird-in-mehreren-kategorien-um-die-oscars-kaempfen\/#breadcrumb","itemListElement":[{"@type":"ListItem","position":1,"name":"Strona g\u0142\u00f3wna","item":"https:\/\/dignitynews.eu\/de\/"},{"@type":"ListItem","position":2,"name":"\u201eThe Peasants\u201d wird in mehreren Kategorien um die Oscars k\u00e4mpfen"}]},{"@type":"Person","@id":"https:\/\/dignitynews.eu\/pl\/#\/schema\/person\/0b62b762b8174802fabc81a3ecb1bfcb","name":"Dignity News","image":{"@type":"ImageObject","inLanguage":"de","@id":"https:\/\/dignitynews.eu\/pl\/#\/schema\/person\/image\/","url":"https:\/\/secure.gravatar.com\/avatar\/97963171a6d9108f8381bbefb1c6b150c445b6ddd9e3077b96c86cf5892c85dc?s=96&d=mm&r=g","contentUrl":"https:\/\/secure.gravatar.com\/avatar\/97963171a6d9108f8381bbefb1c6b150c445b6ddd9e3077b96c86cf5892c85dc?s=96&d=mm&r=g","caption":"Dignity News"},"url":"https:\/\/dignitynews.eu\/de\/author\/mikolaj-palade\/"}]}},"_links":{"self":[{"href":"https:\/\/dignitynews.eu\/de\/wp-json\/wp\/v2\/posts\/52865","targetHints":{"allow":["GET"]}}],"collection":[{"href":"https:\/\/dignitynews.eu\/de\/wp-json\/wp\/v2\/posts"}],"about":[{"href":"https:\/\/dignitynews.eu\/de\/wp-json\/wp\/v2\/types\/post"}],"author":[{"embeddable":true,"href":"https:\/\/dignitynews.eu\/de\/wp-json\/wp\/v2\/users\/7"}],"replies":[{"embeddable":true,"href":"https:\/\/dignitynews.eu\/de\/wp-json\/wp\/v2\/comments?post=52865"}],"version-history":[{"count":1,"href":"https:\/\/dignitynews.eu\/de\/wp-json\/wp\/v2\/posts\/52865\/revisions"}],"predecessor-version":[{"id":52867,"href":"https:\/\/dignitynews.eu\/de\/wp-json\/wp\/v2\/posts\/52865\/revisions\/52867"}],"wp:featuredmedia":[{"embeddable":true,"href":"https:\/\/dignitynews.eu\/de\/wp-json\/wp\/v2\/media\/52726"}],"wp:attachment":[{"href":"https:\/\/dignitynews.eu\/de\/wp-json\/wp\/v2\/media?parent=52865"}],"wp:term":[{"taxonomy":"category","embeddable":true,"href":"https:\/\/dignitynews.eu\/de\/wp-json\/wp\/v2\/categories?post=52865"},{"taxonomy":"post_tag","embeddable":true,"href":"https:\/\/dignitynews.eu\/de\/wp-json\/wp\/v2\/tags?post=52865"}],"curies":[{"name":"wp","href":"https:\/\/api.w.org\/{rel}","templated":true}]}}