{"id":52627,"date":"2023-12-07T11:45:15","date_gmt":"2023-12-07T10:45:15","guid":{"rendered":"https:\/\/dignitynews.eu\/?p=52627"},"modified":"2023-12-08T12:33:54","modified_gmt":"2023-12-08T11:33:54","slug":"geschichte-des-juedischen-journalismus-in-polen-oder-von-der-juedischen-telegraphen-agentur-zur-juedischen-presseagentur","status":"publish","type":"post","link":"https:\/\/dignitynews.eu\/de\/geschichte-des-juedischen-journalismus-in-polen-oder-von-der-juedischen-telegraphen-agentur-zur-juedischen-presseagentur\/","title":{"rendered":"Geschichte des j\u00fcdischen Journalismus in Polen, oder von der J\u00fcdischen Telegraphen-Agentur zur J\u00fcdischen Presseagentur"},"content":{"rendered":"<h5><strong>Der Gr\u00fcnder der J\u00fcdischen Telegraphen-Agentur (<em>\u017bydowska Agencja Telegraficzna<\/em>, \u017bAT) war der amerikanische Journalist Jakub Landau, der in den Niederlanden lebte. Als 1917 mit der Gr\u00fcndung der Agentur begonnen wurde, stellte sich schnell heraus, dass in den gro\u00df<\/strong><strong>en europ<\/strong><strong>\u00e4ischen Hauptst\u00e4dten, darunter auch in Warschau, Zweigstellen der \u017bAT ben<\/strong><strong>\u00f6<\/strong><strong>tigt wurden. Die Bl\u00fctezeit der Agentur in Warschau wurde durch den Zweiten Weltkrieg unterbrochen.<\/strong><\/h5>\n<p>Der wichtigste Organisator der J\u00fcdischen Telegraphen-Agentur in Polen war Mendel Mozes (1885-1966). Er erwarb ein Rabbinerdiplom, interessierte sich aber parallel dazu f\u00fcr den Journalismus. Im Jahr 1917 gr\u00fcndete er das B\u00fcro f\u00fcr Journalistische Nachrichten (<em>Biuro Wiadomo\u015bci Dziennikarskich<\/em>, BWD). W\u00e4hrend des Ersten Weltkriegs versuchte er, die wichtigsten Nachrichten aus der russischen, deutschen und \u00f6sterreichischen Presse zu sammeln und sie ins Polnische und Jiddische zu \u00fcbersetzen. Dann verkaufte er sie in Form eines \u201eBulletins\u201d an diejenigen, die ein Abonnement gekauft haben.<\/p>\n<p>1920 kam es zu einem Treffen zwischen dem amerikanischen Journalisten J. Landau und M. Mozes, in dessen Folge das BWD zur Warschauer Filiale der \u017bAT wurde. Die in Aleje Jerozolimskie 18 ans\u00e4ssige Agentur erwarb sich schnell den Ruf einer unpolitischen und unparteiischen Informationsquelle, die von den polnischen Beh\u00f6rden gesch\u00e4tzt wurde. Au\u00dferdem waren die Journalisten der \u017bAT die einzigen in Polen, die zuverl\u00e4ssiges Material \u00fcber das Leben der Juden in der Sowjetukraine und der Sowjetunion vorbereiteten.<\/p>\n<p>Nach Ausbruch des Zweiten Weltkriegs arbeitete die Agentur bis zum 4. September 1939 und zog dann nach Vilnius um, wo ihre T\u00e4tigkeit von den deutschen Besatzern unterbrochen wurde. Nach dem Krieg wurde versucht, die Agentur wiederzubeleben \u2014 sie trat zun\u00e4chst in Lublin und dann in \u0141\u00f3d\u017a als J\u00fcdische Presseagentur in Erscheinung, aber ihr Leben war nur kurz. Im Jahr 1950 stellte sie ihre T\u00e4tigkeit ein.<\/p>\n","protected":false},"excerpt":{"rendered":"<p>Der Gr\u00fcnder der J\u00fcdischen Telegraphen-Agentur (\u017bydowska Agencja Telegraficzna, \u017bAT) war der amerikanische Journalist Jakub Landau, der in den Niederlanden lebte. Als 1917 mit der Gr\u00fcndung der Agentur begonnen wurde, stellte&hellip;<\/p>\n","protected":false},"author":7,"featured_media":52517,"comment_status":"closed","ping_status":"open","sticky":false,"template":"","format":"standard","meta":{"_mi_skip_tracking":false,"footnotes":""},"categories":[52],"tags":[],"class_list":["post-52627","post","type-post","status-publish","format-standard","has-post-thumbnail","hentry","category-geschichte"],"yoast_head":"<!-- This site is optimized with the Yoast SEO plugin v19.4 - https:\/\/yoast.com\/wordpress\/plugins\/seo\/ -->\n<title>Geschichte des j\u00fcdischen Journalismus in Polen, oder von der J\u00fcdischen Telegraphen-Agentur zur J\u00fcdischen Presseagentur - W\u00fcrde - DignityNews.eu<\/title>\n<meta name=\"robots\" content=\"index, follow, max-snippet:-1, max-image-preview:large, max-video-preview:-1\" \/>\n<link rel=\"canonical\" href=\"https:\/\/dignitynews.eu\/de\/geschichte-des-juedischen-journalismus-in-polen-oder-von-der-juedischen-telegraphen-agentur-zur-juedischen-presseagentur\/\" \/>\n<meta property=\"og:locale\" content=\"de_DE\" \/>\n<meta property=\"og:type\" content=\"article\" \/>\n<meta property=\"og:title\" content=\"Geschichte des j\u00fcdischen Journalismus in Polen, oder von der J\u00fcdischen Telegraphen-Agentur zur J\u00fcdischen Presseagentur - W\u00fcrde - DignityNews.eu\" \/>\n<meta property=\"og:description\" content=\"Der Gr\u00fcnder der J\u00fcdischen Telegraphen-Agentur (\u017bydowska Agencja Telegraficzna, \u017bAT) war der amerikanische Journalist Jakub Landau, der in den Niederlanden lebte. Als 1917 mit der Gr\u00fcndung der Agentur begonnen wurde, stellte&hellip;\" \/>\n<meta property=\"og:url\" content=\"https:\/\/dignitynews.eu\/de\/geschichte-des-juedischen-journalismus-in-polen-oder-von-der-juedischen-telegraphen-agentur-zur-juedischen-presseagentur\/\" \/>\n<meta property=\"og:site_name\" content=\"W\u00fcrde - DignityNews.eu\" \/>\n<meta property=\"article:published_time\" content=\"2023-12-07T10:45:15+00:00\" \/>\n<meta property=\"article:modified_time\" content=\"2023-12-08T11:33:54+00:00\" \/>\n<meta property=\"og:image\" content=\"https:\/\/dignitynews.eu\/wp-content\/uploads\/2023\/12\/Aleje_Jerozolimskie-scaled.jpg\" \/>\n\t<meta property=\"og:image:width\" content=\"2560\" \/>\n\t<meta property=\"og:image:height\" content=\"1933\" \/>\n\t<meta property=\"og:image:type\" content=\"image\/jpeg\" \/>\n<meta name=\"author\" content=\"Dignity News\" \/>\n<meta name=\"twitter:card\" content=\"summary_large_image\" \/>\n<meta name=\"twitter:label1\" content=\"Verfasst von\" \/>\n\t<meta name=\"twitter:data1\" content=\"Dignity News\" \/>\n\t<meta name=\"twitter:label2\" content=\"Gesch\u00e4tzte Lesezeit\" \/>\n\t<meta name=\"twitter:data2\" content=\"1\u00a0Minute\" \/>\n<script type=\"application\/ld+json\" class=\"yoast-schema-graph\">{\"@context\":\"https:\/\/schema.org\",\"@graph\":[{\"@type\":\"WebSite\",\"@id\":\"https:\/\/dignitynews.eu\/pl\/#website\",\"url\":\"https:\/\/dignitynews.eu\/pl\/\",\"name\":\"W\u00fcrde - DignityNews.eu\",\"description\":\"\",\"potentialAction\":[{\"@type\":\"SearchAction\",\"target\":{\"@type\":\"EntryPoint\",\"urlTemplate\":\"https:\/\/dignitynews.eu\/pl\/?s={search_term_string}\"},\"query-input\":\"required name=search_term_string\"}],\"inLanguage\":\"de\"},{\"@type\":\"WebPage\",\"@id\":\"https:\/\/dignitynews.eu\/de\/geschichte-des-juedischen-journalismus-in-polen-oder-von-der-juedischen-telegraphen-agentur-zur-juedischen-presseagentur\/\",\"url\":\"https:\/\/dignitynews.eu\/de\/geschichte-des-juedischen-journalismus-in-polen-oder-von-der-juedischen-telegraphen-agentur-zur-juedischen-presseagentur\/\",\"name\":\"Geschichte des j\u00fcdischen Journalismus in Polen, oder von der J\u00fcdischen Telegraphen-Agentur zur J\u00fcdischen Presseagentur - W\u00fcrde - DignityNews.eu\",\"isPartOf\":{\"@id\":\"https:\/\/dignitynews.eu\/pl\/#website\"},\"datePublished\":\"2023-12-07T10:45:15+00:00\",\"dateModified\":\"2023-12-08T11:33:54+00:00\",\"author\":{\"@id\":\"https:\/\/dignitynews.eu\/pl\/#\/schema\/person\/0b62b762b8174802fabc81a3ecb1bfcb\"},\"breadcrumb\":{\"@id\":\"https:\/\/dignitynews.eu\/de\/geschichte-des-juedischen-journalismus-in-polen-oder-von-der-juedischen-telegraphen-agentur-zur-juedischen-presseagentur\/#breadcrumb\"},\"inLanguage\":\"de\",\"potentialAction\":[{\"@type\":\"ReadAction\",\"target\":[\"https:\/\/dignitynews.eu\/de\/geschichte-des-juedischen-journalismus-in-polen-oder-von-der-juedischen-telegraphen-agentur-zur-juedischen-presseagentur\/\"]}]},{\"@type\":\"BreadcrumbList\",\"@id\":\"https:\/\/dignitynews.eu\/de\/geschichte-des-juedischen-journalismus-in-polen-oder-von-der-juedischen-telegraphen-agentur-zur-juedischen-presseagentur\/#breadcrumb\",\"itemListElement\":[{\"@type\":\"ListItem\",\"position\":1,\"name\":\"Strona g\u0142\u00f3wna\",\"item\":\"https:\/\/dignitynews.eu\/de\/\"},{\"@type\":\"ListItem\",\"position\":2,\"name\":\"Geschichte des j\u00fcdischen Journalismus in Polen, oder von der J\u00fcdischen Telegraphen-Agentur zur J\u00fcdischen Presseagentur\"}]},{\"@type\":\"Person\",\"@id\":\"https:\/\/dignitynews.eu\/pl\/#\/schema\/person\/0b62b762b8174802fabc81a3ecb1bfcb\",\"name\":\"Dignity News\",\"image\":{\"@type\":\"ImageObject\",\"inLanguage\":\"de\",\"@id\":\"https:\/\/dignitynews.eu\/pl\/#\/schema\/person\/image\/\",\"url\":\"https:\/\/secure.gravatar.com\/avatar\/97963171a6d9108f8381bbefb1c6b150c445b6ddd9e3077b96c86cf5892c85dc?s=96&d=mm&r=g\",\"contentUrl\":\"https:\/\/secure.gravatar.com\/avatar\/97963171a6d9108f8381bbefb1c6b150c445b6ddd9e3077b96c86cf5892c85dc?s=96&d=mm&r=g\",\"caption\":\"Dignity News\"},\"url\":\"https:\/\/dignitynews.eu\/de\/author\/mikolaj-palade\/\"}]}<\/script>\n<!-- \/ Yoast SEO plugin. -->","yoast_head_json":{"title":"Geschichte des j\u00fcdischen Journalismus in Polen, oder von der J\u00fcdischen Telegraphen-Agentur zur J\u00fcdischen Presseagentur - W\u00fcrde - DignityNews.eu","robots":{"index":"index","follow":"follow","max-snippet":"max-snippet:-1","max-image-preview":"max-image-preview:large","max-video-preview":"max-video-preview:-1"},"canonical":"https:\/\/dignitynews.eu\/de\/geschichte-des-juedischen-journalismus-in-polen-oder-von-der-juedischen-telegraphen-agentur-zur-juedischen-presseagentur\/","og_locale":"de_DE","og_type":"article","og_title":"Geschichte des j\u00fcdischen Journalismus in Polen, oder von der J\u00fcdischen Telegraphen-Agentur zur J\u00fcdischen Presseagentur - W\u00fcrde - DignityNews.eu","og_description":"Der Gr\u00fcnder der J\u00fcdischen Telegraphen-Agentur (\u017bydowska Agencja Telegraficzna, \u017bAT) war der amerikanische Journalist Jakub Landau, der in den Niederlanden lebte. Als 1917 mit der Gr\u00fcndung der Agentur begonnen wurde, stellte&hellip;","og_url":"https:\/\/dignitynews.eu\/de\/geschichte-des-juedischen-journalismus-in-polen-oder-von-der-juedischen-telegraphen-agentur-zur-juedischen-presseagentur\/","og_site_name":"W\u00fcrde - DignityNews.eu","article_published_time":"2023-12-07T10:45:15+00:00","article_modified_time":"2023-12-08T11:33:54+00:00","og_image":[{"width":2560,"height":1933,"url":"https:\/\/dignitynews.eu\/wp-content\/uploads\/2023\/12\/Aleje_Jerozolimskie-scaled.jpg","type":"image\/jpeg"}],"author":"Dignity News","twitter_card":"summary_large_image","twitter_misc":{"Verfasst von":"Dignity News","Gesch\u00e4tzte Lesezeit":"1\u00a0Minute"},"schema":{"@context":"https:\/\/schema.org","@graph":[{"@type":"WebSite","@id":"https:\/\/dignitynews.eu\/pl\/#website","url":"https:\/\/dignitynews.eu\/pl\/","name":"W\u00fcrde - DignityNews.eu","description":"","potentialAction":[{"@type":"SearchAction","target":{"@type":"EntryPoint","urlTemplate":"https:\/\/dignitynews.eu\/pl\/?s={search_term_string}"},"query-input":"required name=search_term_string"}],"inLanguage":"de"},{"@type":"WebPage","@id":"https:\/\/dignitynews.eu\/de\/geschichte-des-juedischen-journalismus-in-polen-oder-von-der-juedischen-telegraphen-agentur-zur-juedischen-presseagentur\/","url":"https:\/\/dignitynews.eu\/de\/geschichte-des-juedischen-journalismus-in-polen-oder-von-der-juedischen-telegraphen-agentur-zur-juedischen-presseagentur\/","name":"Geschichte des j\u00fcdischen Journalismus in Polen, oder von der J\u00fcdischen Telegraphen-Agentur zur J\u00fcdischen Presseagentur - W\u00fcrde - DignityNews.eu","isPartOf":{"@id":"https:\/\/dignitynews.eu\/pl\/#website"},"datePublished":"2023-12-07T10:45:15+00:00","dateModified":"2023-12-08T11:33:54+00:00","author":{"@id":"https:\/\/dignitynews.eu\/pl\/#\/schema\/person\/0b62b762b8174802fabc81a3ecb1bfcb"},"breadcrumb":{"@id":"https:\/\/dignitynews.eu\/de\/geschichte-des-juedischen-journalismus-in-polen-oder-von-der-juedischen-telegraphen-agentur-zur-juedischen-presseagentur\/#breadcrumb"},"inLanguage":"de","potentialAction":[{"@type":"ReadAction","target":["https:\/\/dignitynews.eu\/de\/geschichte-des-juedischen-journalismus-in-polen-oder-von-der-juedischen-telegraphen-agentur-zur-juedischen-presseagentur\/"]}]},{"@type":"BreadcrumbList","@id":"https:\/\/dignitynews.eu\/de\/geschichte-des-juedischen-journalismus-in-polen-oder-von-der-juedischen-telegraphen-agentur-zur-juedischen-presseagentur\/#breadcrumb","itemListElement":[{"@type":"ListItem","position":1,"name":"Strona g\u0142\u00f3wna","item":"https:\/\/dignitynews.eu\/de\/"},{"@type":"ListItem","position":2,"name":"Geschichte des j\u00fcdischen Journalismus in Polen, oder von der J\u00fcdischen Telegraphen-Agentur zur J\u00fcdischen Presseagentur"}]},{"@type":"Person","@id":"https:\/\/dignitynews.eu\/pl\/#\/schema\/person\/0b62b762b8174802fabc81a3ecb1bfcb","name":"Dignity News","image":{"@type":"ImageObject","inLanguage":"de","@id":"https:\/\/dignitynews.eu\/pl\/#\/schema\/person\/image\/","url":"https:\/\/secure.gravatar.com\/avatar\/97963171a6d9108f8381bbefb1c6b150c445b6ddd9e3077b96c86cf5892c85dc?s=96&d=mm&r=g","contentUrl":"https:\/\/secure.gravatar.com\/avatar\/97963171a6d9108f8381bbefb1c6b150c445b6ddd9e3077b96c86cf5892c85dc?s=96&d=mm&r=g","caption":"Dignity News"},"url":"https:\/\/dignitynews.eu\/de\/author\/mikolaj-palade\/"}]}},"_links":{"self":[{"href":"https:\/\/dignitynews.eu\/de\/wp-json\/wp\/v2\/posts\/52627","targetHints":{"allow":["GET"]}}],"collection":[{"href":"https:\/\/dignitynews.eu\/de\/wp-json\/wp\/v2\/posts"}],"about":[{"href":"https:\/\/dignitynews.eu\/de\/wp-json\/wp\/v2\/types\/post"}],"author":[{"embeddable":true,"href":"https:\/\/dignitynews.eu\/de\/wp-json\/wp\/v2\/users\/7"}],"replies":[{"embeddable":true,"href":"https:\/\/dignitynews.eu\/de\/wp-json\/wp\/v2\/comments?post=52627"}],"version-history":[{"count":1,"href":"https:\/\/dignitynews.eu\/de\/wp-json\/wp\/v2\/posts\/52627\/revisions"}],"predecessor-version":[{"id":52628,"href":"https:\/\/dignitynews.eu\/de\/wp-json\/wp\/v2\/posts\/52627\/revisions\/52628"}],"wp:featuredmedia":[{"embeddable":true,"href":"https:\/\/dignitynews.eu\/de\/wp-json\/wp\/v2\/media\/52517"}],"wp:attachment":[{"href":"https:\/\/dignitynews.eu\/de\/wp-json\/wp\/v2\/media?parent=52627"}],"wp:term":[{"taxonomy":"category","embeddable":true,"href":"https:\/\/dignitynews.eu\/de\/wp-json\/wp\/v2\/categories?post=52627"},{"taxonomy":"post_tag","embeddable":true,"href":"https:\/\/dignitynews.eu\/de\/wp-json\/wp\/v2\/tags?post=52627"}],"curies":[{"name":"wp","href":"https:\/\/api.w.org\/{rel}","templated":true}]}}