{"id":51900,"date":"2023-11-29T09:59:38","date_gmt":"2023-11-29T08:59:38","guid":{"rendered":"https:\/\/dignitynews.eu\/?p=51900"},"modified":"2023-11-29T23:44:09","modified_gmt":"2023-11-29T22:44:09","slug":"die-wuestenratten-unabhaengige-karpaten-schuetzenbrigade","status":"publish","type":"post","link":"https:\/\/dignitynews.eu\/de\/die-wuestenratten-unabhaengige-karpaten-schuetzenbrigade\/","title":{"rendered":"\u201eDie W\u00fcstenratten\u201d \u2014 Unabh\u00e4ngige Karpaten-Sch\u00fctzenbrigade"},"content":{"rendered":"<h5><strong>Ende November 1941 ging die monatelange Belagerung von Tobruk, einer Stadt im Osten Libyens, zu Ende. Mehr als sieben Monate lang war es den Deutschen und Italienern nicht gelungen, diese Festung einzunehmen. Ab Ende August 1941 verteidigten polnische Soldaten der Unabh\u00e4ngigen Karpaten<\/strong>&#8211;<strong>Sch\u00fc<\/strong><strong>tzenbrigade Tobruk.<\/strong><\/h5>\n<p>Die Besetzung Polens im September 1939 durch die Deutschen und die Sowjetunion bedeutete nicht den v\u00f6lligen Zusammenbruch Polens. Eine Exilregierung war in Frankreich und sp\u00e4ter in Gro\u00dfbritannien t\u00e4tig. Auch die polnische Armee wurde wiederaufgebaut. Eine\u00a0 der Einheiten wurde im April 1940 im franz\u00f6sisch kontrollierten Syrien gebildet. Es handelt sich um die Unabh\u00e4ngige Karpaten-Sch\u00fctzenbrigade (<em>Samodzielna Brygada Strzelc<\/em><em>\u00f3w Karpackich<\/em>, SBSK) unter dem Kommando von General Stanis\u0142aw Kopa\u0144ski. Nach der Kapitulation Frankreichs Ende Juni 1940 wurde die Brigade in das britisch kontrollierte Pal\u00e4stina verlegt. Hier, im Lager Latrun, wurde die Brigade vollst\u00e4ndig mit englischen Waffen und Ausr\u00fcstungen aufger\u00fcstet. Im Herbst 1940 wurden ihre Unterabteilungen nach \u00c4gypten entsandt, wo sie am Ausbau von Befestigungsanlagen und an der Bewachung von Kriegsgefangenenlagern beteiligt waren. Bis 1941 hatte die Einheit ihre Sollst\u00e4rke von 5000 Soldaten fast erreicht.<\/p>\n<p>Im August 1941 wurde eine wichtige Entscheidung in der Geschichte der Einheit getroffen. Sie wurde in die Festung Tobruk entsandt, eine Stadt im Westen Libyens, die seit April 1941 von deutschen und italienischen Truppen belagert wurde. Die Untereinheiten der Brigade wurden nacheinander zwischen dem 18. und 28. August 1941 auf dem Seeweg vom Hafen von Alexandria aus verlegt. Die Polen wurden in den schwierigsten westlichen Abschnitt der Verteidigung geschickt.\u00a0 Auf der anderen Seite standen ihnen die Elitetruppen des deutschen Afrikakorps unter dem Kommando von General Erwin Rommel gegen\u00fcber.<\/p>\n<p>Mehr als drei Monate lang wehrten die polnischen Soldaten die Angriffe heldenhaft ab und verdienten sich den Namen \u201eW\u00fcstenratten\u201d, wie die Deutschen die Verteidiger von Tobruk nannten. Ende November 1941 erreichten Einheiten der britischen 8. Armee die Stadt von Osten her. Den letzten Akzent der K\u00e4mpfe bildete der erfolgreiche Angriff der SBSK-Soldaten auf den H\u00fcgel Maduar, eine deutsche Schl\u00fcsselstellung bei Tobruk. Dieser Angriff fand in der Nacht vom 9. auf den 10. Dezember 1941 statt.<\/p>\n<p>Im M\u00e4rz 1942 wurde die Brigade nach Pal\u00e4stina verlegt, wo sie zur 3. Karpaten-Sch\u00fctzen-Division umstrukturiert wurde.<\/p>\n","protected":false},"excerpt":{"rendered":"<p>Ende November 1941 ging die monatelange Belagerung von Tobruk, einer Stadt im Osten Libyens, zu Ende. Mehr als sieben Monate lang war es den Deutschen und Italienern nicht gelungen, diese&hellip;<\/p>\n","protected":false},"author":7,"featured_media":51854,"comment_status":"closed","ping_status":"open","sticky":false,"template":"","format":"standard","meta":{"_mi_skip_tracking":false,"footnotes":""},"categories":[52],"tags":[],"class_list":["post-51900","post","type-post","status-publish","format-standard","has-post-thumbnail","hentry","category-geschichte"],"yoast_head":"<!-- This site is optimized with the Yoast SEO plugin v19.4 - https:\/\/yoast.com\/wordpress\/plugins\/seo\/ -->\n<title>\u201eDie W\u00fcstenratten\u201d \u2014 Unabh\u00e4ngige Karpaten-Sch\u00fctzenbrigade - W\u00fcrde - DignityNews.eu<\/title>\n<meta name=\"robots\" content=\"index, follow, max-snippet:-1, max-image-preview:large, max-video-preview:-1\" \/>\n<link rel=\"canonical\" href=\"https:\/\/dignitynews.eu\/de\/die-wuestenratten-unabhaengige-karpaten-schuetzenbrigade\/\" \/>\n<meta property=\"og:locale\" content=\"de_DE\" \/>\n<meta property=\"og:type\" content=\"article\" \/>\n<meta property=\"og:title\" content=\"\u201eDie W\u00fcstenratten\u201d \u2014 Unabh\u00e4ngige Karpaten-Sch\u00fctzenbrigade - W\u00fcrde - DignityNews.eu\" \/>\n<meta property=\"og:description\" content=\"Ende November 1941 ging die monatelange Belagerung von Tobruk, einer Stadt im Osten Libyens, zu Ende. Mehr als sieben Monate lang war es den Deutschen und Italienern nicht gelungen, diese&hellip;\" \/>\n<meta property=\"og:url\" content=\"https:\/\/dignitynews.eu\/de\/die-wuestenratten-unabhaengige-karpaten-schuetzenbrigade\/\" \/>\n<meta property=\"og:site_name\" content=\"W\u00fcrde - DignityNews.eu\" \/>\n<meta property=\"article:published_time\" content=\"2023-11-29T08:59:38+00:00\" \/>\n<meta property=\"article:modified_time\" content=\"2023-11-29T22:44:09+00:00\" \/>\n<meta property=\"og:image\" content=\"https:\/\/dignitynews.eu\/wp-content\/uploads\/2023\/11\/Kopanski_Stanislaw.jpg\" \/>\n\t<meta property=\"og:image:width\" content=\"429\" \/>\n\t<meta property=\"og:image:height\" content=\"614\" \/>\n\t<meta property=\"og:image:type\" content=\"image\/jpeg\" \/>\n<meta name=\"author\" content=\"Dignity News\" \/>\n<meta name=\"twitter:card\" content=\"summary_large_image\" \/>\n<meta name=\"twitter:label1\" content=\"Verfasst von\" \/>\n\t<meta name=\"twitter:data1\" content=\"Dignity News\" \/>\n\t<meta name=\"twitter:label2\" content=\"Gesch\u00e4tzte Lesezeit\" \/>\n\t<meta name=\"twitter:data2\" content=\"2\u00a0Minuten\" \/>\n<script type=\"application\/ld+json\" class=\"yoast-schema-graph\">{\"@context\":\"https:\/\/schema.org\",\"@graph\":[{\"@type\":\"WebSite\",\"@id\":\"https:\/\/dignitynews.eu\/pl\/#website\",\"url\":\"https:\/\/dignitynews.eu\/pl\/\",\"name\":\"W\u00fcrde - DignityNews.eu\",\"description\":\"\",\"potentialAction\":[{\"@type\":\"SearchAction\",\"target\":{\"@type\":\"EntryPoint\",\"urlTemplate\":\"https:\/\/dignitynews.eu\/pl\/?s={search_term_string}\"},\"query-input\":\"required name=search_term_string\"}],\"inLanguage\":\"de\"},{\"@type\":\"WebPage\",\"@id\":\"https:\/\/dignitynews.eu\/de\/die-wuestenratten-unabhaengige-karpaten-schuetzenbrigade\/\",\"url\":\"https:\/\/dignitynews.eu\/de\/die-wuestenratten-unabhaengige-karpaten-schuetzenbrigade\/\",\"name\":\"\u201eDie W\u00fcstenratten\u201d \u2014 Unabh\u00e4ngige Karpaten-Sch\u00fctzenbrigade - W\u00fcrde - DignityNews.eu\",\"isPartOf\":{\"@id\":\"https:\/\/dignitynews.eu\/pl\/#website\"},\"datePublished\":\"2023-11-29T08:59:38+00:00\",\"dateModified\":\"2023-11-29T22:44:09+00:00\",\"author\":{\"@id\":\"https:\/\/dignitynews.eu\/pl\/#\/schema\/person\/0b62b762b8174802fabc81a3ecb1bfcb\"},\"breadcrumb\":{\"@id\":\"https:\/\/dignitynews.eu\/de\/die-wuestenratten-unabhaengige-karpaten-schuetzenbrigade\/#breadcrumb\"},\"inLanguage\":\"de\",\"potentialAction\":[{\"@type\":\"ReadAction\",\"target\":[\"https:\/\/dignitynews.eu\/de\/die-wuestenratten-unabhaengige-karpaten-schuetzenbrigade\/\"]}]},{\"@type\":\"BreadcrumbList\",\"@id\":\"https:\/\/dignitynews.eu\/de\/die-wuestenratten-unabhaengige-karpaten-schuetzenbrigade\/#breadcrumb\",\"itemListElement\":[{\"@type\":\"ListItem\",\"position\":1,\"name\":\"Strona g\u0142\u00f3wna\",\"item\":\"https:\/\/dignitynews.eu\/de\/\"},{\"@type\":\"ListItem\",\"position\":2,\"name\":\"\u201eDie W\u00fcstenratten\u201d \u2014 Unabh\u00e4ngige Karpaten-Sch\u00fctzenbrigade\"}]},{\"@type\":\"Person\",\"@id\":\"https:\/\/dignitynews.eu\/pl\/#\/schema\/person\/0b62b762b8174802fabc81a3ecb1bfcb\",\"name\":\"Dignity News\",\"image\":{\"@type\":\"ImageObject\",\"inLanguage\":\"de\",\"@id\":\"https:\/\/dignitynews.eu\/pl\/#\/schema\/person\/image\/\",\"url\":\"https:\/\/secure.gravatar.com\/avatar\/97963171a6d9108f8381bbefb1c6b150c445b6ddd9e3077b96c86cf5892c85dc?s=96&d=mm&r=g\",\"contentUrl\":\"https:\/\/secure.gravatar.com\/avatar\/97963171a6d9108f8381bbefb1c6b150c445b6ddd9e3077b96c86cf5892c85dc?s=96&d=mm&r=g\",\"caption\":\"Dignity News\"},\"url\":\"https:\/\/dignitynews.eu\/de\/author\/mikolaj-palade\/\"}]}<\/script>\n<!-- \/ Yoast SEO plugin. -->","yoast_head_json":{"title":"\u201eDie W\u00fcstenratten\u201d \u2014 Unabh\u00e4ngige Karpaten-Sch\u00fctzenbrigade - W\u00fcrde - DignityNews.eu","robots":{"index":"index","follow":"follow","max-snippet":"max-snippet:-1","max-image-preview":"max-image-preview:large","max-video-preview":"max-video-preview:-1"},"canonical":"https:\/\/dignitynews.eu\/de\/die-wuestenratten-unabhaengige-karpaten-schuetzenbrigade\/","og_locale":"de_DE","og_type":"article","og_title":"\u201eDie W\u00fcstenratten\u201d \u2014 Unabh\u00e4ngige Karpaten-Sch\u00fctzenbrigade - W\u00fcrde - DignityNews.eu","og_description":"Ende November 1941 ging die monatelange Belagerung von Tobruk, einer Stadt im Osten Libyens, zu Ende. Mehr als sieben Monate lang war es den Deutschen und Italienern nicht gelungen, diese&hellip;","og_url":"https:\/\/dignitynews.eu\/de\/die-wuestenratten-unabhaengige-karpaten-schuetzenbrigade\/","og_site_name":"W\u00fcrde - DignityNews.eu","article_published_time":"2023-11-29T08:59:38+00:00","article_modified_time":"2023-11-29T22:44:09+00:00","og_image":[{"width":429,"height":614,"url":"https:\/\/dignitynews.eu\/wp-content\/uploads\/2023\/11\/Kopanski_Stanislaw.jpg","type":"image\/jpeg"}],"author":"Dignity News","twitter_card":"summary_large_image","twitter_misc":{"Verfasst von":"Dignity News","Gesch\u00e4tzte Lesezeit":"2\u00a0Minuten"},"schema":{"@context":"https:\/\/schema.org","@graph":[{"@type":"WebSite","@id":"https:\/\/dignitynews.eu\/pl\/#website","url":"https:\/\/dignitynews.eu\/pl\/","name":"W\u00fcrde - DignityNews.eu","description":"","potentialAction":[{"@type":"SearchAction","target":{"@type":"EntryPoint","urlTemplate":"https:\/\/dignitynews.eu\/pl\/?s={search_term_string}"},"query-input":"required name=search_term_string"}],"inLanguage":"de"},{"@type":"WebPage","@id":"https:\/\/dignitynews.eu\/de\/die-wuestenratten-unabhaengige-karpaten-schuetzenbrigade\/","url":"https:\/\/dignitynews.eu\/de\/die-wuestenratten-unabhaengige-karpaten-schuetzenbrigade\/","name":"\u201eDie W\u00fcstenratten\u201d \u2014 Unabh\u00e4ngige Karpaten-Sch\u00fctzenbrigade - W\u00fcrde - DignityNews.eu","isPartOf":{"@id":"https:\/\/dignitynews.eu\/pl\/#website"},"datePublished":"2023-11-29T08:59:38+00:00","dateModified":"2023-11-29T22:44:09+00:00","author":{"@id":"https:\/\/dignitynews.eu\/pl\/#\/schema\/person\/0b62b762b8174802fabc81a3ecb1bfcb"},"breadcrumb":{"@id":"https:\/\/dignitynews.eu\/de\/die-wuestenratten-unabhaengige-karpaten-schuetzenbrigade\/#breadcrumb"},"inLanguage":"de","potentialAction":[{"@type":"ReadAction","target":["https:\/\/dignitynews.eu\/de\/die-wuestenratten-unabhaengige-karpaten-schuetzenbrigade\/"]}]},{"@type":"BreadcrumbList","@id":"https:\/\/dignitynews.eu\/de\/die-wuestenratten-unabhaengige-karpaten-schuetzenbrigade\/#breadcrumb","itemListElement":[{"@type":"ListItem","position":1,"name":"Strona g\u0142\u00f3wna","item":"https:\/\/dignitynews.eu\/de\/"},{"@type":"ListItem","position":2,"name":"\u201eDie W\u00fcstenratten\u201d \u2014 Unabh\u00e4ngige Karpaten-Sch\u00fctzenbrigade"}]},{"@type":"Person","@id":"https:\/\/dignitynews.eu\/pl\/#\/schema\/person\/0b62b762b8174802fabc81a3ecb1bfcb","name":"Dignity News","image":{"@type":"ImageObject","inLanguage":"de","@id":"https:\/\/dignitynews.eu\/pl\/#\/schema\/person\/image\/","url":"https:\/\/secure.gravatar.com\/avatar\/97963171a6d9108f8381bbefb1c6b150c445b6ddd9e3077b96c86cf5892c85dc?s=96&d=mm&r=g","contentUrl":"https:\/\/secure.gravatar.com\/avatar\/97963171a6d9108f8381bbefb1c6b150c445b6ddd9e3077b96c86cf5892c85dc?s=96&d=mm&r=g","caption":"Dignity News"},"url":"https:\/\/dignitynews.eu\/de\/author\/mikolaj-palade\/"}]}},"_links":{"self":[{"href":"https:\/\/dignitynews.eu\/de\/wp-json\/wp\/v2\/posts\/51900","targetHints":{"allow":["GET"]}}],"collection":[{"href":"https:\/\/dignitynews.eu\/de\/wp-json\/wp\/v2\/posts"}],"about":[{"href":"https:\/\/dignitynews.eu\/de\/wp-json\/wp\/v2\/types\/post"}],"author":[{"embeddable":true,"href":"https:\/\/dignitynews.eu\/de\/wp-json\/wp\/v2\/users\/7"}],"replies":[{"embeddable":true,"href":"https:\/\/dignitynews.eu\/de\/wp-json\/wp\/v2\/comments?post=51900"}],"version-history":[{"count":1,"href":"https:\/\/dignitynews.eu\/de\/wp-json\/wp\/v2\/posts\/51900\/revisions"}],"predecessor-version":[{"id":51901,"href":"https:\/\/dignitynews.eu\/de\/wp-json\/wp\/v2\/posts\/51900\/revisions\/51901"}],"wp:featuredmedia":[{"embeddable":true,"href":"https:\/\/dignitynews.eu\/de\/wp-json\/wp\/v2\/media\/51854"}],"wp:attachment":[{"href":"https:\/\/dignitynews.eu\/de\/wp-json\/wp\/v2\/media?parent=51900"}],"wp:term":[{"taxonomy":"category","embeddable":true,"href":"https:\/\/dignitynews.eu\/de\/wp-json\/wp\/v2\/categories?post=51900"},{"taxonomy":"post_tag","embeddable":true,"href":"https:\/\/dignitynews.eu\/de\/wp-json\/wp\/v2\/tags?post=51900"}],"curies":[{"name":"wp","href":"https:\/\/api.w.org\/{rel}","templated":true}]}}