{"id":51028,"date":"2023-11-17T12:05:36","date_gmt":"2023-11-17T11:05:36","guid":{"rendered":"https:\/\/dignitynews.eu\/?p=51028"},"modified":"2023-11-18T19:55:07","modified_gmt":"2023-11-18T18:55:07","slug":"er-wurde-als-der-schatten-von-marschall-jozef-pilsudski-bezeichnet-kazimierz-sosnkowski-1885-1969","status":"publish","type":"post","link":"https:\/\/dignitynews.eu\/de\/er-wurde-als-der-schatten-von-marschall-jozef-pilsudski-bezeichnet-kazimierz-sosnkowski-1885-1969\/","title":{"rendered":"Er wurde als der Schatten von Marschall J\u00f3zef Pi\u0142sudski bezeichnet. Kazimierz Sosnkowski (1885-1969)"},"content":{"rendered":"<h5><strong>Am 19. November 1885 wurde Kazimierz Sosnkowski, einer der hervorragendsten Gener\u00e4le der polnischen Armee, in Warschau geboren. Er verlor keine einzige Schlacht, in der er allein kommandierte. Er verf\u00fcgte \u00fcber ein ausgezeichnetes Ged\u00e4chtnis und war vielseitig interessiert, unter anderem an Geisteswissenschaften und Literatur. <\/strong><\/h5>\n<p>Beeinflusst durch seine Teilnahme an der gro\u00dfen patriotischen Demonstration w\u00e4hrend der Revolution von 1905 beschloss er, der Polnischen Sozialistischen Partei beizutreten und sich f\u00fcr die Unabh\u00e4ngigkeit zu engagieren. Nach seinem Umzug nach Lemberg gr\u00fcndete er den Verband des aktiven Kampfes (poln. <em>Zwi\u0105zek Walki Czynnej<\/em>), der zur Grundlage der polnischen Legionen wurde. W\u00e4hrend des Ersten Weltkriegs wurde er stellvertretender Kommandeur der Ersten Brigade von J\u00f3zef Pi\u0142sudski und Chef ihres Stabes. Nach der Eideskrise von 1917 wurde er mit Pi\u0142sudski in der Festung Magdeburg inhaftiert.<\/p>\n<p>Als Polen seine Unabh\u00e4ngigkeit wiedererlangte, organisierte er die Streitkr\u00e4fte. W\u00e4hrend des polnisch-bolschewistischen Krieges im Sommer 1920 stellte er die Ordnung im hinteren Teil der Front wieder her, baute geschlagene Armeeeinheiten wieder auf und organisierte eine Freiwilligenarmee von Grund auf, die wesentlich zur Zur\u00fcckdr\u00e4ngung der Bolschewiki beitrug. In den 1920er Jahren bekleidete er Minister-, Kommando- und Stabsposten sowie diplomatische \u00c4mter. W\u00e4hrend des Mai-Putsches 1926 unternahm er als Anh\u00e4nger des Legalismus aufgrund eines Loyalit\u00e4tskonflikts einen Selbstmordversuch. Nach seiner Rehabilitierung kehrte er in den Milit\u00e4rdienst zur\u00fcck. In den 1930er Jahren k\u00fcmmerte er sich um den Ausbau der Armee und war Leiter des Ausschusses f\u00fcr Bewaffnung und Ausr\u00fcstung. Er beteiligte sich an der Organisation der polnischen R\u00fcstungsindustrie, die viele europ\u00e4ische L\u00e4nder belieferte.<\/p>\n<p>W\u00e4hrend des Verteidigungskriegs 1939 befehligte er die S\u00fcdfront, und nachdem die Sowjetunion den polnischen Staat angegriffen hatte, machte er sich auf den Weg in den Westen, wo er der erste Kommandeur des Verbandes des bewaffneten Kampfes (<em>Zwi\u0105zek Walki Zbrojnej<\/em>) wurde. Im Juli 1943, nach dem Tod von General W\u0142adys\u0142aw Sikorski, wurde er zum Oberbefehlshaber der polnischen Armee ernannt. Er k\u00e4mpfte f\u00fcr die Erhaltung der Souver\u00e4nit\u00e4t Polens und widerstand dem Druck der westlichen Alliierten, die auf Kosten Polens gute Beziehungen zur Sowjetunion aufbauen wollten. Wegen seiner unbeugsamen Haltung wurde er auf Ersuchen der britischen Regierung von seinem Posten entlassen.<\/p>\n<p>Im November 1944 ging er nach Kanada. Er genoss den Respekt polnischer Kreise und setzte sich f\u00fcr deren Verst\u00e4ndnis und Zusammenarbeit ein. Er starb am 11. Oktober 1969. 1992 wurden seine sterblichen \u00dcberreste in die Warschauer Johanneskathedrale \u00fcberf\u00fchrt.<\/p>\n","protected":false},"excerpt":{"rendered":"<p>Am 19. November 1885 wurde Kazimierz Sosnkowski, einer der hervorragendsten Gener\u00e4le der polnischen Armee, in Warschau geboren. Er verlor keine einzige Schlacht, in der er allein kommandierte. Er verf\u00fcgte \u00fcber&hellip;<\/p>\n","protected":false},"author":7,"featured_media":50969,"comment_status":"closed","ping_status":"open","sticky":false,"template":"","format":"standard","meta":{"_mi_skip_tracking":false,"footnotes":""},"categories":[52],"tags":[],"class_list":["post-51028","post","type-post","status-publish","format-standard","has-post-thumbnail","hentry","category-geschichte"],"yoast_head":"<!-- This site is optimized with the Yoast SEO plugin v19.4 - https:\/\/yoast.com\/wordpress\/plugins\/seo\/ -->\n<title>Er wurde als der Schatten von Marschall J\u00f3zef Pi\u0142sudski bezeichnet. Kazimierz Sosnkowski (1885-1969) - W\u00fcrde - DignityNews.eu<\/title>\n<meta name=\"robots\" content=\"index, follow, max-snippet:-1, max-image-preview:large, max-video-preview:-1\" \/>\n<link rel=\"canonical\" href=\"https:\/\/dignitynews.eu\/de\/er-wurde-als-der-schatten-von-marschall-jozef-pilsudski-bezeichnet-kazimierz-sosnkowski-1885-1969\/\" \/>\n<meta property=\"og:locale\" content=\"de_DE\" \/>\n<meta property=\"og:type\" content=\"article\" \/>\n<meta property=\"og:title\" content=\"Er wurde als der Schatten von Marschall J\u00f3zef Pi\u0142sudski bezeichnet. Kazimierz Sosnkowski (1885-1969) - W\u00fcrde - DignityNews.eu\" \/>\n<meta property=\"og:description\" content=\"Am 19. November 1885 wurde Kazimierz Sosnkowski, einer der hervorragendsten Gener\u00e4le der polnischen Armee, in Warschau geboren. Er verlor keine einzige Schlacht, in der er allein kommandierte. Er verf\u00fcgte \u00fcber&hellip;\" \/>\n<meta property=\"og:url\" content=\"https:\/\/dignitynews.eu\/de\/er-wurde-als-der-schatten-von-marschall-jozef-pilsudski-bezeichnet-kazimierz-sosnkowski-1885-1969\/\" \/>\n<meta property=\"og:site_name\" content=\"W\u00fcrde - DignityNews.eu\" \/>\n<meta property=\"article:published_time\" content=\"2023-11-17T11:05:36+00:00\" \/>\n<meta property=\"article:modified_time\" content=\"2023-11-18T18:55:07+00:00\" \/>\n<meta property=\"og:image\" content=\"https:\/\/dignitynews.eu\/wp-content\/uploads\/2023\/11\/1280px-Gen._Kazimierz_Sosnkowski_podczas_dekoracji_odznaczeniami_polskich_zolnierzy_21-48.jpg\" \/>\n\t<meta property=\"og:image:width\" content=\"1280\" \/>\n\t<meta property=\"og:image:height\" content=\"943\" \/>\n\t<meta property=\"og:image:type\" content=\"image\/jpeg\" \/>\n<meta name=\"author\" content=\"Dignity News\" \/>\n<meta name=\"twitter:card\" content=\"summary_large_image\" \/>\n<meta name=\"twitter:label1\" content=\"Verfasst von\" \/>\n\t<meta name=\"twitter:data1\" content=\"Dignity News\" \/>\n\t<meta name=\"twitter:label2\" content=\"Gesch\u00e4tzte Lesezeit\" \/>\n\t<meta name=\"twitter:data2\" content=\"2\u00a0Minuten\" \/>\n<script type=\"application\/ld+json\" class=\"yoast-schema-graph\">{\"@context\":\"https:\/\/schema.org\",\"@graph\":[{\"@type\":\"WebSite\",\"@id\":\"https:\/\/dignitynews.eu\/pl\/#website\",\"url\":\"https:\/\/dignitynews.eu\/pl\/\",\"name\":\"W\u00fcrde - DignityNews.eu\",\"description\":\"\",\"potentialAction\":[{\"@type\":\"SearchAction\",\"target\":{\"@type\":\"EntryPoint\",\"urlTemplate\":\"https:\/\/dignitynews.eu\/pl\/?s={search_term_string}\"},\"query-input\":\"required name=search_term_string\"}],\"inLanguage\":\"de\"},{\"@type\":\"WebPage\",\"@id\":\"https:\/\/dignitynews.eu\/de\/er-wurde-als-der-schatten-von-marschall-jozef-pilsudski-bezeichnet-kazimierz-sosnkowski-1885-1969\/\",\"url\":\"https:\/\/dignitynews.eu\/de\/er-wurde-als-der-schatten-von-marschall-jozef-pilsudski-bezeichnet-kazimierz-sosnkowski-1885-1969\/\",\"name\":\"Er wurde als der Schatten von Marschall J\u00f3zef Pi\u0142sudski bezeichnet. Kazimierz Sosnkowski (1885-1969) - W\u00fcrde - DignityNews.eu\",\"isPartOf\":{\"@id\":\"https:\/\/dignitynews.eu\/pl\/#website\"},\"datePublished\":\"2023-11-17T11:05:36+00:00\",\"dateModified\":\"2023-11-18T18:55:07+00:00\",\"author\":{\"@id\":\"https:\/\/dignitynews.eu\/pl\/#\/schema\/person\/0b62b762b8174802fabc81a3ecb1bfcb\"},\"breadcrumb\":{\"@id\":\"https:\/\/dignitynews.eu\/de\/er-wurde-als-der-schatten-von-marschall-jozef-pilsudski-bezeichnet-kazimierz-sosnkowski-1885-1969\/#breadcrumb\"},\"inLanguage\":\"de\",\"potentialAction\":[{\"@type\":\"ReadAction\",\"target\":[\"https:\/\/dignitynews.eu\/de\/er-wurde-als-der-schatten-von-marschall-jozef-pilsudski-bezeichnet-kazimierz-sosnkowski-1885-1969\/\"]}]},{\"@type\":\"BreadcrumbList\",\"@id\":\"https:\/\/dignitynews.eu\/de\/er-wurde-als-der-schatten-von-marschall-jozef-pilsudski-bezeichnet-kazimierz-sosnkowski-1885-1969\/#breadcrumb\",\"itemListElement\":[{\"@type\":\"ListItem\",\"position\":1,\"name\":\"Strona g\u0142\u00f3wna\",\"item\":\"https:\/\/dignitynews.eu\/de\/\"},{\"@type\":\"ListItem\",\"position\":2,\"name\":\"Er wurde als der Schatten von Marschall J\u00f3zef Pi\u0142sudski bezeichnet. Kazimierz Sosnkowski (1885-1969)\"}]},{\"@type\":\"Person\",\"@id\":\"https:\/\/dignitynews.eu\/pl\/#\/schema\/person\/0b62b762b8174802fabc81a3ecb1bfcb\",\"name\":\"Dignity News\",\"image\":{\"@type\":\"ImageObject\",\"inLanguage\":\"de\",\"@id\":\"https:\/\/dignitynews.eu\/pl\/#\/schema\/person\/image\/\",\"url\":\"https:\/\/secure.gravatar.com\/avatar\/97963171a6d9108f8381bbefb1c6b150c445b6ddd9e3077b96c86cf5892c85dc?s=96&d=mm&r=g\",\"contentUrl\":\"https:\/\/secure.gravatar.com\/avatar\/97963171a6d9108f8381bbefb1c6b150c445b6ddd9e3077b96c86cf5892c85dc?s=96&d=mm&r=g\",\"caption\":\"Dignity News\"},\"url\":\"https:\/\/dignitynews.eu\/de\/author\/mikolaj-palade\/\"}]}<\/script>\n<!-- \/ Yoast SEO plugin. -->","yoast_head_json":{"title":"Er wurde als der Schatten von Marschall J\u00f3zef Pi\u0142sudski bezeichnet. Kazimierz Sosnkowski (1885-1969) - W\u00fcrde - DignityNews.eu","robots":{"index":"index","follow":"follow","max-snippet":"max-snippet:-1","max-image-preview":"max-image-preview:large","max-video-preview":"max-video-preview:-1"},"canonical":"https:\/\/dignitynews.eu\/de\/er-wurde-als-der-schatten-von-marschall-jozef-pilsudski-bezeichnet-kazimierz-sosnkowski-1885-1969\/","og_locale":"de_DE","og_type":"article","og_title":"Er wurde als der Schatten von Marschall J\u00f3zef Pi\u0142sudski bezeichnet. Kazimierz Sosnkowski (1885-1969) - W\u00fcrde - DignityNews.eu","og_description":"Am 19. November 1885 wurde Kazimierz Sosnkowski, einer der hervorragendsten Gener\u00e4le der polnischen Armee, in Warschau geboren. Er verlor keine einzige Schlacht, in der er allein kommandierte. Er verf\u00fcgte \u00fcber&hellip;","og_url":"https:\/\/dignitynews.eu\/de\/er-wurde-als-der-schatten-von-marschall-jozef-pilsudski-bezeichnet-kazimierz-sosnkowski-1885-1969\/","og_site_name":"W\u00fcrde - DignityNews.eu","article_published_time":"2023-11-17T11:05:36+00:00","article_modified_time":"2023-11-18T18:55:07+00:00","og_image":[{"width":1280,"height":943,"url":"https:\/\/dignitynews.eu\/wp-content\/uploads\/2023\/11\/1280px-Gen._Kazimierz_Sosnkowski_podczas_dekoracji_odznaczeniami_polskich_zolnierzy_21-48.jpg","type":"image\/jpeg"}],"author":"Dignity News","twitter_card":"summary_large_image","twitter_misc":{"Verfasst von":"Dignity News","Gesch\u00e4tzte Lesezeit":"2\u00a0Minuten"},"schema":{"@context":"https:\/\/schema.org","@graph":[{"@type":"WebSite","@id":"https:\/\/dignitynews.eu\/pl\/#website","url":"https:\/\/dignitynews.eu\/pl\/","name":"W\u00fcrde - DignityNews.eu","description":"","potentialAction":[{"@type":"SearchAction","target":{"@type":"EntryPoint","urlTemplate":"https:\/\/dignitynews.eu\/pl\/?s={search_term_string}"},"query-input":"required name=search_term_string"}],"inLanguage":"de"},{"@type":"WebPage","@id":"https:\/\/dignitynews.eu\/de\/er-wurde-als-der-schatten-von-marschall-jozef-pilsudski-bezeichnet-kazimierz-sosnkowski-1885-1969\/","url":"https:\/\/dignitynews.eu\/de\/er-wurde-als-der-schatten-von-marschall-jozef-pilsudski-bezeichnet-kazimierz-sosnkowski-1885-1969\/","name":"Er wurde als der Schatten von Marschall J\u00f3zef Pi\u0142sudski bezeichnet. Kazimierz Sosnkowski (1885-1969) - W\u00fcrde - DignityNews.eu","isPartOf":{"@id":"https:\/\/dignitynews.eu\/pl\/#website"},"datePublished":"2023-11-17T11:05:36+00:00","dateModified":"2023-11-18T18:55:07+00:00","author":{"@id":"https:\/\/dignitynews.eu\/pl\/#\/schema\/person\/0b62b762b8174802fabc81a3ecb1bfcb"},"breadcrumb":{"@id":"https:\/\/dignitynews.eu\/de\/er-wurde-als-der-schatten-von-marschall-jozef-pilsudski-bezeichnet-kazimierz-sosnkowski-1885-1969\/#breadcrumb"},"inLanguage":"de","potentialAction":[{"@type":"ReadAction","target":["https:\/\/dignitynews.eu\/de\/er-wurde-als-der-schatten-von-marschall-jozef-pilsudski-bezeichnet-kazimierz-sosnkowski-1885-1969\/"]}]},{"@type":"BreadcrumbList","@id":"https:\/\/dignitynews.eu\/de\/er-wurde-als-der-schatten-von-marschall-jozef-pilsudski-bezeichnet-kazimierz-sosnkowski-1885-1969\/#breadcrumb","itemListElement":[{"@type":"ListItem","position":1,"name":"Strona g\u0142\u00f3wna","item":"https:\/\/dignitynews.eu\/de\/"},{"@type":"ListItem","position":2,"name":"Er wurde als der Schatten von Marschall J\u00f3zef Pi\u0142sudski bezeichnet. Kazimierz Sosnkowski (1885-1969)"}]},{"@type":"Person","@id":"https:\/\/dignitynews.eu\/pl\/#\/schema\/person\/0b62b762b8174802fabc81a3ecb1bfcb","name":"Dignity News","image":{"@type":"ImageObject","inLanguage":"de","@id":"https:\/\/dignitynews.eu\/pl\/#\/schema\/person\/image\/","url":"https:\/\/secure.gravatar.com\/avatar\/97963171a6d9108f8381bbefb1c6b150c445b6ddd9e3077b96c86cf5892c85dc?s=96&d=mm&r=g","contentUrl":"https:\/\/secure.gravatar.com\/avatar\/97963171a6d9108f8381bbefb1c6b150c445b6ddd9e3077b96c86cf5892c85dc?s=96&d=mm&r=g","caption":"Dignity News"},"url":"https:\/\/dignitynews.eu\/de\/author\/mikolaj-palade\/"}]}},"_links":{"self":[{"href":"https:\/\/dignitynews.eu\/de\/wp-json\/wp\/v2\/posts\/51028","targetHints":{"allow":["GET"]}}],"collection":[{"href":"https:\/\/dignitynews.eu\/de\/wp-json\/wp\/v2\/posts"}],"about":[{"href":"https:\/\/dignitynews.eu\/de\/wp-json\/wp\/v2\/types\/post"}],"author":[{"embeddable":true,"href":"https:\/\/dignitynews.eu\/de\/wp-json\/wp\/v2\/users\/7"}],"replies":[{"embeddable":true,"href":"https:\/\/dignitynews.eu\/de\/wp-json\/wp\/v2\/comments?post=51028"}],"version-history":[{"count":1,"href":"https:\/\/dignitynews.eu\/de\/wp-json\/wp\/v2\/posts\/51028\/revisions"}],"predecessor-version":[{"id":51029,"href":"https:\/\/dignitynews.eu\/de\/wp-json\/wp\/v2\/posts\/51028\/revisions\/51029"}],"wp:featuredmedia":[{"embeddable":true,"href":"https:\/\/dignitynews.eu\/de\/wp-json\/wp\/v2\/media\/50969"}],"wp:attachment":[{"href":"https:\/\/dignitynews.eu\/de\/wp-json\/wp\/v2\/media?parent=51028"}],"wp:term":[{"taxonomy":"category","embeddable":true,"href":"https:\/\/dignitynews.eu\/de\/wp-json\/wp\/v2\/categories?post=51028"},{"taxonomy":"post_tag","embeddable":true,"href":"https:\/\/dignitynews.eu\/de\/wp-json\/wp\/v2\/tags?post=51028"}],"curies":[{"name":"wp","href":"https:\/\/api.w.org\/{rel}","templated":true}]}}