{"id":50646,"date":"2023-11-14T12:55:04","date_gmt":"2023-11-14T11:55:04","guid":{"rendered":"https:\/\/dignitynews.eu\/?p=50646"},"modified":"2023-11-14T20:10:59","modified_gmt":"2023-11-14T19:10:59","slug":"brueder-kusewicki-juedische-kantoren-aus-der-region-vilnius","status":"publish","type":"post","link":"https:\/\/dignitynews.eu\/de\/brueder-kusewicki-juedische-kantoren-aus-der-region-vilnius\/","title":{"rendered":"Br\u00fcder Kusewicki \u2014 j\u00fcdische Kantoren aus der Region Vilnius"},"content":{"rendered":"<h5><strong>Es waren vier von ihnen. Sie stammten aus der Stadt Smarhon. Die Br<\/strong><strong>\u00fc<\/strong><strong>der Kusewicki erwiesen sich nicht nur als hervorragende Kantoren, sondern auch als lyrische Ten<\/strong><strong>\u00f6<\/strong><strong>re, die Opernlieder sangen. <\/strong><\/h5>\n<p>Mosze, Jakub, Simcha und Dawid Kusewicki stammten aus einer orthodoxen j\u00fcdischen Familie und begannen ihre Kantorenlaufbahn in Vilnius. Mosze (Moshe Koussevitzky; 1889-1965) zeigte das gr\u00f6\u00dfte Gesangstalent. Er \u00fcbte seinen Oratoriengesang zun\u00e4chst in seiner Heimatstadt Smarhon und dann in Vilnius, wohin er als Geselle zog, um das Handwerk zu erlernen.<\/p>\n<p>1925 wurde sein au\u00dfergew\u00f6hnliches Talent belohnt: Moshe wurde zun\u00e4chst Kantor (jiddisch: Chasan) an der Vilniuser Synagoge \u201eSavel\u201d und dann an der Gro\u00dfen Synagoge und l\u00f6ste damit den damals international bekannten Gerszon Sirota ab. Drei Jahre sp\u00e4ter erhielt er das Angebot, mit seinem Gesang an der Gro\u00dfen Synagoge Templum in Warschau zu wirken. Bald wurde auch seine Stimme international anerkannt, da er auch Opernlieder sang. Er wurde mit Enrico Caruso verglichen. W\u00e4hrend des Zweiten Weltkriegs hielt er sich in der Sowjetunion auf und sang u. a. an der georgischen Oper in Tiflis. Moshe kehrte 1946 in sein Land zur\u00fcck, ging aber bald darauf in die USA, wo er seine Gesangskarriere fortsetzte.<\/p>\n<p>Die drei Br\u00fcder von Moshe hatten keinen so spektakul\u00e4ren Erfolg. Sie waren Kantoren in Charkiw, Kremenez, Lemberg, Luzk, Rostow und Vilnius. Der j\u00fcngste, Dawid (1911-1985), war der einzige, der eine Musikhochschule abschloss. Er studierte am Konservatorium in Vilnius.<\/p>\n<p>Nach dem Ende des Zweiten Weltkriegs lie\u00dfen sich Jakub und Dawid ebenfalls in den USA nieder, w\u00e4hrend Simcha sich in S\u00fcdafrika niederlie\u00df. Nach dem Krieg diente Dawid als Kantor in einer Synagoge in Brooklyn und unterrichtete am J\u00fcdischen Liturgischen Seminar in New York.<\/p>\n","protected":false},"excerpt":{"rendered":"<p>Es waren vier von ihnen. Sie stammten aus der Stadt Smarhon. Die Br\u00fcder Kusewicki erwiesen sich nicht nur als hervorragende Kantoren, sondern auch als lyrische Ten\u00f6re, die Opernlieder sangen. Mosze,&hellip;<\/p>\n","protected":false},"author":7,"featured_media":50641,"comment_status":"closed","ping_status":"open","sticky":false,"template":"","format":"standard","meta":{"_mi_skip_tracking":false,"footnotes":""},"categories":[52],"tags":[],"class_list":["post-50646","post","type-post","status-publish","format-standard","has-post-thumbnail","hentry","category-geschichte"],"yoast_head":"<!-- This site is optimized with the Yoast SEO plugin v19.4 - https:\/\/yoast.com\/wordpress\/plugins\/seo\/ -->\n<title>Br\u00fcder Kusewicki \u2014 j\u00fcdische Kantoren aus der Region Vilnius - W\u00fcrde - DignityNews.eu<\/title>\n<meta name=\"robots\" content=\"index, follow, max-snippet:-1, max-image-preview:large, max-video-preview:-1\" \/>\n<link rel=\"canonical\" href=\"https:\/\/dignitynews.eu\/de\/brueder-kusewicki-juedische-kantoren-aus-der-region-vilnius\/\" \/>\n<meta property=\"og:locale\" content=\"de_DE\" \/>\n<meta property=\"og:type\" content=\"article\" \/>\n<meta property=\"og:title\" content=\"Br\u00fcder Kusewicki \u2014 j\u00fcdische Kantoren aus der Region Vilnius - W\u00fcrde - DignityNews.eu\" \/>\n<meta property=\"og:description\" content=\"Es waren vier von ihnen. Sie stammten aus der Stadt Smarhon. Die Br\u00fcder Kusewicki erwiesen sich nicht nur als hervorragende Kantoren, sondern auch als lyrische Ten\u00f6re, die Opernlieder sangen. Mosze,&hellip;\" \/>\n<meta property=\"og:url\" content=\"https:\/\/dignitynews.eu\/de\/brueder-kusewicki-juedische-kantoren-aus-der-region-vilnius\/\" \/>\n<meta property=\"og:site_name\" content=\"W\u00fcrde - DignityNews.eu\" \/>\n<meta property=\"article:published_time\" content=\"2023-11-14T11:55:04+00:00\" \/>\n<meta property=\"article:modified_time\" content=\"2023-11-14T19:10:59+00:00\" \/>\n<meta property=\"og:image\" content=\"https:\/\/dignitynews.eu\/wp-content\/uploads\/2023\/11\/Mosze_Kusewicki.jpg\" \/>\n\t<meta property=\"og:image:width\" content=\"980\" \/>\n\t<meta property=\"og:image:height\" content=\"1272\" \/>\n\t<meta property=\"og:image:type\" content=\"image\/jpeg\" \/>\n<meta name=\"author\" content=\"Dignity News\" \/>\n<meta name=\"twitter:card\" content=\"summary_large_image\" \/>\n<meta name=\"twitter:label1\" content=\"Verfasst von\" \/>\n\t<meta name=\"twitter:data1\" content=\"Dignity News\" \/>\n\t<meta name=\"twitter:label2\" content=\"Gesch\u00e4tzte Lesezeit\" \/>\n\t<meta name=\"twitter:data2\" content=\"1\u00a0Minute\" \/>\n<script type=\"application\/ld+json\" class=\"yoast-schema-graph\">{\"@context\":\"https:\/\/schema.org\",\"@graph\":[{\"@type\":\"WebSite\",\"@id\":\"https:\/\/dignitynews.eu\/pl\/#website\",\"url\":\"https:\/\/dignitynews.eu\/pl\/\",\"name\":\"W\u00fcrde - DignityNews.eu\",\"description\":\"\",\"potentialAction\":[{\"@type\":\"SearchAction\",\"target\":{\"@type\":\"EntryPoint\",\"urlTemplate\":\"https:\/\/dignitynews.eu\/pl\/?s={search_term_string}\"},\"query-input\":\"required name=search_term_string\"}],\"inLanguage\":\"de\"},{\"@type\":\"WebPage\",\"@id\":\"https:\/\/dignitynews.eu\/de\/brueder-kusewicki-juedische-kantoren-aus-der-region-vilnius\/\",\"url\":\"https:\/\/dignitynews.eu\/de\/brueder-kusewicki-juedische-kantoren-aus-der-region-vilnius\/\",\"name\":\"Br\u00fcder Kusewicki \u2014 j\u00fcdische Kantoren aus der Region Vilnius - W\u00fcrde - DignityNews.eu\",\"isPartOf\":{\"@id\":\"https:\/\/dignitynews.eu\/pl\/#website\"},\"datePublished\":\"2023-11-14T11:55:04+00:00\",\"dateModified\":\"2023-11-14T19:10:59+00:00\",\"author\":{\"@id\":\"https:\/\/dignitynews.eu\/pl\/#\/schema\/person\/0b62b762b8174802fabc81a3ecb1bfcb\"},\"breadcrumb\":{\"@id\":\"https:\/\/dignitynews.eu\/de\/brueder-kusewicki-juedische-kantoren-aus-der-region-vilnius\/#breadcrumb\"},\"inLanguage\":\"de\",\"potentialAction\":[{\"@type\":\"ReadAction\",\"target\":[\"https:\/\/dignitynews.eu\/de\/brueder-kusewicki-juedische-kantoren-aus-der-region-vilnius\/\"]}]},{\"@type\":\"BreadcrumbList\",\"@id\":\"https:\/\/dignitynews.eu\/de\/brueder-kusewicki-juedische-kantoren-aus-der-region-vilnius\/#breadcrumb\",\"itemListElement\":[{\"@type\":\"ListItem\",\"position\":1,\"name\":\"Strona g\u0142\u00f3wna\",\"item\":\"https:\/\/dignitynews.eu\/de\/\"},{\"@type\":\"ListItem\",\"position\":2,\"name\":\"Br\u00fcder Kusewicki \u2014 j\u00fcdische Kantoren aus der Region Vilnius\"}]},{\"@type\":\"Person\",\"@id\":\"https:\/\/dignitynews.eu\/pl\/#\/schema\/person\/0b62b762b8174802fabc81a3ecb1bfcb\",\"name\":\"Dignity News\",\"image\":{\"@type\":\"ImageObject\",\"inLanguage\":\"de\",\"@id\":\"https:\/\/dignitynews.eu\/pl\/#\/schema\/person\/image\/\",\"url\":\"https:\/\/secure.gravatar.com\/avatar\/97963171a6d9108f8381bbefb1c6b150c445b6ddd9e3077b96c86cf5892c85dc?s=96&d=mm&r=g\",\"contentUrl\":\"https:\/\/secure.gravatar.com\/avatar\/97963171a6d9108f8381bbefb1c6b150c445b6ddd9e3077b96c86cf5892c85dc?s=96&d=mm&r=g\",\"caption\":\"Dignity News\"},\"url\":\"https:\/\/dignitynews.eu\/de\/author\/mikolaj-palade\/\"}]}<\/script>\n<!-- \/ Yoast SEO plugin. -->","yoast_head_json":{"title":"Br\u00fcder Kusewicki \u2014 j\u00fcdische Kantoren aus der Region Vilnius - W\u00fcrde - DignityNews.eu","robots":{"index":"index","follow":"follow","max-snippet":"max-snippet:-1","max-image-preview":"max-image-preview:large","max-video-preview":"max-video-preview:-1"},"canonical":"https:\/\/dignitynews.eu\/de\/brueder-kusewicki-juedische-kantoren-aus-der-region-vilnius\/","og_locale":"de_DE","og_type":"article","og_title":"Br\u00fcder Kusewicki \u2014 j\u00fcdische Kantoren aus der Region Vilnius - W\u00fcrde - DignityNews.eu","og_description":"Es waren vier von ihnen. Sie stammten aus der Stadt Smarhon. Die Br\u00fcder Kusewicki erwiesen sich nicht nur als hervorragende Kantoren, sondern auch als lyrische Ten\u00f6re, die Opernlieder sangen. Mosze,&hellip;","og_url":"https:\/\/dignitynews.eu\/de\/brueder-kusewicki-juedische-kantoren-aus-der-region-vilnius\/","og_site_name":"W\u00fcrde - DignityNews.eu","article_published_time":"2023-11-14T11:55:04+00:00","article_modified_time":"2023-11-14T19:10:59+00:00","og_image":[{"width":980,"height":1272,"url":"https:\/\/dignitynews.eu\/wp-content\/uploads\/2023\/11\/Mosze_Kusewicki.jpg","type":"image\/jpeg"}],"author":"Dignity News","twitter_card":"summary_large_image","twitter_misc":{"Verfasst von":"Dignity News","Gesch\u00e4tzte Lesezeit":"1\u00a0Minute"},"schema":{"@context":"https:\/\/schema.org","@graph":[{"@type":"WebSite","@id":"https:\/\/dignitynews.eu\/pl\/#website","url":"https:\/\/dignitynews.eu\/pl\/","name":"W\u00fcrde - DignityNews.eu","description":"","potentialAction":[{"@type":"SearchAction","target":{"@type":"EntryPoint","urlTemplate":"https:\/\/dignitynews.eu\/pl\/?s={search_term_string}"},"query-input":"required name=search_term_string"}],"inLanguage":"de"},{"@type":"WebPage","@id":"https:\/\/dignitynews.eu\/de\/brueder-kusewicki-juedische-kantoren-aus-der-region-vilnius\/","url":"https:\/\/dignitynews.eu\/de\/brueder-kusewicki-juedische-kantoren-aus-der-region-vilnius\/","name":"Br\u00fcder Kusewicki \u2014 j\u00fcdische Kantoren aus der Region Vilnius - W\u00fcrde - DignityNews.eu","isPartOf":{"@id":"https:\/\/dignitynews.eu\/pl\/#website"},"datePublished":"2023-11-14T11:55:04+00:00","dateModified":"2023-11-14T19:10:59+00:00","author":{"@id":"https:\/\/dignitynews.eu\/pl\/#\/schema\/person\/0b62b762b8174802fabc81a3ecb1bfcb"},"breadcrumb":{"@id":"https:\/\/dignitynews.eu\/de\/brueder-kusewicki-juedische-kantoren-aus-der-region-vilnius\/#breadcrumb"},"inLanguage":"de","potentialAction":[{"@type":"ReadAction","target":["https:\/\/dignitynews.eu\/de\/brueder-kusewicki-juedische-kantoren-aus-der-region-vilnius\/"]}]},{"@type":"BreadcrumbList","@id":"https:\/\/dignitynews.eu\/de\/brueder-kusewicki-juedische-kantoren-aus-der-region-vilnius\/#breadcrumb","itemListElement":[{"@type":"ListItem","position":1,"name":"Strona g\u0142\u00f3wna","item":"https:\/\/dignitynews.eu\/de\/"},{"@type":"ListItem","position":2,"name":"Br\u00fcder Kusewicki \u2014 j\u00fcdische Kantoren aus der Region Vilnius"}]},{"@type":"Person","@id":"https:\/\/dignitynews.eu\/pl\/#\/schema\/person\/0b62b762b8174802fabc81a3ecb1bfcb","name":"Dignity News","image":{"@type":"ImageObject","inLanguage":"de","@id":"https:\/\/dignitynews.eu\/pl\/#\/schema\/person\/image\/","url":"https:\/\/secure.gravatar.com\/avatar\/97963171a6d9108f8381bbefb1c6b150c445b6ddd9e3077b96c86cf5892c85dc?s=96&d=mm&r=g","contentUrl":"https:\/\/secure.gravatar.com\/avatar\/97963171a6d9108f8381bbefb1c6b150c445b6ddd9e3077b96c86cf5892c85dc?s=96&d=mm&r=g","caption":"Dignity News"},"url":"https:\/\/dignitynews.eu\/de\/author\/mikolaj-palade\/"}]}},"_links":{"self":[{"href":"https:\/\/dignitynews.eu\/de\/wp-json\/wp\/v2\/posts\/50646","targetHints":{"allow":["GET"]}}],"collection":[{"href":"https:\/\/dignitynews.eu\/de\/wp-json\/wp\/v2\/posts"}],"about":[{"href":"https:\/\/dignitynews.eu\/de\/wp-json\/wp\/v2\/types\/post"}],"author":[{"embeddable":true,"href":"https:\/\/dignitynews.eu\/de\/wp-json\/wp\/v2\/users\/7"}],"replies":[{"embeddable":true,"href":"https:\/\/dignitynews.eu\/de\/wp-json\/wp\/v2\/comments?post=50646"}],"version-history":[{"count":1,"href":"https:\/\/dignitynews.eu\/de\/wp-json\/wp\/v2\/posts\/50646\/revisions"}],"predecessor-version":[{"id":50647,"href":"https:\/\/dignitynews.eu\/de\/wp-json\/wp\/v2\/posts\/50646\/revisions\/50647"}],"wp:featuredmedia":[{"embeddable":true,"href":"https:\/\/dignitynews.eu\/de\/wp-json\/wp\/v2\/media\/50641"}],"wp:attachment":[{"href":"https:\/\/dignitynews.eu\/de\/wp-json\/wp\/v2\/media?parent=50646"}],"wp:term":[{"taxonomy":"category","embeddable":true,"href":"https:\/\/dignitynews.eu\/de\/wp-json\/wp\/v2\/categories?post=50646"},{"taxonomy":"post_tag","embeddable":true,"href":"https:\/\/dignitynews.eu\/de\/wp-json\/wp\/v2\/tags?post=50646"}],"curies":[{"name":"wp","href":"https:\/\/api.w.org\/{rel}","templated":true}]}}