{"id":50523,"date":"2023-11-11T09:50:04","date_gmt":"2023-11-11T08:50:04","guid":{"rendered":"https:\/\/dignitynews.eu\/?p=50523"},"modified":"2023-11-13T16:13:39","modified_gmt":"2023-11-13T15:13:39","slug":"provisorische-volksregierung-der-polnischen-republik-in-lublin","status":"publish","type":"post","link":"https:\/\/dignitynews.eu\/de\/provisorische-volksregierung-der-polnischen-republik-in-lublin\/","title":{"rendered":"Provisorische Volksregierung der Polnischen Republik in Lublin"},"content":{"rendered":"<h5><strong>Heute ist der 105. Jahrestag der Wiedererlangung der Unabh\u00e4ngigkeit Polens, die von der Anfang November 1918 gebildeten Provisorischen Volksregierung der Polnischen Republik in Lublin eingel\u00e4utet wurde. Obwohl sie nur wenige Tage im Amt war, stellte sie zweifellos ein wichtiges Element im Prozess des Strebens der polnischen Nation nach Selbstbestimmung dar, und ihr Programm ver\u00e4nderte die Wahrnehmung des bisherigen sozialen und politischen Systems grundlegend. <\/strong><\/h5>\n<p>Der wiedererstandene polnische Staat sah sich mit einer Reihe von sozialen Problemen konfrontiert, die sich aus der 123-j\u00e4hrigen Teilungszeit ergaben. Das Land war durch mehr als vier Jahre Krieg verw\u00fcstet worden, und es herrschte gro\u00dfe Armut. In dieser entscheidenden Zeit kamen die linken Kreise der Unabh\u00e4ngigkeitsbewegung zu dem Schluss, dass die Bildung einer Arbeiter- und Bauernregierung angestrebt werden sollte, und so wurde in der Nacht vom 6. auf den 7. November 1918 auf den Mauern von Lublin ein \u201eManifest\u201d aufgeklebt, in dem die Bildung der Provisorischen Volksregierung der Polnischen Republik mit Ministerpr\u00e4sident Ignacy Ewaryst Daszy\u0144ski an der Spitze angek\u00fcndigt wurde.<\/p>\n<p>Das \u201eManifest\u201d der Volksregierung war gleichzeitig ein politisches Programm, das die Vision eines neuen demokratischen Systems in Polen enthielt. Es kann als das ausgereifteste Projekt f\u00fcr den Wiederaufbau der sozialen Beziehungen bezeichnet werden, das an das polnische Volk, die Arbeiter, Bauern und Soldaten gerichtet war. Darin lesen wir: <em>\u201ePolnisches Volk! Polnische Bauern und Arbeiter! Wenn ihr euren rechtm\u00e4\u00dfigen Platz in der Familie der freien Nationen einnehmen wollt, wenn ihr Gastgeber eures eigenen Landes sein wollt, dann m\u00fcsst ihr die Macht in Polen in eure eigenen H\u00e4nde nehmen, ihr m\u00fcsst das Geb\u00e4ude der Unabh\u00e4ngigen und Vereinigten Volksrepublik Polen selbst errichten\u201d<\/em>.<\/p>\n<p>Die Mitglieder der Regierung, die haupts\u00e4chlich der Polnischen Sozialistischen Partei, der Polnischen Sozialdemokratischen Partei oder der Polnischen Volkspartei \u201eWyzwolenie\u201d\u00a0 (dt. <em>Befreiung<\/em>) angeh\u00f6rten, proklamierten die Polnische Volksrepublik, die von Polen bewohnte Gebiete mit einer eigenen Meeresk\u00fcste umfasste. Der erste Pr\u00e4sident sollte vom gesetzgebenden Sejm gew\u00e4hlt werden. Dar\u00fcber hinaus war die Idee, allen B\u00fcrgern ohne Unterschied des Geschlechts, die das 21. Lebensjahr vollendet hatten, das aktive und passive Wahlrecht zu gew\u00e4hren, eine Innovation auf europ\u00e4ischer Ebene, die bald zu einer unbestreitbaren Grundlage der Demokratie wurde.<\/p>\n<p>In den weiteren Punkten des \u201eManifests\u201d wurde die politische und staatsb\u00fcrgerliche Gleichheit aller B\u00fcrger unabh\u00e4ngig von ihrer Herkunft, Nationalit\u00e4t oder Religion erkl\u00e4rt. Die Gewissensfreiheit, die Freiheit der Meinungs\u00e4u\u00dferung und der Presse, das Recht, sich zu versammeln, zu marschieren und zu assoziieren, wurden garantiert, und auch die M\u00f6glichkeit, Gewerkschaften zu gr\u00fcnden und Streiks zu organisieren, wurde zugelassen. Es wurde eine Neuorganisation der Verwaltung des Landes im demokratischen Geist geplant, die Einrichtung einer Volksmiliz zur Aufrechterhaltung der Sicherheit und insbesondere die Versorgung der Bev\u00f6lkerung mit den notwendigsten Lebensmitteln, was die schwierigste und dringendste Aufgabe der Regierung darstellte, beschlossen.<\/p>\n<p>Die Schenkungen und Majorate wurden als Staatseigentum anerkannt, ebenso wie die privaten und ehemaligen staatlichen W\u00e4lder. Auch soziale Themen wurden nicht au\u00dfer Acht gelassen. Es wurden die Einf\u00fchrung des Achtstundentages in Industrie, Handwerk und Handel angek\u00fcndigt. Die ersten Projekte mit sozialem Charakter, \u00fcber die der k\u00fcnftige gesetzgebende Sejm abstimmen sollte, wurden vorl\u00e4ufig festgelegt: die Enteignung und Abschaffung des Gro\u00df- und Mittelbesitzes, die Verstaatlichung der Bergwerke, der Salinen, der Erd\u00f6lindustrie und der Verkehrswege. Dar\u00fcber hinaus wurde gefordert, den sozialen Status der Arbeitnehmer aufzuwerten, indem sie an der Verwaltung derjenigen Industriebetriebe beteiligt werden, die aus verschiedenen Gr\u00fcnden nicht sofort verstaatlicht werden k\u00f6nnen. Au\u00dferdem wurde ein Gesetz angek\u00fcndigt, das die Beschlagnahmung von Verm\u00f6genswerten erm\u00f6glichen sollte, die w\u00e4hrend des Krieges durch Spekulationen mit G\u00fctern des t\u00e4glichen Bedarfs entstanden waren.<\/p>\n<p>F\u00fcr die breite \u00d6ffentlichkeit waren neben dem Willen zur Einf\u00fchrung des bereits erw\u00e4hnten Achtstundentages die Ank\u00fcndigungen zur Schaffung von Gesetzen zum Arbeitsschutz, zur Versicherung gegen Arbeitslosigkeit, Krankheit und Alter sowie zur Einf\u00fchrung einer allgemeinen, obligatorischen und kostenlosen Schulbildung sehr wichtig. Aus diesem Grund nahmen die Einwohner von Lublin massenhaft an politischen Kundgebungen teil, um ihre Unterst\u00fctzung f\u00fcr das Kabinett von Daszy\u0144ski zum Ausdruck zu bringen. Wichtig ist, dass die Sozialisten trotz des grundlegenden und kompromisslosen Inhalts des Manifests darauf abzielten, die sozialen Ungleichheiten auszugleichen, und gleichzeitig die bolschewistischen Methoden zur Umsetzung der Reformen entschieden verurteilten.<\/p>\n<p>Bereits am 10. November 1918 kehrte J\u00f3zef Pi\u0142sudski aus Magdeburg zur\u00fcck. Daszy\u0144ski beugte sich schlie\u00dflich dem Willen von Pi\u0142sudski, der die Bildung einer nationalen Regierung forderte, die sich aus Vertretern aller politischen Gruppierungen zusammensetzen sollte. Dementsprechend beendete die Provisorische Volksregierung der Polnischen Republik in Lublin unter der F\u00fchrung von Stanis\u0142aw Thugutt am 17. November 1918 ihre T\u00e4tigkeit mit dem Erlass zweier weiterer Dekrete: \u201eDekret \u00fcber den Achtstundentag\u201c und \u201eDekret \u00fcber die Mindestdienstbedingungen f\u00fcr den unteren landwirtschaftlichen Dienst\u201d.<\/p>\n<p>***<\/p>\n<p>Zeitgen\u00f6ssische Historiker sind der Ansicht, dass die Volksregierung eine Episode im Prozess des Wiederaufbaus der Unabh\u00e4ngigkeit Polens war. Als erste polnische Regierung, die von den Teilungsm\u00e4chten v\u00f6llig unabh\u00e4ngig war, entwickelte sie jedoch schnell ein koh\u00e4rentes und modernes politisches Programm, das viele wichtige soziale Fragen aufgriff. Das n\u00e4chste Kabinett unter der Leitung von Ministerpr\u00e4sident J\u0119drzej Moraczewski nahm sich vor, ihre Grundannahmen umzusetzen.<\/p>\n","protected":false},"excerpt":{"rendered":"<p>Heute ist der 105. Jahrestag der Wiedererlangung der Unabh\u00e4ngigkeit Polens, die von der Anfang November 1918 gebildeten Provisorischen Volksregierung der Polnischen Republik in Lublin eingel\u00e4utet wurde. Obwohl sie nur wenige&hellip;<\/p>\n","protected":false},"author":7,"featured_media":50519,"comment_status":"closed","ping_status":"open","sticky":false,"template":"","format":"standard","meta":{"_mi_skip_tracking":false,"footnotes":""},"categories":[52],"tags":[],"class_list":["post-50523","post","type-post","status-publish","format-standard","has-post-thumbnail","hentry","category-geschichte"],"yoast_head":"<!-- This site is optimized with the Yoast SEO plugin v19.4 - https:\/\/yoast.com\/wordpress\/plugins\/seo\/ -->\n<title>Provisorische Volksregierung der Polnischen Republik in Lublin - W\u00fcrde - DignityNews.eu<\/title>\n<meta name=\"robots\" content=\"index, follow, max-snippet:-1, max-image-preview:large, max-video-preview:-1\" \/>\n<link rel=\"canonical\" href=\"https:\/\/dignitynews.eu\/de\/provisorische-volksregierung-der-polnischen-republik-in-lublin\/\" \/>\n<meta property=\"og:locale\" content=\"de_DE\" \/>\n<meta property=\"og:type\" content=\"article\" \/>\n<meta property=\"og:title\" content=\"Provisorische Volksregierung der Polnischen Republik in Lublin - W\u00fcrde - DignityNews.eu\" \/>\n<meta property=\"og:description\" content=\"Heute ist der 105. Jahrestag der Wiedererlangung der Unabh\u00e4ngigkeit Polens, die von der Anfang November 1918 gebildeten Provisorischen Volksregierung der Polnischen Republik in Lublin eingel\u00e4utet wurde. Obwohl sie nur wenige&hellip;\" \/>\n<meta property=\"og:url\" content=\"https:\/\/dignitynews.eu\/de\/provisorische-volksregierung-der-polnischen-republik-in-lublin\/\" \/>\n<meta property=\"og:site_name\" content=\"W\u00fcrde - DignityNews.eu\" \/>\n<meta property=\"article:published_time\" content=\"2023-11-11T08:50:04+00:00\" \/>\n<meta property=\"article:modified_time\" content=\"2023-11-13T15:13:39+00:00\" \/>\n<meta property=\"og:image\" content=\"https:\/\/dignitynews.eu\/wp-content\/uploads\/2023\/11\/Ignacy_Daszynski_1915.jpg\" \/>\n\t<meta property=\"og:image:width\" content=\"585\" \/>\n\t<meta property=\"og:image:height\" content=\"749\" \/>\n\t<meta property=\"og:image:type\" content=\"image\/jpeg\" \/>\n<meta name=\"author\" content=\"Dignity News\" \/>\n<meta name=\"twitter:card\" content=\"summary_large_image\" \/>\n<meta name=\"twitter:label1\" content=\"Verfasst von\" \/>\n\t<meta name=\"twitter:data1\" content=\"Dignity News\" \/>\n\t<meta name=\"twitter:label2\" content=\"Gesch\u00e4tzte Lesezeit\" \/>\n\t<meta name=\"twitter:data2\" content=\"4\u00a0Minuten\" \/>\n<script type=\"application\/ld+json\" class=\"yoast-schema-graph\">{\"@context\":\"https:\/\/schema.org\",\"@graph\":[{\"@type\":\"WebSite\",\"@id\":\"https:\/\/dignitynews.eu\/pl\/#website\",\"url\":\"https:\/\/dignitynews.eu\/pl\/\",\"name\":\"W\u00fcrde - DignityNews.eu\",\"description\":\"\",\"potentialAction\":[{\"@type\":\"SearchAction\",\"target\":{\"@type\":\"EntryPoint\",\"urlTemplate\":\"https:\/\/dignitynews.eu\/pl\/?s={search_term_string}\"},\"query-input\":\"required name=search_term_string\"}],\"inLanguage\":\"de\"},{\"@type\":\"WebPage\",\"@id\":\"https:\/\/dignitynews.eu\/de\/provisorische-volksregierung-der-polnischen-republik-in-lublin\/\",\"url\":\"https:\/\/dignitynews.eu\/de\/provisorische-volksregierung-der-polnischen-republik-in-lublin\/\",\"name\":\"Provisorische Volksregierung der Polnischen Republik in Lublin - W\u00fcrde - DignityNews.eu\",\"isPartOf\":{\"@id\":\"https:\/\/dignitynews.eu\/pl\/#website\"},\"datePublished\":\"2023-11-11T08:50:04+00:00\",\"dateModified\":\"2023-11-13T15:13:39+00:00\",\"author\":{\"@id\":\"https:\/\/dignitynews.eu\/pl\/#\/schema\/person\/0b62b762b8174802fabc81a3ecb1bfcb\"},\"breadcrumb\":{\"@id\":\"https:\/\/dignitynews.eu\/de\/provisorische-volksregierung-der-polnischen-republik-in-lublin\/#breadcrumb\"},\"inLanguage\":\"de\",\"potentialAction\":[{\"@type\":\"ReadAction\",\"target\":[\"https:\/\/dignitynews.eu\/de\/provisorische-volksregierung-der-polnischen-republik-in-lublin\/\"]}]},{\"@type\":\"BreadcrumbList\",\"@id\":\"https:\/\/dignitynews.eu\/de\/provisorische-volksregierung-der-polnischen-republik-in-lublin\/#breadcrumb\",\"itemListElement\":[{\"@type\":\"ListItem\",\"position\":1,\"name\":\"Strona g\u0142\u00f3wna\",\"item\":\"https:\/\/dignitynews.eu\/de\/\"},{\"@type\":\"ListItem\",\"position\":2,\"name\":\"Provisorische Volksregierung der Polnischen Republik in Lublin\"}]},{\"@type\":\"Person\",\"@id\":\"https:\/\/dignitynews.eu\/pl\/#\/schema\/person\/0b62b762b8174802fabc81a3ecb1bfcb\",\"name\":\"Dignity News\",\"image\":{\"@type\":\"ImageObject\",\"inLanguage\":\"de\",\"@id\":\"https:\/\/dignitynews.eu\/pl\/#\/schema\/person\/image\/\",\"url\":\"https:\/\/secure.gravatar.com\/avatar\/97963171a6d9108f8381bbefb1c6b150c445b6ddd9e3077b96c86cf5892c85dc?s=96&d=mm&r=g\",\"contentUrl\":\"https:\/\/secure.gravatar.com\/avatar\/97963171a6d9108f8381bbefb1c6b150c445b6ddd9e3077b96c86cf5892c85dc?s=96&d=mm&r=g\",\"caption\":\"Dignity News\"},\"url\":\"https:\/\/dignitynews.eu\/de\/author\/mikolaj-palade\/\"}]}<\/script>\n<!-- \/ Yoast SEO plugin. -->","yoast_head_json":{"title":"Provisorische Volksregierung der Polnischen Republik in Lublin - W\u00fcrde - DignityNews.eu","robots":{"index":"index","follow":"follow","max-snippet":"max-snippet:-1","max-image-preview":"max-image-preview:large","max-video-preview":"max-video-preview:-1"},"canonical":"https:\/\/dignitynews.eu\/de\/provisorische-volksregierung-der-polnischen-republik-in-lublin\/","og_locale":"de_DE","og_type":"article","og_title":"Provisorische Volksregierung der Polnischen Republik in Lublin - W\u00fcrde - DignityNews.eu","og_description":"Heute ist der 105. Jahrestag der Wiedererlangung der Unabh\u00e4ngigkeit Polens, die von der Anfang November 1918 gebildeten Provisorischen Volksregierung der Polnischen Republik in Lublin eingel\u00e4utet wurde. Obwohl sie nur wenige&hellip;","og_url":"https:\/\/dignitynews.eu\/de\/provisorische-volksregierung-der-polnischen-republik-in-lublin\/","og_site_name":"W\u00fcrde - DignityNews.eu","article_published_time":"2023-11-11T08:50:04+00:00","article_modified_time":"2023-11-13T15:13:39+00:00","og_image":[{"width":585,"height":749,"url":"https:\/\/dignitynews.eu\/wp-content\/uploads\/2023\/11\/Ignacy_Daszynski_1915.jpg","type":"image\/jpeg"}],"author":"Dignity News","twitter_card":"summary_large_image","twitter_misc":{"Verfasst von":"Dignity News","Gesch\u00e4tzte Lesezeit":"4\u00a0Minuten"},"schema":{"@context":"https:\/\/schema.org","@graph":[{"@type":"WebSite","@id":"https:\/\/dignitynews.eu\/pl\/#website","url":"https:\/\/dignitynews.eu\/pl\/","name":"W\u00fcrde - DignityNews.eu","description":"","potentialAction":[{"@type":"SearchAction","target":{"@type":"EntryPoint","urlTemplate":"https:\/\/dignitynews.eu\/pl\/?s={search_term_string}"},"query-input":"required name=search_term_string"}],"inLanguage":"de"},{"@type":"WebPage","@id":"https:\/\/dignitynews.eu\/de\/provisorische-volksregierung-der-polnischen-republik-in-lublin\/","url":"https:\/\/dignitynews.eu\/de\/provisorische-volksregierung-der-polnischen-republik-in-lublin\/","name":"Provisorische Volksregierung der Polnischen Republik in Lublin - W\u00fcrde - DignityNews.eu","isPartOf":{"@id":"https:\/\/dignitynews.eu\/pl\/#website"},"datePublished":"2023-11-11T08:50:04+00:00","dateModified":"2023-11-13T15:13:39+00:00","author":{"@id":"https:\/\/dignitynews.eu\/pl\/#\/schema\/person\/0b62b762b8174802fabc81a3ecb1bfcb"},"breadcrumb":{"@id":"https:\/\/dignitynews.eu\/de\/provisorische-volksregierung-der-polnischen-republik-in-lublin\/#breadcrumb"},"inLanguage":"de","potentialAction":[{"@type":"ReadAction","target":["https:\/\/dignitynews.eu\/de\/provisorische-volksregierung-der-polnischen-republik-in-lublin\/"]}]},{"@type":"BreadcrumbList","@id":"https:\/\/dignitynews.eu\/de\/provisorische-volksregierung-der-polnischen-republik-in-lublin\/#breadcrumb","itemListElement":[{"@type":"ListItem","position":1,"name":"Strona g\u0142\u00f3wna","item":"https:\/\/dignitynews.eu\/de\/"},{"@type":"ListItem","position":2,"name":"Provisorische Volksregierung der Polnischen Republik in Lublin"}]},{"@type":"Person","@id":"https:\/\/dignitynews.eu\/pl\/#\/schema\/person\/0b62b762b8174802fabc81a3ecb1bfcb","name":"Dignity News","image":{"@type":"ImageObject","inLanguage":"de","@id":"https:\/\/dignitynews.eu\/pl\/#\/schema\/person\/image\/","url":"https:\/\/secure.gravatar.com\/avatar\/97963171a6d9108f8381bbefb1c6b150c445b6ddd9e3077b96c86cf5892c85dc?s=96&d=mm&r=g","contentUrl":"https:\/\/secure.gravatar.com\/avatar\/97963171a6d9108f8381bbefb1c6b150c445b6ddd9e3077b96c86cf5892c85dc?s=96&d=mm&r=g","caption":"Dignity News"},"url":"https:\/\/dignitynews.eu\/de\/author\/mikolaj-palade\/"}]}},"_links":{"self":[{"href":"https:\/\/dignitynews.eu\/de\/wp-json\/wp\/v2\/posts\/50523","targetHints":{"allow":["GET"]}}],"collection":[{"href":"https:\/\/dignitynews.eu\/de\/wp-json\/wp\/v2\/posts"}],"about":[{"href":"https:\/\/dignitynews.eu\/de\/wp-json\/wp\/v2\/types\/post"}],"author":[{"embeddable":true,"href":"https:\/\/dignitynews.eu\/de\/wp-json\/wp\/v2\/users\/7"}],"replies":[{"embeddable":true,"href":"https:\/\/dignitynews.eu\/de\/wp-json\/wp\/v2\/comments?post=50523"}],"version-history":[{"count":1,"href":"https:\/\/dignitynews.eu\/de\/wp-json\/wp\/v2\/posts\/50523\/revisions"}],"predecessor-version":[{"id":50524,"href":"https:\/\/dignitynews.eu\/de\/wp-json\/wp\/v2\/posts\/50523\/revisions\/50524"}],"wp:featuredmedia":[{"embeddable":true,"href":"https:\/\/dignitynews.eu\/de\/wp-json\/wp\/v2\/media\/50519"}],"wp:attachment":[{"href":"https:\/\/dignitynews.eu\/de\/wp-json\/wp\/v2\/media?parent=50523"}],"wp:term":[{"taxonomy":"category","embeddable":true,"href":"https:\/\/dignitynews.eu\/de\/wp-json\/wp\/v2\/categories?post=50523"},{"taxonomy":"post_tag","embeddable":true,"href":"https:\/\/dignitynews.eu\/de\/wp-json\/wp\/v2\/tags?post=50523"}],"curies":[{"name":"wp","href":"https:\/\/api.w.org\/{rel}","templated":true}]}}