{"id":50417,"date":"2023-11-10T11:50:01","date_gmt":"2023-11-10T10:50:01","guid":{"rendered":"https:\/\/dignitynews.eu\/?p=50417"},"modified":"2023-11-10T20:58:56","modified_gmt":"2023-11-10T19:58:56","slug":"sonderaktion-lublin-deutsche-aktion-gegen-die-polnische-intellektuelle-elite-in-lublin","status":"publish","type":"post","link":"https:\/\/dignitynews.eu\/de\/sonderaktion-lublin-deutsche-aktion-gegen-die-polnische-intellektuelle-elite-in-lublin\/","title":{"rendered":"Sonderaktion Lublin \u2014 deutsche Aktion gegen die polnische intellektuelle Elite in Lublin"},"content":{"rendered":"<h5><strong>Am Donnerstag, dem 9. November 1939, begannen die Deutschen mit der Verhaftung von Vertretern der i<\/strong><strong>ntell<\/strong><strong>ektuellen Elite im besetzten Lublin. Unter ihnen befanden sich Professoren der Katholischen Universit\u00e4t Lublin, Pr\u00e4sidenten der Gerichte, Priester, einschlie\u00dflich der <\/strong><strong>\u00f6<\/strong><strong>rtlichen Bisch<\/strong><strong>\u00f6<\/strong><strong>fe. Insgesamt wurden im November 1939 rund 250 Personen im Rahmen der so genannten Sonderaktion Lublin verhaftet.<\/strong><\/h5>\n<p>Die Deutschen haben noch w\u00e4hrend der Feindseligkeiten nach dem \u00dcberfall auf Polen am 1. September 1939 beschlossen, die polnische intellektuelle Elite zu vernichten. Der Befehl dazu wurde vom F\u00fchrer des Dritten Reiches, Adolf Hitler, w\u00e4hrend eines Treffens in Jellowa in Schlesien erteilt, wo er von der \u201eMassenvernichtung der polnischen intellektuellen Elite\u201d sprach. Diese Worte markierten den Beginn einer brutalen Aktion gegen die polnische Intellektuellen, die auch in der Region Lublin durchgef\u00fchrt wurde. Im November 1939 begannen Massenverhaftungen von Lehrern, Anw\u00e4lten, Beamten und Vertretern des Klerus. Diese Aktion, die als Sonderaktion Lublin bekannt wurde, begann am 9. November 1939, drei Tage zuvor hatten die Deutschen eine <a href=\"https:\/\/dignitynews.eu\/de\/sonderaktion-krakau\/\">\u00e4hnliche Aktion in Krakau<\/a> durchgef\u00fchrt.<\/p>\n<p>In Lublin verhafteten die Deutschen u. a. den Rektor der Katholischen Universit\u00e4t Lublin (KUL), Pfarrer Professor Antoni Szyma\u0144ski, Pr\u00e4sidenten der Gerichte und Lehrer der Lubliner Schulen. Am 11. November wurden 14 Mitglieder des akademischen Personals der Katholischen Universit\u00e4t Lublin (KUL) verhaftet, und weniger als eine Woche sp\u00e4ter wurde die Universit\u00e4t geschlossen. Auch Priester wurden verhaftet; am 17. November 1939 st\u00fcrmten die Besatzungstruppen die R\u00e4umlichkeiten der Lubliner Kurie und nahmen zwei Bisch\u00f6fe, Marian Fulman und W\u0142adys\u0142aw Goral, sowie andere in den Geb\u00e4uden anwesende Geistliche in Gewahrsam. Sie wurden von einem deutschen Standgericht angeklagt und zum Tode verurteilt. Erst durch die Intervention des Vatikans wurden diese Urteile in lebenslange Haft umgewandelt. Den Recherchen der Historiker zufolge wird davon ausgegangen, dass im November 1939 250 Personen aus der gesamten Region Lublin festgenommen wurden. Am 23. Dezember 1939 wurden 10 der Verhafteten bei einer <a href=\"http:\/\/www.apple.com\/pl\">Exekution in der N\u00e4he des alten Friedhofs in Lublin<\/a> in der Sienna-Stra\u00dfe ermordet.<\/p>\n<p>Verantwortlich f\u00fcr die gesamte Aktion war SS-Brigadef\u00fchrer Odillo Globocnik, der seit dem 9. November 1939 Chef der Polizei und der SS im Distrikt Lublin des Generalgouvernements war.<\/p>\n","protected":false},"excerpt":{"rendered":"<p>Am Donnerstag, dem 9. November 1939, begannen die Deutschen mit der Verhaftung von Vertretern der intellektuellen Elite im besetzten Lublin. Unter ihnen befanden sich Professoren der Katholischen Universit\u00e4t Lublin, Pr\u00e4sidenten&hellip;<\/p>\n","protected":false},"author":7,"featured_media":50411,"comment_status":"closed","ping_status":"open","sticky":false,"template":"","format":"standard","meta":{"_mi_skip_tracking":false,"footnotes":""},"categories":[52],"tags":[],"class_list":["post-50417","post","type-post","status-publish","format-standard","has-post-thumbnail","hentry","category-geschichte"],"yoast_head":"<!-- This site is optimized with the Yoast SEO plugin v19.4 - https:\/\/yoast.com\/wordpress\/plugins\/seo\/ -->\n<title>Sonderaktion Lublin \u2014 deutsche Aktion gegen die polnische intellektuelle Elite in Lublin - W\u00fcrde - DignityNews.eu<\/title>\n<meta name=\"robots\" content=\"index, follow, max-snippet:-1, max-image-preview:large, max-video-preview:-1\" \/>\n<link rel=\"canonical\" href=\"https:\/\/dignitynews.eu\/de\/sonderaktion-lublin-deutsche-aktion-gegen-die-polnische-intellektuelle-elite-in-lublin\/\" \/>\n<meta property=\"og:locale\" content=\"de_DE\" \/>\n<meta property=\"og:type\" content=\"article\" \/>\n<meta property=\"og:title\" content=\"Sonderaktion Lublin \u2014 deutsche Aktion gegen die polnische intellektuelle Elite in Lublin - W\u00fcrde - DignityNews.eu\" \/>\n<meta property=\"og:description\" content=\"Am Donnerstag, dem 9. November 1939, begannen die Deutschen mit der Verhaftung von Vertretern der intellektuellen Elite im besetzten Lublin. Unter ihnen befanden sich Professoren der Katholischen Universit\u00e4t Lublin, Pr\u00e4sidenten&hellip;\" \/>\n<meta property=\"og:url\" content=\"https:\/\/dignitynews.eu\/de\/sonderaktion-lublin-deutsche-aktion-gegen-die-polnische-intellektuelle-elite-in-lublin\/\" \/>\n<meta property=\"og:site_name\" content=\"W\u00fcrde - DignityNews.eu\" \/>\n<meta property=\"article:published_time\" content=\"2023-11-10T10:50:01+00:00\" \/>\n<meta property=\"article:modified_time\" content=\"2023-11-10T19:58:56+00:00\" \/>\n<meta property=\"og:image\" content=\"https:\/\/dignitynews.eu\/wp-content\/uploads\/2023\/11\/O_Globocnik.jpg\" \/>\n\t<meta property=\"og:image:width\" content=\"636\" \/>\n\t<meta property=\"og:image:height\" content=\"899\" \/>\n\t<meta property=\"og:image:type\" content=\"image\/jpeg\" \/>\n<meta name=\"author\" content=\"Dignity News\" \/>\n<meta name=\"twitter:card\" content=\"summary_large_image\" \/>\n<meta name=\"twitter:label1\" content=\"Verfasst von\" \/>\n\t<meta name=\"twitter:data1\" content=\"Dignity News\" \/>\n\t<meta name=\"twitter:label2\" content=\"Gesch\u00e4tzte Lesezeit\" \/>\n\t<meta name=\"twitter:data2\" content=\"2\u00a0Minuten\" \/>\n<script type=\"application\/ld+json\" class=\"yoast-schema-graph\">{\"@context\":\"https:\/\/schema.org\",\"@graph\":[{\"@type\":\"WebSite\",\"@id\":\"https:\/\/dignitynews.eu\/pl\/#website\",\"url\":\"https:\/\/dignitynews.eu\/pl\/\",\"name\":\"W\u00fcrde - DignityNews.eu\",\"description\":\"\",\"potentialAction\":[{\"@type\":\"SearchAction\",\"target\":{\"@type\":\"EntryPoint\",\"urlTemplate\":\"https:\/\/dignitynews.eu\/pl\/?s={search_term_string}\"},\"query-input\":\"required name=search_term_string\"}],\"inLanguage\":\"de\"},{\"@type\":\"WebPage\",\"@id\":\"https:\/\/dignitynews.eu\/de\/sonderaktion-lublin-deutsche-aktion-gegen-die-polnische-intellektuelle-elite-in-lublin\/\",\"url\":\"https:\/\/dignitynews.eu\/de\/sonderaktion-lublin-deutsche-aktion-gegen-die-polnische-intellektuelle-elite-in-lublin\/\",\"name\":\"Sonderaktion Lublin \u2014 deutsche Aktion gegen die polnische intellektuelle Elite in Lublin - W\u00fcrde - DignityNews.eu\",\"isPartOf\":{\"@id\":\"https:\/\/dignitynews.eu\/pl\/#website\"},\"datePublished\":\"2023-11-10T10:50:01+00:00\",\"dateModified\":\"2023-11-10T19:58:56+00:00\",\"author\":{\"@id\":\"https:\/\/dignitynews.eu\/pl\/#\/schema\/person\/0b62b762b8174802fabc81a3ecb1bfcb\"},\"breadcrumb\":{\"@id\":\"https:\/\/dignitynews.eu\/de\/sonderaktion-lublin-deutsche-aktion-gegen-die-polnische-intellektuelle-elite-in-lublin\/#breadcrumb\"},\"inLanguage\":\"de\",\"potentialAction\":[{\"@type\":\"ReadAction\",\"target\":[\"https:\/\/dignitynews.eu\/de\/sonderaktion-lublin-deutsche-aktion-gegen-die-polnische-intellektuelle-elite-in-lublin\/\"]}]},{\"@type\":\"BreadcrumbList\",\"@id\":\"https:\/\/dignitynews.eu\/de\/sonderaktion-lublin-deutsche-aktion-gegen-die-polnische-intellektuelle-elite-in-lublin\/#breadcrumb\",\"itemListElement\":[{\"@type\":\"ListItem\",\"position\":1,\"name\":\"Strona g\u0142\u00f3wna\",\"item\":\"https:\/\/dignitynews.eu\/de\/\"},{\"@type\":\"ListItem\",\"position\":2,\"name\":\"Sonderaktion Lublin \u2014 deutsche Aktion gegen die polnische intellektuelle Elite in Lublin\"}]},{\"@type\":\"Person\",\"@id\":\"https:\/\/dignitynews.eu\/pl\/#\/schema\/person\/0b62b762b8174802fabc81a3ecb1bfcb\",\"name\":\"Dignity News\",\"image\":{\"@type\":\"ImageObject\",\"inLanguage\":\"de\",\"@id\":\"https:\/\/dignitynews.eu\/pl\/#\/schema\/person\/image\/\",\"url\":\"https:\/\/secure.gravatar.com\/avatar\/97963171a6d9108f8381bbefb1c6b150c445b6ddd9e3077b96c86cf5892c85dc?s=96&d=mm&r=g\",\"contentUrl\":\"https:\/\/secure.gravatar.com\/avatar\/97963171a6d9108f8381bbefb1c6b150c445b6ddd9e3077b96c86cf5892c85dc?s=96&d=mm&r=g\",\"caption\":\"Dignity News\"},\"url\":\"https:\/\/dignitynews.eu\/de\/author\/mikolaj-palade\/\"}]}<\/script>\n<!-- \/ Yoast SEO plugin. -->","yoast_head_json":{"title":"Sonderaktion Lublin \u2014 deutsche Aktion gegen die polnische intellektuelle Elite in Lublin - W\u00fcrde - DignityNews.eu","robots":{"index":"index","follow":"follow","max-snippet":"max-snippet:-1","max-image-preview":"max-image-preview:large","max-video-preview":"max-video-preview:-1"},"canonical":"https:\/\/dignitynews.eu\/de\/sonderaktion-lublin-deutsche-aktion-gegen-die-polnische-intellektuelle-elite-in-lublin\/","og_locale":"de_DE","og_type":"article","og_title":"Sonderaktion Lublin \u2014 deutsche Aktion gegen die polnische intellektuelle Elite in Lublin - W\u00fcrde - DignityNews.eu","og_description":"Am Donnerstag, dem 9. November 1939, begannen die Deutschen mit der Verhaftung von Vertretern der intellektuellen Elite im besetzten Lublin. Unter ihnen befanden sich Professoren der Katholischen Universit\u00e4t Lublin, Pr\u00e4sidenten&hellip;","og_url":"https:\/\/dignitynews.eu\/de\/sonderaktion-lublin-deutsche-aktion-gegen-die-polnische-intellektuelle-elite-in-lublin\/","og_site_name":"W\u00fcrde - DignityNews.eu","article_published_time":"2023-11-10T10:50:01+00:00","article_modified_time":"2023-11-10T19:58:56+00:00","og_image":[{"width":636,"height":899,"url":"https:\/\/dignitynews.eu\/wp-content\/uploads\/2023\/11\/O_Globocnik.jpg","type":"image\/jpeg"}],"author":"Dignity News","twitter_card":"summary_large_image","twitter_misc":{"Verfasst von":"Dignity News","Gesch\u00e4tzte Lesezeit":"2\u00a0Minuten"},"schema":{"@context":"https:\/\/schema.org","@graph":[{"@type":"WebSite","@id":"https:\/\/dignitynews.eu\/pl\/#website","url":"https:\/\/dignitynews.eu\/pl\/","name":"W\u00fcrde - DignityNews.eu","description":"","potentialAction":[{"@type":"SearchAction","target":{"@type":"EntryPoint","urlTemplate":"https:\/\/dignitynews.eu\/pl\/?s={search_term_string}"},"query-input":"required name=search_term_string"}],"inLanguage":"de"},{"@type":"WebPage","@id":"https:\/\/dignitynews.eu\/de\/sonderaktion-lublin-deutsche-aktion-gegen-die-polnische-intellektuelle-elite-in-lublin\/","url":"https:\/\/dignitynews.eu\/de\/sonderaktion-lublin-deutsche-aktion-gegen-die-polnische-intellektuelle-elite-in-lublin\/","name":"Sonderaktion Lublin \u2014 deutsche Aktion gegen die polnische intellektuelle Elite in Lublin - W\u00fcrde - DignityNews.eu","isPartOf":{"@id":"https:\/\/dignitynews.eu\/pl\/#website"},"datePublished":"2023-11-10T10:50:01+00:00","dateModified":"2023-11-10T19:58:56+00:00","author":{"@id":"https:\/\/dignitynews.eu\/pl\/#\/schema\/person\/0b62b762b8174802fabc81a3ecb1bfcb"},"breadcrumb":{"@id":"https:\/\/dignitynews.eu\/de\/sonderaktion-lublin-deutsche-aktion-gegen-die-polnische-intellektuelle-elite-in-lublin\/#breadcrumb"},"inLanguage":"de","potentialAction":[{"@type":"ReadAction","target":["https:\/\/dignitynews.eu\/de\/sonderaktion-lublin-deutsche-aktion-gegen-die-polnische-intellektuelle-elite-in-lublin\/"]}]},{"@type":"BreadcrumbList","@id":"https:\/\/dignitynews.eu\/de\/sonderaktion-lublin-deutsche-aktion-gegen-die-polnische-intellektuelle-elite-in-lublin\/#breadcrumb","itemListElement":[{"@type":"ListItem","position":1,"name":"Strona g\u0142\u00f3wna","item":"https:\/\/dignitynews.eu\/de\/"},{"@type":"ListItem","position":2,"name":"Sonderaktion Lublin \u2014 deutsche Aktion gegen die polnische intellektuelle Elite in Lublin"}]},{"@type":"Person","@id":"https:\/\/dignitynews.eu\/pl\/#\/schema\/person\/0b62b762b8174802fabc81a3ecb1bfcb","name":"Dignity News","image":{"@type":"ImageObject","inLanguage":"de","@id":"https:\/\/dignitynews.eu\/pl\/#\/schema\/person\/image\/","url":"https:\/\/secure.gravatar.com\/avatar\/97963171a6d9108f8381bbefb1c6b150c445b6ddd9e3077b96c86cf5892c85dc?s=96&d=mm&r=g","contentUrl":"https:\/\/secure.gravatar.com\/avatar\/97963171a6d9108f8381bbefb1c6b150c445b6ddd9e3077b96c86cf5892c85dc?s=96&d=mm&r=g","caption":"Dignity News"},"url":"https:\/\/dignitynews.eu\/de\/author\/mikolaj-palade\/"}]}},"_links":{"self":[{"href":"https:\/\/dignitynews.eu\/de\/wp-json\/wp\/v2\/posts\/50417","targetHints":{"allow":["GET"]}}],"collection":[{"href":"https:\/\/dignitynews.eu\/de\/wp-json\/wp\/v2\/posts"}],"about":[{"href":"https:\/\/dignitynews.eu\/de\/wp-json\/wp\/v2\/types\/post"}],"author":[{"embeddable":true,"href":"https:\/\/dignitynews.eu\/de\/wp-json\/wp\/v2\/users\/7"}],"replies":[{"embeddable":true,"href":"https:\/\/dignitynews.eu\/de\/wp-json\/wp\/v2\/comments?post=50417"}],"version-history":[{"count":1,"href":"https:\/\/dignitynews.eu\/de\/wp-json\/wp\/v2\/posts\/50417\/revisions"}],"predecessor-version":[{"id":50418,"href":"https:\/\/dignitynews.eu\/de\/wp-json\/wp\/v2\/posts\/50417\/revisions\/50418"}],"wp:featuredmedia":[{"embeddable":true,"href":"https:\/\/dignitynews.eu\/de\/wp-json\/wp\/v2\/media\/50411"}],"wp:attachment":[{"href":"https:\/\/dignitynews.eu\/de\/wp-json\/wp\/v2\/media?parent=50417"}],"wp:term":[{"taxonomy":"category","embeddable":true,"href":"https:\/\/dignitynews.eu\/de\/wp-json\/wp\/v2\/categories?post=50417"},{"taxonomy":"post_tag","embeddable":true,"href":"https:\/\/dignitynews.eu\/de\/wp-json\/wp\/v2\/tags?post=50417"}],"curies":[{"name":"wp","href":"https:\/\/api.w.org\/{rel}","templated":true}]}}